{"id":10075,"date":"2022-11-22T12:39:08","date_gmt":"2022-11-22T09:39:08","guid":{"rendered":"https:\/\/vsmc.lt\/?p=10075"},"modified":"2022-11-29T12:56:07","modified_gmt":"2022-11-29T09:56:07","slug":"2022-11-23-tarptautinio-projekto-pristatymas-suaugusiuju-mokymosi-savaites-metu","status":"publish","type":"post","link":"https:\/\/vsmc.lt\/?p=10075","title":{"rendered":"2022-11-22 Tarptautinio projekto pristatymas Suaugusi\u0173j\u0173 mokymosi savait\u0117s metu"},"content":{"rendered":"<p>Lapkri\u010dio 22 d. VSMC sal\u0117je vyko atvira pamoka, skirta tarptautinio Erasmus+ projekto rezultat\u0173 pristatymui ir intelektinio produkto, sukurto projekto metu, praktiniam pritaikymui.<\/p>\n<p>Projekto pavadinimas \u201eTarpasmenini\u0173 \u012fg\u016bd\u017ei\u0173 ugdymas\u201c(Pathways to Teaching Identities). Bendrasis projekto tikslas \u2013 skatinti suaugusi\u0173j\u0173 \u0161viet\u0117j\u0173 tarpasmenini\u0173 \u012fg\u016bd\u017ei\u0173 ugdym\u0105 ir i\u0161tirti kompetencijomis grind\u017eiamo po\u017ei\u016brio poveik\u012f mokymo ir mokymosi procesui. Projekto metu buvo sukurtas \u201eTarpasmenini\u0173 \u012fg\u016bd\u017ei\u0173 mokymo vadovas\u201c ir b\u016btent \u0161iame vadove yra pristatomi praktiniai u\u017esi\u0117mimai, skirti:<\/p>\n<ul>\n<li>pagerinti besimokan\u010di\u0173j\u0173 kult\u016brinio s\u0105moningumo formavim\u0105 konkre\u010dioje bendruomen\u0117je;<\/li>\n<li>tobulinti besimokan\u010di\u0173j\u0173 kritin\u012f m\u0105stym\u0105 ir analitinius \u012fg\u016bd\u017eius;<\/li>\n<li>tobulinti suaugusi\u0173j\u0173 \u0161viet\u0117j\u0173 geb\u0117jimus integruoti tarpasmenini\u0173 \u012fg\u016bd\u017ei\u0173 ugdym\u0105 \u012f suaugusi\u0173j\u0173 \u0161vietim\u0105.<\/li>\n<\/ul>\n<p>Atviros pamokos metu buvo i\u0161bandyti du praktiniai u\u017esi\u0117mimai:<\/p>\n<ol>\n<li>\u201eGalios \u017eygis\u201c \u2013 \u0161i veikla, pasitelkiant bendruomen\u0117s modeliavimo priemon\u0119, padeda pavaizduoti suaugusi\u0173j\u0173 besimokan\u010di\u0173j\u0173 mokymosi ribotum\u0105, kur\u012f lemia diskriminacija, rasizmas ir ly\u010di\u0173 lygyb\u0117s problemos. Visi gimdami turi vienodas s\u0105lygas, bet galiausiai atsiduria labai skirtingose pad\u0117tyse, tod\u0117l dalyviai tur\u0117t\u0173 apm\u0105styti galios strukt\u016bras bendruomen\u0117je, nustatyti marginalizuotas grupes ir aptarti strategijas, kaip jas \u012ftraukti \u012f proces\u0105.<\/li>\n<li>\u201eSuaug\u0119 \u2013 am\u017eius d\u0117mesio centre\u201c veikla skirta supa\u017eindinti besimokan\u010diuosius su ateities perspektyvomis ir paskatinti juos taikyti naujas s\u0105vokas savo gyvenime. Pad\u0117ti besimokantiesiems dalytis asmenine patirtimi ir aptarti kitok\u012f po\u017ei\u016br\u012f, skatinti priimti \u012fvairias nuomones apie tai, kaip asmenys supranta savo am\u017eiaus vaidmen\u012f bandant sukurti \u012ftrauki\u0105 mokymosi aplink\u0105 mi\u0161raus am\u017eiaus suaugusi\u0173j\u0173 besimokan\u010di\u0173j\u0173 grup\u0117se.<\/li>\n<\/ol>\n<p>Mokiniai \u0161ios pamokos metu paband\u0117 suprasti, k\u0105 rei\u0161kia nelygios s\u0105lygos ir galimyb\u0117s gyvenant, atrodyt\u0173, vienoje bendruomen\u0117je, o taip pat susim\u0105st\u0117, kas yra am\u017eius ir senatv\u0117.<\/p>\n<p><img loading=\"lazy\" decoding=\"async\" class=\"alignnone wp-image-10076\" src=\"https:\/\/vsmc.lt\/wp-content\/uploads\/2022\/11\/29\/Anos-pristatymas-371x360.jpg\" alt=\"\" width=\"480\" height=\"466\" srcset=\"https:\/\/vsmc.lt\/wp-content\/uploads\/2022\/11\/29\/Anos-pristatymas-371x360.jpg 371w, https:\/\/vsmc.lt\/wp-content\/uploads\/2022\/11\/29\/Anos-pristatymas-743x720.jpg 743w, https:\/\/vsmc.lt\/wp-content\/uploads\/2022\/11\/29\/Anos-pristatymas-768x745.jpg 768w, https:\/\/vsmc.lt\/wp-content\/uploads\/2022\/11\/29\/Anos-pristatymas-1536x1489.jpg 1536w, https:\/\/vsmc.lt\/wp-content\/uploads\/2022\/11\/29\/Anos-pristatymas-2048x1986.jpg 2048w\" sizes=\"auto, (max-width: 480px) 100vw, 480px\" \/><\/p>\n<p>&nbsp;<\/p>\n<p style=\"text-align: right;\">Pamok\u0105 ved\u0117 ir informacij\u0105 pareng\u0117 angl\u0173 kalbos mokytoja metodinink\u0117 Ana Tym\u010diuk<\/p>\n<p>&nbsp;<\/p>\n","protected":false},"excerpt":{"rendered":"<p>Lapkri\u010dio 22 d. VSMC sal\u0117je vyko atvira pamoka, skirta tarptautinio Erasmus+ projekto rezultat\u0173 pristatymui ir intelektinio produkto, sukurto projekto metu, praktiniam pritaikymui. Projekto pavadinimas \u201eTarpasmenini\u0173 \u012fg\u016bd\u017ei\u0173 ugdymas\u201c(Pathways to Teaching Identities). Bendrasis projekto tikslas \u2013 skatinti suaugusi\u0173j\u0173 \u0161viet\u0117j\u0173 tarpasmenini\u0173 \u012fg\u016bd\u017ei\u0173 ugdym\u0105 ir i\u0161tirti kompetencijomis grind\u017eiamo po\u017ei\u016brio poveik\u012f mokymo ir mokymosi procesui. Projekto metu buvo sukurtas \u201eTarpasmenini\u0173 [&hellip;]<\/p>\n","protected":false},"author":5,"featured_media":0,"comment_status":"closed","ping_status":"closed","sticky":false,"template":"","format":"standard","meta":{"footnotes":""},"categories":[1],"tags":[],"class_list":["post-10075","post","type-post","status-publish","format-standard","hentry","category-naujienos"],"yoast_head":"<!-- This site is optimized with the Yoast SEO plugin v27.5 - https:\/\/yoast.com\/product\/yoast-seo-wordpress\/ -->\n<title>2022-11-22 Tarptautinio projekto pristatymas Suaugusi\u0173j\u0173 mokymosi savait\u0117s metu Vilniaus suaugusi\u0173j\u0173 mokymo centras  - Vilniaus suaugusi\u0173j\u0173 mokymo centras<\/title>\n<meta name=\"description\" content=\"2022-11-22 Tarptautinio projekto pristatymas Suaugusi\u0173j\u0173 mokymosi savait\u0117s metu Vilniaus suaugusi\u0173j\u0173 mokymo centras\" \/>\n<meta name=\"robots\" content=\"index, follow, max-snippet:-1, max-image-preview:large, max-video-preview:-1\" \/>\n<link rel=\"canonical\" href=\"https:\/\/vsmc.lt\/?p=10075\" \/>\n<meta property=\"og:locale\" content=\"lt_LT\" \/>\n<meta property=\"og:type\" content=\"article\" \/>\n<meta property=\"og:title\" content=\"2022-11-22 Tarptautinio projekto pristatymas Suaugusi\u0173j\u0173 mokymosi savait\u0117s metu Vilniaus suaugusi\u0173j\u0173 mokymo centras  - Vilniaus suaugusi\u0173j\u0173 mokymo centras\" \/>\n<meta property=\"og:description\" content=\"2022-11-22 Tarptautinio projekto pristatymas Suaugusi\u0173j\u0173 mokymosi savait\u0117s metu Vilniaus suaugusi\u0173j\u0173 mokymo centras\" \/>\n<meta property=\"og:url\" content=\"https:\/\/vsmc.lt\/?p=10075\" \/>\n<meta property=\"og:site_name\" content=\"Vilniaus suaugusi\u0173j\u0173 mokymo centras\" \/>\n<meta property=\"article:publisher\" content=\"https:\/\/www.facebook.com\/p\/Vilniaus-suaugusij-mokymo-centras-VSMC-gimnazija-100034428106674\/\" \/>\n<meta property=\"article:published_time\" content=\"2022-11-22T09:39:08+00:00\" \/>\n<meta property=\"article:modified_time\" content=\"2022-11-29T09:56:07+00:00\" \/>\n<meta property=\"og:image\" content=\"https:\/\/vsmc.lt\/wp-content\/uploads\/2022\/11\/29\/Anos-pristatymas-371x360.jpg\" \/>\n<meta name=\"author\" content=\"Birut\u0117 Kubilinskien\u0117\" \/>\n<meta name=\"twitter:card\" content=\"summary_large_image\" \/>\n<meta name=\"twitter:label1\" content=\"Written by\" \/>\n\t<meta name=\"twitter:data1\" content=\"Birut\u0117 Kubilinskien\u0117\" \/>\n\t<meta name=\"twitter:label2\" content=\"Est. reading time\" \/>\n\t<meta name=\"twitter:data2\" content=\"2 minut\u0117s\" \/>\n<script type=\"application\/ld+json\" class=\"yoast-schema-graph\">{\"@context\":\"https:\\\/\\\/schema.org\",\"@graph\":[{\"@type\":\"Article\",\"@id\":\"https:\\\/\\\/vsmc.lt\\\/?p=10075#article\",\"isPartOf\":{\"@id\":\"https:\\\/\\\/vsmc.lt\\\/?p=10075\"},\"author\":{\"name\":\"Birut\u0117 Kubilinskien\u0117\",\"@id\":\"https:\\\/\\\/vsmc.lt\\\/#\\\/schema\\\/person\\\/7b79c1eab13a88fc1ed4dc6626a57f98\"},\"headline\":\"2022-11-22 Tarptautinio projekto pristatymas Suaugusi\u0173j\u0173 mokymosi savait\u0117s metu\",\"datePublished\":\"2022-11-22T09:39:08+00:00\",\"dateModified\":\"2022-11-29T09:56:07+00:00\",\"mainEntityOfPage\":{\"@id\":\"https:\\\/\\\/vsmc.lt\\\/?p=10075\"},\"wordCount\":319,\"publisher\":{\"@id\":\"https:\\\/\\\/vsmc.lt\\\/#organization\"},\"image\":{\"@id\":\"https:\\\/\\\/vsmc.lt\\\/?p=10075#primaryimage\"},\"thumbnailUrl\":\"https:\\\/\\\/vsmc.lt\\\/wp-content\\\/uploads\\\/2022\\\/11\\\/29\\\/Anos-pristatymas-371x360.jpg\",\"articleSection\":[\"Naujienos\"],\"inLanguage\":\"lt-LT\"},{\"@type\":\"WebPage\",\"@id\":\"https:\\\/\\\/vsmc.lt\\\/?p=10075\",\"url\":\"https:\\\/\\\/vsmc.lt\\\/?p=10075\",\"name\":\"2022-11-22 Tarptautinio projekto pristatymas Suaugusi\u0173j\u0173 mokymosi savait\u0117s metu Vilniaus suaugusi\u0173j\u0173 mokymo centras - Vilniaus suaugusi\u0173j\u0173 mokymo centras\",\"isPartOf\":{\"@id\":\"https:\\\/\\\/vsmc.lt\\\/#website\"},\"primaryImageOfPage\":{\"@id\":\"https:\\\/\\\/vsmc.lt\\\/?p=10075#primaryimage\"},\"image\":{\"@id\":\"https:\\\/\\\/vsmc.lt\\\/?p=10075#primaryimage\"},\"thumbnailUrl\":\"https:\\\/\\\/vsmc.lt\\\/wp-content\\\/uploads\\\/2022\\\/11\\\/29\\\/Anos-pristatymas-371x360.jpg\",\"datePublished\":\"2022-11-22T09:39:08+00:00\",\"dateModified\":\"2022-11-29T09:56:07+00:00\",\"description\":\"2022-11-22 Tarptautinio projekto pristatymas Suaugusi\u0173j\u0173 mokymosi savait\u0117s metu Vilniaus suaugusi\u0173j\u0173 mokymo centras\",\"breadcrumb\":{\"@id\":\"https:\\\/\\\/vsmc.lt\\\/?p=10075#breadcrumb\"},\"inLanguage\":\"lt-LT\",\"potentialAction\":[{\"@type\":\"ReadAction\",\"target\":[\"https:\\\/\\\/vsmc.lt\\\/?p=10075\"]}]},{\"@type\":\"ImageObject\",\"inLanguage\":\"lt-LT\",\"@id\":\"https:\\\/\\\/vsmc.lt\\\/?p=10075#primaryimage\",\"url\":\"https:\\\/\\\/vsmc.lt\\\/wp-content\\\/uploads\\\/2022\\\/11\\\/29\\\/Anos-pristatymas-scaled.jpg\",\"contentUrl\":\"https:\\\/\\\/vsmc.lt\\\/wp-content\\\/uploads\\\/2022\\\/11\\\/29\\\/Anos-pristatymas-scaled.jpg\",\"width\":2560,\"height\":2482},{\"@type\":\"BreadcrumbList\",\"@id\":\"https:\\\/\\\/vsmc.lt\\\/?p=10075#breadcrumb\",\"itemListElement\":[{\"@type\":\"ListItem\",\"position\":1,\"name\":\"Home\",\"item\":\"https:\\\/\\\/vsmc.lt\\\/\"},{\"@type\":\"ListItem\",\"position\":2,\"name\":\"2022-11-22 Tarptautinio projekto pristatymas Suaugusi\u0173j\u0173 mokymosi savait\u0117s metu\"}]},{\"@type\":\"WebSite\",\"@id\":\"https:\\\/\\\/vsmc.lt\\\/#website\",\"url\":\"https:\\\/\\\/vsmc.lt\\\/\",\"name\":\"Vilniaus suaugusi\u0173j\u0173 mokymo centras\",\"description\":\"VSMC\",\"publisher\":{\"@id\":\"https:\\\/\\\/vsmc.lt\\\/#organization\"},\"alternateName\":\"VSMC\",\"potentialAction\":[{\"@type\":\"SearchAction\",\"target\":{\"@type\":\"EntryPoint\",\"urlTemplate\":\"https:\\\/\\\/vsmc.lt\\\/?s={search_term_string}\"},\"query-input\":{\"@type\":\"PropertyValueSpecification\",\"valueRequired\":true,\"valueName\":\"search_term_string\"}}],\"inLanguage\":\"lt-LT\"},{\"@type\":\"Organization\",\"@id\":\"https:\\\/\\\/vsmc.lt\\\/#organization\",\"name\":\"Vilniaus suaugusi\u0173j\u0173 mokymo centras\",\"alternateName\":\"VSMC\",\"url\":\"https:\\\/\\\/vsmc.lt\\\/\",\"logo\":{\"@type\":\"ImageObject\",\"inLanguage\":\"lt-LT\",\"@id\":\"https:\\\/\\\/vsmc.lt\\\/#\\\/schema\\\/logo\\\/image\\\/\",\"url\":\"https:\\\/\\\/vsmc.lt\\\/wp-content\\\/uploads\\\/2016\\\/11\\\/15\\\/logo.png\",\"contentUrl\":\"https:\\\/\\\/vsmc.lt\\\/wp-content\\\/uploads\\\/2016\\\/11\\\/15\\\/logo.png\",\"width\":96,\"height\":121,\"caption\":\"Vilniaus suaugusi\u0173j\u0173 mokymo centras\"},\"image\":{\"@id\":\"https:\\\/\\\/vsmc.lt\\\/#\\\/schema\\\/logo\\\/image\\\/\"},\"sameAs\":[\"https:\\\/\\\/www.facebook.com\\\/p\\\/Vilniaus-suaugusij-mokymo-centras-VSMC-gimnazija-100034428106674\\\/\"]},{\"@type\":\"Person\",\"@id\":\"https:\\\/\\\/vsmc.lt\\\/#\\\/schema\\\/person\\\/7b79c1eab13a88fc1ed4dc6626a57f98\",\"name\":\"Birut\u0117 Kubilinskien\u0117\",\"image\":{\"@type\":\"ImageObject\",\"inLanguage\":\"lt-LT\",\"@id\":\"https:\\\/\\\/secure.gravatar.com\\\/avatar\\\/de3432602f9f0edd7dc9006aceaad7e2a3227ca56f4f6d9e4b2e2ee05a11e793?s=96&d=mm&r=g\",\"url\":\"https:\\\/\\\/secure.gravatar.com\\\/avatar\\\/de3432602f9f0edd7dc9006aceaad7e2a3227ca56f4f6d9e4b2e2ee05a11e793?s=96&d=mm&r=g\",\"contentUrl\":\"https:\\\/\\\/secure.gravatar.com\\\/avatar\\\/de3432602f9f0edd7dc9006aceaad7e2a3227ca56f4f6d9e4b2e2ee05a11e793?s=96&d=mm&r=g\",\"caption\":\"Birut\u0117 Kubilinskien\u0117\"},\"url\":\"https:\\\/\\\/vsmc.lt\\\/?author=5\"}]}<\/script>\n<!-- \/ Yoast SEO plugin. -->","yoast_head_json":{"title":"2022-11-22 Tarptautinio projekto pristatymas Suaugusi\u0173j\u0173 mokymosi savait\u0117s metu Vilniaus suaugusi\u0173j\u0173 mokymo centras  - Vilniaus suaugusi\u0173j\u0173 mokymo centras","description":"2022-11-22 Tarptautinio projekto pristatymas Suaugusi\u0173j\u0173 mokymosi savait\u0117s metu Vilniaus suaugusi\u0173j\u0173 mokymo centras","robots":{"index":"index","follow":"follow","max-snippet":"max-snippet:-1","max-image-preview":"max-image-preview:large","max-video-preview":"max-video-preview:-1"},"canonical":"https:\/\/vsmc.lt\/?p=10075","og_locale":"lt_LT","og_type":"article","og_title":"2022-11-22 Tarptautinio projekto pristatymas Suaugusi\u0173j\u0173 mokymosi savait\u0117s metu Vilniaus suaugusi\u0173j\u0173 mokymo centras  - Vilniaus suaugusi\u0173j\u0173 mokymo centras","og_description":"2022-11-22 Tarptautinio projekto pristatymas Suaugusi\u0173j\u0173 mokymosi savait\u0117s metu Vilniaus suaugusi\u0173j\u0173 mokymo centras","og_url":"https:\/\/vsmc.lt\/?p=10075","og_site_name":"Vilniaus suaugusi\u0173j\u0173 mokymo centras","article_publisher":"https:\/\/www.facebook.com\/p\/Vilniaus-suaugusij-mokymo-centras-VSMC-gimnazija-100034428106674\/","article_published_time":"2022-11-22T09:39:08+00:00","article_modified_time":"2022-11-29T09:56:07+00:00","og_image":[{"url":"https:\/\/vsmc.lt\/wp-content\/uploads\/2022\/11\/29\/Anos-pristatymas-371x360.jpg","type":"","width":"","height":""}],"author":"Birut\u0117 Kubilinskien\u0117","twitter_card":"summary_large_image","twitter_misc":{"Written by":"Birut\u0117 Kubilinskien\u0117","Est. reading time":"2 minut\u0117s"},"schema":{"@context":"https:\/\/schema.org","@graph":[{"@type":"Article","@id":"https:\/\/vsmc.lt\/?p=10075#article","isPartOf":{"@id":"https:\/\/vsmc.lt\/?p=10075"},"author":{"name":"Birut\u0117 Kubilinskien\u0117","@id":"https:\/\/vsmc.lt\/#\/schema\/person\/7b79c1eab13a88fc1ed4dc6626a57f98"},"headline":"2022-11-22 Tarptautinio projekto pristatymas Suaugusi\u0173j\u0173 mokymosi savait\u0117s metu","datePublished":"2022-11-22T09:39:08+00:00","dateModified":"2022-11-29T09:56:07+00:00","mainEntityOfPage":{"@id":"https:\/\/vsmc.lt\/?p=10075"},"wordCount":319,"publisher":{"@id":"https:\/\/vsmc.lt\/#organization"},"image":{"@id":"https:\/\/vsmc.lt\/?p=10075#primaryimage"},"thumbnailUrl":"https:\/\/vsmc.lt\/wp-content\/uploads\/2022\/11\/29\/Anos-pristatymas-371x360.jpg","articleSection":["Naujienos"],"inLanguage":"lt-LT"},{"@type":"WebPage","@id":"https:\/\/vsmc.lt\/?p=10075","url":"https:\/\/vsmc.lt\/?p=10075","name":"2022-11-22 Tarptautinio projekto pristatymas Suaugusi\u0173j\u0173 mokymosi savait\u0117s metu Vilniaus suaugusi\u0173j\u0173 mokymo centras - Vilniaus suaugusi\u0173j\u0173 mokymo centras","isPartOf":{"@id":"https:\/\/vsmc.lt\/#website"},"primaryImageOfPage":{"@id":"https:\/\/vsmc.lt\/?p=10075#primaryimage"},"image":{"@id":"https:\/\/vsmc.lt\/?p=10075#primaryimage"},"thumbnailUrl":"https:\/\/vsmc.lt\/wp-content\/uploads\/2022\/11\/29\/Anos-pristatymas-371x360.jpg","datePublished":"2022-11-22T09:39:08+00:00","dateModified":"2022-11-29T09:56:07+00:00","description":"2022-11-22 Tarptautinio projekto pristatymas Suaugusi\u0173j\u0173 mokymosi savait\u0117s metu Vilniaus suaugusi\u0173j\u0173 mokymo centras","breadcrumb":{"@id":"https:\/\/vsmc.lt\/?p=10075#breadcrumb"},"inLanguage":"lt-LT","potentialAction":[{"@type":"ReadAction","target":["https:\/\/vsmc.lt\/?p=10075"]}]},{"@type":"ImageObject","inLanguage":"lt-LT","@id":"https:\/\/vsmc.lt\/?p=10075#primaryimage","url":"https:\/\/vsmc.lt\/wp-content\/uploads\/2022\/11\/29\/Anos-pristatymas-scaled.jpg","contentUrl":"https:\/\/vsmc.lt\/wp-content\/uploads\/2022\/11\/29\/Anos-pristatymas-scaled.jpg","width":2560,"height":2482},{"@type":"BreadcrumbList","@id":"https:\/\/vsmc.lt\/?p=10075#breadcrumb","itemListElement":[{"@type":"ListItem","position":1,"name":"Home","item":"https:\/\/vsmc.lt\/"},{"@type":"ListItem","position":2,"name":"2022-11-22 Tarptautinio projekto pristatymas Suaugusi\u0173j\u0173 mokymosi savait\u0117s metu"}]},{"@type":"WebSite","@id":"https:\/\/vsmc.lt\/#website","url":"https:\/\/vsmc.lt\/","name":"Vilniaus suaugusi\u0173j\u0173 mokymo centras","description":"VSMC","publisher":{"@id":"https:\/\/vsmc.lt\/#organization"},"alternateName":"VSMC","potentialAction":[{"@type":"SearchAction","target":{"@type":"EntryPoint","urlTemplate":"https:\/\/vsmc.lt\/?s={search_term_string}"},"query-input":{"@type":"PropertyValueSpecification","valueRequired":true,"valueName":"search_term_string"}}],"inLanguage":"lt-LT"},{"@type":"Organization","@id":"https:\/\/vsmc.lt\/#organization","name":"Vilniaus suaugusi\u0173j\u0173 mokymo centras","alternateName":"VSMC","url":"https:\/\/vsmc.lt\/","logo":{"@type":"ImageObject","inLanguage":"lt-LT","@id":"https:\/\/vsmc.lt\/#\/schema\/logo\/image\/","url":"https:\/\/vsmc.lt\/wp-content\/uploads\/2016\/11\/15\/logo.png","contentUrl":"https:\/\/vsmc.lt\/wp-content\/uploads\/2016\/11\/15\/logo.png","width":96,"height":121,"caption":"Vilniaus suaugusi\u0173j\u0173 mokymo centras"},"image":{"@id":"https:\/\/vsmc.lt\/#\/schema\/logo\/image\/"},"sameAs":["https:\/\/www.facebook.com\/p\/Vilniaus-suaugusij-mokymo-centras-VSMC-gimnazija-100034428106674\/"]},{"@type":"Person","@id":"https:\/\/vsmc.lt\/#\/schema\/person\/7b79c1eab13a88fc1ed4dc6626a57f98","name":"Birut\u0117 Kubilinskien\u0117","image":{"@type":"ImageObject","inLanguage":"lt-LT","@id":"https:\/\/secure.gravatar.com\/avatar\/de3432602f9f0edd7dc9006aceaad7e2a3227ca56f4f6d9e4b2e2ee05a11e793?s=96&d=mm&r=g","url":"https:\/\/secure.gravatar.com\/avatar\/de3432602f9f0edd7dc9006aceaad7e2a3227ca56f4f6d9e4b2e2ee05a11e793?s=96&d=mm&r=g","contentUrl":"https:\/\/secure.gravatar.com\/avatar\/de3432602f9f0edd7dc9006aceaad7e2a3227ca56f4f6d9e4b2e2ee05a11e793?s=96&d=mm&r=g","caption":"Birut\u0117 Kubilinskien\u0117"},"url":"https:\/\/vsmc.lt\/?author=5"}]}},"_links":{"self":[{"href":"https:\/\/vsmc.lt\/index.php?rest_route=\/wp\/v2\/posts\/10075","targetHints":{"allow":["GET"]}}],"collection":[{"href":"https:\/\/vsmc.lt\/index.php?rest_route=\/wp\/v2\/posts"}],"about":[{"href":"https:\/\/vsmc.lt\/index.php?rest_route=\/wp\/v2\/types\/post"}],"author":[{"embeddable":true,"href":"https:\/\/vsmc.lt\/index.php?rest_route=\/wp\/v2\/users\/5"}],"replies":[{"embeddable":true,"href":"https:\/\/vsmc.lt\/index.php?rest_route=%2Fwp%2Fv2%2Fcomments&post=10075"}],"version-history":[{"count":3,"href":"https:\/\/vsmc.lt\/index.php?rest_route=\/wp\/v2\/posts\/10075\/revisions"}],"predecessor-version":[{"id":10084,"href":"https:\/\/vsmc.lt\/index.php?rest_route=\/wp\/v2\/posts\/10075\/revisions\/10084"}],"wp:attachment":[{"href":"https:\/\/vsmc.lt\/index.php?rest_route=%2Fwp%2Fv2%2Fmedia&parent=10075"}],"wp:term":[{"taxonomy":"category","embeddable":true,"href":"https:\/\/vsmc.lt\/index.php?rest_route=%2Fwp%2Fv2%2Fcategories&post=10075"},{"taxonomy":"post_tag","embeddable":true,"href":"https:\/\/vsmc.lt\/index.php?rest_route=%2Fwp%2Fv2%2Ftags&post=10075"}],"curies":[{"name":"wp","href":"https:\/\/api.w.org\/{rel}","templated":true}]}}