{"id":10180,"date":"2023-01-16T13:52:21","date_gmt":"2023-01-16T10:52:21","guid":{"rendered":"https:\/\/vsmc.lt\/?p=10180"},"modified":"2023-01-18T14:46:46","modified_gmt":"2023-01-18T11:46:46","slug":"2022-01-13-paminejome-lietuvos-laisves-gyneju-diena","status":"publish","type":"post","link":"https:\/\/vsmc.lt\/?p=10180","title":{"rendered":"2022-01-13 Pamin\u0117jome Lietuvos  Laisv\u0117s gyn\u0117j\u0173 dien\u0105"},"content":{"rendered":"<p>Kaip ir kasmet, VSMC vyko renginiai, skirti Sausio 13-osios \u012fvyki\u0173 metin\u0117ms pamin\u0117ti. Pagerbiant \u017euvusiuosius Lietuvos Laisv\u0117s gyn\u0117jus ant gimnazijos lang\u0173 \u201esu\u017eyd\u0117jo\u201c \u017eydrosios Neu\u017emir\u0161tuol\u0117s. Taip pat VSMC bendruomen\u0117\u00a0\u00a0\u201eu\u017eaugino\u201c Neu\u017emir\u0161tuoli\u0173 piev\u0105, kuri\u0105 papild\u0117 saul\u0117gr\u0105\u017eomis, i\u0161reik\u0161dama solidarum\u0105 su Ukraina.<\/p>\n<p>Sausio 9-11 dienomis istorijos mokytoja An\u017eela Jablonskait\u0117 per savo pamokas pasakojo mokiniams apie svarbius 1991 m. sausio \u012fvykius \u2013 soviet\u0173 karin\u0119 agresij\u0105, t\u016bkstan\u010dius Lietuvos \u017emoni\u0173, dr\u0105siai gynusi\u0173 atkurt\u0105 Lietuvos nepriklausomyb\u0119.<\/p>\n<p>Sausio 12-osios vakar\u0105 VSMC bendruomen\u0117 \u2013 III-IV gimnazini\u0173 klasi\u0173 mokiniai ir mokytojai \u2013 tradici\u0161kai dalyvavo atminimo lau\u017e\u0173 u\u017edegimo i\u0161kilmingame renginyje Nepriklausomyb\u0117s aik\u0161t\u0117je, skirtame \u017euvusiems sausio 13-osios nakt\u012f atminti ir pagerbti. Lank\u0117m\u0117s Lietuvos vienyb\u0117s simboliu tapusioje Nepriklausomyb\u0117s aik\u0161t\u0117je ir su\u0161ilome prie \u0161iandienos vienyb\u0117s lau\u017e\u0173, klaus\u0117m\u0117s gra\u017ei\u0173 lietuvi\u0161k\u0173 ir ukrainieti\u0161k\u0173 dain\u0173, v\u0117liau dalyvavome S\u0105j\u016bd\u017eio valandoje, skirtoje Sausio 13-osios \u012fvykiams pamin\u0117ti ir Ukrainos tautai palaikyti \u017eiaurioje ir kruvinoje kovoje d\u0117l laisv\u0117s.<\/p>\n<p>Sausio 13-\u0105j\u0105 neakivaizdini\u0173 klasi\u0173 mokiniai ir ukrainiet\u0117s, lankan\u010dios lietuvi\u0173 kalbos kursus,\u00a0nuo 11.15 val. steb\u0117jo istoriko Norberto \u010cerniausko pamokos \u201eSausio 13-osios vertyb\u0117s\u201c\u00a0tiesiogin\u0119 transliacij\u0105 i\u0161 Seimo.<\/p>\n<p>\u0160iandien, prisimindami \u017euvusius gyn\u0117jus, i\u0161likime vieningi ir kurkime ateit\u012f, kuri b\u016bt\u0173 verta i\u0161kovotos laisv\u0117s. Atmintis gyva.<\/p>\n<p><img loading=\"lazy\" decoding=\"async\" class=\"alignnone size-medium wp-image-10181\" src=\"https:\/\/vsmc.lt\/wp-content\/uploads\/2023\/01\/18\/musu-neuzmirstuoles-270x360.jpg\" alt=\"\" width=\"270\" height=\"360\" srcset=\"https:\/\/vsmc.lt\/wp-content\/uploads\/2023\/01\/18\/musu-neuzmirstuoles-270x360.jpg 270w, https:\/\/vsmc.lt\/wp-content\/uploads\/2023\/01\/18\/musu-neuzmirstuoles-540x720.jpg 540w, https:\/\/vsmc.lt\/wp-content\/uploads\/2023\/01\/18\/musu-neuzmirstuoles-768x1024.jpg 768w, https:\/\/vsmc.lt\/wp-content\/uploads\/2023\/01\/18\/musu-neuzmirstuoles-1152x1536.jpg 1152w, https:\/\/vsmc.lt\/wp-content\/uploads\/2023\/01\/18\/musu-neuzmirstuoles-1536x2048.jpg 1536w, https:\/\/vsmc.lt\/wp-content\/uploads\/2023\/01\/18\/musu-neuzmirstuoles-scaled.jpg 1920w\" sizes=\"auto, (max-width: 270px) 100vw, 270px\" \/><\/p>\n<p><img loading=\"lazy\" decoding=\"async\" class=\"alignnone  wp-image-10182\" src=\"https:\/\/vsmc.lt\/wp-content\/uploads\/2023\/01\/18\/prie-lauzu.png\" alt=\"\" width=\"484\" height=\"359\" \/> <img loading=\"lazy\" decoding=\"async\" class=\"alignnone size-medium wp-image-10183\" src=\"https:\/\/vsmc.lt\/wp-content\/uploads\/2023\/01\/18\/prie-lauzu1-481x360.png\" alt=\"\" width=\"481\" height=\"360\" srcset=\"https:\/\/vsmc.lt\/wp-content\/uploads\/2023\/01\/18\/prie-lauzu1-481x360.png 481w, https:\/\/vsmc.lt\/wp-content\/uploads\/2023\/01\/18\/prie-lauzu1.png 681w\" sizes=\"auto, (max-width: 481px) 100vw, 481px\" \/><\/p>\n<p>&nbsp;<\/p>\n<p style=\"text-align: right;\">Pareng\u0117 istorijos mokytoja metodinink\u0117 A. Jablonskait\u0117<\/p>\n","protected":false},"excerpt":{"rendered":"<p>Kaip ir kasmet, VSMC vyko renginiai, skirti Sausio 13-osios \u012fvyki\u0173 metin\u0117ms pamin\u0117ti. Pagerbiant \u017euvusiuosius Lietuvos Laisv\u0117s gyn\u0117jus ant gimnazijos lang\u0173 \u201esu\u017eyd\u0117jo\u201c \u017eydrosios Neu\u017emir\u0161tuol\u0117s. Taip pat VSMC bendruomen\u0117\u00a0\u00a0\u201eu\u017eaugino\u201c Neu\u017emir\u0161tuoli\u0173 piev\u0105, kuri\u0105 papild\u0117 saul\u0117gr\u0105\u017eomis, i\u0161reik\u0161dama solidarum\u0105 su Ukraina. Sausio 9-11 dienomis istorijos mokytoja An\u017eela Jablonskait\u0117 per savo pamokas pasakojo mokiniams apie svarbius 1991 m. sausio \u012fvykius \u2013 [&hellip;]<\/p>\n","protected":false},"author":5,"featured_media":0,"comment_status":"closed","ping_status":"closed","sticky":false,"template":"","format":"standard","meta":{"footnotes":""},"categories":[1],"tags":[],"class_list":["post-10180","post","type-post","status-publish","format-standard","hentry","category-naujienos"],"yoast_head":"<!-- This site is optimized with the Yoast SEO plugin v27.5 - https:\/\/yoast.com\/product\/yoast-seo-wordpress\/ -->\n<title>2022-01-13 Pamin\u0117jome Lietuvos Laisv\u0117s gyn\u0117j\u0173 dien\u0105 Vilniaus suaugusi\u0173j\u0173 mokymo centras  - Vilniaus suaugusi\u0173j\u0173 mokymo centras<\/title>\n<meta name=\"description\" content=\"2022-01-13 Pamin\u0117jome Lietuvos Laisv\u0117s gyn\u0117j\u0173 dien\u0105 Vilniaus suaugusi\u0173j\u0173 mokymo centras\" \/>\n<meta name=\"robots\" content=\"index, follow, max-snippet:-1, max-image-preview:large, max-video-preview:-1\" \/>\n<link rel=\"canonical\" href=\"https:\/\/vsmc.lt\/?p=10180\" \/>\n<meta property=\"og:locale\" content=\"lt_LT\" \/>\n<meta property=\"og:type\" content=\"article\" \/>\n<meta property=\"og:title\" content=\"2022-01-13 Pamin\u0117jome Lietuvos Laisv\u0117s gyn\u0117j\u0173 dien\u0105 Vilniaus suaugusi\u0173j\u0173 mokymo centras  - Vilniaus suaugusi\u0173j\u0173 mokymo centras\" \/>\n<meta property=\"og:description\" content=\"2022-01-13 Pamin\u0117jome Lietuvos Laisv\u0117s gyn\u0117j\u0173 dien\u0105 Vilniaus suaugusi\u0173j\u0173 mokymo centras\" \/>\n<meta property=\"og:url\" content=\"https:\/\/vsmc.lt\/?p=10180\" \/>\n<meta property=\"og:site_name\" content=\"Vilniaus suaugusi\u0173j\u0173 mokymo centras\" \/>\n<meta property=\"article:publisher\" content=\"https:\/\/www.facebook.com\/p\/Vilniaus-suaugusij-mokymo-centras-VSMC-gimnazija-100034428106674\/\" \/>\n<meta property=\"article:published_time\" content=\"2023-01-16T10:52:21+00:00\" \/>\n<meta property=\"article:modified_time\" content=\"2023-01-18T11:46:46+00:00\" \/>\n<meta property=\"og:image\" content=\"https:\/\/vsmc.lt\/wp-content\/uploads\/2023\/01\/18\/musu-neuzmirstuoles-270x360.jpg\" \/>\n<meta name=\"author\" content=\"Birut\u0117 Kubilinskien\u0117\" \/>\n<meta name=\"twitter:card\" content=\"summary_large_image\" \/>\n<meta name=\"twitter:label1\" content=\"Written by\" \/>\n\t<meta name=\"twitter:data1\" content=\"Birut\u0117 Kubilinskien\u0117\" \/>\n\t<meta name=\"twitter:label2\" content=\"Est. reading time\" \/>\n\t<meta name=\"twitter:data2\" content=\"1 minut\u0117\" \/>\n<script type=\"application\/ld+json\" class=\"yoast-schema-graph\">{\"@context\":\"https:\\\/\\\/schema.org\",\"@graph\":[{\"@type\":\"Article\",\"@id\":\"https:\\\/\\\/vsmc.lt\\\/?p=10180#article\",\"isPartOf\":{\"@id\":\"https:\\\/\\\/vsmc.lt\\\/?p=10180\"},\"author\":{\"name\":\"Birut\u0117 Kubilinskien\u0117\",\"@id\":\"https:\\\/\\\/vsmc.lt\\\/#\\\/schema\\\/person\\\/7b79c1eab13a88fc1ed4dc6626a57f98\"},\"headline\":\"2022-01-13 Pamin\u0117jome Lietuvos Laisv\u0117s gyn\u0117j\u0173 dien\u0105\",\"datePublished\":\"2023-01-16T10:52:21+00:00\",\"dateModified\":\"2023-01-18T11:46:46+00:00\",\"mainEntityOfPage\":{\"@id\":\"https:\\\/\\\/vsmc.lt\\\/?p=10180\"},\"wordCount\":245,\"publisher\":{\"@id\":\"https:\\\/\\\/vsmc.lt\\\/#organization\"},\"image\":{\"@id\":\"https:\\\/\\\/vsmc.lt\\\/?p=10180#primaryimage\"},\"thumbnailUrl\":\"https:\\\/\\\/vsmc.lt\\\/wp-content\\\/uploads\\\/2023\\\/01\\\/18\\\/musu-neuzmirstuoles-270x360.jpg\",\"articleSection\":[\"Naujienos\"],\"inLanguage\":\"lt-LT\"},{\"@type\":\"WebPage\",\"@id\":\"https:\\\/\\\/vsmc.lt\\\/?p=10180\",\"url\":\"https:\\\/\\\/vsmc.lt\\\/?p=10180\",\"name\":\"2022-01-13 Pamin\u0117jome Lietuvos Laisv\u0117s gyn\u0117j\u0173 dien\u0105 Vilniaus suaugusi\u0173j\u0173 mokymo centras - Vilniaus suaugusi\u0173j\u0173 mokymo centras\",\"isPartOf\":{\"@id\":\"https:\\\/\\\/vsmc.lt\\\/#website\"},\"primaryImageOfPage\":{\"@id\":\"https:\\\/\\\/vsmc.lt\\\/?p=10180#primaryimage\"},\"image\":{\"@id\":\"https:\\\/\\\/vsmc.lt\\\/?p=10180#primaryimage\"},\"thumbnailUrl\":\"https:\\\/\\\/vsmc.lt\\\/wp-content\\\/uploads\\\/2023\\\/01\\\/18\\\/musu-neuzmirstuoles-270x360.jpg\",\"datePublished\":\"2023-01-16T10:52:21+00:00\",\"dateModified\":\"2023-01-18T11:46:46+00:00\",\"description\":\"2022-01-13 Pamin\u0117jome Lietuvos Laisv\u0117s gyn\u0117j\u0173 dien\u0105 Vilniaus suaugusi\u0173j\u0173 mokymo centras\",\"breadcrumb\":{\"@id\":\"https:\\\/\\\/vsmc.lt\\\/?p=10180#breadcrumb\"},\"inLanguage\":\"lt-LT\",\"potentialAction\":[{\"@type\":\"ReadAction\",\"target\":[\"https:\\\/\\\/vsmc.lt\\\/?p=10180\"]}]},{\"@type\":\"ImageObject\",\"inLanguage\":\"lt-LT\",\"@id\":\"https:\\\/\\\/vsmc.lt\\\/?p=10180#primaryimage\",\"url\":\"https:\\\/\\\/vsmc.lt\\\/wp-content\\\/uploads\\\/2023\\\/01\\\/18\\\/musu-neuzmirstuoles-scaled.jpg\",\"contentUrl\":\"https:\\\/\\\/vsmc.lt\\\/wp-content\\\/uploads\\\/2023\\\/01\\\/18\\\/musu-neuzmirstuoles-scaled.jpg\",\"width\":1920,\"height\":2560},{\"@type\":\"BreadcrumbList\",\"@id\":\"https:\\\/\\\/vsmc.lt\\\/?p=10180#breadcrumb\",\"itemListElement\":[{\"@type\":\"ListItem\",\"position\":1,\"name\":\"Home\",\"item\":\"https:\\\/\\\/vsmc.lt\\\/\"},{\"@type\":\"ListItem\",\"position\":2,\"name\":\"2022-01-13 Pamin\u0117jome Lietuvos Laisv\u0117s gyn\u0117j\u0173 dien\u0105\"}]},{\"@type\":\"WebSite\",\"@id\":\"https:\\\/\\\/vsmc.lt\\\/#website\",\"url\":\"https:\\\/\\\/vsmc.lt\\\/\",\"name\":\"Vilniaus suaugusi\u0173j\u0173 mokymo centras\",\"description\":\"VSMC\",\"publisher\":{\"@id\":\"https:\\\/\\\/vsmc.lt\\\/#organization\"},\"alternateName\":\"VSMC\",\"potentialAction\":[{\"@type\":\"SearchAction\",\"target\":{\"@type\":\"EntryPoint\",\"urlTemplate\":\"https:\\\/\\\/vsmc.lt\\\/?s={search_term_string}\"},\"query-input\":{\"@type\":\"PropertyValueSpecification\",\"valueRequired\":true,\"valueName\":\"search_term_string\"}}],\"inLanguage\":\"lt-LT\"},{\"@type\":\"Organization\",\"@id\":\"https:\\\/\\\/vsmc.lt\\\/#organization\",\"name\":\"Vilniaus suaugusi\u0173j\u0173 mokymo centras\",\"alternateName\":\"VSMC\",\"url\":\"https:\\\/\\\/vsmc.lt\\\/\",\"logo\":{\"@type\":\"ImageObject\",\"inLanguage\":\"lt-LT\",\"@id\":\"https:\\\/\\\/vsmc.lt\\\/#\\\/schema\\\/logo\\\/image\\\/\",\"url\":\"https:\\\/\\\/vsmc.lt\\\/wp-content\\\/uploads\\\/2016\\\/11\\\/15\\\/logo.png\",\"contentUrl\":\"https:\\\/\\\/vsmc.lt\\\/wp-content\\\/uploads\\\/2016\\\/11\\\/15\\\/logo.png\",\"width\":96,\"height\":121,\"caption\":\"Vilniaus suaugusi\u0173j\u0173 mokymo centras\"},\"image\":{\"@id\":\"https:\\\/\\\/vsmc.lt\\\/#\\\/schema\\\/logo\\\/image\\\/\"},\"sameAs\":[\"https:\\\/\\\/www.facebook.com\\\/p\\\/Vilniaus-suaugusij-mokymo-centras-VSMC-gimnazija-100034428106674\\\/\"]},{\"@type\":\"Person\",\"@id\":\"https:\\\/\\\/vsmc.lt\\\/#\\\/schema\\\/person\\\/7b79c1eab13a88fc1ed4dc6626a57f98\",\"name\":\"Birut\u0117 Kubilinskien\u0117\",\"image\":{\"@type\":\"ImageObject\",\"inLanguage\":\"lt-LT\",\"@id\":\"https:\\\/\\\/secure.gravatar.com\\\/avatar\\\/de3432602f9f0edd7dc9006aceaad7e2a3227ca56f4f6d9e4b2e2ee05a11e793?s=96&d=mm&r=g\",\"url\":\"https:\\\/\\\/secure.gravatar.com\\\/avatar\\\/de3432602f9f0edd7dc9006aceaad7e2a3227ca56f4f6d9e4b2e2ee05a11e793?s=96&d=mm&r=g\",\"contentUrl\":\"https:\\\/\\\/secure.gravatar.com\\\/avatar\\\/de3432602f9f0edd7dc9006aceaad7e2a3227ca56f4f6d9e4b2e2ee05a11e793?s=96&d=mm&r=g\",\"caption\":\"Birut\u0117 Kubilinskien\u0117\"},\"url\":\"https:\\\/\\\/vsmc.lt\\\/?author=5\"}]}<\/script>\n<!-- \/ Yoast SEO plugin. -->","yoast_head_json":{"title":"2022-01-13 Pamin\u0117jome Lietuvos Laisv\u0117s gyn\u0117j\u0173 dien\u0105 Vilniaus suaugusi\u0173j\u0173 mokymo centras  - Vilniaus suaugusi\u0173j\u0173 mokymo centras","description":"2022-01-13 Pamin\u0117jome Lietuvos Laisv\u0117s gyn\u0117j\u0173 dien\u0105 Vilniaus suaugusi\u0173j\u0173 mokymo centras","robots":{"index":"index","follow":"follow","max-snippet":"max-snippet:-1","max-image-preview":"max-image-preview:large","max-video-preview":"max-video-preview:-1"},"canonical":"https:\/\/vsmc.lt\/?p=10180","og_locale":"lt_LT","og_type":"article","og_title":"2022-01-13 Pamin\u0117jome Lietuvos Laisv\u0117s gyn\u0117j\u0173 dien\u0105 Vilniaus suaugusi\u0173j\u0173 mokymo centras  - Vilniaus suaugusi\u0173j\u0173 mokymo centras","og_description":"2022-01-13 Pamin\u0117jome Lietuvos Laisv\u0117s gyn\u0117j\u0173 dien\u0105 Vilniaus suaugusi\u0173j\u0173 mokymo centras","og_url":"https:\/\/vsmc.lt\/?p=10180","og_site_name":"Vilniaus suaugusi\u0173j\u0173 mokymo centras","article_publisher":"https:\/\/www.facebook.com\/p\/Vilniaus-suaugusij-mokymo-centras-VSMC-gimnazija-100034428106674\/","article_published_time":"2023-01-16T10:52:21+00:00","article_modified_time":"2023-01-18T11:46:46+00:00","og_image":[{"url":"https:\/\/vsmc.lt\/wp-content\/uploads\/2023\/01\/18\/musu-neuzmirstuoles-270x360.jpg","type":"","width":"","height":""}],"author":"Birut\u0117 Kubilinskien\u0117","twitter_card":"summary_large_image","twitter_misc":{"Written by":"Birut\u0117 Kubilinskien\u0117","Est. reading time":"1 minut\u0117"},"schema":{"@context":"https:\/\/schema.org","@graph":[{"@type":"Article","@id":"https:\/\/vsmc.lt\/?p=10180#article","isPartOf":{"@id":"https:\/\/vsmc.lt\/?p=10180"},"author":{"name":"Birut\u0117 Kubilinskien\u0117","@id":"https:\/\/vsmc.lt\/#\/schema\/person\/7b79c1eab13a88fc1ed4dc6626a57f98"},"headline":"2022-01-13 Pamin\u0117jome Lietuvos Laisv\u0117s gyn\u0117j\u0173 dien\u0105","datePublished":"2023-01-16T10:52:21+00:00","dateModified":"2023-01-18T11:46:46+00:00","mainEntityOfPage":{"@id":"https:\/\/vsmc.lt\/?p=10180"},"wordCount":245,"publisher":{"@id":"https:\/\/vsmc.lt\/#organization"},"image":{"@id":"https:\/\/vsmc.lt\/?p=10180#primaryimage"},"thumbnailUrl":"https:\/\/vsmc.lt\/wp-content\/uploads\/2023\/01\/18\/musu-neuzmirstuoles-270x360.jpg","articleSection":["Naujienos"],"inLanguage":"lt-LT"},{"@type":"WebPage","@id":"https:\/\/vsmc.lt\/?p=10180","url":"https:\/\/vsmc.lt\/?p=10180","name":"2022-01-13 Pamin\u0117jome Lietuvos Laisv\u0117s gyn\u0117j\u0173 dien\u0105 Vilniaus suaugusi\u0173j\u0173 mokymo centras - Vilniaus suaugusi\u0173j\u0173 mokymo centras","isPartOf":{"@id":"https:\/\/vsmc.lt\/#website"},"primaryImageOfPage":{"@id":"https:\/\/vsmc.lt\/?p=10180#primaryimage"},"image":{"@id":"https:\/\/vsmc.lt\/?p=10180#primaryimage"},"thumbnailUrl":"https:\/\/vsmc.lt\/wp-content\/uploads\/2023\/01\/18\/musu-neuzmirstuoles-270x360.jpg","datePublished":"2023-01-16T10:52:21+00:00","dateModified":"2023-01-18T11:46:46+00:00","description":"2022-01-13 Pamin\u0117jome Lietuvos Laisv\u0117s gyn\u0117j\u0173 dien\u0105 Vilniaus suaugusi\u0173j\u0173 mokymo centras","breadcrumb":{"@id":"https:\/\/vsmc.lt\/?p=10180#breadcrumb"},"inLanguage":"lt-LT","potentialAction":[{"@type":"ReadAction","target":["https:\/\/vsmc.lt\/?p=10180"]}]},{"@type":"ImageObject","inLanguage":"lt-LT","@id":"https:\/\/vsmc.lt\/?p=10180#primaryimage","url":"https:\/\/vsmc.lt\/wp-content\/uploads\/2023\/01\/18\/musu-neuzmirstuoles-scaled.jpg","contentUrl":"https:\/\/vsmc.lt\/wp-content\/uploads\/2023\/01\/18\/musu-neuzmirstuoles-scaled.jpg","width":1920,"height":2560},{"@type":"BreadcrumbList","@id":"https:\/\/vsmc.lt\/?p=10180#breadcrumb","itemListElement":[{"@type":"ListItem","position":1,"name":"Home","item":"https:\/\/vsmc.lt\/"},{"@type":"ListItem","position":2,"name":"2022-01-13 Pamin\u0117jome Lietuvos Laisv\u0117s gyn\u0117j\u0173 dien\u0105"}]},{"@type":"WebSite","@id":"https:\/\/vsmc.lt\/#website","url":"https:\/\/vsmc.lt\/","name":"Vilniaus suaugusi\u0173j\u0173 mokymo centras","description":"VSMC","publisher":{"@id":"https:\/\/vsmc.lt\/#organization"},"alternateName":"VSMC","potentialAction":[{"@type":"SearchAction","target":{"@type":"EntryPoint","urlTemplate":"https:\/\/vsmc.lt\/?s={search_term_string}"},"query-input":{"@type":"PropertyValueSpecification","valueRequired":true,"valueName":"search_term_string"}}],"inLanguage":"lt-LT"},{"@type":"Organization","@id":"https:\/\/vsmc.lt\/#organization","name":"Vilniaus suaugusi\u0173j\u0173 mokymo centras","alternateName":"VSMC","url":"https:\/\/vsmc.lt\/","logo":{"@type":"ImageObject","inLanguage":"lt-LT","@id":"https:\/\/vsmc.lt\/#\/schema\/logo\/image\/","url":"https:\/\/vsmc.lt\/wp-content\/uploads\/2016\/11\/15\/logo.png","contentUrl":"https:\/\/vsmc.lt\/wp-content\/uploads\/2016\/11\/15\/logo.png","width":96,"height":121,"caption":"Vilniaus suaugusi\u0173j\u0173 mokymo centras"},"image":{"@id":"https:\/\/vsmc.lt\/#\/schema\/logo\/image\/"},"sameAs":["https:\/\/www.facebook.com\/p\/Vilniaus-suaugusij-mokymo-centras-VSMC-gimnazija-100034428106674\/"]},{"@type":"Person","@id":"https:\/\/vsmc.lt\/#\/schema\/person\/7b79c1eab13a88fc1ed4dc6626a57f98","name":"Birut\u0117 Kubilinskien\u0117","image":{"@type":"ImageObject","inLanguage":"lt-LT","@id":"https:\/\/secure.gravatar.com\/avatar\/de3432602f9f0edd7dc9006aceaad7e2a3227ca56f4f6d9e4b2e2ee05a11e793?s=96&d=mm&r=g","url":"https:\/\/secure.gravatar.com\/avatar\/de3432602f9f0edd7dc9006aceaad7e2a3227ca56f4f6d9e4b2e2ee05a11e793?s=96&d=mm&r=g","contentUrl":"https:\/\/secure.gravatar.com\/avatar\/de3432602f9f0edd7dc9006aceaad7e2a3227ca56f4f6d9e4b2e2ee05a11e793?s=96&d=mm&r=g","caption":"Birut\u0117 Kubilinskien\u0117"},"url":"https:\/\/vsmc.lt\/?author=5"}]}},"_links":{"self":[{"href":"https:\/\/vsmc.lt\/index.php?rest_route=\/wp\/v2\/posts\/10180","targetHints":{"allow":["GET"]}}],"collection":[{"href":"https:\/\/vsmc.lt\/index.php?rest_route=\/wp\/v2\/posts"}],"about":[{"href":"https:\/\/vsmc.lt\/index.php?rest_route=\/wp\/v2\/types\/post"}],"author":[{"embeddable":true,"href":"https:\/\/vsmc.lt\/index.php?rest_route=\/wp\/v2\/users\/5"}],"replies":[{"embeddable":true,"href":"https:\/\/vsmc.lt\/index.php?rest_route=%2Fwp%2Fv2%2Fcomments&post=10180"}],"version-history":[{"count":1,"href":"https:\/\/vsmc.lt\/index.php?rest_route=\/wp\/v2\/posts\/10180\/revisions"}],"predecessor-version":[{"id":10184,"href":"https:\/\/vsmc.lt\/index.php?rest_route=\/wp\/v2\/posts\/10180\/revisions\/10184"}],"wp:attachment":[{"href":"https:\/\/vsmc.lt\/index.php?rest_route=%2Fwp%2Fv2%2Fmedia&parent=10180"}],"wp:term":[{"taxonomy":"category","embeddable":true,"href":"https:\/\/vsmc.lt\/index.php?rest_route=%2Fwp%2Fv2%2Fcategories&post=10180"},{"taxonomy":"post_tag","embeddable":true,"href":"https:\/\/vsmc.lt\/index.php?rest_route=%2Fwp%2Fv2%2Ftags&post=10180"}],"curies":[{"name":"wp","href":"https:\/\/api.w.org\/{rel}","templated":true}]}}