{"id":10354,"date":"2023-03-07T17:33:08","date_gmt":"2023-03-07T14:33:08","guid":{"rendered":"https:\/\/vsmc.lt\/?p=10354"},"modified":"2023-03-09T17:37:48","modified_gmt":"2023-03-09T14:37:48","slug":"2023-03-06-integruota-pamoka-netradicineje-erdveje-valstybingumo-keliu","status":"publish","type":"post","link":"https:\/\/vsmc.lt\/?p=10354","title":{"rendered":"2023-03-06 Integruota pamoka netradicin\u0117je erdv\u0117je \u201eValstybingumo keliu\u201c"},"content":{"rendered":"<p>\u0160. m. kovo 6 d. IVB, IVF, IVH klasi\u0173 mokiniams istorijos mokytoja Aan\u017eela Jablonskait\u0117,\u00a0 etikos mokytoja Ilona Mikul\u0117nien\u0117 ir dail\u0117s mokytoja Jon\u0117 Paulauskien\u0117 ved\u0117 pamok\u0105 netradicin\u0117je erdv\u0117je \u201eValstybingumo keliu\u201c. \u0160ios pamokos tikslas <strong>\u2013\u00a0<\/strong>skatinti tautin\u0119 savimon\u0119, pilieti\u0161kum\u0105 ir patriotizm\u0105, pagilinti mokini\u0173 \u017einias apie Lietuvos keli\u0105 \u012f valstybingum\u0105 nuo XX am\u017eiaus prad\u017eios iki Kovo 11-osios Akto pasira\u0161ymo.<\/p>\n<p>Pamokos metu buvo aptarti svarbiausi Lietuvos valstyb\u0117s raidos etapai, demokratin\u0117s visuomen\u0117s ir valstyb\u0117s prigimtis, jos gyvenimo principai, normos, svarstytos Lietuvos politin\u0117s, socialin\u0117s, kult\u016brin\u0117s raidos problemos ir aplankyti tokie objektai:<\/p>\n<ul>\n<li>Nepriklausomyb\u0117s aik\u0161t\u0117 prie LR Seimo r\u016bm\u0173, kur barikad\u0173 liekanos ir paminkliniai \u017eenklai\u00a0 primena tautos pasiprie\u0161inimo sovietinei okupacijai \u012fvykius;<\/li>\n<li>Luki\u0161ki\u0173 aik\u0161t\u0117,\u00a0kuri mena daug li\u016bdn\u0173 m\u016bs\u0173 valstybei istorijos \u012fvyki\u0173;<\/li>\n<li>V. Kudirkos aik\u0161t\u0117 ir joje esantis paminklas lietuvi\u0173 tautos \u017eadintojui, Lietuvos himno autoriui;<\/li>\n<li>S\u0105j\u016bd\u017eio b\u016bstin\u0117 \u2013 1988 m. Lietuvos i\u0161sivaduojamojo jud\u0117jimo centras;<\/li>\n<li>Signatar\u0173 namai,\u00a0kuriuose 1917\u20131918\u00a0 metais pos\u0117d\u017eiavusi Lietuvos taryba pri\u0117m\u0117 ir pasira\u0161\u0117 Lietuvos nepriklausomyb\u0117s akt\u0105.<\/li>\n<li>Filharmonija \u2013 kur XX am\u017eiaus prad\u017eioje rinkosi Didysis Vilniaus seimas, kuris caro vald\u017eiai pateik\u0117 reikalavimus d\u0117l autonomijos ir 1918 m. paskelb\u0117 apie Lietuvos valstyb\u0117s suk\u016brim\u0105.<\/li>\n<\/ul>\n<p>Mokiniai aktyviai dom\u0117josi aplankytais istoriniais objektais. Jiems patiko \u012fdom\u016bs pasakojimai ir pokalbiai.<\/p>\n<p style=\"text-align: right;\">Pareng\u0117 istorijos mokytoja metodinink\u0117 An\u017eela Jablonskait\u0117<\/p>\n","protected":false},"excerpt":{"rendered":"<p>\u0160. m. kovo 6 d. IVB, IVF, IVH klasi\u0173 mokiniams istorijos mokytoja Aan\u017eela Jablonskait\u0117,\u00a0 etikos mokytoja Ilona Mikul\u0117nien\u0117 ir dail\u0117s mokytoja Jon\u0117 Paulauskien\u0117 ved\u0117 pamok\u0105 netradicin\u0117je erdv\u0117je \u201eValstybingumo keliu\u201c. \u0160ios pamokos tikslas \u2013\u00a0skatinti tautin\u0119 savimon\u0119, pilieti\u0161kum\u0105 ir patriotizm\u0105, pagilinti mokini\u0173 \u017einias apie Lietuvos keli\u0105 \u012f valstybingum\u0105 nuo XX am\u017eiaus prad\u017eios iki Kovo 11-osios Akto pasira\u0161ymo. [&hellip;]<\/p>\n","protected":false},"author":5,"featured_media":0,"comment_status":"closed","ping_status":"closed","sticky":false,"template":"","format":"standard","meta":{"footnotes":""},"categories":[1],"tags":[],"class_list":["post-10354","post","type-post","status-publish","format-standard","hentry","category-naujienos"],"yoast_head":"<!-- This site is optimized with the Yoast SEO plugin v27.5 - https:\/\/yoast.com\/product\/yoast-seo-wordpress\/ -->\n<title>2023-03-06 Integruota pamoka netradicin\u0117je erdv\u0117je \u201eValstybingumo keliu\u201c Vilniaus suaugusi\u0173j\u0173 mokymo centras  - Vilniaus suaugusi\u0173j\u0173 mokymo centras<\/title>\n<meta name=\"description\" content=\"2023-03-06 Integruota pamoka netradicin\u0117je erdv\u0117je \u201eValstybingumo keliu\u201c Vilniaus suaugusi\u0173j\u0173 mokymo centras\" \/>\n<meta name=\"robots\" content=\"index, follow, max-snippet:-1, max-image-preview:large, max-video-preview:-1\" \/>\n<link rel=\"canonical\" href=\"https:\/\/vsmc.lt\/?p=10354\" \/>\n<meta property=\"og:locale\" content=\"lt_LT\" \/>\n<meta property=\"og:type\" content=\"article\" \/>\n<meta property=\"og:title\" content=\"2023-03-06 Integruota pamoka netradicin\u0117je erdv\u0117je \u201eValstybingumo keliu\u201c Vilniaus suaugusi\u0173j\u0173 mokymo centras  - Vilniaus suaugusi\u0173j\u0173 mokymo centras\" \/>\n<meta property=\"og:description\" content=\"2023-03-06 Integruota pamoka netradicin\u0117je erdv\u0117je \u201eValstybingumo keliu\u201c Vilniaus suaugusi\u0173j\u0173 mokymo centras\" \/>\n<meta property=\"og:url\" content=\"https:\/\/vsmc.lt\/?p=10354\" \/>\n<meta property=\"og:site_name\" content=\"Vilniaus suaugusi\u0173j\u0173 mokymo centras\" \/>\n<meta property=\"article:publisher\" content=\"https:\/\/www.facebook.com\/p\/Vilniaus-suaugusij-mokymo-centras-VSMC-gimnazija-100034428106674\/\" \/>\n<meta property=\"article:published_time\" content=\"2023-03-07T14:33:08+00:00\" \/>\n<meta property=\"article:modified_time\" content=\"2023-03-09T14:37:48+00:00\" \/>\n<meta property=\"og:image\" content=\"https:\/\/vsmc.lt\/wp-content\/uploads\/2018\/05\/03\/VSMC_PASTATAS_1-1.jpg\" \/>\n\t<meta property=\"og:image:width\" content=\"1500\" \/>\n\t<meta property=\"og:image:height\" content=\"925\" \/>\n\t<meta property=\"og:image:type\" content=\"image\/jpeg\" \/>\n<meta name=\"author\" content=\"Birut\u0117 Kubilinskien\u0117\" \/>\n<meta name=\"twitter:card\" content=\"summary_large_image\" \/>\n<meta name=\"twitter:label1\" content=\"Written by\" \/>\n\t<meta name=\"twitter:data1\" content=\"Birut\u0117 Kubilinskien\u0117\" \/>\n\t<meta name=\"twitter:label2\" content=\"Est. reading time\" \/>\n\t<meta name=\"twitter:data2\" content=\"1 minut\u0117\" \/>\n<script type=\"application\/ld+json\" class=\"yoast-schema-graph\">{\"@context\":\"https:\\\/\\\/schema.org\",\"@graph\":[{\"@type\":\"Article\",\"@id\":\"https:\\\/\\\/vsmc.lt\\\/?p=10354#article\",\"isPartOf\":{\"@id\":\"https:\\\/\\\/vsmc.lt\\\/?p=10354\"},\"author\":{\"name\":\"Birut\u0117 Kubilinskien\u0117\",\"@id\":\"https:\\\/\\\/vsmc.lt\\\/#\\\/schema\\\/person\\\/7b79c1eab13a88fc1ed4dc6626a57f98\"},\"headline\":\"2023-03-06 Integruota pamoka netradicin\u0117je erdv\u0117je \u201eValstybingumo keliu\u201c\",\"datePublished\":\"2023-03-07T14:33:08+00:00\",\"dateModified\":\"2023-03-09T14:37:48+00:00\",\"mainEntityOfPage\":{\"@id\":\"https:\\\/\\\/vsmc.lt\\\/?p=10354\"},\"wordCount\":238,\"publisher\":{\"@id\":\"https:\\\/\\\/vsmc.lt\\\/#organization\"},\"articleSection\":[\"Naujienos\"],\"inLanguage\":\"lt-LT\"},{\"@type\":\"WebPage\",\"@id\":\"https:\\\/\\\/vsmc.lt\\\/?p=10354\",\"url\":\"https:\\\/\\\/vsmc.lt\\\/?p=10354\",\"name\":\"2023-03-06 Integruota pamoka netradicin\u0117je erdv\u0117je \u201eValstybingumo keliu\u201c Vilniaus suaugusi\u0173j\u0173 mokymo centras - Vilniaus suaugusi\u0173j\u0173 mokymo centras\",\"isPartOf\":{\"@id\":\"https:\\\/\\\/vsmc.lt\\\/#website\"},\"datePublished\":\"2023-03-07T14:33:08+00:00\",\"dateModified\":\"2023-03-09T14:37:48+00:00\",\"description\":\"2023-03-06 Integruota pamoka netradicin\u0117je erdv\u0117je \u201eValstybingumo keliu\u201c Vilniaus suaugusi\u0173j\u0173 mokymo centras\",\"breadcrumb\":{\"@id\":\"https:\\\/\\\/vsmc.lt\\\/?p=10354#breadcrumb\"},\"inLanguage\":\"lt-LT\",\"potentialAction\":[{\"@type\":\"ReadAction\",\"target\":[\"https:\\\/\\\/vsmc.lt\\\/?p=10354\"]}]},{\"@type\":\"BreadcrumbList\",\"@id\":\"https:\\\/\\\/vsmc.lt\\\/?p=10354#breadcrumb\",\"itemListElement\":[{\"@type\":\"ListItem\",\"position\":1,\"name\":\"Home\",\"item\":\"https:\\\/\\\/vsmc.lt\\\/\"},{\"@type\":\"ListItem\",\"position\":2,\"name\":\"2023-03-06 Integruota pamoka netradicin\u0117je erdv\u0117je \u201eValstybingumo keliu\u201c\"}]},{\"@type\":\"WebSite\",\"@id\":\"https:\\\/\\\/vsmc.lt\\\/#website\",\"url\":\"https:\\\/\\\/vsmc.lt\\\/\",\"name\":\"Vilniaus suaugusi\u0173j\u0173 mokymo centras\",\"description\":\"VSMC\",\"publisher\":{\"@id\":\"https:\\\/\\\/vsmc.lt\\\/#organization\"},\"alternateName\":\"VSMC\",\"potentialAction\":[{\"@type\":\"SearchAction\",\"target\":{\"@type\":\"EntryPoint\",\"urlTemplate\":\"https:\\\/\\\/vsmc.lt\\\/?s={search_term_string}\"},\"query-input\":{\"@type\":\"PropertyValueSpecification\",\"valueRequired\":true,\"valueName\":\"search_term_string\"}}],\"inLanguage\":\"lt-LT\"},{\"@type\":\"Organization\",\"@id\":\"https:\\\/\\\/vsmc.lt\\\/#organization\",\"name\":\"Vilniaus suaugusi\u0173j\u0173 mokymo centras\",\"alternateName\":\"VSMC\",\"url\":\"https:\\\/\\\/vsmc.lt\\\/\",\"logo\":{\"@type\":\"ImageObject\",\"inLanguage\":\"lt-LT\",\"@id\":\"https:\\\/\\\/vsmc.lt\\\/#\\\/schema\\\/logo\\\/image\\\/\",\"url\":\"https:\\\/\\\/vsmc.lt\\\/wp-content\\\/uploads\\\/2016\\\/11\\\/15\\\/logo.png\",\"contentUrl\":\"https:\\\/\\\/vsmc.lt\\\/wp-content\\\/uploads\\\/2016\\\/11\\\/15\\\/logo.png\",\"width\":96,\"height\":121,\"caption\":\"Vilniaus suaugusi\u0173j\u0173 mokymo centras\"},\"image\":{\"@id\":\"https:\\\/\\\/vsmc.lt\\\/#\\\/schema\\\/logo\\\/image\\\/\"},\"sameAs\":[\"https:\\\/\\\/www.facebook.com\\\/p\\\/Vilniaus-suaugusij-mokymo-centras-VSMC-gimnazija-100034428106674\\\/\"]},{\"@type\":\"Person\",\"@id\":\"https:\\\/\\\/vsmc.lt\\\/#\\\/schema\\\/person\\\/7b79c1eab13a88fc1ed4dc6626a57f98\",\"name\":\"Birut\u0117 Kubilinskien\u0117\",\"image\":{\"@type\":\"ImageObject\",\"inLanguage\":\"lt-LT\",\"@id\":\"https:\\\/\\\/secure.gravatar.com\\\/avatar\\\/de3432602f9f0edd7dc9006aceaad7e2a3227ca56f4f6d9e4b2e2ee05a11e793?s=96&d=mm&r=g\",\"url\":\"https:\\\/\\\/secure.gravatar.com\\\/avatar\\\/de3432602f9f0edd7dc9006aceaad7e2a3227ca56f4f6d9e4b2e2ee05a11e793?s=96&d=mm&r=g\",\"contentUrl\":\"https:\\\/\\\/secure.gravatar.com\\\/avatar\\\/de3432602f9f0edd7dc9006aceaad7e2a3227ca56f4f6d9e4b2e2ee05a11e793?s=96&d=mm&r=g\",\"caption\":\"Birut\u0117 Kubilinskien\u0117\"},\"url\":\"https:\\\/\\\/vsmc.lt\\\/?author=5\"}]}<\/script>\n<!-- \/ Yoast SEO plugin. -->","yoast_head_json":{"title":"2023-03-06 Integruota pamoka netradicin\u0117je erdv\u0117je \u201eValstybingumo keliu\u201c Vilniaus suaugusi\u0173j\u0173 mokymo centras  - Vilniaus suaugusi\u0173j\u0173 mokymo centras","description":"2023-03-06 Integruota pamoka netradicin\u0117je erdv\u0117je \u201eValstybingumo keliu\u201c Vilniaus suaugusi\u0173j\u0173 mokymo centras","robots":{"index":"index","follow":"follow","max-snippet":"max-snippet:-1","max-image-preview":"max-image-preview:large","max-video-preview":"max-video-preview:-1"},"canonical":"https:\/\/vsmc.lt\/?p=10354","og_locale":"lt_LT","og_type":"article","og_title":"2023-03-06 Integruota pamoka netradicin\u0117je erdv\u0117je \u201eValstybingumo keliu\u201c Vilniaus suaugusi\u0173j\u0173 mokymo centras  - Vilniaus suaugusi\u0173j\u0173 mokymo centras","og_description":"2023-03-06 Integruota pamoka netradicin\u0117je erdv\u0117je \u201eValstybingumo keliu\u201c Vilniaus suaugusi\u0173j\u0173 mokymo centras","og_url":"https:\/\/vsmc.lt\/?p=10354","og_site_name":"Vilniaus suaugusi\u0173j\u0173 mokymo centras","article_publisher":"https:\/\/www.facebook.com\/p\/Vilniaus-suaugusij-mokymo-centras-VSMC-gimnazija-100034428106674\/","article_published_time":"2023-03-07T14:33:08+00:00","article_modified_time":"2023-03-09T14:37:48+00:00","og_image":[{"width":1500,"height":925,"url":"https:\/\/vsmc.lt\/wp-content\/uploads\/2018\/05\/03\/VSMC_PASTATAS_1-1.jpg","type":"image\/jpeg"}],"author":"Birut\u0117 Kubilinskien\u0117","twitter_card":"summary_large_image","twitter_misc":{"Written by":"Birut\u0117 Kubilinskien\u0117","Est. reading time":"1 minut\u0117"},"schema":{"@context":"https:\/\/schema.org","@graph":[{"@type":"Article","@id":"https:\/\/vsmc.lt\/?p=10354#article","isPartOf":{"@id":"https:\/\/vsmc.lt\/?p=10354"},"author":{"name":"Birut\u0117 Kubilinskien\u0117","@id":"https:\/\/vsmc.lt\/#\/schema\/person\/7b79c1eab13a88fc1ed4dc6626a57f98"},"headline":"2023-03-06 Integruota pamoka netradicin\u0117je erdv\u0117je \u201eValstybingumo keliu\u201c","datePublished":"2023-03-07T14:33:08+00:00","dateModified":"2023-03-09T14:37:48+00:00","mainEntityOfPage":{"@id":"https:\/\/vsmc.lt\/?p=10354"},"wordCount":238,"publisher":{"@id":"https:\/\/vsmc.lt\/#organization"},"articleSection":["Naujienos"],"inLanguage":"lt-LT"},{"@type":"WebPage","@id":"https:\/\/vsmc.lt\/?p=10354","url":"https:\/\/vsmc.lt\/?p=10354","name":"2023-03-06 Integruota pamoka netradicin\u0117je erdv\u0117je \u201eValstybingumo keliu\u201c Vilniaus suaugusi\u0173j\u0173 mokymo centras - Vilniaus suaugusi\u0173j\u0173 mokymo centras","isPartOf":{"@id":"https:\/\/vsmc.lt\/#website"},"datePublished":"2023-03-07T14:33:08+00:00","dateModified":"2023-03-09T14:37:48+00:00","description":"2023-03-06 Integruota pamoka netradicin\u0117je erdv\u0117je \u201eValstybingumo keliu\u201c Vilniaus suaugusi\u0173j\u0173 mokymo centras","breadcrumb":{"@id":"https:\/\/vsmc.lt\/?p=10354#breadcrumb"},"inLanguage":"lt-LT","potentialAction":[{"@type":"ReadAction","target":["https:\/\/vsmc.lt\/?p=10354"]}]},{"@type":"BreadcrumbList","@id":"https:\/\/vsmc.lt\/?p=10354#breadcrumb","itemListElement":[{"@type":"ListItem","position":1,"name":"Home","item":"https:\/\/vsmc.lt\/"},{"@type":"ListItem","position":2,"name":"2023-03-06 Integruota pamoka netradicin\u0117je erdv\u0117je \u201eValstybingumo keliu\u201c"}]},{"@type":"WebSite","@id":"https:\/\/vsmc.lt\/#website","url":"https:\/\/vsmc.lt\/","name":"Vilniaus suaugusi\u0173j\u0173 mokymo centras","description":"VSMC","publisher":{"@id":"https:\/\/vsmc.lt\/#organization"},"alternateName":"VSMC","potentialAction":[{"@type":"SearchAction","target":{"@type":"EntryPoint","urlTemplate":"https:\/\/vsmc.lt\/?s={search_term_string}"},"query-input":{"@type":"PropertyValueSpecification","valueRequired":true,"valueName":"search_term_string"}}],"inLanguage":"lt-LT"},{"@type":"Organization","@id":"https:\/\/vsmc.lt\/#organization","name":"Vilniaus suaugusi\u0173j\u0173 mokymo centras","alternateName":"VSMC","url":"https:\/\/vsmc.lt\/","logo":{"@type":"ImageObject","inLanguage":"lt-LT","@id":"https:\/\/vsmc.lt\/#\/schema\/logo\/image\/","url":"https:\/\/vsmc.lt\/wp-content\/uploads\/2016\/11\/15\/logo.png","contentUrl":"https:\/\/vsmc.lt\/wp-content\/uploads\/2016\/11\/15\/logo.png","width":96,"height":121,"caption":"Vilniaus suaugusi\u0173j\u0173 mokymo centras"},"image":{"@id":"https:\/\/vsmc.lt\/#\/schema\/logo\/image\/"},"sameAs":["https:\/\/www.facebook.com\/p\/Vilniaus-suaugusij-mokymo-centras-VSMC-gimnazija-100034428106674\/"]},{"@type":"Person","@id":"https:\/\/vsmc.lt\/#\/schema\/person\/7b79c1eab13a88fc1ed4dc6626a57f98","name":"Birut\u0117 Kubilinskien\u0117","image":{"@type":"ImageObject","inLanguage":"lt-LT","@id":"https:\/\/secure.gravatar.com\/avatar\/de3432602f9f0edd7dc9006aceaad7e2a3227ca56f4f6d9e4b2e2ee05a11e793?s=96&d=mm&r=g","url":"https:\/\/secure.gravatar.com\/avatar\/de3432602f9f0edd7dc9006aceaad7e2a3227ca56f4f6d9e4b2e2ee05a11e793?s=96&d=mm&r=g","contentUrl":"https:\/\/secure.gravatar.com\/avatar\/de3432602f9f0edd7dc9006aceaad7e2a3227ca56f4f6d9e4b2e2ee05a11e793?s=96&d=mm&r=g","caption":"Birut\u0117 Kubilinskien\u0117"},"url":"https:\/\/vsmc.lt\/?author=5"}]}},"_links":{"self":[{"href":"https:\/\/vsmc.lt\/index.php?rest_route=\/wp\/v2\/posts\/10354","targetHints":{"allow":["GET"]}}],"collection":[{"href":"https:\/\/vsmc.lt\/index.php?rest_route=\/wp\/v2\/posts"}],"about":[{"href":"https:\/\/vsmc.lt\/index.php?rest_route=\/wp\/v2\/types\/post"}],"author":[{"embeddable":true,"href":"https:\/\/vsmc.lt\/index.php?rest_route=\/wp\/v2\/users\/5"}],"replies":[{"embeddable":true,"href":"https:\/\/vsmc.lt\/index.php?rest_route=%2Fwp%2Fv2%2Fcomments&post=10354"}],"version-history":[{"count":1,"href":"https:\/\/vsmc.lt\/index.php?rest_route=\/wp\/v2\/posts\/10354\/revisions"}],"predecessor-version":[{"id":10355,"href":"https:\/\/vsmc.lt\/index.php?rest_route=\/wp\/v2\/posts\/10354\/revisions\/10355"}],"wp:attachment":[{"href":"https:\/\/vsmc.lt\/index.php?rest_route=%2Fwp%2Fv2%2Fmedia&parent=10354"}],"wp:term":[{"taxonomy":"category","embeddable":true,"href":"https:\/\/vsmc.lt\/index.php?rest_route=%2Fwp%2Fv2%2Fcategories&post=10354"},{"taxonomy":"post_tag","embeddable":true,"href":"https:\/\/vsmc.lt\/index.php?rest_route=%2Fwp%2Fv2%2Ftags&post=10354"}],"curies":[{"name":"wp","href":"https:\/\/api.w.org\/{rel}","templated":true}]}}