{"id":10390,"date":"2023-03-09T15:00:47","date_gmt":"2023-03-09T12:00:47","guid":{"rendered":"https:\/\/vsmc.lt\/?p=10390"},"modified":"2023-03-21T18:23:02","modified_gmt":"2023-03-21T15:23:02","slug":"2023-03-08-paminejome-kovo-11-aja-lietuvos-nepriklausomybes-atkurimo-diena","status":"publish","type":"post","link":"https:\/\/vsmc.lt\/?p=10390","title":{"rendered":"2023-03-08 Pamin\u0117jome Kovo 11-\u0105j\u0105 &#8211; Lietuvos nepriklausomyb\u0117s atk\u016brimo dien\u0105"},"content":{"rendered":"<p>Kovo 8 d. Vilniaus suaugusi\u0173j\u0173 mokymo centro pos\u0117d\u017ei\u0173 sal\u0117je vyko i\u0161kilmingas Kovo 11-osios\u00a0 min\u0117jimas, skirtas Nepriklausomyb\u0117s atk\u016brimo 33-osioms metin\u0117ms. \u0160vent\u0117je dalyvavo m\u016bs\u0173 i\u0161tikimi bi\u010diuliai ir partneriai \u2013 Karolini\u0161ki\u0173 muzikos mokyklos mokytojai ir mokiniai. Min\u0117jimo prad\u017eioje \u0161vent\u0117s dalyviai sugiedojo Lietuvos himn\u0105. VSMC direktor\u0117 Natalja Kimso tar\u0117 \u0161ilt\u0105 sveikinimo \u017eod\u012f.<\/p>\n<p>Po to gimnazijos IV-t\u0173 klasi\u0173 mokiniai pristat\u0117 skaidres \u201eLietuvos laisv\u0117s kelias\u201c. Pristatymo prad\u017eioje kalb\u0117ta apie didvyri\u0161k\u0105 Ukrainos kar\u0105 su agresore Rusija, viso demokratinio\u00a0 pasaulio pagalb\u0105 Ukrainai, tylos minute pagerbti Ukrainos gyn\u0117jai.<\/p>\n<p>V\u0117liau gimnazijos mokiniai primin\u0117 apie ilg\u0105 ir sunk\u0173 Lietuvos keli\u0105 iki Nepriklausomyb\u0117s atgavimo. Penkiasde\u0161imt met\u0173 truko m\u016bs\u0173 tautos pastangos atkurti 1940 metais svetimos j\u0117gos suvar\u017eytas Lietuvos valstyb\u0117s suverenias galias. Penkiasde\u0161imties met\u0173 kelias, aplaistytas krauju, susij\u0119s su skaud\u017eiomis netektimis ir nereg\u0117to masto tremtimis, baig\u0117si ne\u012ftik\u0117tinai dr\u0105sia ir taikia kova ir pergale.<\/p>\n<p>Renginio metu pademonstruotas trumpas dokumentinis filmas, primenantis istorines akimirkas, kai buvo priimtas Lietuvos Respublikos Auk\u0161\u010diausiosios Tarybos aktas d\u0117l Lietuvos Nepriklausomos Valstyb\u0117s atstatymo.<\/p>\n<p>Min\u0117jimo dalyviams Karolini\u0161ki\u0173 muzikos mokyklos mokiniai padovanojo puiki\u0105 dovan\u0105 \u2013 koncert\u0105, o gimnazijos mokiniai deklamavo eil\u0117ra\u0161\u010dius apie Lietuv\u0105. Tai buvo prasmingas, gyvas ir \u012fdomus Laisv\u0117s dienos renginys.<\/p>\n<p><img loading=\"lazy\" decoding=\"async\" class=\"alignnone size-medium wp-image-10391\" src=\"https:\/\/vsmc.lt\/wp-content\/uploads\/2023\/03\/21\/kovo-11-640x337.jpg\" alt=\"\" width=\"640\" height=\"337\" srcset=\"https:\/\/vsmc.lt\/wp-content\/uploads\/2023\/03\/21\/kovo-11-640x337.jpg 640w, https:\/\/vsmc.lt\/wp-content\/uploads\/2023\/03\/21\/kovo-11-768x404.jpg 768w, https:\/\/vsmc.lt\/wp-content\/uploads\/2023\/03\/21\/kovo-11.jpg 1259w\" sizes=\"auto, (max-width: 640px) 100vw, 640px\" \/><\/p>\n<p style=\"text-align: right;\">Pareng\u0117 istorijos mokytoja metodinink\u0117 An\u017eela Jablonskait\u0117<\/p>\n","protected":false},"excerpt":{"rendered":"<p>Kovo 8 d. Vilniaus suaugusi\u0173j\u0173 mokymo centro pos\u0117d\u017ei\u0173 sal\u0117je vyko i\u0161kilmingas Kovo 11-osios\u00a0 min\u0117jimas, skirtas Nepriklausomyb\u0117s atk\u016brimo 33-osioms metin\u0117ms. \u0160vent\u0117je dalyvavo m\u016bs\u0173 i\u0161tikimi bi\u010diuliai ir partneriai \u2013 Karolini\u0161ki\u0173 muzikos mokyklos mokytojai ir mokiniai. Min\u0117jimo prad\u017eioje \u0161vent\u0117s dalyviai sugiedojo Lietuvos himn\u0105. VSMC direktor\u0117 Natalja Kimso tar\u0117 \u0161ilt\u0105 sveikinimo \u017eod\u012f. Po to gimnazijos IV-t\u0173 klasi\u0173 mokiniai pristat\u0117 [&hellip;]<\/p>\n","protected":false},"author":5,"featured_media":0,"comment_status":"closed","ping_status":"closed","sticky":false,"template":"","format":"standard","meta":{"footnotes":""},"categories":[1],"tags":[],"class_list":["post-10390","post","type-post","status-publish","format-standard","hentry","category-naujienos"],"yoast_head":"<!-- This site is optimized with the Yoast SEO plugin v27.5 - https:\/\/yoast.com\/product\/yoast-seo-wordpress\/ -->\n<title>2023-03-08 Pamin\u0117jome Kovo 11-\u0105j\u0105 - Lietuvos nepriklausomyb\u0117s atk\u016brimo dien\u0105 Vilniaus suaugusi\u0173j\u0173 mokymo centras  - Vilniaus suaugusi\u0173j\u0173 mokymo centras<\/title>\n<meta name=\"description\" content=\"2023-03-08 Pamin\u0117jome Kovo 11-\u0105j\u0105 - Lietuvos nepriklausomyb\u0117s atk\u016brimo dien\u0105 Vilniaus suaugusi\u0173j\u0173 mokymo centras\" \/>\n<meta name=\"robots\" content=\"index, follow, max-snippet:-1, max-image-preview:large, max-video-preview:-1\" \/>\n<link rel=\"canonical\" href=\"https:\/\/vsmc.lt\/?p=10390\" \/>\n<meta property=\"og:locale\" content=\"lt_LT\" \/>\n<meta property=\"og:type\" content=\"article\" \/>\n<meta property=\"og:title\" content=\"2023-03-08 Pamin\u0117jome Kovo 11-\u0105j\u0105 - Lietuvos nepriklausomyb\u0117s atk\u016brimo dien\u0105 Vilniaus suaugusi\u0173j\u0173 mokymo centras  - Vilniaus suaugusi\u0173j\u0173 mokymo centras\" \/>\n<meta property=\"og:description\" content=\"2023-03-08 Pamin\u0117jome Kovo 11-\u0105j\u0105 - Lietuvos nepriklausomyb\u0117s atk\u016brimo dien\u0105 Vilniaus suaugusi\u0173j\u0173 mokymo centras\" \/>\n<meta property=\"og:url\" content=\"https:\/\/vsmc.lt\/?p=10390\" \/>\n<meta property=\"og:site_name\" content=\"Vilniaus suaugusi\u0173j\u0173 mokymo centras\" \/>\n<meta property=\"article:publisher\" content=\"https:\/\/www.facebook.com\/p\/Vilniaus-suaugusij-mokymo-centras-VSMC-gimnazija-100034428106674\/\" \/>\n<meta property=\"article:published_time\" content=\"2023-03-09T12:00:47+00:00\" \/>\n<meta property=\"article:modified_time\" content=\"2023-03-21T15:23:02+00:00\" \/>\n<meta property=\"og:image\" content=\"https:\/\/vsmc.lt\/wp-content\/uploads\/2023\/03\/21\/kovo-11-640x337.jpg\" \/>\n<meta name=\"author\" content=\"Birut\u0117 Kubilinskien\u0117\" \/>\n<meta name=\"twitter:card\" content=\"summary_large_image\" \/>\n<meta name=\"twitter:label1\" content=\"Written by\" \/>\n\t<meta name=\"twitter:data1\" content=\"Birut\u0117 Kubilinskien\u0117\" \/>\n\t<meta name=\"twitter:label2\" content=\"Est. reading time\" \/>\n\t<meta name=\"twitter:data2\" content=\"1 minut\u0117\" \/>\n<script type=\"application\/ld+json\" class=\"yoast-schema-graph\">{\"@context\":\"https:\\\/\\\/schema.org\",\"@graph\":[{\"@type\":\"Article\",\"@id\":\"https:\\\/\\\/vsmc.lt\\\/?p=10390#article\",\"isPartOf\":{\"@id\":\"https:\\\/\\\/vsmc.lt\\\/?p=10390\"},\"author\":{\"name\":\"Birut\u0117 Kubilinskien\u0117\",\"@id\":\"https:\\\/\\\/vsmc.lt\\\/#\\\/schema\\\/person\\\/7b79c1eab13a88fc1ed4dc6626a57f98\"},\"headline\":\"2023-03-08 Pamin\u0117jome Kovo 11-\u0105j\u0105 &#8211; Lietuvos nepriklausomyb\u0117s atk\u016brimo dien\u0105\",\"datePublished\":\"2023-03-09T12:00:47+00:00\",\"dateModified\":\"2023-03-21T15:23:02+00:00\",\"mainEntityOfPage\":{\"@id\":\"https:\\\/\\\/vsmc.lt\\\/?p=10390\"},\"wordCount\":240,\"publisher\":{\"@id\":\"https:\\\/\\\/vsmc.lt\\\/#organization\"},\"image\":{\"@id\":\"https:\\\/\\\/vsmc.lt\\\/?p=10390#primaryimage\"},\"thumbnailUrl\":\"https:\\\/\\\/vsmc.lt\\\/wp-content\\\/uploads\\\/2023\\\/03\\\/21\\\/kovo-11-640x337.jpg\",\"articleSection\":[\"Naujienos\"],\"inLanguage\":\"lt-LT\"},{\"@type\":\"WebPage\",\"@id\":\"https:\\\/\\\/vsmc.lt\\\/?p=10390\",\"url\":\"https:\\\/\\\/vsmc.lt\\\/?p=10390\",\"name\":\"2023-03-08 Pamin\u0117jome Kovo 11-\u0105j\u0105 - Lietuvos nepriklausomyb\u0117s atk\u016brimo dien\u0105 Vilniaus suaugusi\u0173j\u0173 mokymo centras - Vilniaus suaugusi\u0173j\u0173 mokymo centras\",\"isPartOf\":{\"@id\":\"https:\\\/\\\/vsmc.lt\\\/#website\"},\"primaryImageOfPage\":{\"@id\":\"https:\\\/\\\/vsmc.lt\\\/?p=10390#primaryimage\"},\"image\":{\"@id\":\"https:\\\/\\\/vsmc.lt\\\/?p=10390#primaryimage\"},\"thumbnailUrl\":\"https:\\\/\\\/vsmc.lt\\\/wp-content\\\/uploads\\\/2023\\\/03\\\/21\\\/kovo-11-640x337.jpg\",\"datePublished\":\"2023-03-09T12:00:47+00:00\",\"dateModified\":\"2023-03-21T15:23:02+00:00\",\"description\":\"2023-03-08 Pamin\u0117jome Kovo 11-\u0105j\u0105 - Lietuvos nepriklausomyb\u0117s atk\u016brimo dien\u0105 Vilniaus suaugusi\u0173j\u0173 mokymo centras\",\"breadcrumb\":{\"@id\":\"https:\\\/\\\/vsmc.lt\\\/?p=10390#breadcrumb\"},\"inLanguage\":\"lt-LT\",\"potentialAction\":[{\"@type\":\"ReadAction\",\"target\":[\"https:\\\/\\\/vsmc.lt\\\/?p=10390\"]}]},{\"@type\":\"ImageObject\",\"inLanguage\":\"lt-LT\",\"@id\":\"https:\\\/\\\/vsmc.lt\\\/?p=10390#primaryimage\",\"url\":\"https:\\\/\\\/vsmc.lt\\\/wp-content\\\/uploads\\\/2023\\\/03\\\/21\\\/kovo-11.jpg\",\"contentUrl\":\"https:\\\/\\\/vsmc.lt\\\/wp-content\\\/uploads\\\/2023\\\/03\\\/21\\\/kovo-11.jpg\",\"width\":1259,\"height\":662},{\"@type\":\"BreadcrumbList\",\"@id\":\"https:\\\/\\\/vsmc.lt\\\/?p=10390#breadcrumb\",\"itemListElement\":[{\"@type\":\"ListItem\",\"position\":1,\"name\":\"Home\",\"item\":\"https:\\\/\\\/vsmc.lt\\\/\"},{\"@type\":\"ListItem\",\"position\":2,\"name\":\"2023-03-08 Pamin\u0117jome Kovo 11-\u0105j\u0105 &#8211; Lietuvos nepriklausomyb\u0117s atk\u016brimo dien\u0105\"}]},{\"@type\":\"WebSite\",\"@id\":\"https:\\\/\\\/vsmc.lt\\\/#website\",\"url\":\"https:\\\/\\\/vsmc.lt\\\/\",\"name\":\"Vilniaus suaugusi\u0173j\u0173 mokymo centras\",\"description\":\"VSMC\",\"publisher\":{\"@id\":\"https:\\\/\\\/vsmc.lt\\\/#organization\"},\"alternateName\":\"VSMC\",\"potentialAction\":[{\"@type\":\"SearchAction\",\"target\":{\"@type\":\"EntryPoint\",\"urlTemplate\":\"https:\\\/\\\/vsmc.lt\\\/?s={search_term_string}\"},\"query-input\":{\"@type\":\"PropertyValueSpecification\",\"valueRequired\":true,\"valueName\":\"search_term_string\"}}],\"inLanguage\":\"lt-LT\"},{\"@type\":\"Organization\",\"@id\":\"https:\\\/\\\/vsmc.lt\\\/#organization\",\"name\":\"Vilniaus suaugusi\u0173j\u0173 mokymo centras\",\"alternateName\":\"VSMC\",\"url\":\"https:\\\/\\\/vsmc.lt\\\/\",\"logo\":{\"@type\":\"ImageObject\",\"inLanguage\":\"lt-LT\",\"@id\":\"https:\\\/\\\/vsmc.lt\\\/#\\\/schema\\\/logo\\\/image\\\/\",\"url\":\"https:\\\/\\\/vsmc.lt\\\/wp-content\\\/uploads\\\/2016\\\/11\\\/15\\\/logo.png\",\"contentUrl\":\"https:\\\/\\\/vsmc.lt\\\/wp-content\\\/uploads\\\/2016\\\/11\\\/15\\\/logo.png\",\"width\":96,\"height\":121,\"caption\":\"Vilniaus suaugusi\u0173j\u0173 mokymo centras\"},\"image\":{\"@id\":\"https:\\\/\\\/vsmc.lt\\\/#\\\/schema\\\/logo\\\/image\\\/\"},\"sameAs\":[\"https:\\\/\\\/www.facebook.com\\\/p\\\/Vilniaus-suaugusij-mokymo-centras-VSMC-gimnazija-100034428106674\\\/\"]},{\"@type\":\"Person\",\"@id\":\"https:\\\/\\\/vsmc.lt\\\/#\\\/schema\\\/person\\\/7b79c1eab13a88fc1ed4dc6626a57f98\",\"name\":\"Birut\u0117 Kubilinskien\u0117\",\"image\":{\"@type\":\"ImageObject\",\"inLanguage\":\"lt-LT\",\"@id\":\"https:\\\/\\\/secure.gravatar.com\\\/avatar\\\/de3432602f9f0edd7dc9006aceaad7e2a3227ca56f4f6d9e4b2e2ee05a11e793?s=96&d=mm&r=g\",\"url\":\"https:\\\/\\\/secure.gravatar.com\\\/avatar\\\/de3432602f9f0edd7dc9006aceaad7e2a3227ca56f4f6d9e4b2e2ee05a11e793?s=96&d=mm&r=g\",\"contentUrl\":\"https:\\\/\\\/secure.gravatar.com\\\/avatar\\\/de3432602f9f0edd7dc9006aceaad7e2a3227ca56f4f6d9e4b2e2ee05a11e793?s=96&d=mm&r=g\",\"caption\":\"Birut\u0117 Kubilinskien\u0117\"},\"url\":\"https:\\\/\\\/vsmc.lt\\\/?author=5\"}]}<\/script>\n<!-- \/ Yoast SEO plugin. -->","yoast_head_json":{"title":"2023-03-08 Pamin\u0117jome Kovo 11-\u0105j\u0105 - Lietuvos nepriklausomyb\u0117s atk\u016brimo dien\u0105 Vilniaus suaugusi\u0173j\u0173 mokymo centras  - Vilniaus suaugusi\u0173j\u0173 mokymo centras","description":"2023-03-08 Pamin\u0117jome Kovo 11-\u0105j\u0105 - Lietuvos nepriklausomyb\u0117s atk\u016brimo dien\u0105 Vilniaus suaugusi\u0173j\u0173 mokymo centras","robots":{"index":"index","follow":"follow","max-snippet":"max-snippet:-1","max-image-preview":"max-image-preview:large","max-video-preview":"max-video-preview:-1"},"canonical":"https:\/\/vsmc.lt\/?p=10390","og_locale":"lt_LT","og_type":"article","og_title":"2023-03-08 Pamin\u0117jome Kovo 11-\u0105j\u0105 - Lietuvos nepriklausomyb\u0117s atk\u016brimo dien\u0105 Vilniaus suaugusi\u0173j\u0173 mokymo centras  - Vilniaus suaugusi\u0173j\u0173 mokymo centras","og_description":"2023-03-08 Pamin\u0117jome Kovo 11-\u0105j\u0105 - Lietuvos nepriklausomyb\u0117s atk\u016brimo dien\u0105 Vilniaus suaugusi\u0173j\u0173 mokymo centras","og_url":"https:\/\/vsmc.lt\/?p=10390","og_site_name":"Vilniaus suaugusi\u0173j\u0173 mokymo centras","article_publisher":"https:\/\/www.facebook.com\/p\/Vilniaus-suaugusij-mokymo-centras-VSMC-gimnazija-100034428106674\/","article_published_time":"2023-03-09T12:00:47+00:00","article_modified_time":"2023-03-21T15:23:02+00:00","og_image":[{"url":"https:\/\/vsmc.lt\/wp-content\/uploads\/2023\/03\/21\/kovo-11-640x337.jpg","type":"","width":"","height":""}],"author":"Birut\u0117 Kubilinskien\u0117","twitter_card":"summary_large_image","twitter_misc":{"Written by":"Birut\u0117 Kubilinskien\u0117","Est. reading time":"1 minut\u0117"},"schema":{"@context":"https:\/\/schema.org","@graph":[{"@type":"Article","@id":"https:\/\/vsmc.lt\/?p=10390#article","isPartOf":{"@id":"https:\/\/vsmc.lt\/?p=10390"},"author":{"name":"Birut\u0117 Kubilinskien\u0117","@id":"https:\/\/vsmc.lt\/#\/schema\/person\/7b79c1eab13a88fc1ed4dc6626a57f98"},"headline":"2023-03-08 Pamin\u0117jome Kovo 11-\u0105j\u0105 &#8211; Lietuvos nepriklausomyb\u0117s atk\u016brimo dien\u0105","datePublished":"2023-03-09T12:00:47+00:00","dateModified":"2023-03-21T15:23:02+00:00","mainEntityOfPage":{"@id":"https:\/\/vsmc.lt\/?p=10390"},"wordCount":240,"publisher":{"@id":"https:\/\/vsmc.lt\/#organization"},"image":{"@id":"https:\/\/vsmc.lt\/?p=10390#primaryimage"},"thumbnailUrl":"https:\/\/vsmc.lt\/wp-content\/uploads\/2023\/03\/21\/kovo-11-640x337.jpg","articleSection":["Naujienos"],"inLanguage":"lt-LT"},{"@type":"WebPage","@id":"https:\/\/vsmc.lt\/?p=10390","url":"https:\/\/vsmc.lt\/?p=10390","name":"2023-03-08 Pamin\u0117jome Kovo 11-\u0105j\u0105 - Lietuvos nepriklausomyb\u0117s atk\u016brimo dien\u0105 Vilniaus suaugusi\u0173j\u0173 mokymo centras - Vilniaus suaugusi\u0173j\u0173 mokymo centras","isPartOf":{"@id":"https:\/\/vsmc.lt\/#website"},"primaryImageOfPage":{"@id":"https:\/\/vsmc.lt\/?p=10390#primaryimage"},"image":{"@id":"https:\/\/vsmc.lt\/?p=10390#primaryimage"},"thumbnailUrl":"https:\/\/vsmc.lt\/wp-content\/uploads\/2023\/03\/21\/kovo-11-640x337.jpg","datePublished":"2023-03-09T12:00:47+00:00","dateModified":"2023-03-21T15:23:02+00:00","description":"2023-03-08 Pamin\u0117jome Kovo 11-\u0105j\u0105 - Lietuvos nepriklausomyb\u0117s atk\u016brimo dien\u0105 Vilniaus suaugusi\u0173j\u0173 mokymo centras","breadcrumb":{"@id":"https:\/\/vsmc.lt\/?p=10390#breadcrumb"},"inLanguage":"lt-LT","potentialAction":[{"@type":"ReadAction","target":["https:\/\/vsmc.lt\/?p=10390"]}]},{"@type":"ImageObject","inLanguage":"lt-LT","@id":"https:\/\/vsmc.lt\/?p=10390#primaryimage","url":"https:\/\/vsmc.lt\/wp-content\/uploads\/2023\/03\/21\/kovo-11.jpg","contentUrl":"https:\/\/vsmc.lt\/wp-content\/uploads\/2023\/03\/21\/kovo-11.jpg","width":1259,"height":662},{"@type":"BreadcrumbList","@id":"https:\/\/vsmc.lt\/?p=10390#breadcrumb","itemListElement":[{"@type":"ListItem","position":1,"name":"Home","item":"https:\/\/vsmc.lt\/"},{"@type":"ListItem","position":2,"name":"2023-03-08 Pamin\u0117jome Kovo 11-\u0105j\u0105 &#8211; Lietuvos nepriklausomyb\u0117s atk\u016brimo dien\u0105"}]},{"@type":"WebSite","@id":"https:\/\/vsmc.lt\/#website","url":"https:\/\/vsmc.lt\/","name":"Vilniaus suaugusi\u0173j\u0173 mokymo centras","description":"VSMC","publisher":{"@id":"https:\/\/vsmc.lt\/#organization"},"alternateName":"VSMC","potentialAction":[{"@type":"SearchAction","target":{"@type":"EntryPoint","urlTemplate":"https:\/\/vsmc.lt\/?s={search_term_string}"},"query-input":{"@type":"PropertyValueSpecification","valueRequired":true,"valueName":"search_term_string"}}],"inLanguage":"lt-LT"},{"@type":"Organization","@id":"https:\/\/vsmc.lt\/#organization","name":"Vilniaus suaugusi\u0173j\u0173 mokymo centras","alternateName":"VSMC","url":"https:\/\/vsmc.lt\/","logo":{"@type":"ImageObject","inLanguage":"lt-LT","@id":"https:\/\/vsmc.lt\/#\/schema\/logo\/image\/","url":"https:\/\/vsmc.lt\/wp-content\/uploads\/2016\/11\/15\/logo.png","contentUrl":"https:\/\/vsmc.lt\/wp-content\/uploads\/2016\/11\/15\/logo.png","width":96,"height":121,"caption":"Vilniaus suaugusi\u0173j\u0173 mokymo centras"},"image":{"@id":"https:\/\/vsmc.lt\/#\/schema\/logo\/image\/"},"sameAs":["https:\/\/www.facebook.com\/p\/Vilniaus-suaugusij-mokymo-centras-VSMC-gimnazija-100034428106674\/"]},{"@type":"Person","@id":"https:\/\/vsmc.lt\/#\/schema\/person\/7b79c1eab13a88fc1ed4dc6626a57f98","name":"Birut\u0117 Kubilinskien\u0117","image":{"@type":"ImageObject","inLanguage":"lt-LT","@id":"https:\/\/secure.gravatar.com\/avatar\/de3432602f9f0edd7dc9006aceaad7e2a3227ca56f4f6d9e4b2e2ee05a11e793?s=96&d=mm&r=g","url":"https:\/\/secure.gravatar.com\/avatar\/de3432602f9f0edd7dc9006aceaad7e2a3227ca56f4f6d9e4b2e2ee05a11e793?s=96&d=mm&r=g","contentUrl":"https:\/\/secure.gravatar.com\/avatar\/de3432602f9f0edd7dc9006aceaad7e2a3227ca56f4f6d9e4b2e2ee05a11e793?s=96&d=mm&r=g","caption":"Birut\u0117 Kubilinskien\u0117"},"url":"https:\/\/vsmc.lt\/?author=5"}]}},"_links":{"self":[{"href":"https:\/\/vsmc.lt\/index.php?rest_route=\/wp\/v2\/posts\/10390","targetHints":{"allow":["GET"]}}],"collection":[{"href":"https:\/\/vsmc.lt\/index.php?rest_route=\/wp\/v2\/posts"}],"about":[{"href":"https:\/\/vsmc.lt\/index.php?rest_route=\/wp\/v2\/types\/post"}],"author":[{"embeddable":true,"href":"https:\/\/vsmc.lt\/index.php?rest_route=\/wp\/v2\/users\/5"}],"replies":[{"embeddable":true,"href":"https:\/\/vsmc.lt\/index.php?rest_route=%2Fwp%2Fv2%2Fcomments&post=10390"}],"version-history":[{"count":1,"href":"https:\/\/vsmc.lt\/index.php?rest_route=\/wp\/v2\/posts\/10390\/revisions"}],"predecessor-version":[{"id":10392,"href":"https:\/\/vsmc.lt\/index.php?rest_route=\/wp\/v2\/posts\/10390\/revisions\/10392"}],"wp:attachment":[{"href":"https:\/\/vsmc.lt\/index.php?rest_route=%2Fwp%2Fv2%2Fmedia&parent=10390"}],"wp:term":[{"taxonomy":"category","embeddable":true,"href":"https:\/\/vsmc.lt\/index.php?rest_route=%2Fwp%2Fv2%2Fcategories&post=10390"},{"taxonomy":"post_tag","embeddable":true,"href":"https:\/\/vsmc.lt\/index.php?rest_route=%2Fwp%2Fv2%2Ftags&post=10390"}],"curies":[{"name":"wp","href":"https:\/\/api.w.org\/{rel}","templated":true}]}}