{"id":10404,"date":"2023-04-04T14:45:36","date_gmt":"2023-04-04T11:45:36","guid":{"rendered":"https:\/\/vsmc.lt\/?p=10404"},"modified":"2023-04-06T16:58:47","modified_gmt":"2023-04-06T13:58:47","slug":"2023-m-balandzio-6-d-vyks-konkursas-i-vilniaus-suaugusiuju-mokymo-centro-direktoriaus-pareigas","status":"publish","type":"post","link":"https:\/\/vsmc.lt\/?p=10404","title":{"rendered":"2023 m. baland\u017eio 6 d. vyks konkursas \u012f Vilniaus suaugusi\u0173j\u0173 mokymo centro direktoriaus pareigas"},"content":{"rendered":"<p><span style=\"font-family: Times New Roman, serif;\"><span style=\"font-size: medium;\">Informuojame, kad <\/span><\/span><span style=\"font-family: Times New Roman, serif;\"><span style=\"font-size: medium;\"><u><b>2023 m. baland\u017eio <\/b><\/u><\/span><\/span><span style=\"font-family: Times New Roman, serif;\"><span style=\"font-size: medium;\"><span lang=\"en-US\"><u><b>6 <\/b><\/u><\/span><\/span><\/span><span style=\"font-family: Times New Roman, serif;\"><span style=\"font-size: medium;\"><u><b>d. vyks konkursas \u012f<\/b><\/u><\/span><\/span><u> <\/u><span style=\"font-family: Times New Roman, serif;\"><span style=\"font-size: medium;\"><u><b>Vilniaus suaugusi\u0173j\u0173 mokymo centro<\/b><\/u><\/span><\/span><b> <\/b><span style=\"font-family: Times New Roman, serif;\"><span style=\"font-size: medium;\"><u><b>direktoriaus pareigas.<\/b><\/u><\/span><\/span><\/p>\n<p align=\"justify\"><span style=\"color: #000000;\">\u00a0<\/span><\/p>\n<p><span style=\"font-family: Times New Roman, serif;\"><span style=\"font-size: medium;\">2023 m. kovo 30 d. mero potvarkiu Nr. 22-55\/23 patvirtinta<\/span><\/span><span style=\"font-family: Times New Roman, serif;\"><span style=\"font-size: medium;\"><b> Pretendent\u0173 \u012f Vilniaus suaugusi\u0173j\u0173 mokymo centro direktoriaus pareigas konkurso komisija<\/b><\/span><\/span><span style=\"font-family: Times New Roman, serif;\"><span style=\"font-size: medium;\">:<\/span><\/span><\/p>\n<p align=\"justify\"><span style=\"font-family: Times New Roman, serif;\"><span style=\"font-size: medium;\">Kristina Cibulskyt\u0117 \u2013 Vilniaus miesto savivaldyb\u0117s administracijos Ikimokyklinio ugdymo skyriaus ved\u0117ja (komisijos pirminink\u0117);<\/span><\/span><\/p>\n<p align=\"justify\"><span style=\"font-family: Times New Roman, serif;\"><span style=\"font-size: medium;\">Asta Vaznien\u0117 \u2013 Lietuvos Respublikos \u0161vietimo, mokslo ir sporto ministerijos \u0160vietimo kokyb\u0117s ir regionin\u0117s politikos departamento Regionin\u0117s politikos analiz\u0117s skyriaus vyriausioji specialist\u0117;<\/span><\/span><\/p>\n<p align=\"justify\"><span style=\"font-family: Times New Roman, serif;\"><span style=\"font-size: medium;\">Vytautas Gir\u010dius \u2013 Lietuvos mokykl\u0173 vadov\u0173 asociacijos narys, Vilniaus \u201e\u017didinio\u201c suaugusi\u0173j\u0173 gimnazijos direktorius;<\/span><\/span><\/p>\n<p align=\"justify\"><span style=\"font-family: Times New Roman, serif;\"><span style=\"font-size: medium;\">Jelena Aleknien\u0117 \u2013 Vilniaus suaugusi\u0173j\u0173 mokymo centro pedagog\u0173 atstov\u0117;<\/span><\/span><\/p>\n<p align=\"justify\"><span style=\"font-family: Times New Roman, serif;\"><span style=\"font-size: medium;\">Gojus Motiej\u016bnas \u2013 Vilniaus suaugusi\u0173j\u0173 mokymo centro mokini\u0173 atstovas;<\/span><\/span><\/p>\n<p align=\"justify\"><span style=\"font-family: Times New Roman, serif;\"><span style=\"font-size: medium;\">Jolanta Babaliauskien\u0117 \u2013 Vilniaus suaugusi\u0173j\u0173 mokymo centro socialini\u0173 partneri\u0173 atstov\u0117, Vilniaus Karolini\u0161ki\u0173 muzikos mokyklos direktoriaus pavaduotoja ugdymui, laikinai vykdanti direktoriaus funkcijas.<\/span><\/span><\/p>\n<p align=\"justify\"><span style=\"font-family: Times New Roman, serif;\"><span style=\"font-size: medium;\">Steb\u0117tojo teis\u0117mis komisijos pos\u0117dyje dalyvaus <\/span><\/span><span style=\"color: #000000;\"><span style=\"font-family: Times New Roman, serif;\"><span style=\"font-size: medium;\">Jovita Kavoli\u016bnien\u0117 &#8211; Vilniaus <\/span><\/span><\/span><span style=\"font-family: Times New Roman, serif;\"><span style=\"font-size: medium;\">suaugusi\u0173j\u0173 mokymo centro<\/span><\/span><span style=\"color: #000000;\"><span style=\"font-family: Times New Roman, serif;\"><span style=\"font-size: medium;\"> Darbo tarybos deleguota atstov\u0117.<\/span><\/span><\/span><\/p>\n<p>&nbsp;<\/p>\n","protected":false},"excerpt":{"rendered":"<p>Informuojame, kad 2023 m. baland\u017eio 6 d. vyks konkursas \u012f Vilniaus suaugusi\u0173j\u0173 mokymo centro direktoriaus pareigas. \u00a0 2023 m. kovo 30 d. mero potvarkiu Nr. 22-55\/23 patvirtinta Pretendent\u0173 \u012f Vilniaus suaugusi\u0173j\u0173 mokymo centro direktoriaus pareigas konkurso komisija: Kristina Cibulskyt\u0117 \u2013 Vilniaus miesto savivaldyb\u0117s administracijos Ikimokyklinio ugdymo skyriaus ved\u0117ja (komisijos pirminink\u0117); Asta Vaznien\u0117 \u2013 Lietuvos Respublikos [&hellip;]<\/p>\n","protected":false},"author":1,"featured_media":0,"comment_status":"closed","ping_status":"closed","sticky":false,"template":"","format":"standard","meta":{"footnotes":""},"categories":[1],"tags":[],"class_list":["post-10404","post","type-post","status-publish","format-standard","hentry","category-naujienos"],"yoast_head":"<!-- This site is optimized with the Yoast SEO plugin v27.5 - https:\/\/yoast.com\/product\/yoast-seo-wordpress\/ -->\n<title>2023 m. baland\u017eio 6 d. vyks konkursas \u012f Vilniaus suaugusi\u0173j\u0173 mokymo centro direktoriaus pareigas Vilniaus suaugusi\u0173j\u0173 mokymo centras  - Vilniaus suaugusi\u0173j\u0173 mokymo centras<\/title>\n<meta name=\"description\" content=\"2023 m. baland\u017eio 6 d. vyks konkursas \u012f Vilniaus suaugusi\u0173j\u0173 mokymo centro direktoriaus pareigas Vilniaus suaugusi\u0173j\u0173 mokymo centras\" \/>\n<meta name=\"robots\" content=\"index, follow, max-snippet:-1, max-image-preview:large, max-video-preview:-1\" \/>\n<link rel=\"canonical\" href=\"https:\/\/vsmc.lt\/?p=10404\" \/>\n<meta property=\"og:locale\" content=\"lt_LT\" \/>\n<meta property=\"og:type\" content=\"article\" \/>\n<meta property=\"og:title\" content=\"2023 m. baland\u017eio 6 d. vyks konkursas \u012f Vilniaus suaugusi\u0173j\u0173 mokymo centro direktoriaus pareigas Vilniaus suaugusi\u0173j\u0173 mokymo centras  - Vilniaus suaugusi\u0173j\u0173 mokymo centras\" \/>\n<meta property=\"og:description\" content=\"2023 m. baland\u017eio 6 d. vyks konkursas \u012f Vilniaus suaugusi\u0173j\u0173 mokymo centro direktoriaus pareigas Vilniaus suaugusi\u0173j\u0173 mokymo centras\" \/>\n<meta property=\"og:url\" content=\"https:\/\/vsmc.lt\/?p=10404\" \/>\n<meta property=\"og:site_name\" content=\"Vilniaus suaugusi\u0173j\u0173 mokymo centras\" \/>\n<meta property=\"article:publisher\" content=\"https:\/\/www.facebook.com\/p\/Vilniaus-suaugusij-mokymo-centras-VSMC-gimnazija-100034428106674\/\" \/>\n<meta property=\"article:published_time\" content=\"2023-04-04T11:45:36+00:00\" \/>\n<meta property=\"article:modified_time\" content=\"2023-04-06T13:58:47+00:00\" \/>\n<meta property=\"og:image\" content=\"https:\/\/vsmc.lt\/wp-content\/uploads\/2018\/05\/03\/VSMC_PASTATAS_1-1.jpg\" \/>\n\t<meta property=\"og:image:width\" content=\"1500\" \/>\n\t<meta property=\"og:image:height\" content=\"925\" \/>\n\t<meta property=\"og:image:type\" content=\"image\/jpeg\" \/>\n<meta name=\"author\" content=\"vsmc\" \/>\n<meta name=\"twitter:card\" content=\"summary_large_image\" \/>\n<meta name=\"twitter:label1\" content=\"Written by\" \/>\n\t<meta name=\"twitter:data1\" content=\"vsmc\" \/>\n\t<meta name=\"twitter:label2\" content=\"Est. reading time\" \/>\n\t<meta name=\"twitter:data2\" content=\"1 minut\u0117\" \/>\n<script type=\"application\/ld+json\" class=\"yoast-schema-graph\">{\"@context\":\"https:\\\/\\\/schema.org\",\"@graph\":[{\"@type\":\"Article\",\"@id\":\"https:\\\/\\\/vsmc.lt\\\/?p=10404#article\",\"isPartOf\":{\"@id\":\"https:\\\/\\\/vsmc.lt\\\/?p=10404\"},\"author\":{\"name\":\"vsmc\",\"@id\":\"https:\\\/\\\/vsmc.lt\\\/#\\\/schema\\\/person\\\/f908112af7b3b7eb0f58e68efc84ed3b\"},\"headline\":\"2023 m. baland\u017eio 6 d. vyks konkursas \u012f Vilniaus suaugusi\u0173j\u0173 mokymo centro direktoriaus pareigas\",\"datePublished\":\"2023-04-04T11:45:36+00:00\",\"dateModified\":\"2023-04-06T13:58:47+00:00\",\"mainEntityOfPage\":{\"@id\":\"https:\\\/\\\/vsmc.lt\\\/?p=10404\"},\"wordCount\":162,\"publisher\":{\"@id\":\"https:\\\/\\\/vsmc.lt\\\/#organization\"},\"articleSection\":[\"Naujienos\"],\"inLanguage\":\"lt-LT\"},{\"@type\":\"WebPage\",\"@id\":\"https:\\\/\\\/vsmc.lt\\\/?p=10404\",\"url\":\"https:\\\/\\\/vsmc.lt\\\/?p=10404\",\"name\":\"2023 m. baland\u017eio 6 d. vyks konkursas \u012f Vilniaus suaugusi\u0173j\u0173 mokymo centro direktoriaus pareigas Vilniaus suaugusi\u0173j\u0173 mokymo centras - Vilniaus suaugusi\u0173j\u0173 mokymo centras\",\"isPartOf\":{\"@id\":\"https:\\\/\\\/vsmc.lt\\\/#website\"},\"datePublished\":\"2023-04-04T11:45:36+00:00\",\"dateModified\":\"2023-04-06T13:58:47+00:00\",\"description\":\"2023 m. baland\u017eio 6 d. vyks konkursas \u012f Vilniaus suaugusi\u0173j\u0173 mokymo centro direktoriaus pareigas Vilniaus suaugusi\u0173j\u0173 mokymo centras\",\"breadcrumb\":{\"@id\":\"https:\\\/\\\/vsmc.lt\\\/?p=10404#breadcrumb\"},\"inLanguage\":\"lt-LT\",\"potentialAction\":[{\"@type\":\"ReadAction\",\"target\":[\"https:\\\/\\\/vsmc.lt\\\/?p=10404\"]}]},{\"@type\":\"BreadcrumbList\",\"@id\":\"https:\\\/\\\/vsmc.lt\\\/?p=10404#breadcrumb\",\"itemListElement\":[{\"@type\":\"ListItem\",\"position\":1,\"name\":\"Home\",\"item\":\"https:\\\/\\\/vsmc.lt\\\/\"},{\"@type\":\"ListItem\",\"position\":2,\"name\":\"2023 m. baland\u017eio 6 d. vyks konkursas \u012f Vilniaus suaugusi\u0173j\u0173 mokymo centro direktoriaus pareigas\"}]},{\"@type\":\"WebSite\",\"@id\":\"https:\\\/\\\/vsmc.lt\\\/#website\",\"url\":\"https:\\\/\\\/vsmc.lt\\\/\",\"name\":\"Vilniaus suaugusi\u0173j\u0173 mokymo centras\",\"description\":\"VSMC\",\"publisher\":{\"@id\":\"https:\\\/\\\/vsmc.lt\\\/#organization\"},\"alternateName\":\"VSMC\",\"potentialAction\":[{\"@type\":\"SearchAction\",\"target\":{\"@type\":\"EntryPoint\",\"urlTemplate\":\"https:\\\/\\\/vsmc.lt\\\/?s={search_term_string}\"},\"query-input\":{\"@type\":\"PropertyValueSpecification\",\"valueRequired\":true,\"valueName\":\"search_term_string\"}}],\"inLanguage\":\"lt-LT\"},{\"@type\":\"Organization\",\"@id\":\"https:\\\/\\\/vsmc.lt\\\/#organization\",\"name\":\"Vilniaus suaugusi\u0173j\u0173 mokymo centras\",\"alternateName\":\"VSMC\",\"url\":\"https:\\\/\\\/vsmc.lt\\\/\",\"logo\":{\"@type\":\"ImageObject\",\"inLanguage\":\"lt-LT\",\"@id\":\"https:\\\/\\\/vsmc.lt\\\/#\\\/schema\\\/logo\\\/image\\\/\",\"url\":\"https:\\\/\\\/vsmc.lt\\\/wp-content\\\/uploads\\\/2016\\\/11\\\/15\\\/logo.png\",\"contentUrl\":\"https:\\\/\\\/vsmc.lt\\\/wp-content\\\/uploads\\\/2016\\\/11\\\/15\\\/logo.png\",\"width\":96,\"height\":121,\"caption\":\"Vilniaus suaugusi\u0173j\u0173 mokymo centras\"},\"image\":{\"@id\":\"https:\\\/\\\/vsmc.lt\\\/#\\\/schema\\\/logo\\\/image\\\/\"},\"sameAs\":[\"https:\\\/\\\/www.facebook.com\\\/p\\\/Vilniaus-suaugusij-mokymo-centras-VSMC-gimnazija-100034428106674\\\/\"]},{\"@type\":\"Person\",\"@id\":\"https:\\\/\\\/vsmc.lt\\\/#\\\/schema\\\/person\\\/f908112af7b3b7eb0f58e68efc84ed3b\",\"name\":\"vsmc\",\"image\":{\"@type\":\"ImageObject\",\"inLanguage\":\"lt-LT\",\"@id\":\"https:\\\/\\\/secure.gravatar.com\\\/avatar\\\/c98f8cf094a0c3815db557f5d303882682ae3622ba8eff672c992e55217b1a89?s=96&d=mm&r=g\",\"url\":\"https:\\\/\\\/secure.gravatar.com\\\/avatar\\\/c98f8cf094a0c3815db557f5d303882682ae3622ba8eff672c992e55217b1a89?s=96&d=mm&r=g\",\"contentUrl\":\"https:\\\/\\\/secure.gravatar.com\\\/avatar\\\/c98f8cf094a0c3815db557f5d303882682ae3622ba8eff672c992e55217b1a89?s=96&d=mm&r=g\",\"caption\":\"vsmc\"},\"url\":\"https:\\\/\\\/vsmc.lt\\\/?author=1\"}]}<\/script>\n<!-- \/ Yoast SEO plugin. -->","yoast_head_json":{"title":"2023 m. baland\u017eio 6 d. vyks konkursas \u012f Vilniaus suaugusi\u0173j\u0173 mokymo centro direktoriaus pareigas Vilniaus suaugusi\u0173j\u0173 mokymo centras  - Vilniaus suaugusi\u0173j\u0173 mokymo centras","description":"2023 m. baland\u017eio 6 d. vyks konkursas \u012f Vilniaus suaugusi\u0173j\u0173 mokymo centro direktoriaus pareigas Vilniaus suaugusi\u0173j\u0173 mokymo centras","robots":{"index":"index","follow":"follow","max-snippet":"max-snippet:-1","max-image-preview":"max-image-preview:large","max-video-preview":"max-video-preview:-1"},"canonical":"https:\/\/vsmc.lt\/?p=10404","og_locale":"lt_LT","og_type":"article","og_title":"2023 m. baland\u017eio 6 d. vyks konkursas \u012f Vilniaus suaugusi\u0173j\u0173 mokymo centro direktoriaus pareigas Vilniaus suaugusi\u0173j\u0173 mokymo centras  - Vilniaus suaugusi\u0173j\u0173 mokymo centras","og_description":"2023 m. baland\u017eio 6 d. vyks konkursas \u012f Vilniaus suaugusi\u0173j\u0173 mokymo centro direktoriaus pareigas Vilniaus suaugusi\u0173j\u0173 mokymo centras","og_url":"https:\/\/vsmc.lt\/?p=10404","og_site_name":"Vilniaus suaugusi\u0173j\u0173 mokymo centras","article_publisher":"https:\/\/www.facebook.com\/p\/Vilniaus-suaugusij-mokymo-centras-VSMC-gimnazija-100034428106674\/","article_published_time":"2023-04-04T11:45:36+00:00","article_modified_time":"2023-04-06T13:58:47+00:00","og_image":[{"width":1500,"height":925,"url":"https:\/\/vsmc.lt\/wp-content\/uploads\/2018\/05\/03\/VSMC_PASTATAS_1-1.jpg","type":"image\/jpeg"}],"author":"vsmc","twitter_card":"summary_large_image","twitter_misc":{"Written by":"vsmc","Est. reading time":"1 minut\u0117"},"schema":{"@context":"https:\/\/schema.org","@graph":[{"@type":"Article","@id":"https:\/\/vsmc.lt\/?p=10404#article","isPartOf":{"@id":"https:\/\/vsmc.lt\/?p=10404"},"author":{"name":"vsmc","@id":"https:\/\/vsmc.lt\/#\/schema\/person\/f908112af7b3b7eb0f58e68efc84ed3b"},"headline":"2023 m. baland\u017eio 6 d. vyks konkursas \u012f Vilniaus suaugusi\u0173j\u0173 mokymo centro direktoriaus pareigas","datePublished":"2023-04-04T11:45:36+00:00","dateModified":"2023-04-06T13:58:47+00:00","mainEntityOfPage":{"@id":"https:\/\/vsmc.lt\/?p=10404"},"wordCount":162,"publisher":{"@id":"https:\/\/vsmc.lt\/#organization"},"articleSection":["Naujienos"],"inLanguage":"lt-LT"},{"@type":"WebPage","@id":"https:\/\/vsmc.lt\/?p=10404","url":"https:\/\/vsmc.lt\/?p=10404","name":"2023 m. baland\u017eio 6 d. vyks konkursas \u012f Vilniaus suaugusi\u0173j\u0173 mokymo centro direktoriaus pareigas Vilniaus suaugusi\u0173j\u0173 mokymo centras - Vilniaus suaugusi\u0173j\u0173 mokymo centras","isPartOf":{"@id":"https:\/\/vsmc.lt\/#website"},"datePublished":"2023-04-04T11:45:36+00:00","dateModified":"2023-04-06T13:58:47+00:00","description":"2023 m. baland\u017eio 6 d. vyks konkursas \u012f Vilniaus suaugusi\u0173j\u0173 mokymo centro direktoriaus pareigas Vilniaus suaugusi\u0173j\u0173 mokymo centras","breadcrumb":{"@id":"https:\/\/vsmc.lt\/?p=10404#breadcrumb"},"inLanguage":"lt-LT","potentialAction":[{"@type":"ReadAction","target":["https:\/\/vsmc.lt\/?p=10404"]}]},{"@type":"BreadcrumbList","@id":"https:\/\/vsmc.lt\/?p=10404#breadcrumb","itemListElement":[{"@type":"ListItem","position":1,"name":"Home","item":"https:\/\/vsmc.lt\/"},{"@type":"ListItem","position":2,"name":"2023 m. baland\u017eio 6 d. vyks konkursas \u012f Vilniaus suaugusi\u0173j\u0173 mokymo centro direktoriaus pareigas"}]},{"@type":"WebSite","@id":"https:\/\/vsmc.lt\/#website","url":"https:\/\/vsmc.lt\/","name":"Vilniaus suaugusi\u0173j\u0173 mokymo centras","description":"VSMC","publisher":{"@id":"https:\/\/vsmc.lt\/#organization"},"alternateName":"VSMC","potentialAction":[{"@type":"SearchAction","target":{"@type":"EntryPoint","urlTemplate":"https:\/\/vsmc.lt\/?s={search_term_string}"},"query-input":{"@type":"PropertyValueSpecification","valueRequired":true,"valueName":"search_term_string"}}],"inLanguage":"lt-LT"},{"@type":"Organization","@id":"https:\/\/vsmc.lt\/#organization","name":"Vilniaus suaugusi\u0173j\u0173 mokymo centras","alternateName":"VSMC","url":"https:\/\/vsmc.lt\/","logo":{"@type":"ImageObject","inLanguage":"lt-LT","@id":"https:\/\/vsmc.lt\/#\/schema\/logo\/image\/","url":"https:\/\/vsmc.lt\/wp-content\/uploads\/2016\/11\/15\/logo.png","contentUrl":"https:\/\/vsmc.lt\/wp-content\/uploads\/2016\/11\/15\/logo.png","width":96,"height":121,"caption":"Vilniaus suaugusi\u0173j\u0173 mokymo centras"},"image":{"@id":"https:\/\/vsmc.lt\/#\/schema\/logo\/image\/"},"sameAs":["https:\/\/www.facebook.com\/p\/Vilniaus-suaugusij-mokymo-centras-VSMC-gimnazija-100034428106674\/"]},{"@type":"Person","@id":"https:\/\/vsmc.lt\/#\/schema\/person\/f908112af7b3b7eb0f58e68efc84ed3b","name":"vsmc","image":{"@type":"ImageObject","inLanguage":"lt-LT","@id":"https:\/\/secure.gravatar.com\/avatar\/c98f8cf094a0c3815db557f5d303882682ae3622ba8eff672c992e55217b1a89?s=96&d=mm&r=g","url":"https:\/\/secure.gravatar.com\/avatar\/c98f8cf094a0c3815db557f5d303882682ae3622ba8eff672c992e55217b1a89?s=96&d=mm&r=g","contentUrl":"https:\/\/secure.gravatar.com\/avatar\/c98f8cf094a0c3815db557f5d303882682ae3622ba8eff672c992e55217b1a89?s=96&d=mm&r=g","caption":"vsmc"},"url":"https:\/\/vsmc.lt\/?author=1"}]}},"_links":{"self":[{"href":"https:\/\/vsmc.lt\/index.php?rest_route=\/wp\/v2\/posts\/10404","targetHints":{"allow":["GET"]}}],"collection":[{"href":"https:\/\/vsmc.lt\/index.php?rest_route=\/wp\/v2\/posts"}],"about":[{"href":"https:\/\/vsmc.lt\/index.php?rest_route=\/wp\/v2\/types\/post"}],"author":[{"embeddable":true,"href":"https:\/\/vsmc.lt\/index.php?rest_route=\/wp\/v2\/users\/1"}],"replies":[{"embeddable":true,"href":"https:\/\/vsmc.lt\/index.php?rest_route=%2Fwp%2Fv2%2Fcomments&post=10404"}],"version-history":[{"count":2,"href":"https:\/\/vsmc.lt\/index.php?rest_route=\/wp\/v2\/posts\/10404\/revisions"}],"predecessor-version":[{"id":10406,"href":"https:\/\/vsmc.lt\/index.php?rest_route=\/wp\/v2\/posts\/10404\/revisions\/10406"}],"wp:attachment":[{"href":"https:\/\/vsmc.lt\/index.php?rest_route=%2Fwp%2Fv2%2Fmedia&parent=10404"}],"wp:term":[{"taxonomy":"category","embeddable":true,"href":"https:\/\/vsmc.lt\/index.php?rest_route=%2Fwp%2Fv2%2Fcategories&post=10404"},{"taxonomy":"post_tag","embeddable":true,"href":"https:\/\/vsmc.lt\/index.php?rest_route=%2Fwp%2Fv2%2Ftags&post=10404"}],"curies":[{"name":"wp","href":"https:\/\/api.w.org\/{rel}","templated":true}]}}