{"id":10609,"date":"2023-09-27T09:46:40","date_gmt":"2023-09-27T06:46:40","guid":{"rendered":"https:\/\/vsmc.lt\/?p=10609"},"modified":"2023-11-06T17:14:52","modified_gmt":"2023-11-06T14:14:52","slug":"2023-10-11","status":"publish","type":"post","link":"https:\/\/vsmc.lt\/?p=10609","title":{"rendered":"2023-09-26"},"content":{"rendered":"<p align=\"center\"><span style=\"color: #050505;\"><span style=\"font-family: inherit, serif;\"><span style=\"font-size: medium;\"><b>Europos kalb\u0173 diena <\/b><\/span><\/span><\/span><span style=\"color: #050505;\"><span style=\"font-family: inherit, serif;\"><span style=\"font-size: medium;\"><b>VSMC<\/b><\/span><\/span><\/span><\/p>\n<p align=\"justify\"><span style=\"color: #050505;\"><span style=\"font-family: inherit, serif;\"><span style=\"font-size: medium;\">Rugs\u0117jo 26-oji \u2013 Europos kalb\u0173 diena. Ji rengiama Europos Tarybos iniciatyva ir minima kasmet nuo 2001 m., kurie buvo paskelbti Europos kalb\u0173 metais. Minint \u0161i\u0105 dien\u0105 siekiama skatinti ir i\u0161laikyti turting\u0105 Europos kalb\u0173 ir kult\u016br\u0173 \u012fvairov\u0119. Taip pat siekiama, kad \u017emon\u0117s per savo gyvenim\u0105 mokyt\u0173si daugiau kalb\u0173, ugdydami savo kalbinius \u012fg\u016bd\u017eius ir stiprindami kult\u016br\u0173 tarpusavio supratim\u0105. <\/span><\/span><\/span><\/p>\n<p align=\"justify\"><span style=\"color: #050505;\"><span style=\"font-family: inherit, serif;\"><span style=\"font-size: medium;\">\u0160iais metais per lietuvi\u0173 k<\/span><\/span><\/span><span style=\"color: #050505;\"><span style=\"font-family: inherit, serif;\"><span style=\"font-size: medium;\">albos ir literat\u016bros pamokas I-IV<\/span><\/span><\/span><span style=\"color: #050505;\"><span style=\"font-family: inherit, serif;\"><span style=\"font-size: medium;\"> klasi\u0173 mokiniai dalyvavo viktorinoje, pasitikrino savo \u017einias ir i\u0161moko nauj\u0173 dalyk\u0173 apie Europos kalbas ir skaitmenin\u0119 Europos ateit\u012f (<\/span><\/span><\/span><span style=\"color: #0000ff;\"><span style=\"font-family: inherit, serif;\"><span style=\"font-size: medium;\"><u><a href=\"https:\/\/l.facebook.com\/l.php?u=https%3A%2F%2Flithuania.representation.ec.europa.eu%2Fnews%2Feuropos-kalbu-dienos-proga-nauja-nemokama-viktorina-2023-09-18_lt%3Ffbclid%3DIwAR3xhziIJ5mY-JOo3DuxEyOEw-w_XCzKCDwoNG0yN1A0AYPMjWumWbtJDxw&amp;h=AT0vYvf_IK0KcLH0YXjMrTBWAGah_xboMDXVSP4LuaW-tWSxaAN24cDOOyqIVTt9iig7snmxRdSBa8GcwrLy9qa7ddfD2ROHct-jd2Vk58zpq4-DQCwi1BttX6S2Cf_EOnjT&amp;__tn__=-UK-R&amp;c%5B0%5D=AT2WtXnmIjZ58DB_z4cW2zYEz9Tbw9d_H1uOBqSraWa7O5RXoKPT9vFkc0qSgGkxNyExf1dxrXCXyO8S31EalP8PH2XSHpSBNNwA7iX2bHQiytZcgNasCD350EzzuKGaLm9GNxqF6oVgikFjiDPQVhOJappFRwa-2Vya0EhHgtWb4K3JUara73-63Lkq5a7aeX_-vn7KotGV\" target=\"_blank\" rel=\"noopener\">https:\/\/lithuania.representation.ec.europa.eu\/&#8230;\/europos&#8230;<\/a><\/u><\/span><\/span><\/span><span style=\"color: #050505;\"><span style=\"font-family: inherit, serif;\"><span style=\"font-size: medium;\">). <\/span><\/span><\/span><span style=\"color: #050505;\"><span style=\"font-family: inherit, serif;\"><span style=\"font-size: medium;\">Be \u017eini\u0173 apie Europos S\u0105jung\u0105, mokiniai dar gal\u0117jo daugiau su\u017einoti apie kalb\u0173 \u012fvairov\u0119 ir j\u0173 pritaikym\u0105 dirbant vert\u0117ju ar IT srityje. <\/span><\/span><\/span><\/p>\n<p align=\"justify\"><span style=\"color: #050505;\"><span style=\"font-family: inherit, serif;\"><span style=\"font-size: medium;\">Lenk\u0173 tautin\u0117s ma\u017eumos gimtosios kalbos\u00a0ir literat\u016bros\u00a0mokytoja pristat\u0117 mokiniams skaidres pristatymo kalb\u0173 dienai pavadinimas \u201eLenk\u0173 kalba<\/span><\/span><\/span><span style=\"color: #050505;\"><span style=\"font-size: medium;\">\u00a0<\/span><\/span><span style=\"color: #050505;\"><span style=\"font-family: inherit, serif;\"><span style=\"font-size: medium;\">Europos kalb\u0173 kontekste\u201c, o u\u017esienio kalb\u0173 mokytojai paskatino mokinius parengti stend\u0105 apie Europos \u0161ali\u0173 kalbas ir istorij\u0105. Per u\u017esienio (angl\u0173) kalbos pamokas III klasi\u0173 mokiniams mokytoja Kahoot mokymosi platformoje pareng\u0117 \u012ftrauki\u0105 viktorin\u0105 angl\u0173 kalba, o mokiniai pristat\u0117 prane\u0161imus apie daugiakalbyst\u0117s privalumus ir i\u0161\u0161\u016bkius.<\/span><\/span><\/span><\/p>\n<p align=\"justify\"><span style=\"color: #050505;\"><span style=\"font-family: inherit, serif;\"><span style=\"font-size: medium;\">2023-ieji \u2013 Europos \u012fg\u016bd\u017ei\u0173 metai, o kalb\u0173 mok\u0117jimas \u2013 vienas svarbiausi\u0173 \u012fg\u016bd\u017ei\u0173. Mokytis nauj\u0173 kalb\u0173 naudinga visiems, nepaisant am\u017eiaus, darbo pob\u016bd\u017eio ar gyvenamosios vietos. Kalb\u0173 mok\u0117jimas atveria daugiau galimybi\u0173 \u012fsidarbinti, mokytis, pa\u017einti pasaul\u012f, keliauti, bendrauti ir surasti draug\u0173, pl\u0117toti versl\u0105, dalintis \u017einiomis ar i\u0161spr\u0119sti i\u0161kilusias problemas. \u0160iais metais, integruodami \u012fvairius dalykus, tobulinome savo turimus \u012fg\u016bd\u017eius ir \u012fgijome nauj\u0173!<\/span><\/span><\/span><\/p>\n<p align=\"right\"><a name=\"_GoBack\"><\/a> <span style=\"color: #050505;\"><span style=\"font-family: inherit, serif;\"><span style=\"font-size: medium;\">Pareng\u0117 lietuvi\u0173 kalbos ir literat\u016bros mokytoja Oksana Aleknavi\u010dius<\/span><\/span><\/span><\/p>\n<p style=\"text-align: center;\" align=\"right\"><img loading=\"lazy\" decoding=\"async\" class=\"alignnone size-thumbnail wp-image-10610\" src=\"https:\/\/vsmc.lt\/wp-content\/uploads\/2023\/10\/12\/Kalbu-diena-640x360.png\" alt=\"\" width=\"640\" height=\"360\" \/><\/p>\n","protected":false},"excerpt":{"rendered":"<p>Europos kalb\u0173 diena VSMC<\/p>\n","protected":false},"author":1,"featured_media":0,"comment_status":"closed","ping_status":"closed","sticky":false,"template":"","format":"standard","meta":{"footnotes":""},"categories":[1],"tags":[],"class_list":["post-10609","post","type-post","status-publish","format-standard","hentry","category-naujienos"],"yoast_head":"<!-- This site is optimized with the Yoast SEO plugin v27.5 - https:\/\/yoast.com\/product\/yoast-seo-wordpress\/ -->\n<title>2023-09-26 Vilniaus suaugusi\u0173j\u0173 mokymo centras  - Vilniaus suaugusi\u0173j\u0173 mokymo centras<\/title>\n<meta name=\"description\" content=\"2023-09-26 Vilniaus suaugusi\u0173j\u0173 mokymo centras\" \/>\n<meta name=\"robots\" content=\"index, follow, max-snippet:-1, max-image-preview:large, max-video-preview:-1\" \/>\n<link rel=\"canonical\" href=\"https:\/\/vsmc.lt\/?p=10609\" \/>\n<meta property=\"og:locale\" content=\"lt_LT\" \/>\n<meta property=\"og:type\" content=\"article\" \/>\n<meta property=\"og:title\" content=\"2023-09-26 Vilniaus suaugusi\u0173j\u0173 mokymo centras  - Vilniaus suaugusi\u0173j\u0173 mokymo centras\" \/>\n<meta property=\"og:description\" content=\"2023-09-26 Vilniaus suaugusi\u0173j\u0173 mokymo centras\" \/>\n<meta property=\"og:url\" content=\"https:\/\/vsmc.lt\/?p=10609\" \/>\n<meta property=\"og:site_name\" content=\"Vilniaus suaugusi\u0173j\u0173 mokymo centras\" \/>\n<meta property=\"article:publisher\" content=\"https:\/\/www.facebook.com\/p\/Vilniaus-suaugusij-mokymo-centras-VSMC-gimnazija-100034428106674\/\" \/>\n<meta property=\"article:published_time\" content=\"2023-09-27T06:46:40+00:00\" \/>\n<meta property=\"article:modified_time\" content=\"2023-11-06T14:14:52+00:00\" \/>\n<meta property=\"og:image\" content=\"https:\/\/vsmc.lt\/wp-content\/uploads\/2023\/10\/12\/Kalbu-diena-640x360.png\" \/>\n<meta name=\"author\" content=\"vsmc\" \/>\n<meta name=\"twitter:card\" content=\"summary_large_image\" \/>\n<meta name=\"twitter:label1\" content=\"Written by\" \/>\n\t<meta name=\"twitter:data1\" content=\"vsmc\" \/>\n\t<meta name=\"twitter:label2\" content=\"Est. reading time\" \/>\n\t<meta name=\"twitter:data2\" content=\"1 minut\u0117\" \/>\n<script type=\"application\/ld+json\" class=\"yoast-schema-graph\">{\"@context\":\"https:\\\/\\\/schema.org\",\"@graph\":[{\"@type\":\"Article\",\"@id\":\"https:\\\/\\\/vsmc.lt\\\/?p=10609#article\",\"isPartOf\":{\"@id\":\"https:\\\/\\\/vsmc.lt\\\/?p=10609\"},\"author\":{\"name\":\"vsmc\",\"@id\":\"https:\\\/\\\/vsmc.lt\\\/#\\\/schema\\\/person\\\/f908112af7b3b7eb0f58e68efc84ed3b\"},\"headline\":\"2023-09-26\",\"datePublished\":\"2023-09-27T06:46:40+00:00\",\"dateModified\":\"2023-11-06T14:14:52+00:00\",\"mainEntityOfPage\":{\"@id\":\"https:\\\/\\\/vsmc.lt\\\/?p=10609\"},\"wordCount\":280,\"publisher\":{\"@id\":\"https:\\\/\\\/vsmc.lt\\\/#organization\"},\"image\":{\"@id\":\"https:\\\/\\\/vsmc.lt\\\/?p=10609#primaryimage\"},\"thumbnailUrl\":\"https:\\\/\\\/vsmc.lt\\\/wp-content\\\/uploads\\\/2023\\\/10\\\/12\\\/Kalbu-diena-640x360.png\",\"articleSection\":[\"Naujienos\"],\"inLanguage\":\"lt-LT\"},{\"@type\":\"WebPage\",\"@id\":\"https:\\\/\\\/vsmc.lt\\\/?p=10609\",\"url\":\"https:\\\/\\\/vsmc.lt\\\/?p=10609\",\"name\":\"2023-09-26 Vilniaus suaugusi\u0173j\u0173 mokymo centras - Vilniaus suaugusi\u0173j\u0173 mokymo centras\",\"isPartOf\":{\"@id\":\"https:\\\/\\\/vsmc.lt\\\/#website\"},\"primaryImageOfPage\":{\"@id\":\"https:\\\/\\\/vsmc.lt\\\/?p=10609#primaryimage\"},\"image\":{\"@id\":\"https:\\\/\\\/vsmc.lt\\\/?p=10609#primaryimage\"},\"thumbnailUrl\":\"https:\\\/\\\/vsmc.lt\\\/wp-content\\\/uploads\\\/2023\\\/10\\\/12\\\/Kalbu-diena-640x360.png\",\"datePublished\":\"2023-09-27T06:46:40+00:00\",\"dateModified\":\"2023-11-06T14:14:52+00:00\",\"description\":\"2023-09-26 Vilniaus suaugusi\u0173j\u0173 mokymo centras\",\"breadcrumb\":{\"@id\":\"https:\\\/\\\/vsmc.lt\\\/?p=10609#breadcrumb\"},\"inLanguage\":\"lt-LT\",\"potentialAction\":[{\"@type\":\"ReadAction\",\"target\":[\"https:\\\/\\\/vsmc.lt\\\/?p=10609\"]}]},{\"@type\":\"ImageObject\",\"inLanguage\":\"lt-LT\",\"@id\":\"https:\\\/\\\/vsmc.lt\\\/?p=10609#primaryimage\",\"url\":\"https:\\\/\\\/vsmc.lt\\\/wp-content\\\/uploads\\\/2023\\\/10\\\/12\\\/Kalbu-diena.png\",\"contentUrl\":\"https:\\\/\\\/vsmc.lt\\\/wp-content\\\/uploads\\\/2023\\\/10\\\/12\\\/Kalbu-diena.png\",\"width\":2000,\"height\":2000},{\"@type\":\"BreadcrumbList\",\"@id\":\"https:\\\/\\\/vsmc.lt\\\/?p=10609#breadcrumb\",\"itemListElement\":[{\"@type\":\"ListItem\",\"position\":1,\"name\":\"Home\",\"item\":\"https:\\\/\\\/vsmc.lt\\\/\"},{\"@type\":\"ListItem\",\"position\":2,\"name\":\"2023-09-26\"}]},{\"@type\":\"WebSite\",\"@id\":\"https:\\\/\\\/vsmc.lt\\\/#website\",\"url\":\"https:\\\/\\\/vsmc.lt\\\/\",\"name\":\"Vilniaus suaugusi\u0173j\u0173 mokymo centras\",\"description\":\"VSMC\",\"publisher\":{\"@id\":\"https:\\\/\\\/vsmc.lt\\\/#organization\"},\"alternateName\":\"VSMC\",\"potentialAction\":[{\"@type\":\"SearchAction\",\"target\":{\"@type\":\"EntryPoint\",\"urlTemplate\":\"https:\\\/\\\/vsmc.lt\\\/?s={search_term_string}\"},\"query-input\":{\"@type\":\"PropertyValueSpecification\",\"valueRequired\":true,\"valueName\":\"search_term_string\"}}],\"inLanguage\":\"lt-LT\"},{\"@type\":\"Organization\",\"@id\":\"https:\\\/\\\/vsmc.lt\\\/#organization\",\"name\":\"Vilniaus suaugusi\u0173j\u0173 mokymo centras\",\"alternateName\":\"VSMC\",\"url\":\"https:\\\/\\\/vsmc.lt\\\/\",\"logo\":{\"@type\":\"ImageObject\",\"inLanguage\":\"lt-LT\",\"@id\":\"https:\\\/\\\/vsmc.lt\\\/#\\\/schema\\\/logo\\\/image\\\/\",\"url\":\"https:\\\/\\\/vsmc.lt\\\/wp-content\\\/uploads\\\/2016\\\/11\\\/15\\\/logo.png\",\"contentUrl\":\"https:\\\/\\\/vsmc.lt\\\/wp-content\\\/uploads\\\/2016\\\/11\\\/15\\\/logo.png\",\"width\":96,\"height\":121,\"caption\":\"Vilniaus suaugusi\u0173j\u0173 mokymo centras\"},\"image\":{\"@id\":\"https:\\\/\\\/vsmc.lt\\\/#\\\/schema\\\/logo\\\/image\\\/\"},\"sameAs\":[\"https:\\\/\\\/www.facebook.com\\\/p\\\/Vilniaus-suaugusij-mokymo-centras-VSMC-gimnazija-100034428106674\\\/\"]},{\"@type\":\"Person\",\"@id\":\"https:\\\/\\\/vsmc.lt\\\/#\\\/schema\\\/person\\\/f908112af7b3b7eb0f58e68efc84ed3b\",\"name\":\"vsmc\",\"image\":{\"@type\":\"ImageObject\",\"inLanguage\":\"lt-LT\",\"@id\":\"https:\\\/\\\/secure.gravatar.com\\\/avatar\\\/c98f8cf094a0c3815db557f5d303882682ae3622ba8eff672c992e55217b1a89?s=96&d=mm&r=g\",\"url\":\"https:\\\/\\\/secure.gravatar.com\\\/avatar\\\/c98f8cf094a0c3815db557f5d303882682ae3622ba8eff672c992e55217b1a89?s=96&d=mm&r=g\",\"contentUrl\":\"https:\\\/\\\/secure.gravatar.com\\\/avatar\\\/c98f8cf094a0c3815db557f5d303882682ae3622ba8eff672c992e55217b1a89?s=96&d=mm&r=g\",\"caption\":\"vsmc\"},\"url\":\"https:\\\/\\\/vsmc.lt\\\/?author=1\"}]}<\/script>\n<!-- \/ Yoast SEO plugin. -->","yoast_head_json":{"title":"2023-09-26 Vilniaus suaugusi\u0173j\u0173 mokymo centras  - Vilniaus suaugusi\u0173j\u0173 mokymo centras","description":"2023-09-26 Vilniaus suaugusi\u0173j\u0173 mokymo centras","robots":{"index":"index","follow":"follow","max-snippet":"max-snippet:-1","max-image-preview":"max-image-preview:large","max-video-preview":"max-video-preview:-1"},"canonical":"https:\/\/vsmc.lt\/?p=10609","og_locale":"lt_LT","og_type":"article","og_title":"2023-09-26 Vilniaus suaugusi\u0173j\u0173 mokymo centras  - Vilniaus suaugusi\u0173j\u0173 mokymo centras","og_description":"2023-09-26 Vilniaus suaugusi\u0173j\u0173 mokymo centras","og_url":"https:\/\/vsmc.lt\/?p=10609","og_site_name":"Vilniaus suaugusi\u0173j\u0173 mokymo centras","article_publisher":"https:\/\/www.facebook.com\/p\/Vilniaus-suaugusij-mokymo-centras-VSMC-gimnazija-100034428106674\/","article_published_time":"2023-09-27T06:46:40+00:00","article_modified_time":"2023-11-06T14:14:52+00:00","og_image":[{"url":"https:\/\/vsmc.lt\/wp-content\/uploads\/2023\/10\/12\/Kalbu-diena-640x360.png","type":"","width":"","height":""}],"author":"vsmc","twitter_card":"summary_large_image","twitter_misc":{"Written by":"vsmc","Est. reading time":"1 minut\u0117"},"schema":{"@context":"https:\/\/schema.org","@graph":[{"@type":"Article","@id":"https:\/\/vsmc.lt\/?p=10609#article","isPartOf":{"@id":"https:\/\/vsmc.lt\/?p=10609"},"author":{"name":"vsmc","@id":"https:\/\/vsmc.lt\/#\/schema\/person\/f908112af7b3b7eb0f58e68efc84ed3b"},"headline":"2023-09-26","datePublished":"2023-09-27T06:46:40+00:00","dateModified":"2023-11-06T14:14:52+00:00","mainEntityOfPage":{"@id":"https:\/\/vsmc.lt\/?p=10609"},"wordCount":280,"publisher":{"@id":"https:\/\/vsmc.lt\/#organization"},"image":{"@id":"https:\/\/vsmc.lt\/?p=10609#primaryimage"},"thumbnailUrl":"https:\/\/vsmc.lt\/wp-content\/uploads\/2023\/10\/12\/Kalbu-diena-640x360.png","articleSection":["Naujienos"],"inLanguage":"lt-LT"},{"@type":"WebPage","@id":"https:\/\/vsmc.lt\/?p=10609","url":"https:\/\/vsmc.lt\/?p=10609","name":"2023-09-26 Vilniaus suaugusi\u0173j\u0173 mokymo centras - Vilniaus suaugusi\u0173j\u0173 mokymo centras","isPartOf":{"@id":"https:\/\/vsmc.lt\/#website"},"primaryImageOfPage":{"@id":"https:\/\/vsmc.lt\/?p=10609#primaryimage"},"image":{"@id":"https:\/\/vsmc.lt\/?p=10609#primaryimage"},"thumbnailUrl":"https:\/\/vsmc.lt\/wp-content\/uploads\/2023\/10\/12\/Kalbu-diena-640x360.png","datePublished":"2023-09-27T06:46:40+00:00","dateModified":"2023-11-06T14:14:52+00:00","description":"2023-09-26 Vilniaus suaugusi\u0173j\u0173 mokymo centras","breadcrumb":{"@id":"https:\/\/vsmc.lt\/?p=10609#breadcrumb"},"inLanguage":"lt-LT","potentialAction":[{"@type":"ReadAction","target":["https:\/\/vsmc.lt\/?p=10609"]}]},{"@type":"ImageObject","inLanguage":"lt-LT","@id":"https:\/\/vsmc.lt\/?p=10609#primaryimage","url":"https:\/\/vsmc.lt\/wp-content\/uploads\/2023\/10\/12\/Kalbu-diena.png","contentUrl":"https:\/\/vsmc.lt\/wp-content\/uploads\/2023\/10\/12\/Kalbu-diena.png","width":2000,"height":2000},{"@type":"BreadcrumbList","@id":"https:\/\/vsmc.lt\/?p=10609#breadcrumb","itemListElement":[{"@type":"ListItem","position":1,"name":"Home","item":"https:\/\/vsmc.lt\/"},{"@type":"ListItem","position":2,"name":"2023-09-26"}]},{"@type":"WebSite","@id":"https:\/\/vsmc.lt\/#website","url":"https:\/\/vsmc.lt\/","name":"Vilniaus suaugusi\u0173j\u0173 mokymo centras","description":"VSMC","publisher":{"@id":"https:\/\/vsmc.lt\/#organization"},"alternateName":"VSMC","potentialAction":[{"@type":"SearchAction","target":{"@type":"EntryPoint","urlTemplate":"https:\/\/vsmc.lt\/?s={search_term_string}"},"query-input":{"@type":"PropertyValueSpecification","valueRequired":true,"valueName":"search_term_string"}}],"inLanguage":"lt-LT"},{"@type":"Organization","@id":"https:\/\/vsmc.lt\/#organization","name":"Vilniaus suaugusi\u0173j\u0173 mokymo centras","alternateName":"VSMC","url":"https:\/\/vsmc.lt\/","logo":{"@type":"ImageObject","inLanguage":"lt-LT","@id":"https:\/\/vsmc.lt\/#\/schema\/logo\/image\/","url":"https:\/\/vsmc.lt\/wp-content\/uploads\/2016\/11\/15\/logo.png","contentUrl":"https:\/\/vsmc.lt\/wp-content\/uploads\/2016\/11\/15\/logo.png","width":96,"height":121,"caption":"Vilniaus suaugusi\u0173j\u0173 mokymo centras"},"image":{"@id":"https:\/\/vsmc.lt\/#\/schema\/logo\/image\/"},"sameAs":["https:\/\/www.facebook.com\/p\/Vilniaus-suaugusij-mokymo-centras-VSMC-gimnazija-100034428106674\/"]},{"@type":"Person","@id":"https:\/\/vsmc.lt\/#\/schema\/person\/f908112af7b3b7eb0f58e68efc84ed3b","name":"vsmc","image":{"@type":"ImageObject","inLanguage":"lt-LT","@id":"https:\/\/secure.gravatar.com\/avatar\/c98f8cf094a0c3815db557f5d303882682ae3622ba8eff672c992e55217b1a89?s=96&d=mm&r=g","url":"https:\/\/secure.gravatar.com\/avatar\/c98f8cf094a0c3815db557f5d303882682ae3622ba8eff672c992e55217b1a89?s=96&d=mm&r=g","contentUrl":"https:\/\/secure.gravatar.com\/avatar\/c98f8cf094a0c3815db557f5d303882682ae3622ba8eff672c992e55217b1a89?s=96&d=mm&r=g","caption":"vsmc"},"url":"https:\/\/vsmc.lt\/?author=1"}]}},"_links":{"self":[{"href":"https:\/\/vsmc.lt\/index.php?rest_route=\/wp\/v2\/posts\/10609","targetHints":{"allow":["GET"]}}],"collection":[{"href":"https:\/\/vsmc.lt\/index.php?rest_route=\/wp\/v2\/posts"}],"about":[{"href":"https:\/\/vsmc.lt\/index.php?rest_route=\/wp\/v2\/types\/post"}],"author":[{"embeddable":true,"href":"https:\/\/vsmc.lt\/index.php?rest_route=\/wp\/v2\/users\/1"}],"replies":[{"embeddable":true,"href":"https:\/\/vsmc.lt\/index.php?rest_route=%2Fwp%2Fv2%2Fcomments&post=10609"}],"version-history":[{"count":2,"href":"https:\/\/vsmc.lt\/index.php?rest_route=\/wp\/v2\/posts\/10609\/revisions"}],"predecessor-version":[{"id":10670,"href":"https:\/\/vsmc.lt\/index.php?rest_route=\/wp\/v2\/posts\/10609\/revisions\/10670"}],"wp:attachment":[{"href":"https:\/\/vsmc.lt\/index.php?rest_route=%2Fwp%2Fv2%2Fmedia&parent=10609"}],"wp:term":[{"taxonomy":"category","embeddable":true,"href":"https:\/\/vsmc.lt\/index.php?rest_route=%2Fwp%2Fv2%2Fcategories&post=10609"},{"taxonomy":"post_tag","embeddable":true,"href":"https:\/\/vsmc.lt\/index.php?rest_route=%2Fwp%2Fv2%2Ftags&post=10609"}],"curies":[{"name":"wp","href":"https:\/\/api.w.org\/{rel}","templated":true}]}}