{"id":10676,"date":"2023-11-06T21:23:27","date_gmt":"2023-11-06T18:23:27","guid":{"rendered":"https:\/\/vsmc.lt\/?p=10676"},"modified":"2023-11-06T21:23:27","modified_gmt":"2023-11-06T18:23:27","slug":"2023-10-30-vsmc-mokytoju-edukacine-isvyka-bendravimo-ir-bendruomeniskumo-stiprinimas","status":"publish","type":"post","link":"https:\/\/vsmc.lt\/?p=10676","title":{"rendered":"2023-10-30 VSMC mokytoj\u0173 edukacin\u0117 i\u0161vyka \u201eBendravimo ir bendruomeni\u0161kumo stiprinimas\u201c"},"content":{"rendered":"<p>\u0160i\u0173 met\u0173 spalio 30 d. gimnazijos mokytojai dalyvavo edukacin\u0117je i\u0161vykoje ,,Bendravimo ir bendruomeni\u0161kumo stiprinimas\u201c \u012f kurortin\u012f miest\u0105 Lietuvos pietuose \u2013 Bir\u0161ton\u0105.<\/p>\n<p>Kartu su Bir\u0161tono turizmo informacijos centro gidu pasivaik\u0161\u010diojome po rudenin\u012f miest\u0105 ir susipa\u017einome su kurorto istorija bei kult\u016briniu palikimu. Aplank\u0117me Kurhauz\u0105, skanavome mineralinio vandens biuvet\u0117je, u\u017ekop\u0117me \u012f Vytauto kaln\u0105, nuo kurio atsiv\u0117r\u0117 nepakartojama Nemuno kilp\u0173 panorama. Pasigro\u017e\u0117j\u0119 rudeni\u0161ku peiza\u017eu leidom\u0117s \u017eemyn ir t\u0119s\u0117me ekskursij\u0105 Nemuno krantine, sustodami prie paminklo Vytautui, \u0160v. Antano Paduvie\u010dio ba\u017eny\u010dios, J. Basanavi\u010diaus aik\u0161t\u0117s, Sen\u0173j\u0173 gydykl\u0173 ir miesto medin\u0117s architekt\u016bros paminkl\u0173. Pasivaik\u0161\u010dioj\u0119 po Jurgio Me\u0161kos park\u0105 u\u017esukome \u012f \u0161alia parko esant\u012f mineralinio vandens garinimo bok\u0161t\u0105 \u201eDruskupis\u201c (tai vienintelis Lietuvoje mineralinio vandens garinimo bok\u0161tas, kur galima m\u0117gautis ypatingai sveiku \u201ej\u016brinio efekto\u201c oru). Su\u017einoj\u0119 visas Bir\u0161tono istorijos paslaptis, pasigro\u017e\u0117j\u0119 kurorto gamta ir prisikv\u0117pav\u0119 fantasti\u0161ko oro, vykome \u012f \u0161alia esan\u010di\u0105 Panemunio sodyb\u0105. Svetingi sodybos \u0161eimininkai pasitiko dz\u016bk\u0173 dainomis. Susipa\u017einome su Dz\u016bkijos etnografinio regiono tradicijomis, steb\u0117jome band\u0173 kepimo proces\u0105: jos kepamos i\u0161 tarkuot\u0173 bulvi\u0173, kurios dedamos ant d\u017eiovint\u0173 kop\u016bst\u0173 lap\u0173 ir \u0161aunamos \u012f duonkep\u012f. Ne tik skrand\u012f pasotin\u0119, bet ir dvasi\u0161kai praturt\u0117j\u0119, prie bendro stalo sustiprin\u0119 bendruomeni\u0161kumo jausm\u0105, pasis\u0117m\u0119 energijos gr\u012f\u017eome \u012f Vilni\u0173.<\/p>\n<p>D\u017eiugino ne tik krentantys margaspalviai rudeniniai lapai, vis dar \u0161ilti saul\u0117s spinduliai, bet ir turiningai praleistas laikas su kolegomis, vienas kito pa\u017einimas netradicin\u0117je aplinkoje.<\/p>\n<p>&nbsp;<\/p>\n<p style=\"text-align: right;\">\u00a0\u00a0\u00a0\u00a0\u00a0\u00a0\u00a0\u00a0\u00a0\u00a0\u00a0\u00a0\u00a0\u00a0\u00a0\u00a0\u00a0\u00a0\u00a0\u00a0\u00a0\u00a0\u00a0\u00a0\u00a0\u00a0\u00a0\u00a0\u00a0\u00a0\u00a0\u00a0\u00a0\u00a0\u00a0\u00a0\u00a0\u00a0\u00a0\u00a0\u00a0\u00a0\u00a0\u00a0\u00a0\u00a0\u00a0\u00a0\u00a0\u00a0\u00a0\u00a0\u00a0\u00a0\u00a0\u00a0\u00a0\u00a0\u00a0\u00a0\u00a0\u00a0\u00a0\u00a0 Pareng\u0117 Centro pirminink\u0117 Ana Diadi\u016bra<\/p>\n","protected":false},"excerpt":{"rendered":"<p>\u0160i\u0173 met\u0173 spalio 30 d. gimnazijos mokytojai dalyvavo edukacin\u0117je i\u0161vykoje ,,Bendravimo ir bendruomeni\u0161kumo stiprinimas\u201c \u012f kurortin\u012f miest\u0105 Lietuvos pietuose \u2013 Bir\u0161ton\u0105. Kartu su Bir\u0161tono turizmo informacijos centro gidu pasivaik\u0161\u010diojome po rudenin\u012f miest\u0105 ir susipa\u017einome su kurorto istorija bei kult\u016briniu palikimu. Aplank\u0117me Kurhauz\u0105, skanavome mineralinio vandens biuvet\u0117je, u\u017ekop\u0117me \u012f Vytauto kaln\u0105, nuo kurio atsiv\u0117r\u0117 nepakartojama Nemuno [&hellip;]<\/p>\n","protected":false},"author":5,"featured_media":0,"comment_status":"closed","ping_status":"closed","sticky":false,"template":"","format":"standard","meta":{"footnotes":""},"categories":[1],"tags":[],"class_list":["post-10676","post","type-post","status-publish","format-standard","hentry","category-naujienos"],"yoast_head":"<!-- This site is optimized with the Yoast SEO plugin v27.5 - https:\/\/yoast.com\/product\/yoast-seo-wordpress\/ -->\n<title>2023-10-30 VSMC mokytoj\u0173 edukacin\u0117 i\u0161vyka \u201eBendravimo ir bendruomeni\u0161kumo stiprinimas\u201c Vilniaus suaugusi\u0173j\u0173 mokymo centras  - Vilniaus suaugusi\u0173j\u0173 mokymo centras<\/title>\n<meta name=\"description\" content=\"2023-10-30 VSMC mokytoj\u0173 edukacin\u0117 i\u0161vyka \u201eBendravimo ir bendruomeni\u0161kumo stiprinimas\u201c Vilniaus suaugusi\u0173j\u0173 mokymo centras\" \/>\n<meta name=\"robots\" content=\"index, follow, max-snippet:-1, max-image-preview:large, max-video-preview:-1\" \/>\n<link rel=\"canonical\" href=\"https:\/\/vsmc.lt\/?p=10676\" \/>\n<meta property=\"og:locale\" content=\"lt_LT\" \/>\n<meta property=\"og:type\" content=\"article\" \/>\n<meta property=\"og:title\" content=\"2023-10-30 VSMC mokytoj\u0173 edukacin\u0117 i\u0161vyka \u201eBendravimo ir bendruomeni\u0161kumo stiprinimas\u201c Vilniaus suaugusi\u0173j\u0173 mokymo centras  - Vilniaus suaugusi\u0173j\u0173 mokymo centras\" \/>\n<meta property=\"og:description\" content=\"2023-10-30 VSMC mokytoj\u0173 edukacin\u0117 i\u0161vyka \u201eBendravimo ir bendruomeni\u0161kumo stiprinimas\u201c Vilniaus suaugusi\u0173j\u0173 mokymo centras\" \/>\n<meta property=\"og:url\" content=\"https:\/\/vsmc.lt\/?p=10676\" \/>\n<meta property=\"og:site_name\" content=\"Vilniaus suaugusi\u0173j\u0173 mokymo centras\" \/>\n<meta property=\"article:publisher\" content=\"https:\/\/www.facebook.com\/p\/Vilniaus-suaugusij-mokymo-centras-VSMC-gimnazija-100034428106674\/\" \/>\n<meta property=\"article:published_time\" content=\"2023-11-06T18:23:27+00:00\" \/>\n<meta property=\"og:image\" content=\"https:\/\/vsmc.lt\/wp-content\/uploads\/2018\/05\/03\/VSMC_PASTATAS_1-1.jpg\" \/>\n\t<meta property=\"og:image:width\" content=\"1500\" \/>\n\t<meta property=\"og:image:height\" content=\"925\" \/>\n\t<meta property=\"og:image:type\" content=\"image\/jpeg\" \/>\n<meta name=\"author\" content=\"Birut\u0117 Kubilinskien\u0117\" \/>\n<meta name=\"twitter:card\" content=\"summary_large_image\" \/>\n<meta name=\"twitter:label1\" content=\"Written by\" \/>\n\t<meta name=\"twitter:data1\" content=\"Birut\u0117 Kubilinskien\u0117\" \/>\n\t<meta name=\"twitter:label2\" content=\"Est. reading time\" \/>\n\t<meta name=\"twitter:data2\" content=\"1 minut\u0117\" \/>\n<script type=\"application\/ld+json\" class=\"yoast-schema-graph\">{\"@context\":\"https:\\\/\\\/schema.org\",\"@graph\":[{\"@type\":\"Article\",\"@id\":\"https:\\\/\\\/vsmc.lt\\\/?p=10676#article\",\"isPartOf\":{\"@id\":\"https:\\\/\\\/vsmc.lt\\\/?p=10676\"},\"author\":{\"name\":\"Birut\u0117 Kubilinskien\u0117\",\"@id\":\"https:\\\/\\\/vsmc.lt\\\/#\\\/schema\\\/person\\\/7b79c1eab13a88fc1ed4dc6626a57f98\"},\"headline\":\"2023-10-30 VSMC mokytoj\u0173 edukacin\u0117 i\u0161vyka \u201eBendravimo ir bendruomeni\u0161kumo stiprinimas\u201c\",\"datePublished\":\"2023-11-06T18:23:27+00:00\",\"mainEntityOfPage\":{\"@id\":\"https:\\\/\\\/vsmc.lt\\\/?p=10676\"},\"wordCount\":274,\"publisher\":{\"@id\":\"https:\\\/\\\/vsmc.lt\\\/#organization\"},\"articleSection\":[\"Naujienos\"],\"inLanguage\":\"lt-LT\"},{\"@type\":\"WebPage\",\"@id\":\"https:\\\/\\\/vsmc.lt\\\/?p=10676\",\"url\":\"https:\\\/\\\/vsmc.lt\\\/?p=10676\",\"name\":\"2023-10-30 VSMC mokytoj\u0173 edukacin\u0117 i\u0161vyka \u201eBendravimo ir bendruomeni\u0161kumo stiprinimas\u201c Vilniaus suaugusi\u0173j\u0173 mokymo centras - Vilniaus suaugusi\u0173j\u0173 mokymo centras\",\"isPartOf\":{\"@id\":\"https:\\\/\\\/vsmc.lt\\\/#website\"},\"datePublished\":\"2023-11-06T18:23:27+00:00\",\"description\":\"2023-10-30 VSMC mokytoj\u0173 edukacin\u0117 i\u0161vyka \u201eBendravimo ir bendruomeni\u0161kumo stiprinimas\u201c Vilniaus suaugusi\u0173j\u0173 mokymo centras\",\"breadcrumb\":{\"@id\":\"https:\\\/\\\/vsmc.lt\\\/?p=10676#breadcrumb\"},\"inLanguage\":\"lt-LT\",\"potentialAction\":[{\"@type\":\"ReadAction\",\"target\":[\"https:\\\/\\\/vsmc.lt\\\/?p=10676\"]}]},{\"@type\":\"BreadcrumbList\",\"@id\":\"https:\\\/\\\/vsmc.lt\\\/?p=10676#breadcrumb\",\"itemListElement\":[{\"@type\":\"ListItem\",\"position\":1,\"name\":\"Home\",\"item\":\"https:\\\/\\\/vsmc.lt\\\/\"},{\"@type\":\"ListItem\",\"position\":2,\"name\":\"2023-10-30 VSMC mokytoj\u0173 edukacin\u0117 i\u0161vyka \u201eBendravimo ir bendruomeni\u0161kumo stiprinimas\u201c\"}]},{\"@type\":\"WebSite\",\"@id\":\"https:\\\/\\\/vsmc.lt\\\/#website\",\"url\":\"https:\\\/\\\/vsmc.lt\\\/\",\"name\":\"Vilniaus suaugusi\u0173j\u0173 mokymo centras\",\"description\":\"VSMC\",\"publisher\":{\"@id\":\"https:\\\/\\\/vsmc.lt\\\/#organization\"},\"alternateName\":\"VSMC\",\"potentialAction\":[{\"@type\":\"SearchAction\",\"target\":{\"@type\":\"EntryPoint\",\"urlTemplate\":\"https:\\\/\\\/vsmc.lt\\\/?s={search_term_string}\"},\"query-input\":{\"@type\":\"PropertyValueSpecification\",\"valueRequired\":true,\"valueName\":\"search_term_string\"}}],\"inLanguage\":\"lt-LT\"},{\"@type\":\"Organization\",\"@id\":\"https:\\\/\\\/vsmc.lt\\\/#organization\",\"name\":\"Vilniaus suaugusi\u0173j\u0173 mokymo centras\",\"alternateName\":\"VSMC\",\"url\":\"https:\\\/\\\/vsmc.lt\\\/\",\"logo\":{\"@type\":\"ImageObject\",\"inLanguage\":\"lt-LT\",\"@id\":\"https:\\\/\\\/vsmc.lt\\\/#\\\/schema\\\/logo\\\/image\\\/\",\"url\":\"https:\\\/\\\/vsmc.lt\\\/wp-content\\\/uploads\\\/2016\\\/11\\\/15\\\/logo.png\",\"contentUrl\":\"https:\\\/\\\/vsmc.lt\\\/wp-content\\\/uploads\\\/2016\\\/11\\\/15\\\/logo.png\",\"width\":96,\"height\":121,\"caption\":\"Vilniaus suaugusi\u0173j\u0173 mokymo centras\"},\"image\":{\"@id\":\"https:\\\/\\\/vsmc.lt\\\/#\\\/schema\\\/logo\\\/image\\\/\"},\"sameAs\":[\"https:\\\/\\\/www.facebook.com\\\/p\\\/Vilniaus-suaugusij-mokymo-centras-VSMC-gimnazija-100034428106674\\\/\"]},{\"@type\":\"Person\",\"@id\":\"https:\\\/\\\/vsmc.lt\\\/#\\\/schema\\\/person\\\/7b79c1eab13a88fc1ed4dc6626a57f98\",\"name\":\"Birut\u0117 Kubilinskien\u0117\",\"image\":{\"@type\":\"ImageObject\",\"inLanguage\":\"lt-LT\",\"@id\":\"https:\\\/\\\/secure.gravatar.com\\\/avatar\\\/de3432602f9f0edd7dc9006aceaad7e2a3227ca56f4f6d9e4b2e2ee05a11e793?s=96&d=mm&r=g\",\"url\":\"https:\\\/\\\/secure.gravatar.com\\\/avatar\\\/de3432602f9f0edd7dc9006aceaad7e2a3227ca56f4f6d9e4b2e2ee05a11e793?s=96&d=mm&r=g\",\"contentUrl\":\"https:\\\/\\\/secure.gravatar.com\\\/avatar\\\/de3432602f9f0edd7dc9006aceaad7e2a3227ca56f4f6d9e4b2e2ee05a11e793?s=96&d=mm&r=g\",\"caption\":\"Birut\u0117 Kubilinskien\u0117\"},\"url\":\"https:\\\/\\\/vsmc.lt\\\/?author=5\"}]}<\/script>\n<!-- \/ Yoast SEO plugin. -->","yoast_head_json":{"title":"2023-10-30 VSMC mokytoj\u0173 edukacin\u0117 i\u0161vyka \u201eBendravimo ir bendruomeni\u0161kumo stiprinimas\u201c Vilniaus suaugusi\u0173j\u0173 mokymo centras  - Vilniaus suaugusi\u0173j\u0173 mokymo centras","description":"2023-10-30 VSMC mokytoj\u0173 edukacin\u0117 i\u0161vyka \u201eBendravimo ir bendruomeni\u0161kumo stiprinimas\u201c Vilniaus suaugusi\u0173j\u0173 mokymo centras","robots":{"index":"index","follow":"follow","max-snippet":"max-snippet:-1","max-image-preview":"max-image-preview:large","max-video-preview":"max-video-preview:-1"},"canonical":"https:\/\/vsmc.lt\/?p=10676","og_locale":"lt_LT","og_type":"article","og_title":"2023-10-30 VSMC mokytoj\u0173 edukacin\u0117 i\u0161vyka \u201eBendravimo ir bendruomeni\u0161kumo stiprinimas\u201c Vilniaus suaugusi\u0173j\u0173 mokymo centras  - Vilniaus suaugusi\u0173j\u0173 mokymo centras","og_description":"2023-10-30 VSMC mokytoj\u0173 edukacin\u0117 i\u0161vyka \u201eBendravimo ir bendruomeni\u0161kumo stiprinimas\u201c Vilniaus suaugusi\u0173j\u0173 mokymo centras","og_url":"https:\/\/vsmc.lt\/?p=10676","og_site_name":"Vilniaus suaugusi\u0173j\u0173 mokymo centras","article_publisher":"https:\/\/www.facebook.com\/p\/Vilniaus-suaugusij-mokymo-centras-VSMC-gimnazija-100034428106674\/","article_published_time":"2023-11-06T18:23:27+00:00","og_image":[{"width":1500,"height":925,"url":"https:\/\/vsmc.lt\/wp-content\/uploads\/2018\/05\/03\/VSMC_PASTATAS_1-1.jpg","type":"image\/jpeg"}],"author":"Birut\u0117 Kubilinskien\u0117","twitter_card":"summary_large_image","twitter_misc":{"Written by":"Birut\u0117 Kubilinskien\u0117","Est. reading time":"1 minut\u0117"},"schema":{"@context":"https:\/\/schema.org","@graph":[{"@type":"Article","@id":"https:\/\/vsmc.lt\/?p=10676#article","isPartOf":{"@id":"https:\/\/vsmc.lt\/?p=10676"},"author":{"name":"Birut\u0117 Kubilinskien\u0117","@id":"https:\/\/vsmc.lt\/#\/schema\/person\/7b79c1eab13a88fc1ed4dc6626a57f98"},"headline":"2023-10-30 VSMC mokytoj\u0173 edukacin\u0117 i\u0161vyka \u201eBendravimo ir bendruomeni\u0161kumo stiprinimas\u201c","datePublished":"2023-11-06T18:23:27+00:00","mainEntityOfPage":{"@id":"https:\/\/vsmc.lt\/?p=10676"},"wordCount":274,"publisher":{"@id":"https:\/\/vsmc.lt\/#organization"},"articleSection":["Naujienos"],"inLanguage":"lt-LT"},{"@type":"WebPage","@id":"https:\/\/vsmc.lt\/?p=10676","url":"https:\/\/vsmc.lt\/?p=10676","name":"2023-10-30 VSMC mokytoj\u0173 edukacin\u0117 i\u0161vyka \u201eBendravimo ir bendruomeni\u0161kumo stiprinimas\u201c Vilniaus suaugusi\u0173j\u0173 mokymo centras - Vilniaus suaugusi\u0173j\u0173 mokymo centras","isPartOf":{"@id":"https:\/\/vsmc.lt\/#website"},"datePublished":"2023-11-06T18:23:27+00:00","description":"2023-10-30 VSMC mokytoj\u0173 edukacin\u0117 i\u0161vyka \u201eBendravimo ir bendruomeni\u0161kumo stiprinimas\u201c Vilniaus suaugusi\u0173j\u0173 mokymo centras","breadcrumb":{"@id":"https:\/\/vsmc.lt\/?p=10676#breadcrumb"},"inLanguage":"lt-LT","potentialAction":[{"@type":"ReadAction","target":["https:\/\/vsmc.lt\/?p=10676"]}]},{"@type":"BreadcrumbList","@id":"https:\/\/vsmc.lt\/?p=10676#breadcrumb","itemListElement":[{"@type":"ListItem","position":1,"name":"Home","item":"https:\/\/vsmc.lt\/"},{"@type":"ListItem","position":2,"name":"2023-10-30 VSMC mokytoj\u0173 edukacin\u0117 i\u0161vyka \u201eBendravimo ir bendruomeni\u0161kumo stiprinimas\u201c"}]},{"@type":"WebSite","@id":"https:\/\/vsmc.lt\/#website","url":"https:\/\/vsmc.lt\/","name":"Vilniaus suaugusi\u0173j\u0173 mokymo centras","description":"VSMC","publisher":{"@id":"https:\/\/vsmc.lt\/#organization"},"alternateName":"VSMC","potentialAction":[{"@type":"SearchAction","target":{"@type":"EntryPoint","urlTemplate":"https:\/\/vsmc.lt\/?s={search_term_string}"},"query-input":{"@type":"PropertyValueSpecification","valueRequired":true,"valueName":"search_term_string"}}],"inLanguage":"lt-LT"},{"@type":"Organization","@id":"https:\/\/vsmc.lt\/#organization","name":"Vilniaus suaugusi\u0173j\u0173 mokymo centras","alternateName":"VSMC","url":"https:\/\/vsmc.lt\/","logo":{"@type":"ImageObject","inLanguage":"lt-LT","@id":"https:\/\/vsmc.lt\/#\/schema\/logo\/image\/","url":"https:\/\/vsmc.lt\/wp-content\/uploads\/2016\/11\/15\/logo.png","contentUrl":"https:\/\/vsmc.lt\/wp-content\/uploads\/2016\/11\/15\/logo.png","width":96,"height":121,"caption":"Vilniaus suaugusi\u0173j\u0173 mokymo centras"},"image":{"@id":"https:\/\/vsmc.lt\/#\/schema\/logo\/image\/"},"sameAs":["https:\/\/www.facebook.com\/p\/Vilniaus-suaugusij-mokymo-centras-VSMC-gimnazija-100034428106674\/"]},{"@type":"Person","@id":"https:\/\/vsmc.lt\/#\/schema\/person\/7b79c1eab13a88fc1ed4dc6626a57f98","name":"Birut\u0117 Kubilinskien\u0117","image":{"@type":"ImageObject","inLanguage":"lt-LT","@id":"https:\/\/secure.gravatar.com\/avatar\/de3432602f9f0edd7dc9006aceaad7e2a3227ca56f4f6d9e4b2e2ee05a11e793?s=96&d=mm&r=g","url":"https:\/\/secure.gravatar.com\/avatar\/de3432602f9f0edd7dc9006aceaad7e2a3227ca56f4f6d9e4b2e2ee05a11e793?s=96&d=mm&r=g","contentUrl":"https:\/\/secure.gravatar.com\/avatar\/de3432602f9f0edd7dc9006aceaad7e2a3227ca56f4f6d9e4b2e2ee05a11e793?s=96&d=mm&r=g","caption":"Birut\u0117 Kubilinskien\u0117"},"url":"https:\/\/vsmc.lt\/?author=5"}]}},"_links":{"self":[{"href":"https:\/\/vsmc.lt\/index.php?rest_route=\/wp\/v2\/posts\/10676","targetHints":{"allow":["GET"]}}],"collection":[{"href":"https:\/\/vsmc.lt\/index.php?rest_route=\/wp\/v2\/posts"}],"about":[{"href":"https:\/\/vsmc.lt\/index.php?rest_route=\/wp\/v2\/types\/post"}],"author":[{"embeddable":true,"href":"https:\/\/vsmc.lt\/index.php?rest_route=\/wp\/v2\/users\/5"}],"replies":[{"embeddable":true,"href":"https:\/\/vsmc.lt\/index.php?rest_route=%2Fwp%2Fv2%2Fcomments&post=10676"}],"version-history":[{"count":1,"href":"https:\/\/vsmc.lt\/index.php?rest_route=\/wp\/v2\/posts\/10676\/revisions"}],"predecessor-version":[{"id":10677,"href":"https:\/\/vsmc.lt\/index.php?rest_route=\/wp\/v2\/posts\/10676\/revisions\/10677"}],"wp:attachment":[{"href":"https:\/\/vsmc.lt\/index.php?rest_route=%2Fwp%2Fv2%2Fmedia&parent=10676"}],"wp:term":[{"taxonomy":"category","embeddable":true,"href":"https:\/\/vsmc.lt\/index.php?rest_route=%2Fwp%2Fv2%2Fcategories&post=10676"},{"taxonomy":"post_tag","embeddable":true,"href":"https:\/\/vsmc.lt\/index.php?rest_route=%2Fwp%2Fv2%2Ftags&post=10676"}],"curies":[{"name":"wp","href":"https:\/\/api.w.org\/{rel}","templated":true}]}}