{"id":10693,"date":"2023-11-20T16:40:16","date_gmt":"2023-11-20T13:40:16","guid":{"rendered":"https:\/\/vsmc.lt\/?p=10693"},"modified":"2023-11-27T16:45:06","modified_gmt":"2023-11-27T13:45:06","slug":"2023-11-17-pamoka-lr-seime-kartu-kalboje-ir-valstybeje","status":"publish","type":"post","link":"https:\/\/vsmc.lt\/?p=10693","title":{"rendered":"2023-11-17 Pamoka LR Seime \u201eKartu kalboje ir valstyb\u0117je\u201c"},"content":{"rendered":"<p>\u0160i\u0173 met\u0173 lapkri\u010dio 17 d.\u00a0 III H ir IV G\u00a0 klasi\u0173 mokiniai dalyvavo lietuvi\u0173 kalbos pamokoje \u2013 renginyje LR Seime \u201eKartu kalboje ir valstyb\u0117je\u201c. \u00a0Valstybin\u0117 lietuvi\u0173 kalbos komisija su LR Seimu ir Valstybine kalbos inspekcija organizavo visos Lietuvos moksleiviams valstybin\u0117s kalbos statuso atk\u016brimo 35-me\u010dio rengin\u012f.<\/p>\n<p>Rengin\u012f prad\u0117jo \u017eurnalistas Paulius Sku\u010das, perskait\u0119s Seimo Pirminink\u0117s Viktorijos \u010cmilyt\u0117s-Nielsen sveikinim\u0105. Lietuvos istorijos instituto vyresn. mokslo darbuotojas dr. Algimantas Kasparavi\u010dius prane\u0161ime \u201eLietuvi\u0173 kalba, tauta ir valstyb\u0117 istorin\u0117je perspektyvoje: ar daug prog\u0173 \u0161v\u0119sti?\u201c ap\u017evelg\u0117 valstybin\u0117s kalbos raid\u0105. Jaun\u0173j\u0173 filolog\u0173 konkurso laim\u0117toja VU student\u0117 M\u016bza Olimpija Svetickait\u0117 kalb\u0117jo apie \u0161iuolaikin\u0119 lietuvi\u0173 kalbos puosel\u0117jimo tradicij\u0105 ir jos ateit\u012f. Konkurso \u201eInovatyviausia kalb\u0173 mokytoja 2021\u201c nugal\u0117toja Vaida Ambrasait\u0117, Europos \u0161auni\u0173 \u017evaig\u017ed\u017ei\u0173 apdovanojimo laim\u0117toja aktor\u0117 Aist\u0117 Dir\u017ei\u016bt\u0117, LRT sporto komentatorius Rytis Kazlauskas, populiariausias vaik\u0173 ir paaugli\u0173 literat\u016bros ra\u0161ytojas Tomas Dirg\u0117la papasakojo apie savo tapatyb\u0117s paie\u0161kas ir asmenin\u012f santyk\u012f su gimt\u0105ja kalba.<\/p>\n<p>Dalyviams buvo pristatytas dokumentinis filmas \u201eI\u0161saugojome kalb\u0105\u201c. Rengin\u012f vainikavo Vilniaus Balio Dvariono de\u0161imtmet\u0117s muzikos mokyklos smuikinink\u0173 ansamblio pasirodymas.<\/p>\n<p>Rengin\u012f galite per\u017ei\u016br\u0117ti paspaud\u0119 nuorod\u0105: <a href=\"https:\/\/www.youtube.com\/watch?v=nyDo2bRBZV8\">https:\/\/www.youtube.com\/watch?v=nyDo2bRBZV8<\/a><\/p>\n<p style=\"text-align: right;\"><img loading=\"lazy\" decoding=\"async\" class=\" wp-image-10694 aligncenter\" src=\"https:\/\/vsmc.lt\/wp-content\/uploads\/2023\/11\/27\/pamoka-Seime-270x360.jpg\" alt=\"\" width=\"323\" height=\"431\" srcset=\"https:\/\/vsmc.lt\/wp-content\/uploads\/2023\/11\/27\/pamoka-Seime-270x360.jpg 270w, https:\/\/vsmc.lt\/wp-content\/uploads\/2023\/11\/27\/pamoka-Seime-540x720.jpg 540w, https:\/\/vsmc.lt\/wp-content\/uploads\/2023\/11\/27\/pamoka-Seime-768x1024.jpg 768w, https:\/\/vsmc.lt\/wp-content\/uploads\/2023\/11\/27\/pamoka-Seime-1152x1536.jpg 1152w, https:\/\/vsmc.lt\/wp-content\/uploads\/2023\/11\/27\/pamoka-Seime.jpg 1536w\" sizes=\"auto, (max-width: 323px) 100vw, 323px\" \/><\/p>\n<p style=\"text-align: right;\">Pareng\u0117 lietuvi\u0173 kalbos ir literat\u016bros mokytoja metodinink\u0117 Vilma Kruopien\u0117<\/p>\n","protected":false},"excerpt":{"rendered":"<p>\u0160i\u0173 met\u0173 lapkri\u010dio 17 d.\u00a0 III H ir IV G\u00a0 klasi\u0173 mokiniai dalyvavo lietuvi\u0173 kalbos pamokoje \u2013 renginyje LR Seime \u201eKartu kalboje ir valstyb\u0117je\u201c. \u00a0Valstybin\u0117 lietuvi\u0173 kalbos komisija su LR Seimu ir Valstybine kalbos inspekcija organizavo visos Lietuvos moksleiviams valstybin\u0117s kalbos statuso atk\u016brimo 35-me\u010dio rengin\u012f. Rengin\u012f prad\u0117jo \u017eurnalistas Paulius Sku\u010das, perskait\u0119s Seimo Pirminink\u0117s Viktorijos \u010cmilyt\u0117s-Nielsen [&hellip;]<\/p>\n","protected":false},"author":5,"featured_media":0,"comment_status":"closed","ping_status":"closed","sticky":false,"template":"","format":"standard","meta":{"footnotes":""},"categories":[1],"tags":[],"class_list":["post-10693","post","type-post","status-publish","format-standard","hentry","category-naujienos"],"yoast_head":"<!-- This site is optimized with the Yoast SEO plugin v27.5 - https:\/\/yoast.com\/product\/yoast-seo-wordpress\/ -->\n<title>2023-11-17 Pamoka LR Seime \u201eKartu kalboje ir valstyb\u0117je\u201c Vilniaus suaugusi\u0173j\u0173 mokymo centras  - Vilniaus suaugusi\u0173j\u0173 mokymo centras<\/title>\n<meta name=\"description\" content=\"2023-11-17 Pamoka LR Seime \u201eKartu kalboje ir valstyb\u0117je\u201c Vilniaus suaugusi\u0173j\u0173 mokymo centras\" \/>\n<meta name=\"robots\" content=\"index, follow, max-snippet:-1, max-image-preview:large, max-video-preview:-1\" \/>\n<link rel=\"canonical\" href=\"https:\/\/vsmc.lt\/?p=10693\" \/>\n<meta property=\"og:locale\" content=\"lt_LT\" \/>\n<meta property=\"og:type\" content=\"article\" \/>\n<meta property=\"og:title\" content=\"2023-11-17 Pamoka LR Seime \u201eKartu kalboje ir valstyb\u0117je\u201c Vilniaus suaugusi\u0173j\u0173 mokymo centras  - Vilniaus suaugusi\u0173j\u0173 mokymo centras\" \/>\n<meta property=\"og:description\" content=\"2023-11-17 Pamoka LR Seime \u201eKartu kalboje ir valstyb\u0117je\u201c Vilniaus suaugusi\u0173j\u0173 mokymo centras\" \/>\n<meta property=\"og:url\" content=\"https:\/\/vsmc.lt\/?p=10693\" \/>\n<meta property=\"og:site_name\" content=\"Vilniaus suaugusi\u0173j\u0173 mokymo centras\" \/>\n<meta property=\"article:publisher\" content=\"https:\/\/www.facebook.com\/p\/Vilniaus-suaugusij-mokymo-centras-VSMC-gimnazija-100034428106674\/\" \/>\n<meta property=\"article:published_time\" content=\"2023-11-20T13:40:16+00:00\" \/>\n<meta property=\"article:modified_time\" content=\"2023-11-27T13:45:06+00:00\" \/>\n<meta property=\"og:image\" content=\"https:\/\/vsmc.lt\/wp-content\/uploads\/2023\/11\/27\/pamoka-Seime-270x360.jpg\" \/>\n<meta name=\"author\" content=\"Birut\u0117 Kubilinskien\u0117\" \/>\n<meta name=\"twitter:card\" content=\"summary_large_image\" \/>\n<meta name=\"twitter:label1\" content=\"Written by\" \/>\n\t<meta name=\"twitter:data1\" content=\"Birut\u0117 Kubilinskien\u0117\" \/>\n\t<meta name=\"twitter:label2\" content=\"Est. reading time\" \/>\n\t<meta name=\"twitter:data2\" content=\"1 minut\u0117\" \/>\n<script type=\"application\/ld+json\" class=\"yoast-schema-graph\">{\"@context\":\"https:\\\/\\\/schema.org\",\"@graph\":[{\"@type\":\"Article\",\"@id\":\"https:\\\/\\\/vsmc.lt\\\/?p=10693#article\",\"isPartOf\":{\"@id\":\"https:\\\/\\\/vsmc.lt\\\/?p=10693\"},\"author\":{\"name\":\"Birut\u0117 Kubilinskien\u0117\",\"@id\":\"https:\\\/\\\/vsmc.lt\\\/#\\\/schema\\\/person\\\/7b79c1eab13a88fc1ed4dc6626a57f98\"},\"headline\":\"2023-11-17 Pamoka LR Seime \u201eKartu kalboje ir valstyb\u0117je\u201c\",\"datePublished\":\"2023-11-20T13:40:16+00:00\",\"dateModified\":\"2023-11-27T13:45:06+00:00\",\"mainEntityOfPage\":{\"@id\":\"https:\\\/\\\/vsmc.lt\\\/?p=10693\"},\"wordCount\":227,\"publisher\":{\"@id\":\"https:\\\/\\\/vsmc.lt\\\/#organization\"},\"image\":{\"@id\":\"https:\\\/\\\/vsmc.lt\\\/?p=10693#primaryimage\"},\"thumbnailUrl\":\"https:\\\/\\\/vsmc.lt\\\/wp-content\\\/uploads\\\/2023\\\/11\\\/27\\\/pamoka-Seime-270x360.jpg\",\"articleSection\":[\"Naujienos\"],\"inLanguage\":\"lt-LT\"},{\"@type\":\"WebPage\",\"@id\":\"https:\\\/\\\/vsmc.lt\\\/?p=10693\",\"url\":\"https:\\\/\\\/vsmc.lt\\\/?p=10693\",\"name\":\"2023-11-17 Pamoka LR Seime \u201eKartu kalboje ir valstyb\u0117je\u201c Vilniaus suaugusi\u0173j\u0173 mokymo centras - Vilniaus suaugusi\u0173j\u0173 mokymo centras\",\"isPartOf\":{\"@id\":\"https:\\\/\\\/vsmc.lt\\\/#website\"},\"primaryImageOfPage\":{\"@id\":\"https:\\\/\\\/vsmc.lt\\\/?p=10693#primaryimage\"},\"image\":{\"@id\":\"https:\\\/\\\/vsmc.lt\\\/?p=10693#primaryimage\"},\"thumbnailUrl\":\"https:\\\/\\\/vsmc.lt\\\/wp-content\\\/uploads\\\/2023\\\/11\\\/27\\\/pamoka-Seime-270x360.jpg\",\"datePublished\":\"2023-11-20T13:40:16+00:00\",\"dateModified\":\"2023-11-27T13:45:06+00:00\",\"description\":\"2023-11-17 Pamoka LR Seime \u201eKartu kalboje ir valstyb\u0117je\u201c Vilniaus suaugusi\u0173j\u0173 mokymo centras\",\"breadcrumb\":{\"@id\":\"https:\\\/\\\/vsmc.lt\\\/?p=10693#breadcrumb\"},\"inLanguage\":\"lt-LT\",\"potentialAction\":[{\"@type\":\"ReadAction\",\"target\":[\"https:\\\/\\\/vsmc.lt\\\/?p=10693\"]}]},{\"@type\":\"ImageObject\",\"inLanguage\":\"lt-LT\",\"@id\":\"https:\\\/\\\/vsmc.lt\\\/?p=10693#primaryimage\",\"url\":\"https:\\\/\\\/vsmc.lt\\\/wp-content\\\/uploads\\\/2023\\\/11\\\/27\\\/pamoka-Seime.jpg\",\"contentUrl\":\"https:\\\/\\\/vsmc.lt\\\/wp-content\\\/uploads\\\/2023\\\/11\\\/27\\\/pamoka-Seime.jpg\",\"width\":1536,\"height\":2048},{\"@type\":\"BreadcrumbList\",\"@id\":\"https:\\\/\\\/vsmc.lt\\\/?p=10693#breadcrumb\",\"itemListElement\":[{\"@type\":\"ListItem\",\"position\":1,\"name\":\"Home\",\"item\":\"https:\\\/\\\/vsmc.lt\\\/\"},{\"@type\":\"ListItem\",\"position\":2,\"name\":\"2023-11-17 Pamoka LR Seime \u201eKartu kalboje ir valstyb\u0117je\u201c\"}]},{\"@type\":\"WebSite\",\"@id\":\"https:\\\/\\\/vsmc.lt\\\/#website\",\"url\":\"https:\\\/\\\/vsmc.lt\\\/\",\"name\":\"Vilniaus suaugusi\u0173j\u0173 mokymo centras\",\"description\":\"VSMC\",\"publisher\":{\"@id\":\"https:\\\/\\\/vsmc.lt\\\/#organization\"},\"alternateName\":\"VSMC\",\"potentialAction\":[{\"@type\":\"SearchAction\",\"target\":{\"@type\":\"EntryPoint\",\"urlTemplate\":\"https:\\\/\\\/vsmc.lt\\\/?s={search_term_string}\"},\"query-input\":{\"@type\":\"PropertyValueSpecification\",\"valueRequired\":true,\"valueName\":\"search_term_string\"}}],\"inLanguage\":\"lt-LT\"},{\"@type\":\"Organization\",\"@id\":\"https:\\\/\\\/vsmc.lt\\\/#organization\",\"name\":\"Vilniaus suaugusi\u0173j\u0173 mokymo centras\",\"alternateName\":\"VSMC\",\"url\":\"https:\\\/\\\/vsmc.lt\\\/\",\"logo\":{\"@type\":\"ImageObject\",\"inLanguage\":\"lt-LT\",\"@id\":\"https:\\\/\\\/vsmc.lt\\\/#\\\/schema\\\/logo\\\/image\\\/\",\"url\":\"https:\\\/\\\/vsmc.lt\\\/wp-content\\\/uploads\\\/2016\\\/11\\\/15\\\/logo.png\",\"contentUrl\":\"https:\\\/\\\/vsmc.lt\\\/wp-content\\\/uploads\\\/2016\\\/11\\\/15\\\/logo.png\",\"width\":96,\"height\":121,\"caption\":\"Vilniaus suaugusi\u0173j\u0173 mokymo centras\"},\"image\":{\"@id\":\"https:\\\/\\\/vsmc.lt\\\/#\\\/schema\\\/logo\\\/image\\\/\"},\"sameAs\":[\"https:\\\/\\\/www.facebook.com\\\/p\\\/Vilniaus-suaugusij-mokymo-centras-VSMC-gimnazija-100034428106674\\\/\"]},{\"@type\":\"Person\",\"@id\":\"https:\\\/\\\/vsmc.lt\\\/#\\\/schema\\\/person\\\/7b79c1eab13a88fc1ed4dc6626a57f98\",\"name\":\"Birut\u0117 Kubilinskien\u0117\",\"image\":{\"@type\":\"ImageObject\",\"inLanguage\":\"lt-LT\",\"@id\":\"https:\\\/\\\/secure.gravatar.com\\\/avatar\\\/de3432602f9f0edd7dc9006aceaad7e2a3227ca56f4f6d9e4b2e2ee05a11e793?s=96&d=mm&r=g\",\"url\":\"https:\\\/\\\/secure.gravatar.com\\\/avatar\\\/de3432602f9f0edd7dc9006aceaad7e2a3227ca56f4f6d9e4b2e2ee05a11e793?s=96&d=mm&r=g\",\"contentUrl\":\"https:\\\/\\\/secure.gravatar.com\\\/avatar\\\/de3432602f9f0edd7dc9006aceaad7e2a3227ca56f4f6d9e4b2e2ee05a11e793?s=96&d=mm&r=g\",\"caption\":\"Birut\u0117 Kubilinskien\u0117\"},\"url\":\"https:\\\/\\\/vsmc.lt\\\/?author=5\"}]}<\/script>\n<!-- \/ Yoast SEO plugin. -->","yoast_head_json":{"title":"2023-11-17 Pamoka LR Seime \u201eKartu kalboje ir valstyb\u0117je\u201c Vilniaus suaugusi\u0173j\u0173 mokymo centras  - Vilniaus suaugusi\u0173j\u0173 mokymo centras","description":"2023-11-17 Pamoka LR Seime \u201eKartu kalboje ir valstyb\u0117je\u201c Vilniaus suaugusi\u0173j\u0173 mokymo centras","robots":{"index":"index","follow":"follow","max-snippet":"max-snippet:-1","max-image-preview":"max-image-preview:large","max-video-preview":"max-video-preview:-1"},"canonical":"https:\/\/vsmc.lt\/?p=10693","og_locale":"lt_LT","og_type":"article","og_title":"2023-11-17 Pamoka LR Seime \u201eKartu kalboje ir valstyb\u0117je\u201c Vilniaus suaugusi\u0173j\u0173 mokymo centras  - Vilniaus suaugusi\u0173j\u0173 mokymo centras","og_description":"2023-11-17 Pamoka LR Seime \u201eKartu kalboje ir valstyb\u0117je\u201c Vilniaus suaugusi\u0173j\u0173 mokymo centras","og_url":"https:\/\/vsmc.lt\/?p=10693","og_site_name":"Vilniaus suaugusi\u0173j\u0173 mokymo centras","article_publisher":"https:\/\/www.facebook.com\/p\/Vilniaus-suaugusij-mokymo-centras-VSMC-gimnazija-100034428106674\/","article_published_time":"2023-11-20T13:40:16+00:00","article_modified_time":"2023-11-27T13:45:06+00:00","og_image":[{"url":"https:\/\/vsmc.lt\/wp-content\/uploads\/2023\/11\/27\/pamoka-Seime-270x360.jpg","type":"","width":"","height":""}],"author":"Birut\u0117 Kubilinskien\u0117","twitter_card":"summary_large_image","twitter_misc":{"Written by":"Birut\u0117 Kubilinskien\u0117","Est. reading time":"1 minut\u0117"},"schema":{"@context":"https:\/\/schema.org","@graph":[{"@type":"Article","@id":"https:\/\/vsmc.lt\/?p=10693#article","isPartOf":{"@id":"https:\/\/vsmc.lt\/?p=10693"},"author":{"name":"Birut\u0117 Kubilinskien\u0117","@id":"https:\/\/vsmc.lt\/#\/schema\/person\/7b79c1eab13a88fc1ed4dc6626a57f98"},"headline":"2023-11-17 Pamoka LR Seime \u201eKartu kalboje ir valstyb\u0117je\u201c","datePublished":"2023-11-20T13:40:16+00:00","dateModified":"2023-11-27T13:45:06+00:00","mainEntityOfPage":{"@id":"https:\/\/vsmc.lt\/?p=10693"},"wordCount":227,"publisher":{"@id":"https:\/\/vsmc.lt\/#organization"},"image":{"@id":"https:\/\/vsmc.lt\/?p=10693#primaryimage"},"thumbnailUrl":"https:\/\/vsmc.lt\/wp-content\/uploads\/2023\/11\/27\/pamoka-Seime-270x360.jpg","articleSection":["Naujienos"],"inLanguage":"lt-LT"},{"@type":"WebPage","@id":"https:\/\/vsmc.lt\/?p=10693","url":"https:\/\/vsmc.lt\/?p=10693","name":"2023-11-17 Pamoka LR Seime \u201eKartu kalboje ir valstyb\u0117je\u201c Vilniaus suaugusi\u0173j\u0173 mokymo centras - Vilniaus suaugusi\u0173j\u0173 mokymo centras","isPartOf":{"@id":"https:\/\/vsmc.lt\/#website"},"primaryImageOfPage":{"@id":"https:\/\/vsmc.lt\/?p=10693#primaryimage"},"image":{"@id":"https:\/\/vsmc.lt\/?p=10693#primaryimage"},"thumbnailUrl":"https:\/\/vsmc.lt\/wp-content\/uploads\/2023\/11\/27\/pamoka-Seime-270x360.jpg","datePublished":"2023-11-20T13:40:16+00:00","dateModified":"2023-11-27T13:45:06+00:00","description":"2023-11-17 Pamoka LR Seime \u201eKartu kalboje ir valstyb\u0117je\u201c Vilniaus suaugusi\u0173j\u0173 mokymo centras","breadcrumb":{"@id":"https:\/\/vsmc.lt\/?p=10693#breadcrumb"},"inLanguage":"lt-LT","potentialAction":[{"@type":"ReadAction","target":["https:\/\/vsmc.lt\/?p=10693"]}]},{"@type":"ImageObject","inLanguage":"lt-LT","@id":"https:\/\/vsmc.lt\/?p=10693#primaryimage","url":"https:\/\/vsmc.lt\/wp-content\/uploads\/2023\/11\/27\/pamoka-Seime.jpg","contentUrl":"https:\/\/vsmc.lt\/wp-content\/uploads\/2023\/11\/27\/pamoka-Seime.jpg","width":1536,"height":2048},{"@type":"BreadcrumbList","@id":"https:\/\/vsmc.lt\/?p=10693#breadcrumb","itemListElement":[{"@type":"ListItem","position":1,"name":"Home","item":"https:\/\/vsmc.lt\/"},{"@type":"ListItem","position":2,"name":"2023-11-17 Pamoka LR Seime \u201eKartu kalboje ir valstyb\u0117je\u201c"}]},{"@type":"WebSite","@id":"https:\/\/vsmc.lt\/#website","url":"https:\/\/vsmc.lt\/","name":"Vilniaus suaugusi\u0173j\u0173 mokymo centras","description":"VSMC","publisher":{"@id":"https:\/\/vsmc.lt\/#organization"},"alternateName":"VSMC","potentialAction":[{"@type":"SearchAction","target":{"@type":"EntryPoint","urlTemplate":"https:\/\/vsmc.lt\/?s={search_term_string}"},"query-input":{"@type":"PropertyValueSpecification","valueRequired":true,"valueName":"search_term_string"}}],"inLanguage":"lt-LT"},{"@type":"Organization","@id":"https:\/\/vsmc.lt\/#organization","name":"Vilniaus suaugusi\u0173j\u0173 mokymo centras","alternateName":"VSMC","url":"https:\/\/vsmc.lt\/","logo":{"@type":"ImageObject","inLanguage":"lt-LT","@id":"https:\/\/vsmc.lt\/#\/schema\/logo\/image\/","url":"https:\/\/vsmc.lt\/wp-content\/uploads\/2016\/11\/15\/logo.png","contentUrl":"https:\/\/vsmc.lt\/wp-content\/uploads\/2016\/11\/15\/logo.png","width":96,"height":121,"caption":"Vilniaus suaugusi\u0173j\u0173 mokymo centras"},"image":{"@id":"https:\/\/vsmc.lt\/#\/schema\/logo\/image\/"},"sameAs":["https:\/\/www.facebook.com\/p\/Vilniaus-suaugusij-mokymo-centras-VSMC-gimnazija-100034428106674\/"]},{"@type":"Person","@id":"https:\/\/vsmc.lt\/#\/schema\/person\/7b79c1eab13a88fc1ed4dc6626a57f98","name":"Birut\u0117 Kubilinskien\u0117","image":{"@type":"ImageObject","inLanguage":"lt-LT","@id":"https:\/\/secure.gravatar.com\/avatar\/de3432602f9f0edd7dc9006aceaad7e2a3227ca56f4f6d9e4b2e2ee05a11e793?s=96&d=mm&r=g","url":"https:\/\/secure.gravatar.com\/avatar\/de3432602f9f0edd7dc9006aceaad7e2a3227ca56f4f6d9e4b2e2ee05a11e793?s=96&d=mm&r=g","contentUrl":"https:\/\/secure.gravatar.com\/avatar\/de3432602f9f0edd7dc9006aceaad7e2a3227ca56f4f6d9e4b2e2ee05a11e793?s=96&d=mm&r=g","caption":"Birut\u0117 Kubilinskien\u0117"},"url":"https:\/\/vsmc.lt\/?author=5"}]}},"_links":{"self":[{"href":"https:\/\/vsmc.lt\/index.php?rest_route=\/wp\/v2\/posts\/10693","targetHints":{"allow":["GET"]}}],"collection":[{"href":"https:\/\/vsmc.lt\/index.php?rest_route=\/wp\/v2\/posts"}],"about":[{"href":"https:\/\/vsmc.lt\/index.php?rest_route=\/wp\/v2\/types\/post"}],"author":[{"embeddable":true,"href":"https:\/\/vsmc.lt\/index.php?rest_route=\/wp\/v2\/users\/5"}],"replies":[{"embeddable":true,"href":"https:\/\/vsmc.lt\/index.php?rest_route=%2Fwp%2Fv2%2Fcomments&post=10693"}],"version-history":[{"count":1,"href":"https:\/\/vsmc.lt\/index.php?rest_route=\/wp\/v2\/posts\/10693\/revisions"}],"predecessor-version":[{"id":10695,"href":"https:\/\/vsmc.lt\/index.php?rest_route=\/wp\/v2\/posts\/10693\/revisions\/10695"}],"wp:attachment":[{"href":"https:\/\/vsmc.lt\/index.php?rest_route=%2Fwp%2Fv2%2Fmedia&parent=10693"}],"wp:term":[{"taxonomy":"category","embeddable":true,"href":"https:\/\/vsmc.lt\/index.php?rest_route=%2Fwp%2Fv2%2Fcategories&post=10693"},{"taxonomy":"post_tag","embeddable":true,"href":"https:\/\/vsmc.lt\/index.php?rest_route=%2Fwp%2Fv2%2Ftags&post=10693"}],"curies":[{"name":"wp","href":"https:\/\/api.w.org\/{rel}","templated":true}]}}