{"id":10715,"date":"2023-11-16T21:04:42","date_gmt":"2023-11-16T18:04:42","guid":{"rendered":"https:\/\/vsmc.lt\/?p=10715"},"modified":"2023-12-21T21:10:16","modified_gmt":"2023-12-21T18:10:16","slug":"2023-11-15-meno-pazinimo-pamoka-vilniaus-mazajame-teatre","status":"publish","type":"post","link":"https:\/\/vsmc.lt\/?p=10715","title":{"rendered":"2023-11-15 Meno pa\u017einimo pamoka Vilniaus ma\u017eajame teatre"},"content":{"rendered":"<p>Lapkri\u010dio 15 d. VSMC IV B, D, H klasi\u0173 mokiniai kartu su mokytojomis dalyvavo meno pa\u017einimo pamokoje Vilniaus ma\u017eajame teatre, kur \u017ei\u016br\u0117jo re\u017eisier\u0117s Gretos \u0160tiormer \u0161iuolaikin\u0119 poeti\u0161k\u0105 V. \u0160ekspyro \u201eKaraliaus Lyro\u201c interpretacij\u0105 (pjes\u0117s autor\u0117 Gabriel\u0117 Labanauskait\u0117) pavadinimu \u201eL. YRA S.\u201c<\/p>\n<p>Pagrindinis veik\u0117jas Lyras vaizduojamas ankstyvoje jaunyst\u0117je (18 met\u0173). Nors atsi\u017evelgiama \u012f V. \u0160ekspyro tragedijos istorijos ir siu\u017eeto niuansus, \u0161is k\u016brinys yra bandymas pa\u017evelgti \u012f \u0161iuolaikinio \u017emogaus tapatyb\u0117s paie\u0161kas per kitoki\u0105 prizm\u0119\u00a0\u2013 kai labiau pasitikima i\u0161ore ir \u012fvaizd\u017eiu nei vidiniais orientyrais ir vertyb\u0117mis. Tai ne\u012fprastas ir naujovi\u0161kas klasikos interpretavimas, kuriame telpa ne tik klasikin\u0117 \u0160ekspyro tragedija, bet ir \u0161iuolaikinis jos turinio papildinys, inovatyvus dramaturg\u0117s Gabriel\u0117s Labanauskait\u0117s sprendimas pasukti \u017evilgsn\u012f \u012f Karaliaus Lyro jaunyst\u0119, per kuri\u0105 atskleid\u017eiamos \u0161i\u0173 dien\u0173 problemos. Jos parodomos per kart\u0173 skirtum\u0173 ir \u017emogaus asmenyb\u0117s susidvejinimo konflikt\u0105.\u00a0Spektaklyje sp\u0117jama, kod\u0117l Lyras tapo toks, kok\u012f mes j\u012f pa\u017e\u012fstame i\u0161 V. \u0160ekspyro pjes\u0117s. Atskleid\u017eiamos aktualios ir \u0161iuolaikiniam jaunam \u017emogui ar jo t\u0117vams temos: toksi\u0161kas vyri\u0161kumas, nemeil\u0117 sau, aukl\u0117jimas per nemeil\u0119.<\/p>\n<p>Pjes\u0117je svarstomos problemos paskatino mokytojus ir mokinius susim\u0105styti apie save, analizuoti savo i\u0161gyvenimus, kelti klausimus, sieti \u017einomus dalykus su ne\u017einomais ir naujai apm\u0105styti savo santyk\u012f su artimiausiais \u017emon\u0117mis ir aplinka.<\/p>\n<p>&nbsp;<\/p>\n<p style=\"text-align: right;\">Lietuvi\u0173 kalbos ir literat\u016bros mokytoja Oksana Aleknavi\u010dius<\/p>\n","protected":false},"excerpt":{"rendered":"<p>Lapkri\u010dio 15 d. VSMC IV B, D, H klasi\u0173 mokiniai kartu su mokytojomis dalyvavo meno pa\u017einimo pamokoje Vilniaus ma\u017eajame teatre, kur \u017ei\u016br\u0117jo re\u017eisier\u0117s Gretos \u0160tiormer \u0161iuolaikin\u0119 poeti\u0161k\u0105 V. \u0160ekspyro \u201eKaraliaus Lyro\u201c interpretacij\u0105 (pjes\u0117s autor\u0117 Gabriel\u0117 Labanauskait\u0117) pavadinimu \u201eL. YRA S.\u201c Pagrindinis veik\u0117jas Lyras vaizduojamas ankstyvoje jaunyst\u0117je (18 met\u0173). Nors atsi\u017evelgiama \u012f V. \u0160ekspyro tragedijos istorijos [&hellip;]<\/p>\n","protected":false},"author":5,"featured_media":0,"comment_status":"closed","ping_status":"closed","sticky":false,"template":"","format":"standard","meta":{"footnotes":""},"categories":[1],"tags":[],"class_list":["post-10715","post","type-post","status-publish","format-standard","hentry","category-naujienos"],"yoast_head":"<!-- This site is optimized with the Yoast SEO plugin v27.5 - https:\/\/yoast.com\/product\/yoast-seo-wordpress\/ -->\n<title>2023-11-15 Meno pa\u017einimo pamoka Vilniaus ma\u017eajame teatre Vilniaus suaugusi\u0173j\u0173 mokymo centras  - Vilniaus suaugusi\u0173j\u0173 mokymo centras<\/title>\n<meta name=\"description\" content=\"2023-11-15 Meno pa\u017einimo pamoka Vilniaus ma\u017eajame teatre Vilniaus suaugusi\u0173j\u0173 mokymo centras\" \/>\n<meta name=\"robots\" content=\"index, follow, max-snippet:-1, max-image-preview:large, max-video-preview:-1\" \/>\n<link rel=\"canonical\" href=\"https:\/\/vsmc.lt\/?p=10715\" \/>\n<meta property=\"og:locale\" content=\"lt_LT\" \/>\n<meta property=\"og:type\" content=\"article\" \/>\n<meta property=\"og:title\" content=\"2023-11-15 Meno pa\u017einimo pamoka Vilniaus ma\u017eajame teatre Vilniaus suaugusi\u0173j\u0173 mokymo centras  - Vilniaus suaugusi\u0173j\u0173 mokymo centras\" \/>\n<meta property=\"og:description\" content=\"2023-11-15 Meno pa\u017einimo pamoka Vilniaus ma\u017eajame teatre Vilniaus suaugusi\u0173j\u0173 mokymo centras\" \/>\n<meta property=\"og:url\" content=\"https:\/\/vsmc.lt\/?p=10715\" \/>\n<meta property=\"og:site_name\" content=\"Vilniaus suaugusi\u0173j\u0173 mokymo centras\" \/>\n<meta property=\"article:publisher\" content=\"https:\/\/www.facebook.com\/p\/Vilniaus-suaugusij-mokymo-centras-VSMC-gimnazija-100034428106674\/\" \/>\n<meta property=\"article:published_time\" content=\"2023-11-16T18:04:42+00:00\" \/>\n<meta property=\"article:modified_time\" content=\"2023-12-21T18:10:16+00:00\" \/>\n<meta property=\"og:image\" content=\"https:\/\/vsmc.lt\/wp-content\/uploads\/2018\/05\/03\/VSMC_PASTATAS_1-1.jpg\" \/>\n\t<meta property=\"og:image:width\" content=\"1500\" \/>\n\t<meta property=\"og:image:height\" content=\"925\" \/>\n\t<meta property=\"og:image:type\" content=\"image\/jpeg\" \/>\n<meta name=\"author\" content=\"Birut\u0117 Kubilinskien\u0117\" \/>\n<meta name=\"twitter:card\" content=\"summary_large_image\" \/>\n<meta name=\"twitter:label1\" content=\"Written by\" \/>\n\t<meta name=\"twitter:data1\" content=\"Birut\u0117 Kubilinskien\u0117\" \/>\n\t<meta name=\"twitter:label2\" content=\"Est. reading time\" \/>\n\t<meta name=\"twitter:data2\" content=\"1 minut\u0117\" \/>\n<script type=\"application\/ld+json\" class=\"yoast-schema-graph\">{\"@context\":\"https:\\\/\\\/schema.org\",\"@graph\":[{\"@type\":\"Article\",\"@id\":\"https:\\\/\\\/vsmc.lt\\\/?p=10715#article\",\"isPartOf\":{\"@id\":\"https:\\\/\\\/vsmc.lt\\\/?p=10715\"},\"author\":{\"name\":\"Birut\u0117 Kubilinskien\u0117\",\"@id\":\"https:\\\/\\\/vsmc.lt\\\/#\\\/schema\\\/person\\\/7b79c1eab13a88fc1ed4dc6626a57f98\"},\"headline\":\"2023-11-15 Meno pa\u017einimo pamoka Vilniaus ma\u017eajame teatre\",\"datePublished\":\"2023-11-16T18:04:42+00:00\",\"dateModified\":\"2023-12-21T18:10:16+00:00\",\"mainEntityOfPage\":{\"@id\":\"https:\\\/\\\/vsmc.lt\\\/?p=10715\"},\"wordCount\":246,\"publisher\":{\"@id\":\"https:\\\/\\\/vsmc.lt\\\/#organization\"},\"articleSection\":[\"Naujienos\"],\"inLanguage\":\"lt-LT\"},{\"@type\":\"WebPage\",\"@id\":\"https:\\\/\\\/vsmc.lt\\\/?p=10715\",\"url\":\"https:\\\/\\\/vsmc.lt\\\/?p=10715\",\"name\":\"2023-11-15 Meno pa\u017einimo pamoka Vilniaus ma\u017eajame teatre Vilniaus suaugusi\u0173j\u0173 mokymo centras - Vilniaus suaugusi\u0173j\u0173 mokymo centras\",\"isPartOf\":{\"@id\":\"https:\\\/\\\/vsmc.lt\\\/#website\"},\"datePublished\":\"2023-11-16T18:04:42+00:00\",\"dateModified\":\"2023-12-21T18:10:16+00:00\",\"description\":\"2023-11-15 Meno pa\u017einimo pamoka Vilniaus ma\u017eajame teatre Vilniaus suaugusi\u0173j\u0173 mokymo centras\",\"breadcrumb\":{\"@id\":\"https:\\\/\\\/vsmc.lt\\\/?p=10715#breadcrumb\"},\"inLanguage\":\"lt-LT\",\"potentialAction\":[{\"@type\":\"ReadAction\",\"target\":[\"https:\\\/\\\/vsmc.lt\\\/?p=10715\"]}]},{\"@type\":\"BreadcrumbList\",\"@id\":\"https:\\\/\\\/vsmc.lt\\\/?p=10715#breadcrumb\",\"itemListElement\":[{\"@type\":\"ListItem\",\"position\":1,\"name\":\"Home\",\"item\":\"https:\\\/\\\/vsmc.lt\\\/\"},{\"@type\":\"ListItem\",\"position\":2,\"name\":\"2023-11-15 Meno pa\u017einimo pamoka Vilniaus ma\u017eajame teatre\"}]},{\"@type\":\"WebSite\",\"@id\":\"https:\\\/\\\/vsmc.lt\\\/#website\",\"url\":\"https:\\\/\\\/vsmc.lt\\\/\",\"name\":\"Vilniaus suaugusi\u0173j\u0173 mokymo centras\",\"description\":\"VSMC\",\"publisher\":{\"@id\":\"https:\\\/\\\/vsmc.lt\\\/#organization\"},\"alternateName\":\"VSMC\",\"potentialAction\":[{\"@type\":\"SearchAction\",\"target\":{\"@type\":\"EntryPoint\",\"urlTemplate\":\"https:\\\/\\\/vsmc.lt\\\/?s={search_term_string}\"},\"query-input\":{\"@type\":\"PropertyValueSpecification\",\"valueRequired\":true,\"valueName\":\"search_term_string\"}}],\"inLanguage\":\"lt-LT\"},{\"@type\":\"Organization\",\"@id\":\"https:\\\/\\\/vsmc.lt\\\/#organization\",\"name\":\"Vilniaus suaugusi\u0173j\u0173 mokymo centras\",\"alternateName\":\"VSMC\",\"url\":\"https:\\\/\\\/vsmc.lt\\\/\",\"logo\":{\"@type\":\"ImageObject\",\"inLanguage\":\"lt-LT\",\"@id\":\"https:\\\/\\\/vsmc.lt\\\/#\\\/schema\\\/logo\\\/image\\\/\",\"url\":\"https:\\\/\\\/vsmc.lt\\\/wp-content\\\/uploads\\\/2016\\\/11\\\/15\\\/logo.png\",\"contentUrl\":\"https:\\\/\\\/vsmc.lt\\\/wp-content\\\/uploads\\\/2016\\\/11\\\/15\\\/logo.png\",\"width\":96,\"height\":121,\"caption\":\"Vilniaus suaugusi\u0173j\u0173 mokymo centras\"},\"image\":{\"@id\":\"https:\\\/\\\/vsmc.lt\\\/#\\\/schema\\\/logo\\\/image\\\/\"},\"sameAs\":[\"https:\\\/\\\/www.facebook.com\\\/p\\\/Vilniaus-suaugusij-mokymo-centras-VSMC-gimnazija-100034428106674\\\/\"]},{\"@type\":\"Person\",\"@id\":\"https:\\\/\\\/vsmc.lt\\\/#\\\/schema\\\/person\\\/7b79c1eab13a88fc1ed4dc6626a57f98\",\"name\":\"Birut\u0117 Kubilinskien\u0117\",\"image\":{\"@type\":\"ImageObject\",\"inLanguage\":\"lt-LT\",\"@id\":\"https:\\\/\\\/secure.gravatar.com\\\/avatar\\\/de3432602f9f0edd7dc9006aceaad7e2a3227ca56f4f6d9e4b2e2ee05a11e793?s=96&d=mm&r=g\",\"url\":\"https:\\\/\\\/secure.gravatar.com\\\/avatar\\\/de3432602f9f0edd7dc9006aceaad7e2a3227ca56f4f6d9e4b2e2ee05a11e793?s=96&d=mm&r=g\",\"contentUrl\":\"https:\\\/\\\/secure.gravatar.com\\\/avatar\\\/de3432602f9f0edd7dc9006aceaad7e2a3227ca56f4f6d9e4b2e2ee05a11e793?s=96&d=mm&r=g\",\"caption\":\"Birut\u0117 Kubilinskien\u0117\"},\"url\":\"https:\\\/\\\/vsmc.lt\\\/?author=5\"}]}<\/script>\n<!-- \/ Yoast SEO plugin. -->","yoast_head_json":{"title":"2023-11-15 Meno pa\u017einimo pamoka Vilniaus ma\u017eajame teatre Vilniaus suaugusi\u0173j\u0173 mokymo centras  - Vilniaus suaugusi\u0173j\u0173 mokymo centras","description":"2023-11-15 Meno pa\u017einimo pamoka Vilniaus ma\u017eajame teatre Vilniaus suaugusi\u0173j\u0173 mokymo centras","robots":{"index":"index","follow":"follow","max-snippet":"max-snippet:-1","max-image-preview":"max-image-preview:large","max-video-preview":"max-video-preview:-1"},"canonical":"https:\/\/vsmc.lt\/?p=10715","og_locale":"lt_LT","og_type":"article","og_title":"2023-11-15 Meno pa\u017einimo pamoka Vilniaus ma\u017eajame teatre Vilniaus suaugusi\u0173j\u0173 mokymo centras  - Vilniaus suaugusi\u0173j\u0173 mokymo centras","og_description":"2023-11-15 Meno pa\u017einimo pamoka Vilniaus ma\u017eajame teatre Vilniaus suaugusi\u0173j\u0173 mokymo centras","og_url":"https:\/\/vsmc.lt\/?p=10715","og_site_name":"Vilniaus suaugusi\u0173j\u0173 mokymo centras","article_publisher":"https:\/\/www.facebook.com\/p\/Vilniaus-suaugusij-mokymo-centras-VSMC-gimnazija-100034428106674\/","article_published_time":"2023-11-16T18:04:42+00:00","article_modified_time":"2023-12-21T18:10:16+00:00","og_image":[{"width":1500,"height":925,"url":"https:\/\/vsmc.lt\/wp-content\/uploads\/2018\/05\/03\/VSMC_PASTATAS_1-1.jpg","type":"image\/jpeg"}],"author":"Birut\u0117 Kubilinskien\u0117","twitter_card":"summary_large_image","twitter_misc":{"Written by":"Birut\u0117 Kubilinskien\u0117","Est. reading time":"1 minut\u0117"},"schema":{"@context":"https:\/\/schema.org","@graph":[{"@type":"Article","@id":"https:\/\/vsmc.lt\/?p=10715#article","isPartOf":{"@id":"https:\/\/vsmc.lt\/?p=10715"},"author":{"name":"Birut\u0117 Kubilinskien\u0117","@id":"https:\/\/vsmc.lt\/#\/schema\/person\/7b79c1eab13a88fc1ed4dc6626a57f98"},"headline":"2023-11-15 Meno pa\u017einimo pamoka Vilniaus ma\u017eajame teatre","datePublished":"2023-11-16T18:04:42+00:00","dateModified":"2023-12-21T18:10:16+00:00","mainEntityOfPage":{"@id":"https:\/\/vsmc.lt\/?p=10715"},"wordCount":246,"publisher":{"@id":"https:\/\/vsmc.lt\/#organization"},"articleSection":["Naujienos"],"inLanguage":"lt-LT"},{"@type":"WebPage","@id":"https:\/\/vsmc.lt\/?p=10715","url":"https:\/\/vsmc.lt\/?p=10715","name":"2023-11-15 Meno pa\u017einimo pamoka Vilniaus ma\u017eajame teatre Vilniaus suaugusi\u0173j\u0173 mokymo centras - Vilniaus suaugusi\u0173j\u0173 mokymo centras","isPartOf":{"@id":"https:\/\/vsmc.lt\/#website"},"datePublished":"2023-11-16T18:04:42+00:00","dateModified":"2023-12-21T18:10:16+00:00","description":"2023-11-15 Meno pa\u017einimo pamoka Vilniaus ma\u017eajame teatre Vilniaus suaugusi\u0173j\u0173 mokymo centras","breadcrumb":{"@id":"https:\/\/vsmc.lt\/?p=10715#breadcrumb"},"inLanguage":"lt-LT","potentialAction":[{"@type":"ReadAction","target":["https:\/\/vsmc.lt\/?p=10715"]}]},{"@type":"BreadcrumbList","@id":"https:\/\/vsmc.lt\/?p=10715#breadcrumb","itemListElement":[{"@type":"ListItem","position":1,"name":"Home","item":"https:\/\/vsmc.lt\/"},{"@type":"ListItem","position":2,"name":"2023-11-15 Meno pa\u017einimo pamoka Vilniaus ma\u017eajame teatre"}]},{"@type":"WebSite","@id":"https:\/\/vsmc.lt\/#website","url":"https:\/\/vsmc.lt\/","name":"Vilniaus suaugusi\u0173j\u0173 mokymo centras","description":"VSMC","publisher":{"@id":"https:\/\/vsmc.lt\/#organization"},"alternateName":"VSMC","potentialAction":[{"@type":"SearchAction","target":{"@type":"EntryPoint","urlTemplate":"https:\/\/vsmc.lt\/?s={search_term_string}"},"query-input":{"@type":"PropertyValueSpecification","valueRequired":true,"valueName":"search_term_string"}}],"inLanguage":"lt-LT"},{"@type":"Organization","@id":"https:\/\/vsmc.lt\/#organization","name":"Vilniaus suaugusi\u0173j\u0173 mokymo centras","alternateName":"VSMC","url":"https:\/\/vsmc.lt\/","logo":{"@type":"ImageObject","inLanguage":"lt-LT","@id":"https:\/\/vsmc.lt\/#\/schema\/logo\/image\/","url":"https:\/\/vsmc.lt\/wp-content\/uploads\/2016\/11\/15\/logo.png","contentUrl":"https:\/\/vsmc.lt\/wp-content\/uploads\/2016\/11\/15\/logo.png","width":96,"height":121,"caption":"Vilniaus suaugusi\u0173j\u0173 mokymo centras"},"image":{"@id":"https:\/\/vsmc.lt\/#\/schema\/logo\/image\/"},"sameAs":["https:\/\/www.facebook.com\/p\/Vilniaus-suaugusij-mokymo-centras-VSMC-gimnazija-100034428106674\/"]},{"@type":"Person","@id":"https:\/\/vsmc.lt\/#\/schema\/person\/7b79c1eab13a88fc1ed4dc6626a57f98","name":"Birut\u0117 Kubilinskien\u0117","image":{"@type":"ImageObject","inLanguage":"lt-LT","@id":"https:\/\/secure.gravatar.com\/avatar\/de3432602f9f0edd7dc9006aceaad7e2a3227ca56f4f6d9e4b2e2ee05a11e793?s=96&d=mm&r=g","url":"https:\/\/secure.gravatar.com\/avatar\/de3432602f9f0edd7dc9006aceaad7e2a3227ca56f4f6d9e4b2e2ee05a11e793?s=96&d=mm&r=g","contentUrl":"https:\/\/secure.gravatar.com\/avatar\/de3432602f9f0edd7dc9006aceaad7e2a3227ca56f4f6d9e4b2e2ee05a11e793?s=96&d=mm&r=g","caption":"Birut\u0117 Kubilinskien\u0117"},"url":"https:\/\/vsmc.lt\/?author=5"}]}},"_links":{"self":[{"href":"https:\/\/vsmc.lt\/index.php?rest_route=\/wp\/v2\/posts\/10715","targetHints":{"allow":["GET"]}}],"collection":[{"href":"https:\/\/vsmc.lt\/index.php?rest_route=\/wp\/v2\/posts"}],"about":[{"href":"https:\/\/vsmc.lt\/index.php?rest_route=\/wp\/v2\/types\/post"}],"author":[{"embeddable":true,"href":"https:\/\/vsmc.lt\/index.php?rest_route=\/wp\/v2\/users\/5"}],"replies":[{"embeddable":true,"href":"https:\/\/vsmc.lt\/index.php?rest_route=%2Fwp%2Fv2%2Fcomments&post=10715"}],"version-history":[{"count":1,"href":"https:\/\/vsmc.lt\/index.php?rest_route=\/wp\/v2\/posts\/10715\/revisions"}],"predecessor-version":[{"id":10716,"href":"https:\/\/vsmc.lt\/index.php?rest_route=\/wp\/v2\/posts\/10715\/revisions\/10716"}],"wp:attachment":[{"href":"https:\/\/vsmc.lt\/index.php?rest_route=%2Fwp%2Fv2%2Fmedia&parent=10715"}],"wp:term":[{"taxonomy":"category","embeddable":true,"href":"https:\/\/vsmc.lt\/index.php?rest_route=%2Fwp%2Fv2%2Fcategories&post=10715"},{"taxonomy":"post_tag","embeddable":true,"href":"https:\/\/vsmc.lt\/index.php?rest_route=%2Fwp%2Fv2%2Ftags&post=10715"}],"curies":[{"name":"wp","href":"https:\/\/api.w.org\/{rel}","templated":true}]}}