{"id":10747,"date":"2024-01-15T17:45:05","date_gmt":"2024-01-15T14:45:05","guid":{"rendered":"https:\/\/vsmc.lt\/?p=10747"},"modified":"2024-01-22T17:48:55","modified_gmt":"2024-01-22T14:48:55","slug":"2024-01-11-paminejome-laisves-gyneju-diena","status":"publish","type":"post","link":"https:\/\/vsmc.lt\/?p=10747","title":{"rendered":"2024-01-11 Pamin\u0117jome Laisv\u0117s gyn\u0117j\u0173 dien\u0105"},"content":{"rendered":"<p>Kaip ir kasmet, VSMC vyko renginiai, skirti Sausio 13-osios \u012fvyki\u0173 33-osioms metin\u0117ms pamin\u0117ti. \u017dvarbi\u0105 sausio 11-osios popiet\u0119 gimnazijoje \u012fvyko atvira integruota gyvosios istorijos ir pilieti\u0161kumo pamoka-min\u0117jimas. Pamokos tikslas \u2013 pamin\u0117ti Lietuvai nepaprastai svarbi\u0105 dat\u0105.<\/p>\n<p>Pamok\u0105-min\u0117jim\u0105 prad\u0117jome sugiedodami Lietuvos himn\u0105, po to prasming\u0105 \u017eod\u012f tar\u0117 gimnazijos direktor\u0117. Ji pasidalijo savo prisiminimais apie Sausio 13-osios \u012fvykius. Tomis tragi\u0161komis dienomis m\u016bs\u0173 mokykla priglaud\u0117 daugel\u012f Parlamento gyn\u0117j\u0173. Direktor\u0117 pa\u017eym\u0117jo, kad Sausio 13-\u0105j\u0105 taik\u016bs Lietuvos \u017emon\u0117s nugal\u0117jo agresij\u0105 ir blog\u012f, tod\u0117l \u0161iandien \u0161ven\u010diame did\u017ei\u0105 Pergal\u0119. IV-t\u0173 gimnazijos klasi\u0173 mokiniai pristat\u0117 pateikt\u012f apie tragi\u0161kus Sausio 13-osios \u012fvykius, \u017euvusieji u\u017e Lietuvos Laisv\u0119 buvo pagerbti tylos minute. IVB klas\u0117s mokin\u0117 deklamavo eil\u0117ra\u0161\u010dius, kurie sujaudino sal\u0117je susirinkusius pamokos-min\u0117jimo dalyvius.<\/p>\n<p>V\u0117liau \u017ei\u016br\u0117jome trumpametra\u017e\u012f film\u0105 apie tai, kaip prisimena Sausio 13-osios \u012fvykius Auk\u0161\u010diausios tarybos gyn\u0117jai, taikaus pasiprie\u0161inimo dalyviai, \u017eurnalistai, medikai ir kiti.<\/p>\n<p>Pagerbiant \u017euvusiuosius Lietuvos Laisv\u0117s gyn\u0117jus organizuota ir daugiau veikl\u0173. Sausio 12-osios ryt\u0105 VSMC mokiniai prisijung\u0117 prie pilietin\u0117s iniciatyvos \u201ePergal\u0117s \u0161viesa\u201c: de\u0161im\u010diai minu\u010di\u0173 languose buvo u\u017edegtos vienyb\u0117s, atminimo ir pergal\u0117s \u017evakut\u0117s. Taip pat VSMC bendruomen\u0117\u00a0\u00a0\u201eu\u017eaugino\u201c Neu\u017emir\u0161tuoli\u0173 piev\u0105, kuri\u0105 papild\u0117 saul\u0117gr\u0105\u017eomis, i\u0161reik\u0161dama solidarum\u0105 su Ukraina. Sausio 12 d., nuo 11 val. IVG kl. mokiniai kartu su lietuvi\u0173 kalbos ir literat\u016bros mokytoja Vita Budiniene steb\u0117jo Sausio 13-osios pamokos-min\u0117jimo transliacij\u0105 i\u0161 Vyriausyb\u0117s r\u016bm\u0173, kurioje dalyvavo kult\u016bros istorikas Aurimas \u0160vedas. Buvo aptarta daug aktuali\u0173 istorijos klausim\u0173: kas yra istorinis \u012fvykis; kas yra Sausio 13-oji; kod\u0117l apie Sausio 13-\u0105j\u0105 negalima m\u0105styti be konteksto, arba kaip buvo \u017eengti septyni lemtingi \u017eingsniai svajon\u0117s link; kaip Sausio 13-oji pakeit\u0117 Lietuvos ir Europos istorij\u0105; kokios yra Sausio 13-osios pamokos mums.<\/p>\n<p>Sausio 13-oji \u2013 tai ne tik gyva atmintis apie tai, kaip vieningai susitelk\u0119, aukodamiesi \u017emon\u0117s kovojo u\u017e laisv\u0119, tai kur kas daugiau \u2013 tai jausmas \u0161irdyje, meil\u0117 Lietuvai, liudijimas, kad \u017emon\u0117s, jei reikia, gali mirti u\u017e T\u0117vyn\u0119.<\/p>\n<p><img loading=\"lazy\" decoding=\"async\" class=\"alignnone size-medium wp-image-10748\" src=\"https:\/\/vsmc.lt\/wp-content\/uploads\/2024\/01\/22\/sausio-13-640x360.png\" alt=\"\" width=\"640\" height=\"360\" srcset=\"https:\/\/vsmc.lt\/wp-content\/uploads\/2024\/01\/22\/sausio-13-640x360.png 640w, https:\/\/vsmc.lt\/wp-content\/uploads\/2024\/01\/22\/sausio-13-768x432.png 768w, https:\/\/vsmc.lt\/wp-content\/uploads\/2024\/01\/22\/sausio-13.png 1004w\" sizes=\"auto, (max-width: 640px) 100vw, 640px\" \/> <img loading=\"lazy\" decoding=\"async\" class=\"alignnone size-medium wp-image-10749\" src=\"https:\/\/vsmc.lt\/wp-content\/uploads\/2024\/01\/22\/sausio13-1-640x360.png\" alt=\"\" width=\"640\" height=\"360\" srcset=\"https:\/\/vsmc.lt\/wp-content\/uploads\/2024\/01\/22\/sausio13-1-640x360.png 640w, https:\/\/vsmc.lt\/wp-content\/uploads\/2024\/01\/22\/sausio13-1-768x432.png 768w, https:\/\/vsmc.lt\/wp-content\/uploads\/2024\/01\/22\/sausio13-1.png 1004w\" sizes=\"auto, (max-width: 640px) 100vw, 640px\" \/><\/p>\n<p style=\"text-align: right;\">Istorijos mokytoja metodinink\u0117 An\u017eela Jablonskait\u0117<\/p>\n","protected":false},"excerpt":{"rendered":"<p>Kaip ir kasmet, VSMC vyko renginiai, skirti Sausio 13-osios \u012fvyki\u0173 33-osioms metin\u0117ms pamin\u0117ti. \u017dvarbi\u0105 sausio 11-osios popiet\u0119 gimnazijoje \u012fvyko atvira integruota gyvosios istorijos ir pilieti\u0161kumo pamoka-min\u0117jimas. Pamokos tikslas \u2013 pamin\u0117ti Lietuvai nepaprastai svarbi\u0105 dat\u0105. Pamok\u0105-min\u0117jim\u0105 prad\u0117jome sugiedodami Lietuvos himn\u0105, po to prasming\u0105 \u017eod\u012f tar\u0117 gimnazijos direktor\u0117. Ji pasidalijo savo prisiminimais apie Sausio 13-osios \u012fvykius. Tomis [&hellip;]<\/p>\n","protected":false},"author":5,"featured_media":0,"comment_status":"closed","ping_status":"closed","sticky":false,"template":"","format":"standard","meta":{"footnotes":""},"categories":[1],"tags":[],"class_list":["post-10747","post","type-post","status-publish","format-standard","hentry","category-naujienos"],"yoast_head":"<!-- This site is optimized with the Yoast SEO plugin v27.5 - https:\/\/yoast.com\/product\/yoast-seo-wordpress\/ -->\n<title>2024-01-11 Pamin\u0117jome Laisv\u0117s gyn\u0117j\u0173 dien\u0105 Vilniaus suaugusi\u0173j\u0173 mokymo centras  - Vilniaus suaugusi\u0173j\u0173 mokymo centras<\/title>\n<meta name=\"description\" content=\"2024-01-11 Pamin\u0117jome Laisv\u0117s gyn\u0117j\u0173 dien\u0105 Vilniaus suaugusi\u0173j\u0173 mokymo centras\" \/>\n<meta name=\"robots\" content=\"index, follow, max-snippet:-1, max-image-preview:large, max-video-preview:-1\" \/>\n<link rel=\"canonical\" href=\"https:\/\/vsmc.lt\/?p=10747\" \/>\n<meta property=\"og:locale\" content=\"lt_LT\" \/>\n<meta property=\"og:type\" content=\"article\" \/>\n<meta property=\"og:title\" content=\"2024-01-11 Pamin\u0117jome Laisv\u0117s gyn\u0117j\u0173 dien\u0105 Vilniaus suaugusi\u0173j\u0173 mokymo centras  - Vilniaus suaugusi\u0173j\u0173 mokymo centras\" \/>\n<meta property=\"og:description\" content=\"2024-01-11 Pamin\u0117jome Laisv\u0117s gyn\u0117j\u0173 dien\u0105 Vilniaus suaugusi\u0173j\u0173 mokymo centras\" \/>\n<meta property=\"og:url\" content=\"https:\/\/vsmc.lt\/?p=10747\" \/>\n<meta property=\"og:site_name\" content=\"Vilniaus suaugusi\u0173j\u0173 mokymo centras\" \/>\n<meta property=\"article:publisher\" content=\"https:\/\/www.facebook.com\/p\/Vilniaus-suaugusij-mokymo-centras-VSMC-gimnazija-100034428106674\/\" \/>\n<meta property=\"article:published_time\" content=\"2024-01-15T14:45:05+00:00\" \/>\n<meta property=\"article:modified_time\" content=\"2024-01-22T14:48:55+00:00\" \/>\n<meta property=\"og:image\" content=\"https:\/\/vsmc.lt\/wp-content\/uploads\/2024\/01\/22\/sausio-13-640x360.png\" \/>\n<meta name=\"author\" content=\"Birut\u0117 Kubilinskien\u0117\" \/>\n<meta name=\"twitter:card\" content=\"summary_large_image\" \/>\n<meta name=\"twitter:label1\" content=\"Written by\" \/>\n\t<meta name=\"twitter:data1\" content=\"Birut\u0117 Kubilinskien\u0117\" \/>\n\t<meta name=\"twitter:label2\" content=\"Est. reading time\" \/>\n\t<meta name=\"twitter:data2\" content=\"2 minut\u0117s\" \/>\n<script type=\"application\/ld+json\" class=\"yoast-schema-graph\">{\"@context\":\"https:\\\/\\\/schema.org\",\"@graph\":[{\"@type\":\"Article\",\"@id\":\"https:\\\/\\\/vsmc.lt\\\/?p=10747#article\",\"isPartOf\":{\"@id\":\"https:\\\/\\\/vsmc.lt\\\/?p=10747\"},\"author\":{\"name\":\"Birut\u0117 Kubilinskien\u0117\",\"@id\":\"https:\\\/\\\/vsmc.lt\\\/#\\\/schema\\\/person\\\/7b79c1eab13a88fc1ed4dc6626a57f98\"},\"headline\":\"2024-01-11 Pamin\u0117jome Laisv\u0117s gyn\u0117j\u0173 dien\u0105\",\"datePublished\":\"2024-01-15T14:45:05+00:00\",\"dateModified\":\"2024-01-22T14:48:55+00:00\",\"mainEntityOfPage\":{\"@id\":\"https:\\\/\\\/vsmc.lt\\\/?p=10747\"},\"wordCount\":362,\"publisher\":{\"@id\":\"https:\\\/\\\/vsmc.lt\\\/#organization\"},\"image\":{\"@id\":\"https:\\\/\\\/vsmc.lt\\\/?p=10747#primaryimage\"},\"thumbnailUrl\":\"https:\\\/\\\/vsmc.lt\\\/wp-content\\\/uploads\\\/2024\\\/01\\\/22\\\/sausio-13-640x360.png\",\"articleSection\":[\"Naujienos\"],\"inLanguage\":\"lt-LT\"},{\"@type\":\"WebPage\",\"@id\":\"https:\\\/\\\/vsmc.lt\\\/?p=10747\",\"url\":\"https:\\\/\\\/vsmc.lt\\\/?p=10747\",\"name\":\"2024-01-11 Pamin\u0117jome Laisv\u0117s gyn\u0117j\u0173 dien\u0105 Vilniaus suaugusi\u0173j\u0173 mokymo centras - Vilniaus suaugusi\u0173j\u0173 mokymo centras\",\"isPartOf\":{\"@id\":\"https:\\\/\\\/vsmc.lt\\\/#website\"},\"primaryImageOfPage\":{\"@id\":\"https:\\\/\\\/vsmc.lt\\\/?p=10747#primaryimage\"},\"image\":{\"@id\":\"https:\\\/\\\/vsmc.lt\\\/?p=10747#primaryimage\"},\"thumbnailUrl\":\"https:\\\/\\\/vsmc.lt\\\/wp-content\\\/uploads\\\/2024\\\/01\\\/22\\\/sausio-13-640x360.png\",\"datePublished\":\"2024-01-15T14:45:05+00:00\",\"dateModified\":\"2024-01-22T14:48:55+00:00\",\"description\":\"2024-01-11 Pamin\u0117jome Laisv\u0117s gyn\u0117j\u0173 dien\u0105 Vilniaus suaugusi\u0173j\u0173 mokymo centras\",\"breadcrumb\":{\"@id\":\"https:\\\/\\\/vsmc.lt\\\/?p=10747#breadcrumb\"},\"inLanguage\":\"lt-LT\",\"potentialAction\":[{\"@type\":\"ReadAction\",\"target\":[\"https:\\\/\\\/vsmc.lt\\\/?p=10747\"]}]},{\"@type\":\"ImageObject\",\"inLanguage\":\"lt-LT\",\"@id\":\"https:\\\/\\\/vsmc.lt\\\/?p=10747#primaryimage\",\"url\":\"https:\\\/\\\/vsmc.lt\\\/wp-content\\\/uploads\\\/2024\\\/01\\\/22\\\/sausio-13.png\",\"contentUrl\":\"https:\\\/\\\/vsmc.lt\\\/wp-content\\\/uploads\\\/2024\\\/01\\\/22\\\/sausio-13.png\",\"width\":1004,\"height\":565},{\"@type\":\"BreadcrumbList\",\"@id\":\"https:\\\/\\\/vsmc.lt\\\/?p=10747#breadcrumb\",\"itemListElement\":[{\"@type\":\"ListItem\",\"position\":1,\"name\":\"Home\",\"item\":\"https:\\\/\\\/vsmc.lt\\\/\"},{\"@type\":\"ListItem\",\"position\":2,\"name\":\"2024-01-11 Pamin\u0117jome Laisv\u0117s gyn\u0117j\u0173 dien\u0105\"}]},{\"@type\":\"WebSite\",\"@id\":\"https:\\\/\\\/vsmc.lt\\\/#website\",\"url\":\"https:\\\/\\\/vsmc.lt\\\/\",\"name\":\"Vilniaus suaugusi\u0173j\u0173 mokymo centras\",\"description\":\"VSMC\",\"publisher\":{\"@id\":\"https:\\\/\\\/vsmc.lt\\\/#organization\"},\"alternateName\":\"VSMC\",\"potentialAction\":[{\"@type\":\"SearchAction\",\"target\":{\"@type\":\"EntryPoint\",\"urlTemplate\":\"https:\\\/\\\/vsmc.lt\\\/?s={search_term_string}\"},\"query-input\":{\"@type\":\"PropertyValueSpecification\",\"valueRequired\":true,\"valueName\":\"search_term_string\"}}],\"inLanguage\":\"lt-LT\"},{\"@type\":\"Organization\",\"@id\":\"https:\\\/\\\/vsmc.lt\\\/#organization\",\"name\":\"Vilniaus suaugusi\u0173j\u0173 mokymo centras\",\"alternateName\":\"VSMC\",\"url\":\"https:\\\/\\\/vsmc.lt\\\/\",\"logo\":{\"@type\":\"ImageObject\",\"inLanguage\":\"lt-LT\",\"@id\":\"https:\\\/\\\/vsmc.lt\\\/#\\\/schema\\\/logo\\\/image\\\/\",\"url\":\"https:\\\/\\\/vsmc.lt\\\/wp-content\\\/uploads\\\/2016\\\/11\\\/15\\\/logo.png\",\"contentUrl\":\"https:\\\/\\\/vsmc.lt\\\/wp-content\\\/uploads\\\/2016\\\/11\\\/15\\\/logo.png\",\"width\":96,\"height\":121,\"caption\":\"Vilniaus suaugusi\u0173j\u0173 mokymo centras\"},\"image\":{\"@id\":\"https:\\\/\\\/vsmc.lt\\\/#\\\/schema\\\/logo\\\/image\\\/\"},\"sameAs\":[\"https:\\\/\\\/www.facebook.com\\\/p\\\/Vilniaus-suaugusij-mokymo-centras-VSMC-gimnazija-100034428106674\\\/\"]},{\"@type\":\"Person\",\"@id\":\"https:\\\/\\\/vsmc.lt\\\/#\\\/schema\\\/person\\\/7b79c1eab13a88fc1ed4dc6626a57f98\",\"name\":\"Birut\u0117 Kubilinskien\u0117\",\"image\":{\"@type\":\"ImageObject\",\"inLanguage\":\"lt-LT\",\"@id\":\"https:\\\/\\\/secure.gravatar.com\\\/avatar\\\/de3432602f9f0edd7dc9006aceaad7e2a3227ca56f4f6d9e4b2e2ee05a11e793?s=96&d=mm&r=g\",\"url\":\"https:\\\/\\\/secure.gravatar.com\\\/avatar\\\/de3432602f9f0edd7dc9006aceaad7e2a3227ca56f4f6d9e4b2e2ee05a11e793?s=96&d=mm&r=g\",\"contentUrl\":\"https:\\\/\\\/secure.gravatar.com\\\/avatar\\\/de3432602f9f0edd7dc9006aceaad7e2a3227ca56f4f6d9e4b2e2ee05a11e793?s=96&d=mm&r=g\",\"caption\":\"Birut\u0117 Kubilinskien\u0117\"},\"url\":\"https:\\\/\\\/vsmc.lt\\\/?author=5\"}]}<\/script>\n<!-- \/ Yoast SEO plugin. -->","yoast_head_json":{"title":"2024-01-11 Pamin\u0117jome Laisv\u0117s gyn\u0117j\u0173 dien\u0105 Vilniaus suaugusi\u0173j\u0173 mokymo centras  - Vilniaus suaugusi\u0173j\u0173 mokymo centras","description":"2024-01-11 Pamin\u0117jome Laisv\u0117s gyn\u0117j\u0173 dien\u0105 Vilniaus suaugusi\u0173j\u0173 mokymo centras","robots":{"index":"index","follow":"follow","max-snippet":"max-snippet:-1","max-image-preview":"max-image-preview:large","max-video-preview":"max-video-preview:-1"},"canonical":"https:\/\/vsmc.lt\/?p=10747","og_locale":"lt_LT","og_type":"article","og_title":"2024-01-11 Pamin\u0117jome Laisv\u0117s gyn\u0117j\u0173 dien\u0105 Vilniaus suaugusi\u0173j\u0173 mokymo centras  - Vilniaus suaugusi\u0173j\u0173 mokymo centras","og_description":"2024-01-11 Pamin\u0117jome Laisv\u0117s gyn\u0117j\u0173 dien\u0105 Vilniaus suaugusi\u0173j\u0173 mokymo centras","og_url":"https:\/\/vsmc.lt\/?p=10747","og_site_name":"Vilniaus suaugusi\u0173j\u0173 mokymo centras","article_publisher":"https:\/\/www.facebook.com\/p\/Vilniaus-suaugusij-mokymo-centras-VSMC-gimnazija-100034428106674\/","article_published_time":"2024-01-15T14:45:05+00:00","article_modified_time":"2024-01-22T14:48:55+00:00","og_image":[{"url":"https:\/\/vsmc.lt\/wp-content\/uploads\/2024\/01\/22\/sausio-13-640x360.png","type":"","width":"","height":""}],"author":"Birut\u0117 Kubilinskien\u0117","twitter_card":"summary_large_image","twitter_misc":{"Written by":"Birut\u0117 Kubilinskien\u0117","Est. reading time":"2 minut\u0117s"},"schema":{"@context":"https:\/\/schema.org","@graph":[{"@type":"Article","@id":"https:\/\/vsmc.lt\/?p=10747#article","isPartOf":{"@id":"https:\/\/vsmc.lt\/?p=10747"},"author":{"name":"Birut\u0117 Kubilinskien\u0117","@id":"https:\/\/vsmc.lt\/#\/schema\/person\/7b79c1eab13a88fc1ed4dc6626a57f98"},"headline":"2024-01-11 Pamin\u0117jome Laisv\u0117s gyn\u0117j\u0173 dien\u0105","datePublished":"2024-01-15T14:45:05+00:00","dateModified":"2024-01-22T14:48:55+00:00","mainEntityOfPage":{"@id":"https:\/\/vsmc.lt\/?p=10747"},"wordCount":362,"publisher":{"@id":"https:\/\/vsmc.lt\/#organization"},"image":{"@id":"https:\/\/vsmc.lt\/?p=10747#primaryimage"},"thumbnailUrl":"https:\/\/vsmc.lt\/wp-content\/uploads\/2024\/01\/22\/sausio-13-640x360.png","articleSection":["Naujienos"],"inLanguage":"lt-LT"},{"@type":"WebPage","@id":"https:\/\/vsmc.lt\/?p=10747","url":"https:\/\/vsmc.lt\/?p=10747","name":"2024-01-11 Pamin\u0117jome Laisv\u0117s gyn\u0117j\u0173 dien\u0105 Vilniaus suaugusi\u0173j\u0173 mokymo centras - Vilniaus suaugusi\u0173j\u0173 mokymo centras","isPartOf":{"@id":"https:\/\/vsmc.lt\/#website"},"primaryImageOfPage":{"@id":"https:\/\/vsmc.lt\/?p=10747#primaryimage"},"image":{"@id":"https:\/\/vsmc.lt\/?p=10747#primaryimage"},"thumbnailUrl":"https:\/\/vsmc.lt\/wp-content\/uploads\/2024\/01\/22\/sausio-13-640x360.png","datePublished":"2024-01-15T14:45:05+00:00","dateModified":"2024-01-22T14:48:55+00:00","description":"2024-01-11 Pamin\u0117jome Laisv\u0117s gyn\u0117j\u0173 dien\u0105 Vilniaus suaugusi\u0173j\u0173 mokymo centras","breadcrumb":{"@id":"https:\/\/vsmc.lt\/?p=10747#breadcrumb"},"inLanguage":"lt-LT","potentialAction":[{"@type":"ReadAction","target":["https:\/\/vsmc.lt\/?p=10747"]}]},{"@type":"ImageObject","inLanguage":"lt-LT","@id":"https:\/\/vsmc.lt\/?p=10747#primaryimage","url":"https:\/\/vsmc.lt\/wp-content\/uploads\/2024\/01\/22\/sausio-13.png","contentUrl":"https:\/\/vsmc.lt\/wp-content\/uploads\/2024\/01\/22\/sausio-13.png","width":1004,"height":565},{"@type":"BreadcrumbList","@id":"https:\/\/vsmc.lt\/?p=10747#breadcrumb","itemListElement":[{"@type":"ListItem","position":1,"name":"Home","item":"https:\/\/vsmc.lt\/"},{"@type":"ListItem","position":2,"name":"2024-01-11 Pamin\u0117jome Laisv\u0117s gyn\u0117j\u0173 dien\u0105"}]},{"@type":"WebSite","@id":"https:\/\/vsmc.lt\/#website","url":"https:\/\/vsmc.lt\/","name":"Vilniaus suaugusi\u0173j\u0173 mokymo centras","description":"VSMC","publisher":{"@id":"https:\/\/vsmc.lt\/#organization"},"alternateName":"VSMC","potentialAction":[{"@type":"SearchAction","target":{"@type":"EntryPoint","urlTemplate":"https:\/\/vsmc.lt\/?s={search_term_string}"},"query-input":{"@type":"PropertyValueSpecification","valueRequired":true,"valueName":"search_term_string"}}],"inLanguage":"lt-LT"},{"@type":"Organization","@id":"https:\/\/vsmc.lt\/#organization","name":"Vilniaus suaugusi\u0173j\u0173 mokymo centras","alternateName":"VSMC","url":"https:\/\/vsmc.lt\/","logo":{"@type":"ImageObject","inLanguage":"lt-LT","@id":"https:\/\/vsmc.lt\/#\/schema\/logo\/image\/","url":"https:\/\/vsmc.lt\/wp-content\/uploads\/2016\/11\/15\/logo.png","contentUrl":"https:\/\/vsmc.lt\/wp-content\/uploads\/2016\/11\/15\/logo.png","width":96,"height":121,"caption":"Vilniaus suaugusi\u0173j\u0173 mokymo centras"},"image":{"@id":"https:\/\/vsmc.lt\/#\/schema\/logo\/image\/"},"sameAs":["https:\/\/www.facebook.com\/p\/Vilniaus-suaugusij-mokymo-centras-VSMC-gimnazija-100034428106674\/"]},{"@type":"Person","@id":"https:\/\/vsmc.lt\/#\/schema\/person\/7b79c1eab13a88fc1ed4dc6626a57f98","name":"Birut\u0117 Kubilinskien\u0117","image":{"@type":"ImageObject","inLanguage":"lt-LT","@id":"https:\/\/secure.gravatar.com\/avatar\/de3432602f9f0edd7dc9006aceaad7e2a3227ca56f4f6d9e4b2e2ee05a11e793?s=96&d=mm&r=g","url":"https:\/\/secure.gravatar.com\/avatar\/de3432602f9f0edd7dc9006aceaad7e2a3227ca56f4f6d9e4b2e2ee05a11e793?s=96&d=mm&r=g","contentUrl":"https:\/\/secure.gravatar.com\/avatar\/de3432602f9f0edd7dc9006aceaad7e2a3227ca56f4f6d9e4b2e2ee05a11e793?s=96&d=mm&r=g","caption":"Birut\u0117 Kubilinskien\u0117"},"url":"https:\/\/vsmc.lt\/?author=5"}]}},"_links":{"self":[{"href":"https:\/\/vsmc.lt\/index.php?rest_route=\/wp\/v2\/posts\/10747","targetHints":{"allow":["GET"]}}],"collection":[{"href":"https:\/\/vsmc.lt\/index.php?rest_route=\/wp\/v2\/posts"}],"about":[{"href":"https:\/\/vsmc.lt\/index.php?rest_route=\/wp\/v2\/types\/post"}],"author":[{"embeddable":true,"href":"https:\/\/vsmc.lt\/index.php?rest_route=\/wp\/v2\/users\/5"}],"replies":[{"embeddable":true,"href":"https:\/\/vsmc.lt\/index.php?rest_route=%2Fwp%2Fv2%2Fcomments&post=10747"}],"version-history":[{"count":1,"href":"https:\/\/vsmc.lt\/index.php?rest_route=\/wp\/v2\/posts\/10747\/revisions"}],"predecessor-version":[{"id":10750,"href":"https:\/\/vsmc.lt\/index.php?rest_route=\/wp\/v2\/posts\/10747\/revisions\/10750"}],"wp:attachment":[{"href":"https:\/\/vsmc.lt\/index.php?rest_route=%2Fwp%2Fv2%2Fmedia&parent=10747"}],"wp:term":[{"taxonomy":"category","embeddable":true,"href":"https:\/\/vsmc.lt\/index.php?rest_route=%2Fwp%2Fv2%2Fcategories&post=10747"},{"taxonomy":"post_tag","embeddable":true,"href":"https:\/\/vsmc.lt\/index.php?rest_route=%2Fwp%2Fv2%2Ftags&post=10747"}],"curies":[{"name":"wp","href":"https:\/\/api.w.org\/{rel}","templated":true}]}}