{"id":10798,"date":"2024-02-14T13:30:36","date_gmt":"2024-02-14T10:30:36","guid":{"rendered":"https:\/\/vsmc.lt\/?p=10798"},"modified":"2024-02-20T16:24:29","modified_gmt":"2024-02-20T13:24:29","slug":"2023-02-15-paminejome-vasario-16-aja-lietuvos-valstybes-atkurimo-diena","status":"publish","type":"post","link":"https:\/\/vsmc.lt\/?p=10798","title":{"rendered":"2023-02-15 Vasario 16-osios \u2013 Lietuvos valstyb\u0117s atk\u016brimo dienos min\u0117jimas VSMC"},"content":{"rendered":"<p>Vasario 15-osios popiet\u0119 VSMC organizuotas i\u0161kilmingas min\u0117jimas, skirtas Lietuvos valstyb\u0117s atk\u016brimo dienos 106-osioms metin\u0117ms. Tradici\u0161kai rengin\u012f prad\u0117jome sugiedodami himn\u0105. \u0160ilt\u0105 sveikinimo \u017eod\u012f tar\u0117 ir susirinkusius pasveikino centro direktor\u0117 Natalja Kimso.<\/p>\n<p>Po sveikinimo \u017eod\u017ei\u0173 istorijos mokytoja An\u017eela Jablonskait\u0117 primin\u0117, kad politiniame XX am\u017eiaus Lietuvos istorijos kalendoriuje yra labai svarbi data \u2013 Vasario 16-oji. Tai vienas reik\u0161mingiausi\u0173 Lietuvai valstybingumo moment\u0173, kai teko vykdyti istorin\u0119 misij\u0105 parei\u0161kiant visam pasauliui, kad Lietuva pati sprend\u017eia savo ateities likim\u0105 ir kad visi esame atsakingi u\u017e savo T\u0117vyn\u0117s, savo kra\u0161to ateit\u012f. 1918 m. vasario 16- \u0105j\u0105 Lietuvos Taryba, pasinaudojusi palankiomis politin\u0117mis aplinkyb\u0117mis, atk\u016br\u0117 lietuviams ir kitoms kra\u0161te gyvenan\u010dioms tautoms nepriklausom\u0105 Lietuvos valstyb\u0119. V\u0117liau min\u0117jimo dalyviai sal\u0117je pasi\u017ei\u016br\u0117jo dokumentinio filmo \u201eLaisv\u0117s kaina. Savanoriai\u201c 1 serij\u0105 (re\u017eisierius Saulius Balandis). \u0160ioje filmo serijoje pasakojama apie Lietuvos valstyb\u0117s atk\u016brimo Akto pasira\u0161ymo aplinkybes, o visu \u0161imtme\u010diu atgal nukeliantis serialas atskleid\u017eia ne tik diding\u0105 m\u016bs\u0173 \u0161alies istorij\u0105, bet ir draugyst\u0117s bei meil\u0117s dram\u0105, nuo\u017emi\u0105 laisv\u0117s ir tikslo siekimo kov\u0105.<\/p>\n<p>Filmo kadrai primin\u0117, kad esame viena Lietuva. Turime b\u016bti stipr\u016bs ir vieningi, drauge giedoti himn\u0105 ir kelti m\u016bs\u0173 Trispalv\u0119, kartu saugoti brangiausia, k\u0105 turime: Lietuv\u0105 \u00a0kaip savo namus, Lietuv\u0105 \u00a0kaip pareig\u0105 ir tiksl\u0105.<\/p>\n<p><img loading=\"lazy\" decoding=\"async\" class=\"alignnone wp-image-10803\" src=\"https:\/\/vsmc.lt\/wp-content\/uploads\/2024\/02\/14\/V16-1-640x360.png\" alt=\"\" width=\"761\" height=\"428\" srcset=\"https:\/\/vsmc.lt\/wp-content\/uploads\/2024\/02\/14\/V16-1-640x360.png 640w, https:\/\/vsmc.lt\/wp-content\/uploads\/2024\/02\/14\/V16-1-768x432.png 768w, https:\/\/vsmc.lt\/wp-content\/uploads\/2024\/02\/14\/V16-1.png 975w\" sizes=\"auto, (max-width: 761px) 100vw, 761px\" \/><img loading=\"lazy\" decoding=\"async\" class=\"alignnone wp-image-10802\" src=\"https:\/\/vsmc.lt\/wp-content\/uploads\/2024\/02\/14\/V16-480x360.png\" alt=\"\" width=\"760\" height=\"570\" srcset=\"https:\/\/vsmc.lt\/wp-content\/uploads\/2024\/02\/14\/V16-480x360.png 480w, https:\/\/vsmc.lt\/wp-content\/uploads\/2024\/02\/14\/V16-960x720.png 960w, https:\/\/vsmc.lt\/wp-content\/uploads\/2024\/02\/14\/V16-768x576.png 768w, https:\/\/vsmc.lt\/wp-content\/uploads\/2024\/02\/14\/V16.png 975w\" sizes=\"auto, (max-width: 760px) 100vw, 760px\" \/><\/p>\n<p>&nbsp;<\/p>\n<p style=\"text-align: right;\">Pareng\u0117 istorijos mokytoja metodinink\u0117 An\u017eela Jablonskait\u0117<\/p>\n","protected":false},"excerpt":{"rendered":"<p>Vasario 15-osios popiet\u0119 VSMC organizuotas i\u0161kilmingas min\u0117jimas, skirtas Lietuvos valstyb\u0117s atk\u016brimo dienos 106-osioms metin\u0117ms. Tradici\u0161kai rengin\u012f prad\u0117jome sugiedodami himn\u0105. \u0160ilt\u0105 sveikinimo \u017eod\u012f tar\u0117 ir susirinkusius pasveikino centro direktor\u0117 Natalja Kimso. Po sveikinimo \u017eod\u017ei\u0173 istorijos mokytoja An\u017eela Jablonskait\u0117 primin\u0117, kad politiniame XX am\u017eiaus Lietuvos istorijos kalendoriuje yra labai svarbi data \u2013 Vasario 16-oji. Tai vienas reik\u0161mingiausi\u0173 [&hellip;]<\/p>\n","protected":false},"author":5,"featured_media":0,"comment_status":"closed","ping_status":"closed","sticky":false,"template":"","format":"standard","meta":{"footnotes":""},"categories":[1],"tags":[],"class_list":["post-10798","post","type-post","status-publish","format-standard","hentry","category-naujienos"],"yoast_head":"<!-- This site is optimized with the Yoast SEO plugin v27.5 - https:\/\/yoast.com\/product\/yoast-seo-wordpress\/ -->\n<title>2023-02-15 Vasario 16-osios \u2013 Lietuvos valstyb\u0117s atk\u016brimo dienos min\u0117jimas VSMC Vilniaus suaugusi\u0173j\u0173 mokymo centras  - Vilniaus suaugusi\u0173j\u0173 mokymo centras<\/title>\n<meta name=\"description\" content=\"2023-02-15 Vasario 16-osios \u2013 Lietuvos valstyb\u0117s atk\u016brimo dienos min\u0117jimas VSMC Vilniaus suaugusi\u0173j\u0173 mokymo centras\" \/>\n<meta name=\"robots\" content=\"index, follow, max-snippet:-1, max-image-preview:large, max-video-preview:-1\" \/>\n<link rel=\"canonical\" href=\"https:\/\/vsmc.lt\/?p=10798\" \/>\n<meta property=\"og:locale\" content=\"lt_LT\" \/>\n<meta property=\"og:type\" content=\"article\" \/>\n<meta property=\"og:title\" content=\"2023-02-15 Vasario 16-osios \u2013 Lietuvos valstyb\u0117s atk\u016brimo dienos min\u0117jimas VSMC Vilniaus suaugusi\u0173j\u0173 mokymo centras  - Vilniaus suaugusi\u0173j\u0173 mokymo centras\" \/>\n<meta property=\"og:description\" content=\"2023-02-15 Vasario 16-osios \u2013 Lietuvos valstyb\u0117s atk\u016brimo dienos min\u0117jimas VSMC Vilniaus suaugusi\u0173j\u0173 mokymo centras\" \/>\n<meta property=\"og:url\" content=\"https:\/\/vsmc.lt\/?p=10798\" \/>\n<meta property=\"og:site_name\" content=\"Vilniaus suaugusi\u0173j\u0173 mokymo centras\" \/>\n<meta property=\"article:publisher\" content=\"https:\/\/www.facebook.com\/p\/Vilniaus-suaugusij-mokymo-centras-VSMC-gimnazija-100034428106674\/\" \/>\n<meta property=\"article:published_time\" content=\"2024-02-14T10:30:36+00:00\" \/>\n<meta property=\"article:modified_time\" content=\"2024-02-20T13:24:29+00:00\" \/>\n<meta property=\"og:image\" content=\"https:\/\/vsmc.lt\/wp-content\/uploads\/2024\/02\/14\/V16-1-640x360.png\" \/>\n<meta name=\"author\" content=\"Birut\u0117 Kubilinskien\u0117\" \/>\n<meta name=\"twitter:card\" content=\"summary_large_image\" \/>\n<meta name=\"twitter:label1\" content=\"Written by\" \/>\n\t<meta name=\"twitter:data1\" content=\"Birut\u0117 Kubilinskien\u0117\" \/>\n\t<meta name=\"twitter:label2\" content=\"Est. reading time\" \/>\n\t<meta name=\"twitter:data2\" content=\"1 minut\u0117\" \/>\n<script type=\"application\/ld+json\" class=\"yoast-schema-graph\">{\"@context\":\"https:\\\/\\\/schema.org\",\"@graph\":[{\"@type\":\"Article\",\"@id\":\"https:\\\/\\\/vsmc.lt\\\/?p=10798#article\",\"isPartOf\":{\"@id\":\"https:\\\/\\\/vsmc.lt\\\/?p=10798\"},\"author\":{\"name\":\"Birut\u0117 Kubilinskien\u0117\",\"@id\":\"https:\\\/\\\/vsmc.lt\\\/#\\\/schema\\\/person\\\/7b79c1eab13a88fc1ed4dc6626a57f98\"},\"headline\":\"2023-02-15 Vasario 16-osios \u2013 Lietuvos valstyb\u0117s atk\u016brimo dienos min\u0117jimas VSMC\",\"datePublished\":\"2024-02-14T10:30:36+00:00\",\"dateModified\":\"2024-02-20T13:24:29+00:00\",\"mainEntityOfPage\":{\"@id\":\"https:\\\/\\\/vsmc.lt\\\/?p=10798\"},\"wordCount\":249,\"publisher\":{\"@id\":\"https:\\\/\\\/vsmc.lt\\\/#organization\"},\"image\":{\"@id\":\"https:\\\/\\\/vsmc.lt\\\/?p=10798#primaryimage\"},\"thumbnailUrl\":\"https:\\\/\\\/vsmc.lt\\\/wp-content\\\/uploads\\\/2024\\\/02\\\/14\\\/V16-1-640x360.png\",\"articleSection\":[\"Naujienos\"],\"inLanguage\":\"lt-LT\"},{\"@type\":\"WebPage\",\"@id\":\"https:\\\/\\\/vsmc.lt\\\/?p=10798\",\"url\":\"https:\\\/\\\/vsmc.lt\\\/?p=10798\",\"name\":\"2023-02-15 Vasario 16-osios \u2013 Lietuvos valstyb\u0117s atk\u016brimo dienos min\u0117jimas VSMC Vilniaus suaugusi\u0173j\u0173 mokymo centras - Vilniaus suaugusi\u0173j\u0173 mokymo centras\",\"isPartOf\":{\"@id\":\"https:\\\/\\\/vsmc.lt\\\/#website\"},\"primaryImageOfPage\":{\"@id\":\"https:\\\/\\\/vsmc.lt\\\/?p=10798#primaryimage\"},\"image\":{\"@id\":\"https:\\\/\\\/vsmc.lt\\\/?p=10798#primaryimage\"},\"thumbnailUrl\":\"https:\\\/\\\/vsmc.lt\\\/wp-content\\\/uploads\\\/2024\\\/02\\\/14\\\/V16-1-640x360.png\",\"datePublished\":\"2024-02-14T10:30:36+00:00\",\"dateModified\":\"2024-02-20T13:24:29+00:00\",\"description\":\"2023-02-15 Vasario 16-osios \u2013 Lietuvos valstyb\u0117s atk\u016brimo dienos min\u0117jimas VSMC Vilniaus suaugusi\u0173j\u0173 mokymo centras\",\"breadcrumb\":{\"@id\":\"https:\\\/\\\/vsmc.lt\\\/?p=10798#breadcrumb\"},\"inLanguage\":\"lt-LT\",\"potentialAction\":[{\"@type\":\"ReadAction\",\"target\":[\"https:\\\/\\\/vsmc.lt\\\/?p=10798\"]}]},{\"@type\":\"ImageObject\",\"inLanguage\":\"lt-LT\",\"@id\":\"https:\\\/\\\/vsmc.lt\\\/?p=10798#primaryimage\",\"url\":\"https:\\\/\\\/vsmc.lt\\\/wp-content\\\/uploads\\\/2024\\\/02\\\/14\\\/V16-1.png\",\"contentUrl\":\"https:\\\/\\\/vsmc.lt\\\/wp-content\\\/uploads\\\/2024\\\/02\\\/14\\\/V16-1.png\",\"width\":975,\"height\":549},{\"@type\":\"BreadcrumbList\",\"@id\":\"https:\\\/\\\/vsmc.lt\\\/?p=10798#breadcrumb\",\"itemListElement\":[{\"@type\":\"ListItem\",\"position\":1,\"name\":\"Home\",\"item\":\"https:\\\/\\\/vsmc.lt\\\/\"},{\"@type\":\"ListItem\",\"position\":2,\"name\":\"2023-02-15 Vasario 16-osios \u2013 Lietuvos valstyb\u0117s atk\u016brimo dienos min\u0117jimas VSMC\"}]},{\"@type\":\"WebSite\",\"@id\":\"https:\\\/\\\/vsmc.lt\\\/#website\",\"url\":\"https:\\\/\\\/vsmc.lt\\\/\",\"name\":\"Vilniaus suaugusi\u0173j\u0173 mokymo centras\",\"description\":\"VSMC\",\"publisher\":{\"@id\":\"https:\\\/\\\/vsmc.lt\\\/#organization\"},\"alternateName\":\"VSMC\",\"potentialAction\":[{\"@type\":\"SearchAction\",\"target\":{\"@type\":\"EntryPoint\",\"urlTemplate\":\"https:\\\/\\\/vsmc.lt\\\/?s={search_term_string}\"},\"query-input\":{\"@type\":\"PropertyValueSpecification\",\"valueRequired\":true,\"valueName\":\"search_term_string\"}}],\"inLanguage\":\"lt-LT\"},{\"@type\":\"Organization\",\"@id\":\"https:\\\/\\\/vsmc.lt\\\/#organization\",\"name\":\"Vilniaus suaugusi\u0173j\u0173 mokymo centras\",\"alternateName\":\"VSMC\",\"url\":\"https:\\\/\\\/vsmc.lt\\\/\",\"logo\":{\"@type\":\"ImageObject\",\"inLanguage\":\"lt-LT\",\"@id\":\"https:\\\/\\\/vsmc.lt\\\/#\\\/schema\\\/logo\\\/image\\\/\",\"url\":\"https:\\\/\\\/vsmc.lt\\\/wp-content\\\/uploads\\\/2016\\\/11\\\/15\\\/logo.png\",\"contentUrl\":\"https:\\\/\\\/vsmc.lt\\\/wp-content\\\/uploads\\\/2016\\\/11\\\/15\\\/logo.png\",\"width\":96,\"height\":121,\"caption\":\"Vilniaus suaugusi\u0173j\u0173 mokymo centras\"},\"image\":{\"@id\":\"https:\\\/\\\/vsmc.lt\\\/#\\\/schema\\\/logo\\\/image\\\/\"},\"sameAs\":[\"https:\\\/\\\/www.facebook.com\\\/p\\\/Vilniaus-suaugusij-mokymo-centras-VSMC-gimnazija-100034428106674\\\/\"]},{\"@type\":\"Person\",\"@id\":\"https:\\\/\\\/vsmc.lt\\\/#\\\/schema\\\/person\\\/7b79c1eab13a88fc1ed4dc6626a57f98\",\"name\":\"Birut\u0117 Kubilinskien\u0117\",\"image\":{\"@type\":\"ImageObject\",\"inLanguage\":\"lt-LT\",\"@id\":\"https:\\\/\\\/secure.gravatar.com\\\/avatar\\\/de3432602f9f0edd7dc9006aceaad7e2a3227ca56f4f6d9e4b2e2ee05a11e793?s=96&d=mm&r=g\",\"url\":\"https:\\\/\\\/secure.gravatar.com\\\/avatar\\\/de3432602f9f0edd7dc9006aceaad7e2a3227ca56f4f6d9e4b2e2ee05a11e793?s=96&d=mm&r=g\",\"contentUrl\":\"https:\\\/\\\/secure.gravatar.com\\\/avatar\\\/de3432602f9f0edd7dc9006aceaad7e2a3227ca56f4f6d9e4b2e2ee05a11e793?s=96&d=mm&r=g\",\"caption\":\"Birut\u0117 Kubilinskien\u0117\"},\"url\":\"https:\\\/\\\/vsmc.lt\\\/?author=5\"}]}<\/script>\n<!-- \/ Yoast SEO plugin. -->","yoast_head_json":{"title":"2023-02-15 Vasario 16-osios \u2013 Lietuvos valstyb\u0117s atk\u016brimo dienos min\u0117jimas VSMC Vilniaus suaugusi\u0173j\u0173 mokymo centras  - Vilniaus suaugusi\u0173j\u0173 mokymo centras","description":"2023-02-15 Vasario 16-osios \u2013 Lietuvos valstyb\u0117s atk\u016brimo dienos min\u0117jimas VSMC Vilniaus suaugusi\u0173j\u0173 mokymo centras","robots":{"index":"index","follow":"follow","max-snippet":"max-snippet:-1","max-image-preview":"max-image-preview:large","max-video-preview":"max-video-preview:-1"},"canonical":"https:\/\/vsmc.lt\/?p=10798","og_locale":"lt_LT","og_type":"article","og_title":"2023-02-15 Vasario 16-osios \u2013 Lietuvos valstyb\u0117s atk\u016brimo dienos min\u0117jimas VSMC Vilniaus suaugusi\u0173j\u0173 mokymo centras  - Vilniaus suaugusi\u0173j\u0173 mokymo centras","og_description":"2023-02-15 Vasario 16-osios \u2013 Lietuvos valstyb\u0117s atk\u016brimo dienos min\u0117jimas VSMC Vilniaus suaugusi\u0173j\u0173 mokymo centras","og_url":"https:\/\/vsmc.lt\/?p=10798","og_site_name":"Vilniaus suaugusi\u0173j\u0173 mokymo centras","article_publisher":"https:\/\/www.facebook.com\/p\/Vilniaus-suaugusij-mokymo-centras-VSMC-gimnazija-100034428106674\/","article_published_time":"2024-02-14T10:30:36+00:00","article_modified_time":"2024-02-20T13:24:29+00:00","og_image":[{"url":"https:\/\/vsmc.lt\/wp-content\/uploads\/2024\/02\/14\/V16-1-640x360.png","type":"","width":"","height":""}],"author":"Birut\u0117 Kubilinskien\u0117","twitter_card":"summary_large_image","twitter_misc":{"Written by":"Birut\u0117 Kubilinskien\u0117","Est. reading time":"1 minut\u0117"},"schema":{"@context":"https:\/\/schema.org","@graph":[{"@type":"Article","@id":"https:\/\/vsmc.lt\/?p=10798#article","isPartOf":{"@id":"https:\/\/vsmc.lt\/?p=10798"},"author":{"name":"Birut\u0117 Kubilinskien\u0117","@id":"https:\/\/vsmc.lt\/#\/schema\/person\/7b79c1eab13a88fc1ed4dc6626a57f98"},"headline":"2023-02-15 Vasario 16-osios \u2013 Lietuvos valstyb\u0117s atk\u016brimo dienos min\u0117jimas VSMC","datePublished":"2024-02-14T10:30:36+00:00","dateModified":"2024-02-20T13:24:29+00:00","mainEntityOfPage":{"@id":"https:\/\/vsmc.lt\/?p=10798"},"wordCount":249,"publisher":{"@id":"https:\/\/vsmc.lt\/#organization"},"image":{"@id":"https:\/\/vsmc.lt\/?p=10798#primaryimage"},"thumbnailUrl":"https:\/\/vsmc.lt\/wp-content\/uploads\/2024\/02\/14\/V16-1-640x360.png","articleSection":["Naujienos"],"inLanguage":"lt-LT"},{"@type":"WebPage","@id":"https:\/\/vsmc.lt\/?p=10798","url":"https:\/\/vsmc.lt\/?p=10798","name":"2023-02-15 Vasario 16-osios \u2013 Lietuvos valstyb\u0117s atk\u016brimo dienos min\u0117jimas VSMC Vilniaus suaugusi\u0173j\u0173 mokymo centras - Vilniaus suaugusi\u0173j\u0173 mokymo centras","isPartOf":{"@id":"https:\/\/vsmc.lt\/#website"},"primaryImageOfPage":{"@id":"https:\/\/vsmc.lt\/?p=10798#primaryimage"},"image":{"@id":"https:\/\/vsmc.lt\/?p=10798#primaryimage"},"thumbnailUrl":"https:\/\/vsmc.lt\/wp-content\/uploads\/2024\/02\/14\/V16-1-640x360.png","datePublished":"2024-02-14T10:30:36+00:00","dateModified":"2024-02-20T13:24:29+00:00","description":"2023-02-15 Vasario 16-osios \u2013 Lietuvos valstyb\u0117s atk\u016brimo dienos min\u0117jimas VSMC Vilniaus suaugusi\u0173j\u0173 mokymo centras","breadcrumb":{"@id":"https:\/\/vsmc.lt\/?p=10798#breadcrumb"},"inLanguage":"lt-LT","potentialAction":[{"@type":"ReadAction","target":["https:\/\/vsmc.lt\/?p=10798"]}]},{"@type":"ImageObject","inLanguage":"lt-LT","@id":"https:\/\/vsmc.lt\/?p=10798#primaryimage","url":"https:\/\/vsmc.lt\/wp-content\/uploads\/2024\/02\/14\/V16-1.png","contentUrl":"https:\/\/vsmc.lt\/wp-content\/uploads\/2024\/02\/14\/V16-1.png","width":975,"height":549},{"@type":"BreadcrumbList","@id":"https:\/\/vsmc.lt\/?p=10798#breadcrumb","itemListElement":[{"@type":"ListItem","position":1,"name":"Home","item":"https:\/\/vsmc.lt\/"},{"@type":"ListItem","position":2,"name":"2023-02-15 Vasario 16-osios \u2013 Lietuvos valstyb\u0117s atk\u016brimo dienos min\u0117jimas VSMC"}]},{"@type":"WebSite","@id":"https:\/\/vsmc.lt\/#website","url":"https:\/\/vsmc.lt\/","name":"Vilniaus suaugusi\u0173j\u0173 mokymo centras","description":"VSMC","publisher":{"@id":"https:\/\/vsmc.lt\/#organization"},"alternateName":"VSMC","potentialAction":[{"@type":"SearchAction","target":{"@type":"EntryPoint","urlTemplate":"https:\/\/vsmc.lt\/?s={search_term_string}"},"query-input":{"@type":"PropertyValueSpecification","valueRequired":true,"valueName":"search_term_string"}}],"inLanguage":"lt-LT"},{"@type":"Organization","@id":"https:\/\/vsmc.lt\/#organization","name":"Vilniaus suaugusi\u0173j\u0173 mokymo centras","alternateName":"VSMC","url":"https:\/\/vsmc.lt\/","logo":{"@type":"ImageObject","inLanguage":"lt-LT","@id":"https:\/\/vsmc.lt\/#\/schema\/logo\/image\/","url":"https:\/\/vsmc.lt\/wp-content\/uploads\/2016\/11\/15\/logo.png","contentUrl":"https:\/\/vsmc.lt\/wp-content\/uploads\/2016\/11\/15\/logo.png","width":96,"height":121,"caption":"Vilniaus suaugusi\u0173j\u0173 mokymo centras"},"image":{"@id":"https:\/\/vsmc.lt\/#\/schema\/logo\/image\/"},"sameAs":["https:\/\/www.facebook.com\/p\/Vilniaus-suaugusij-mokymo-centras-VSMC-gimnazija-100034428106674\/"]},{"@type":"Person","@id":"https:\/\/vsmc.lt\/#\/schema\/person\/7b79c1eab13a88fc1ed4dc6626a57f98","name":"Birut\u0117 Kubilinskien\u0117","image":{"@type":"ImageObject","inLanguage":"lt-LT","@id":"https:\/\/secure.gravatar.com\/avatar\/de3432602f9f0edd7dc9006aceaad7e2a3227ca56f4f6d9e4b2e2ee05a11e793?s=96&d=mm&r=g","url":"https:\/\/secure.gravatar.com\/avatar\/de3432602f9f0edd7dc9006aceaad7e2a3227ca56f4f6d9e4b2e2ee05a11e793?s=96&d=mm&r=g","contentUrl":"https:\/\/secure.gravatar.com\/avatar\/de3432602f9f0edd7dc9006aceaad7e2a3227ca56f4f6d9e4b2e2ee05a11e793?s=96&d=mm&r=g","caption":"Birut\u0117 Kubilinskien\u0117"},"url":"https:\/\/vsmc.lt\/?author=5"}]}},"_links":{"self":[{"href":"https:\/\/vsmc.lt\/index.php?rest_route=\/wp\/v2\/posts\/10798","targetHints":{"allow":["GET"]}}],"collection":[{"href":"https:\/\/vsmc.lt\/index.php?rest_route=\/wp\/v2\/posts"}],"about":[{"href":"https:\/\/vsmc.lt\/index.php?rest_route=\/wp\/v2\/types\/post"}],"author":[{"embeddable":true,"href":"https:\/\/vsmc.lt\/index.php?rest_route=\/wp\/v2\/users\/5"}],"replies":[{"embeddable":true,"href":"https:\/\/vsmc.lt\/index.php?rest_route=%2Fwp%2Fv2%2Fcomments&post=10798"}],"version-history":[{"count":8,"href":"https:\/\/vsmc.lt\/index.php?rest_route=\/wp\/v2\/posts\/10798\/revisions"}],"predecessor-version":[{"id":10808,"href":"https:\/\/vsmc.lt\/index.php?rest_route=\/wp\/v2\/posts\/10798\/revisions\/10808"}],"wp:attachment":[{"href":"https:\/\/vsmc.lt\/index.php?rest_route=%2Fwp%2Fv2%2Fmedia&parent=10798"}],"wp:term":[{"taxonomy":"category","embeddable":true,"href":"https:\/\/vsmc.lt\/index.php?rest_route=%2Fwp%2Fv2%2Fcategories&post=10798"},{"taxonomy":"post_tag","embeddable":true,"href":"https:\/\/vsmc.lt\/index.php?rest_route=%2Fwp%2Fv2%2Ftags&post=10798"}],"curies":[{"name":"wp","href":"https:\/\/api.w.org\/{rel}","templated":true}]}}