{"id":10809,"date":"2024-02-21T12:22:05","date_gmt":"2024-02-21T09:22:05","guid":{"rendered":"https:\/\/vsmc.lt\/?p=10809"},"modified":"2024-02-21T12:22:45","modified_gmt":"2024-02-21T09:22:45","slug":"2023-02-16-sventeme-valstybes-atkurimo-diena-uz-gimnazijos-ribu","status":"publish","type":"post","link":"https:\/\/vsmc.lt\/?p=10809","title":{"rendered":"2023-02-16 \u0160vent\u0117me Valstyb\u0117s atk\u016brimo dien\u0105 u\u017e gimnazijos rib\u0173"},"content":{"rendered":"<p>Vasario 16-\u0105j\u0105 min\u0117jome kartu su VSMC mokiniais dalyvaudami \u0161ventiniuose renginiuose. 14.00 val. tradici\u0161kai susirinkome prie Lietuvos nepriklausomyb\u0117s Signatar\u0173 nam\u0173 Vilniuje pagerbti Lietuvos laisv\u0117s ir pad\u0117koti 20-iai signatar\u0173 u\u017e nepriklausomyb\u0117s akt\u0105, u\u017e Lietuvos laisv\u0119. \u0160ventin\u0117je minioje plazdant Lietuvos, Ukrainos, savanori\u0173, \u0161auli\u0173, auk\u0161t\u0173j\u0173 mokykl\u0173 v\u0117liavoms buvo ir VSMC mokytojai kartu su IVH, IVB klasi\u0173\u00a0 mokiniais bei gimnazijos alumnais.<\/p>\n<p>Laisv\u0117s kaina ir jos vert\u0117 kaip niekad \u0161iandien aktuali Ukrainos karo fone, tod\u0117l dalyvavimas kartu su jaun\u0105ja karta tokiuose renginiuose sustiprina d\u017eiaugsm\u0105 ir tik\u0117jim\u0105, kad laisv\u0119 galime i\u0161saugoti ateities kartoms.<\/p>\n<p><img loading=\"lazy\" decoding=\"async\" class=\"wp-image-10810 aligncenter\" src=\"https:\/\/vsmc.lt\/wp-content\/uploads\/2024\/02\/21\/vasario16-640x360.jpg\" alt=\"\" width=\"882\" height=\"496\" srcset=\"https:\/\/vsmc.lt\/wp-content\/uploads\/2024\/02\/21\/vasario16-640x360.jpg 640w, https:\/\/vsmc.lt\/wp-content\/uploads\/2024\/02\/21\/vasario16-1280x720.jpg 1280w, https:\/\/vsmc.lt\/wp-content\/uploads\/2024\/02\/21\/vasario16-768x432.jpg 768w, https:\/\/vsmc.lt\/wp-content\/uploads\/2024\/02\/21\/vasario16-1536x865.jpg 1536w, https:\/\/vsmc.lt\/wp-content\/uploads\/2024\/02\/21\/vasario16.jpg 2048w\" sizes=\"auto, (max-width: 882px) 100vw, 882px\" \/><\/p>\n<p>&nbsp;<\/p>\n<p style=\"text-align: right;\">\u00a0\u00a0\u00a0\u00a0\u00a0\u00a0\u00a0\u00a0\u00a0\u00a0\u00a0\u00a0\u00a0\u00a0\u00a0\u00a0\u00a0\u00a0\u00a0\u00a0\u00a0\u00a0\u00a0\u00a0\u00a0\u00a0\u00a0\u00a0\u00a0\u00a0\u00a0\u00a0\u00a0\u00a0\u00a0\u00a0\u00a0\u00a0\u00a0\u00a0\u00a0\u00a0 Pareng\u0117 etikos ir geografijos mokytoja Ilona Mikul\u0117nien\u0117<\/p>\n","protected":false},"excerpt":{"rendered":"<p>Vasario 16-\u0105j\u0105 min\u0117jome kartu su VSMC mokiniais dalyvaudami \u0161ventiniuose renginiuose. 14.00 val. tradici\u0161kai susirinkome prie Lietuvos nepriklausomyb\u0117s Signatar\u0173 nam\u0173 Vilniuje pagerbti Lietuvos laisv\u0117s ir pad\u0117koti 20-iai signatar\u0173 u\u017e nepriklausomyb\u0117s akt\u0105, u\u017e Lietuvos laisv\u0119. \u0160ventin\u0117je minioje plazdant Lietuvos, Ukrainos, savanori\u0173, \u0161auli\u0173, auk\u0161t\u0173j\u0173 mokykl\u0173 v\u0117liavoms buvo ir VSMC mokytojai kartu su IVH, IVB klasi\u0173\u00a0 mokiniais bei gimnazijos [&hellip;]<\/p>\n","protected":false},"author":5,"featured_media":0,"comment_status":"closed","ping_status":"closed","sticky":false,"template":"","format":"standard","meta":{"footnotes":""},"categories":[1],"tags":[],"class_list":["post-10809","post","type-post","status-publish","format-standard","hentry","category-naujienos"],"yoast_head":"<!-- This site is optimized with the Yoast SEO plugin v27.5 - https:\/\/yoast.com\/product\/yoast-seo-wordpress\/ -->\n<title>2023-02-16 \u0160vent\u0117me Valstyb\u0117s atk\u016brimo dien\u0105 u\u017e gimnazijos rib\u0173 Vilniaus suaugusi\u0173j\u0173 mokymo centras  - Vilniaus suaugusi\u0173j\u0173 mokymo centras<\/title>\n<meta name=\"description\" content=\"2023-02-16 \u0160vent\u0117me Valstyb\u0117s atk\u016brimo dien\u0105 u\u017e gimnazijos rib\u0173 Vilniaus suaugusi\u0173j\u0173 mokymo centras\" \/>\n<meta name=\"robots\" content=\"index, follow, max-snippet:-1, max-image-preview:large, max-video-preview:-1\" \/>\n<link rel=\"canonical\" href=\"https:\/\/vsmc.lt\/?p=10809\" \/>\n<meta property=\"og:locale\" content=\"lt_LT\" \/>\n<meta property=\"og:type\" content=\"article\" \/>\n<meta property=\"og:title\" content=\"2023-02-16 \u0160vent\u0117me Valstyb\u0117s atk\u016brimo dien\u0105 u\u017e gimnazijos rib\u0173 Vilniaus suaugusi\u0173j\u0173 mokymo centras  - Vilniaus suaugusi\u0173j\u0173 mokymo centras\" \/>\n<meta property=\"og:description\" content=\"2023-02-16 \u0160vent\u0117me Valstyb\u0117s atk\u016brimo dien\u0105 u\u017e gimnazijos rib\u0173 Vilniaus suaugusi\u0173j\u0173 mokymo centras\" \/>\n<meta property=\"og:url\" content=\"https:\/\/vsmc.lt\/?p=10809\" \/>\n<meta property=\"og:site_name\" content=\"Vilniaus suaugusi\u0173j\u0173 mokymo centras\" \/>\n<meta property=\"article:publisher\" content=\"https:\/\/www.facebook.com\/p\/Vilniaus-suaugusij-mokymo-centras-VSMC-gimnazija-100034428106674\/\" \/>\n<meta property=\"article:published_time\" content=\"2024-02-21T09:22:05+00:00\" \/>\n<meta property=\"article:modified_time\" content=\"2024-02-21T09:22:45+00:00\" \/>\n<meta property=\"og:image\" content=\"https:\/\/vsmc.lt\/wp-content\/uploads\/2024\/02\/21\/vasario16-640x360.jpg\" \/>\n<meta name=\"author\" content=\"Birut\u0117 Kubilinskien\u0117\" \/>\n<meta name=\"twitter:card\" content=\"summary_large_image\" \/>\n<meta name=\"twitter:label1\" content=\"Written by\" \/>\n\t<meta name=\"twitter:data1\" content=\"Birut\u0117 Kubilinskien\u0117\" \/>\n\t<meta name=\"twitter:label2\" content=\"Est. reading time\" \/>\n\t<meta name=\"twitter:data2\" content=\"1 minut\u0117\" \/>\n<script type=\"application\/ld+json\" class=\"yoast-schema-graph\">{\"@context\":\"https:\\\/\\\/schema.org\",\"@graph\":[{\"@type\":\"Article\",\"@id\":\"https:\\\/\\\/vsmc.lt\\\/?p=10809#article\",\"isPartOf\":{\"@id\":\"https:\\\/\\\/vsmc.lt\\\/?p=10809\"},\"author\":{\"name\":\"Birut\u0117 Kubilinskien\u0117\",\"@id\":\"https:\\\/\\\/vsmc.lt\\\/#\\\/schema\\\/person\\\/7b79c1eab13a88fc1ed4dc6626a57f98\"},\"headline\":\"2023-02-16 \u0160vent\u0117me Valstyb\u0117s atk\u016brimo dien\u0105 u\u017e gimnazijos rib\u0173\",\"datePublished\":\"2024-02-21T09:22:05+00:00\",\"dateModified\":\"2024-02-21T09:22:45+00:00\",\"mainEntityOfPage\":{\"@id\":\"https:\\\/\\\/vsmc.lt\\\/?p=10809\"},\"wordCount\":123,\"publisher\":{\"@id\":\"https:\\\/\\\/vsmc.lt\\\/#organization\"},\"image\":{\"@id\":\"https:\\\/\\\/vsmc.lt\\\/?p=10809#primaryimage\"},\"thumbnailUrl\":\"https:\\\/\\\/vsmc.lt\\\/wp-content\\\/uploads\\\/2024\\\/02\\\/21\\\/vasario16-640x360.jpg\",\"articleSection\":[\"Naujienos\"],\"inLanguage\":\"lt-LT\"},{\"@type\":\"WebPage\",\"@id\":\"https:\\\/\\\/vsmc.lt\\\/?p=10809\",\"url\":\"https:\\\/\\\/vsmc.lt\\\/?p=10809\",\"name\":\"2023-02-16 \u0160vent\u0117me Valstyb\u0117s atk\u016brimo dien\u0105 u\u017e gimnazijos rib\u0173 Vilniaus suaugusi\u0173j\u0173 mokymo centras - Vilniaus suaugusi\u0173j\u0173 mokymo centras\",\"isPartOf\":{\"@id\":\"https:\\\/\\\/vsmc.lt\\\/#website\"},\"primaryImageOfPage\":{\"@id\":\"https:\\\/\\\/vsmc.lt\\\/?p=10809#primaryimage\"},\"image\":{\"@id\":\"https:\\\/\\\/vsmc.lt\\\/?p=10809#primaryimage\"},\"thumbnailUrl\":\"https:\\\/\\\/vsmc.lt\\\/wp-content\\\/uploads\\\/2024\\\/02\\\/21\\\/vasario16-640x360.jpg\",\"datePublished\":\"2024-02-21T09:22:05+00:00\",\"dateModified\":\"2024-02-21T09:22:45+00:00\",\"description\":\"2023-02-16 \u0160vent\u0117me Valstyb\u0117s atk\u016brimo dien\u0105 u\u017e gimnazijos rib\u0173 Vilniaus suaugusi\u0173j\u0173 mokymo centras\",\"breadcrumb\":{\"@id\":\"https:\\\/\\\/vsmc.lt\\\/?p=10809#breadcrumb\"},\"inLanguage\":\"lt-LT\",\"potentialAction\":[{\"@type\":\"ReadAction\",\"target\":[\"https:\\\/\\\/vsmc.lt\\\/?p=10809\"]}]},{\"@type\":\"ImageObject\",\"inLanguage\":\"lt-LT\",\"@id\":\"https:\\\/\\\/vsmc.lt\\\/?p=10809#primaryimage\",\"url\":\"https:\\\/\\\/vsmc.lt\\\/wp-content\\\/uploads\\\/2024\\\/02\\\/21\\\/vasario16.jpg\",\"contentUrl\":\"https:\\\/\\\/vsmc.lt\\\/wp-content\\\/uploads\\\/2024\\\/02\\\/21\\\/vasario16.jpg\",\"width\":2048,\"height\":1153},{\"@type\":\"BreadcrumbList\",\"@id\":\"https:\\\/\\\/vsmc.lt\\\/?p=10809#breadcrumb\",\"itemListElement\":[{\"@type\":\"ListItem\",\"position\":1,\"name\":\"Home\",\"item\":\"https:\\\/\\\/vsmc.lt\\\/\"},{\"@type\":\"ListItem\",\"position\":2,\"name\":\"2023-02-16 \u0160vent\u0117me Valstyb\u0117s atk\u016brimo dien\u0105 u\u017e gimnazijos rib\u0173\"}]},{\"@type\":\"WebSite\",\"@id\":\"https:\\\/\\\/vsmc.lt\\\/#website\",\"url\":\"https:\\\/\\\/vsmc.lt\\\/\",\"name\":\"Vilniaus suaugusi\u0173j\u0173 mokymo centras\",\"description\":\"VSMC\",\"publisher\":{\"@id\":\"https:\\\/\\\/vsmc.lt\\\/#organization\"},\"alternateName\":\"VSMC\",\"potentialAction\":[{\"@type\":\"SearchAction\",\"target\":{\"@type\":\"EntryPoint\",\"urlTemplate\":\"https:\\\/\\\/vsmc.lt\\\/?s={search_term_string}\"},\"query-input\":{\"@type\":\"PropertyValueSpecification\",\"valueRequired\":true,\"valueName\":\"search_term_string\"}}],\"inLanguage\":\"lt-LT\"},{\"@type\":\"Organization\",\"@id\":\"https:\\\/\\\/vsmc.lt\\\/#organization\",\"name\":\"Vilniaus suaugusi\u0173j\u0173 mokymo centras\",\"alternateName\":\"VSMC\",\"url\":\"https:\\\/\\\/vsmc.lt\\\/\",\"logo\":{\"@type\":\"ImageObject\",\"inLanguage\":\"lt-LT\",\"@id\":\"https:\\\/\\\/vsmc.lt\\\/#\\\/schema\\\/logo\\\/image\\\/\",\"url\":\"https:\\\/\\\/vsmc.lt\\\/wp-content\\\/uploads\\\/2016\\\/11\\\/15\\\/logo.png\",\"contentUrl\":\"https:\\\/\\\/vsmc.lt\\\/wp-content\\\/uploads\\\/2016\\\/11\\\/15\\\/logo.png\",\"width\":96,\"height\":121,\"caption\":\"Vilniaus suaugusi\u0173j\u0173 mokymo centras\"},\"image\":{\"@id\":\"https:\\\/\\\/vsmc.lt\\\/#\\\/schema\\\/logo\\\/image\\\/\"},\"sameAs\":[\"https:\\\/\\\/www.facebook.com\\\/p\\\/Vilniaus-suaugusij-mokymo-centras-VSMC-gimnazija-100034428106674\\\/\"]},{\"@type\":\"Person\",\"@id\":\"https:\\\/\\\/vsmc.lt\\\/#\\\/schema\\\/person\\\/7b79c1eab13a88fc1ed4dc6626a57f98\",\"name\":\"Birut\u0117 Kubilinskien\u0117\",\"image\":{\"@type\":\"ImageObject\",\"inLanguage\":\"lt-LT\",\"@id\":\"https:\\\/\\\/secure.gravatar.com\\\/avatar\\\/de3432602f9f0edd7dc9006aceaad7e2a3227ca56f4f6d9e4b2e2ee05a11e793?s=96&d=mm&r=g\",\"url\":\"https:\\\/\\\/secure.gravatar.com\\\/avatar\\\/de3432602f9f0edd7dc9006aceaad7e2a3227ca56f4f6d9e4b2e2ee05a11e793?s=96&d=mm&r=g\",\"contentUrl\":\"https:\\\/\\\/secure.gravatar.com\\\/avatar\\\/de3432602f9f0edd7dc9006aceaad7e2a3227ca56f4f6d9e4b2e2ee05a11e793?s=96&d=mm&r=g\",\"caption\":\"Birut\u0117 Kubilinskien\u0117\"},\"url\":\"https:\\\/\\\/vsmc.lt\\\/?author=5\"}]}<\/script>\n<!-- \/ Yoast SEO plugin. -->","yoast_head_json":{"title":"2023-02-16 \u0160vent\u0117me Valstyb\u0117s atk\u016brimo dien\u0105 u\u017e gimnazijos rib\u0173 Vilniaus suaugusi\u0173j\u0173 mokymo centras  - Vilniaus suaugusi\u0173j\u0173 mokymo centras","description":"2023-02-16 \u0160vent\u0117me Valstyb\u0117s atk\u016brimo dien\u0105 u\u017e gimnazijos rib\u0173 Vilniaus suaugusi\u0173j\u0173 mokymo centras","robots":{"index":"index","follow":"follow","max-snippet":"max-snippet:-1","max-image-preview":"max-image-preview:large","max-video-preview":"max-video-preview:-1"},"canonical":"https:\/\/vsmc.lt\/?p=10809","og_locale":"lt_LT","og_type":"article","og_title":"2023-02-16 \u0160vent\u0117me Valstyb\u0117s atk\u016brimo dien\u0105 u\u017e gimnazijos rib\u0173 Vilniaus suaugusi\u0173j\u0173 mokymo centras  - Vilniaus suaugusi\u0173j\u0173 mokymo centras","og_description":"2023-02-16 \u0160vent\u0117me Valstyb\u0117s atk\u016brimo dien\u0105 u\u017e gimnazijos rib\u0173 Vilniaus suaugusi\u0173j\u0173 mokymo centras","og_url":"https:\/\/vsmc.lt\/?p=10809","og_site_name":"Vilniaus suaugusi\u0173j\u0173 mokymo centras","article_publisher":"https:\/\/www.facebook.com\/p\/Vilniaus-suaugusij-mokymo-centras-VSMC-gimnazija-100034428106674\/","article_published_time":"2024-02-21T09:22:05+00:00","article_modified_time":"2024-02-21T09:22:45+00:00","og_image":[{"url":"https:\/\/vsmc.lt\/wp-content\/uploads\/2024\/02\/21\/vasario16-640x360.jpg","type":"","width":"","height":""}],"author":"Birut\u0117 Kubilinskien\u0117","twitter_card":"summary_large_image","twitter_misc":{"Written by":"Birut\u0117 Kubilinskien\u0117","Est. reading time":"1 minut\u0117"},"schema":{"@context":"https:\/\/schema.org","@graph":[{"@type":"Article","@id":"https:\/\/vsmc.lt\/?p=10809#article","isPartOf":{"@id":"https:\/\/vsmc.lt\/?p=10809"},"author":{"name":"Birut\u0117 Kubilinskien\u0117","@id":"https:\/\/vsmc.lt\/#\/schema\/person\/7b79c1eab13a88fc1ed4dc6626a57f98"},"headline":"2023-02-16 \u0160vent\u0117me Valstyb\u0117s atk\u016brimo dien\u0105 u\u017e gimnazijos rib\u0173","datePublished":"2024-02-21T09:22:05+00:00","dateModified":"2024-02-21T09:22:45+00:00","mainEntityOfPage":{"@id":"https:\/\/vsmc.lt\/?p=10809"},"wordCount":123,"publisher":{"@id":"https:\/\/vsmc.lt\/#organization"},"image":{"@id":"https:\/\/vsmc.lt\/?p=10809#primaryimage"},"thumbnailUrl":"https:\/\/vsmc.lt\/wp-content\/uploads\/2024\/02\/21\/vasario16-640x360.jpg","articleSection":["Naujienos"],"inLanguage":"lt-LT"},{"@type":"WebPage","@id":"https:\/\/vsmc.lt\/?p=10809","url":"https:\/\/vsmc.lt\/?p=10809","name":"2023-02-16 \u0160vent\u0117me Valstyb\u0117s atk\u016brimo dien\u0105 u\u017e gimnazijos rib\u0173 Vilniaus suaugusi\u0173j\u0173 mokymo centras - Vilniaus suaugusi\u0173j\u0173 mokymo centras","isPartOf":{"@id":"https:\/\/vsmc.lt\/#website"},"primaryImageOfPage":{"@id":"https:\/\/vsmc.lt\/?p=10809#primaryimage"},"image":{"@id":"https:\/\/vsmc.lt\/?p=10809#primaryimage"},"thumbnailUrl":"https:\/\/vsmc.lt\/wp-content\/uploads\/2024\/02\/21\/vasario16-640x360.jpg","datePublished":"2024-02-21T09:22:05+00:00","dateModified":"2024-02-21T09:22:45+00:00","description":"2023-02-16 \u0160vent\u0117me Valstyb\u0117s atk\u016brimo dien\u0105 u\u017e gimnazijos rib\u0173 Vilniaus suaugusi\u0173j\u0173 mokymo centras","breadcrumb":{"@id":"https:\/\/vsmc.lt\/?p=10809#breadcrumb"},"inLanguage":"lt-LT","potentialAction":[{"@type":"ReadAction","target":["https:\/\/vsmc.lt\/?p=10809"]}]},{"@type":"ImageObject","inLanguage":"lt-LT","@id":"https:\/\/vsmc.lt\/?p=10809#primaryimage","url":"https:\/\/vsmc.lt\/wp-content\/uploads\/2024\/02\/21\/vasario16.jpg","contentUrl":"https:\/\/vsmc.lt\/wp-content\/uploads\/2024\/02\/21\/vasario16.jpg","width":2048,"height":1153},{"@type":"BreadcrumbList","@id":"https:\/\/vsmc.lt\/?p=10809#breadcrumb","itemListElement":[{"@type":"ListItem","position":1,"name":"Home","item":"https:\/\/vsmc.lt\/"},{"@type":"ListItem","position":2,"name":"2023-02-16 \u0160vent\u0117me Valstyb\u0117s atk\u016brimo dien\u0105 u\u017e gimnazijos rib\u0173"}]},{"@type":"WebSite","@id":"https:\/\/vsmc.lt\/#website","url":"https:\/\/vsmc.lt\/","name":"Vilniaus suaugusi\u0173j\u0173 mokymo centras","description":"VSMC","publisher":{"@id":"https:\/\/vsmc.lt\/#organization"},"alternateName":"VSMC","potentialAction":[{"@type":"SearchAction","target":{"@type":"EntryPoint","urlTemplate":"https:\/\/vsmc.lt\/?s={search_term_string}"},"query-input":{"@type":"PropertyValueSpecification","valueRequired":true,"valueName":"search_term_string"}}],"inLanguage":"lt-LT"},{"@type":"Organization","@id":"https:\/\/vsmc.lt\/#organization","name":"Vilniaus suaugusi\u0173j\u0173 mokymo centras","alternateName":"VSMC","url":"https:\/\/vsmc.lt\/","logo":{"@type":"ImageObject","inLanguage":"lt-LT","@id":"https:\/\/vsmc.lt\/#\/schema\/logo\/image\/","url":"https:\/\/vsmc.lt\/wp-content\/uploads\/2016\/11\/15\/logo.png","contentUrl":"https:\/\/vsmc.lt\/wp-content\/uploads\/2016\/11\/15\/logo.png","width":96,"height":121,"caption":"Vilniaus suaugusi\u0173j\u0173 mokymo centras"},"image":{"@id":"https:\/\/vsmc.lt\/#\/schema\/logo\/image\/"},"sameAs":["https:\/\/www.facebook.com\/p\/Vilniaus-suaugusij-mokymo-centras-VSMC-gimnazija-100034428106674\/"]},{"@type":"Person","@id":"https:\/\/vsmc.lt\/#\/schema\/person\/7b79c1eab13a88fc1ed4dc6626a57f98","name":"Birut\u0117 Kubilinskien\u0117","image":{"@type":"ImageObject","inLanguage":"lt-LT","@id":"https:\/\/secure.gravatar.com\/avatar\/de3432602f9f0edd7dc9006aceaad7e2a3227ca56f4f6d9e4b2e2ee05a11e793?s=96&d=mm&r=g","url":"https:\/\/secure.gravatar.com\/avatar\/de3432602f9f0edd7dc9006aceaad7e2a3227ca56f4f6d9e4b2e2ee05a11e793?s=96&d=mm&r=g","contentUrl":"https:\/\/secure.gravatar.com\/avatar\/de3432602f9f0edd7dc9006aceaad7e2a3227ca56f4f6d9e4b2e2ee05a11e793?s=96&d=mm&r=g","caption":"Birut\u0117 Kubilinskien\u0117"},"url":"https:\/\/vsmc.lt\/?author=5"}]}},"_links":{"self":[{"href":"https:\/\/vsmc.lt\/index.php?rest_route=\/wp\/v2\/posts\/10809","targetHints":{"allow":["GET"]}}],"collection":[{"href":"https:\/\/vsmc.lt\/index.php?rest_route=\/wp\/v2\/posts"}],"about":[{"href":"https:\/\/vsmc.lt\/index.php?rest_route=\/wp\/v2\/types\/post"}],"author":[{"embeddable":true,"href":"https:\/\/vsmc.lt\/index.php?rest_route=\/wp\/v2\/users\/5"}],"replies":[{"embeddable":true,"href":"https:\/\/vsmc.lt\/index.php?rest_route=%2Fwp%2Fv2%2Fcomments&post=10809"}],"version-history":[{"count":2,"href":"https:\/\/vsmc.lt\/index.php?rest_route=\/wp\/v2\/posts\/10809\/revisions"}],"predecessor-version":[{"id":10812,"href":"https:\/\/vsmc.lt\/index.php?rest_route=\/wp\/v2\/posts\/10809\/revisions\/10812"}],"wp:attachment":[{"href":"https:\/\/vsmc.lt\/index.php?rest_route=%2Fwp%2Fv2%2Fmedia&parent=10809"}],"wp:term":[{"taxonomy":"category","embeddable":true,"href":"https:\/\/vsmc.lt\/index.php?rest_route=%2Fwp%2Fv2%2Fcategories&post=10809"},{"taxonomy":"post_tag","embeddable":true,"href":"https:\/\/vsmc.lt\/index.php?rest_route=%2Fwp%2Fv2%2Ftags&post=10809"}],"curies":[{"name":"wp","href":"https:\/\/api.w.org\/{rel}","templated":true}]}}