{"id":10813,"date":"2024-02-22T18:37:41","date_gmt":"2024-02-22T15:37:41","guid":{"rendered":"https:\/\/vsmc.lt\/?p=10813"},"modified":"2024-02-26T20:30:28","modified_gmt":"2024-02-26T17:30:28","slug":"2024-02-21-tarptautine-gimtosios-kalbos-diena","status":"publish","type":"post","link":"https:\/\/vsmc.lt\/?p=10813","title":{"rendered":"2024-02-21 Tarptautine gimtosios kalbos diena"},"content":{"rendered":"<p><em><img loading=\"lazy\" decoding=\"async\" class=\"alignnone size-medium wp-image-10819\" src=\"https:\/\/vsmc.lt\/wp-content\/uploads\/2024\/02\/22\/Vita-433x360.png\" alt=\"\" width=\"433\" height=\"360\" srcset=\"https:\/\/vsmc.lt\/wp-content\/uploads\/2024\/02\/22\/Vita-433x360.png 433w, https:\/\/vsmc.lt\/wp-content\/uploads\/2024\/02\/22\/Vita.png 518w\" sizes=\"auto, (max-width: 433px) 100vw, 433px\" \/> Jungtini\u0173 taut\u0173 organizacija 1999 m. vasario 21 d. yra paskelbusi Tarptautine gimtosios kalbos diena.\u00a0\u00a0 <\/em><\/p>\n<p><em>\u00a0\u00a0\u00a0\u00a0 \u00a0\u00a0\u00a0\u00a0\u00a0\u00a0\u00a0\u00a0\u00a0\u00a0\u00a0\u00a0 Vis\u0173 did\u017eiausia tautos dovana yra kalba. Ji rodo jos kilm\u0119, galyb\u0119, kult\u016br\u0105 \u00a0ir senov\u0117s b\u016bd\u0105. Taip apie tautos kalb\u0105 XIX am\u017eiaus viduryje ra\u0161\u0117 Simonas Daukantas knygoje \u201cB\u016bdas senov\u0117s lietuvi\u0173, kaln\u0117n\u0173 ir \u017eemai\u010di\u0173\u201d:\u00a0\u201e\u2026u\u017elaik\u0117 m\u016bs\u0173 senov\u0117s kalb\u0105, kuria mes \u0161iandien, j\u0173 vaikai, galim did\u017eiuotis ir girtis, jog n\u0117 viena kalba \u0161iame pasauly n\u0117ra taip ai\u0161ki, kaip m\u016bsoji\u201c. <\/em><\/p>\n<p><em>\u0160iais laikais kiekviena tauta siekia i\u0161saugoti kalb\u0105 kaip vien\u0105 i\u0161 tautos ypatybi\u0173. Kalba \u2013 kiekvienos tautos m\u0105stymo i\u0161rai\u0161ka. Savo kalba tauta perteikia savit\u0105 pasaulio suvokimo b\u016bd\u0105, kult\u016brin\u012f palikim\u0105 ir tauti\u0161kum\u0105. \u00a0<\/em><\/p>\n<p><em>Jaunimas neretai prie\u0161inasi Lietuvos kalbinink\u0173 norui lietuvinti kuo daugiau i\u0161 u\u017esienio pl\u016bstan\u010di\u0173 skolini\u0173, \u0161iuolaikini\u0173 termin\u0173. Ta\u010diau \u017einant Lietuvos praeit\u012f, vert\u0117t\u0173 labiau vertinti nor\u0105 saugoti kalb\u0105 nuo i\u0161nykimo.<\/em><\/p>\n<p><em>\u0160iemet vyksta devintosios Lietuvi\u0173 kalbos dienos, kuri\u0173 did\u017ei\u0105ja sostine paskelbti Bir\u017eai, o ma\u017e\u0105ja \u2013 Vakar\u0173 Australijos Perto miestas. \u0160i\u0173 dien\u0173 tikslas yra prisid\u0117ti prie lietuvi\u0173 kalbos sklaidos Lietuvoje ir pasaulyje. Per du m\u0117nesius visame pasaulyje vyks \u0161imtai rengini\u0173, skirt\u0173 lietuvi\u0173 kalbai, Lietuvos istorijai, ir kult\u016brai. \u0160\u012f rengini\u0173 cikl\u0105 jau devint\u0105 kart\u0105 inicijuoja Valstybin\u0117 lietuvi\u0173 kalbos komisija.<\/em><\/p>\n<p><em>Lietuvi\u0173 kalbos dien\u0173 renginiai vasario\u2013kovo m\u0117nesiais vyksta neatsitiktinai \u2013 \u0161iuo laikotarpiu minimos Lietuvos valstyb\u0117s ir jos nepriklausomyb\u0117s atk\u016brimo dienos, Tarptautin\u0117 gimtosios kalbos diena.<\/em><\/p>\n<p><em>Unikali lietuvi\u0173 kalba, nes 32 raid\u017ei\u0173 ab\u0117c\u0117l\u0117je turime \u201e\u0117\u201c \u2013 ypating\u0105 raid\u0119. Pirm\u0105 kart\u0105 ji pavartota 1653 m. Danieliaus Kleino sudarytoje pirmojoje lietuvi\u0161koje gramatikoje. Tai vienintel\u0117 raid\u0117, neturinti analog\u0173 jokioje kitoje pasaulio kalboje. Ji simbolizuoja ir Lietuvos laisv\u0117s keli\u0105 \u2013 atlaikiusi draudimus, i\u0161kraipymus, technines kli\u016btis. Ji i\u0161liko iki \u0161i\u0173 dien\u0173, tod\u0117l tur\u0117t\u0173 b\u016bti garb\u0117 j\u0105 vartoti, garsiai tarti bei u\u017era\u0161yti.<\/em><\/p>\n<p><em>\u201e\u0116\u201c \u2013 tai ne tik raid\u0117. Tai \u017eodis, padedantis i\u0161reik\u0161ti nuostab\u0105: \u201e\u0116, \u017ei\u016br\u0117k, skulpt\u016bra!\u201c. Tai gali b\u016bti kreipinys \u2013 gal nelabai mandagus, bet puikiai atkreipiantis d\u0117mes\u012f. Tai pagalba, kai reikia staigiai susirinkti reikiamas mintis. I\u0161t\u0119stos \u201e\u0117\u0117\u0117\u0117\u0117\u201c s\u0105skambis lietuvi\u0173 i\u0161skirtinai m\u0117gstamas ir da\u017enai vartojamas. \u201e\u0116\u201c \u2013 tai daugelio lietuvi\u0173 neatskiriama asmenyb\u0117s dalis, ypa\u010d moteri\u0161kos lyties, susietos su pavard\u0117mis, tai -yt\u0117, -ait\u0117, -ien\u0117. \u201e\u0116\u201c \u2013 tai ir visi prasmingi \u017eod\u017eiai, kurie kiekvieno lietuvio \u0161irdyje sukelia pasidid\u017eiavim\u0105 savo \u0161alimi: t\u0117vyn\u0117, laisv\u0117, vienyb\u0117, garb\u0117 ir dar daug kit\u0173\u201c.<\/em><\/p>\n<p><em><img loading=\"lazy\" decoding=\"async\" class=\"alignnone size-medium wp-image-10820\" src=\"https:\/\/vsmc.lt\/wp-content\/uploads\/2024\/02\/22\/vita1-483x360.png\" alt=\"\" width=\"483\" height=\"360\" srcset=\"https:\/\/vsmc.lt\/wp-content\/uploads\/2024\/02\/22\/vita1-483x360.png 483w, https:\/\/vsmc.lt\/wp-content\/uploads\/2024\/02\/22\/vita1.png 514w\" sizes=\"auto, (max-width: 483px) 100vw, 483px\" \/> \u201eACME Grup\u0117\u201c Kaunui ir visai Lietuvai padovanojo unikali\u0105 dovan\u0105 \u2013 skulpt\u016br\u0105 \u201e\u0117\u201c raidei, pavadint\u0105 \u201eTa\u0161kas\u201c, kuri\u0105 suk\u016br\u0117 skulptorius Tadas Vosylius.<\/em><\/p>\n<p><em>\u201e\u0116\u201c raid\u0117s i\u0161skirtinumas \u2013 ta\u0161kas, tod\u0117l pasirinkau sukurti lakoni\u0161k\u0105 ta\u0161ko simbol\u012f\u201c, \u2013 nedaug\u017eod\u017eiavo skulpt\u016bros k\u016br\u0117jas. Pasak iniciatori\u0173, vienas ta\u0161kas gali visi\u0161kai pakeisti prasm\u0119, sukuria naujus kontekstus. \u012e skver\u0105 atried\u0117j\u0119s ta\u0161kas taip pat sukurs nauj\u0105 kontekst\u0105, nauj\u0105 erdv\u0119 miestie\u010diams ir miesto sve\u010diams.\u00a0 <\/em><em>Kaip tikino iniciatyvos autoriai, technologijos tarsi i\u0161tryn\u0117 ta\u0161kel\u012f nuo \u201e\u0117\u201c raid\u0117s, ta\u010diau lietuviai skatinami atsigr\u0119\u017eti \u012f unikali\u0105 raid\u0119, pamilti j\u0105 i\u0161 naujo ir visaverti\u0161kai naudoti ne tik \u0161nekamojoje, bet ir ra\u0161ytin\u0117je kalboje.<\/em><\/p>\n<p><em>\u00a0 \u00a0 \u00a0 \u00a0 \u00a0 \u00a0 \u00a0 \u00a0 \u00a0 \u00a0 \u00a0 \u00a0 Kaip ir kasmet VSMC lietuvi\u0173 kalbos dien\u0173 renginiai vyksta vasario <\/em><em>&#8211;<\/em><em> kovo m\u0117nesiais pagal parengt\u0105 plan\u0105 (pridedamas). Vasario 7 d. vyko pamoka ,,Lietuvi\u0173 kalbos mokom\u0117s linksmai\u201d, kurioje aktyviai dalyvavo \u012f Lietuv\u0105 atvykusieji gyventi ir dirbti u\u017esienie\u010diai i\u0161 Ukrainos. Mokiniai var\u017e\u0117si viktorinoje apie Lietuv\u0105, virtualiai pakeliavo po Vilniaus senamiest\u012f ir i\u0161band\u0117 savo kalbinius \u012fg\u016bd\u017eius interaktyviuose \u017eaidimuose. Visiems buvo smagu mokytis linksmai.<\/em><\/p>\n<p><a href=\"https:\/\/vsmc.lt\/wp-content\/uploads\/2024\/02\/22\/Lietuviu-kalbos-dienos-2024-VSMC.pdf\">rengini\u0173 planas<\/a><\/p>\n<p><em>\u00a0<\/em><\/p>\n<p style=\"text-align: right;\"><em>Pareng\u0117 lietuvi\u0173 kalbos ir literat\u016bros mokytoja Vita Budinien\u0117<\/em><\/p>\n<p><em>\u00a0<\/em><\/p>\n<p><em>\u00a0<\/em><\/p>\n<p><em>\u00a0<\/em><\/p>\n<p><em>\u00a0<\/em><\/p>\n<p><em>\u00a0<\/em><\/p>\n<p><em>\u00a0<\/em><\/p>\n<p><em>\u00a0<\/em><\/p>\n","protected":false},"excerpt":{"rendered":"<p>Jungtini\u0173 taut\u0173 organizacija 1999 m. vasario 21 d. yra paskelbusi Tarptautine gimtosios kalbos diena.\u00a0\u00a0 \u00a0\u00a0\u00a0\u00a0 \u00a0\u00a0\u00a0\u00a0\u00a0\u00a0\u00a0\u00a0\u00a0\u00a0\u00a0\u00a0 Vis\u0173 did\u017eiausia tautos dovana yra kalba. Ji rodo jos kilm\u0119, galyb\u0119, kult\u016br\u0105 \u00a0ir senov\u0117s b\u016bd\u0105. Taip apie tautos kalb\u0105 XIX am\u017eiaus viduryje ra\u0161\u0117 Simonas Daukantas knygoje \u201cB\u016bdas senov\u0117s lietuvi\u0173, kaln\u0117n\u0173 ir \u017eemai\u010di\u0173\u201d:\u00a0\u201e\u2026u\u017elaik\u0117 m\u016bs\u0173 senov\u0117s kalb\u0105, kuria mes \u0161iandien, j\u0173 [&hellip;]<\/p>\n","protected":false},"author":5,"featured_media":0,"comment_status":"closed","ping_status":"closed","sticky":false,"template":"","format":"standard","meta":{"footnotes":""},"categories":[1],"tags":[],"class_list":["post-10813","post","type-post","status-publish","format-standard","hentry","category-naujienos"],"yoast_head":"<!-- This site is optimized with the Yoast SEO plugin v27.5 - https:\/\/yoast.com\/product\/yoast-seo-wordpress\/ -->\n<title>2024-02-21 Tarptautine gimtosios kalbos diena Vilniaus suaugusi\u0173j\u0173 mokymo centras  - Vilniaus suaugusi\u0173j\u0173 mokymo centras<\/title>\n<meta name=\"description\" content=\"2024-02-21 Tarptautine gimtosios kalbos diena Vilniaus suaugusi\u0173j\u0173 mokymo centras\" \/>\n<meta name=\"robots\" content=\"index, follow, max-snippet:-1, max-image-preview:large, max-video-preview:-1\" \/>\n<link rel=\"canonical\" href=\"https:\/\/vsmc.lt\/?p=10813\" \/>\n<meta property=\"og:locale\" content=\"lt_LT\" \/>\n<meta property=\"og:type\" content=\"article\" \/>\n<meta property=\"og:title\" content=\"2024-02-21 Tarptautine gimtosios kalbos diena Vilniaus suaugusi\u0173j\u0173 mokymo centras  - Vilniaus suaugusi\u0173j\u0173 mokymo centras\" \/>\n<meta property=\"og:description\" content=\"2024-02-21 Tarptautine gimtosios kalbos diena Vilniaus suaugusi\u0173j\u0173 mokymo centras\" \/>\n<meta property=\"og:url\" content=\"https:\/\/vsmc.lt\/?p=10813\" \/>\n<meta property=\"og:site_name\" content=\"Vilniaus suaugusi\u0173j\u0173 mokymo centras\" \/>\n<meta property=\"article:publisher\" content=\"https:\/\/www.facebook.com\/p\/Vilniaus-suaugusij-mokymo-centras-VSMC-gimnazija-100034428106674\/\" \/>\n<meta property=\"article:published_time\" content=\"2024-02-22T15:37:41+00:00\" \/>\n<meta property=\"article:modified_time\" content=\"2024-02-26T17:30:28+00:00\" \/>\n<meta property=\"og:image\" content=\"https:\/\/vsmc.lt\/wp-content\/uploads\/2024\/02\/22\/Vita-433x360.png\" \/>\n<meta name=\"author\" content=\"Birut\u0117 Kubilinskien\u0117\" \/>\n<meta name=\"twitter:card\" content=\"summary_large_image\" \/>\n<meta name=\"twitter:label1\" content=\"Written by\" \/>\n\t<meta name=\"twitter:data1\" content=\"Birut\u0117 Kubilinskien\u0117\" \/>\n\t<meta name=\"twitter:label2\" content=\"Est. reading time\" \/>\n\t<meta name=\"twitter:data2\" content=\"3 minut\u0117s\" \/>\n<script type=\"application\/ld+json\" class=\"yoast-schema-graph\">{\"@context\":\"https:\\\/\\\/schema.org\",\"@graph\":[{\"@type\":\"Article\",\"@id\":\"https:\\\/\\\/vsmc.lt\\\/?p=10813#article\",\"isPartOf\":{\"@id\":\"https:\\\/\\\/vsmc.lt\\\/?p=10813\"},\"author\":{\"name\":\"Birut\u0117 Kubilinskien\u0117\",\"@id\":\"https:\\\/\\\/vsmc.lt\\\/#\\\/schema\\\/person\\\/7b79c1eab13a88fc1ed4dc6626a57f98\"},\"headline\":\"2024-02-21 Tarptautine gimtosios kalbos diena\",\"datePublished\":\"2024-02-22T15:37:41+00:00\",\"dateModified\":\"2024-02-26T17:30:28+00:00\",\"mainEntityOfPage\":{\"@id\":\"https:\\\/\\\/vsmc.lt\\\/?p=10813\"},\"wordCount\":602,\"publisher\":{\"@id\":\"https:\\\/\\\/vsmc.lt\\\/#organization\"},\"image\":{\"@id\":\"https:\\\/\\\/vsmc.lt\\\/?p=10813#primaryimage\"},\"thumbnailUrl\":\"https:\\\/\\\/vsmc.lt\\\/wp-content\\\/uploads\\\/2024\\\/02\\\/22\\\/Vita-433x360.png\",\"articleSection\":[\"Naujienos\"],\"inLanguage\":\"lt-LT\"},{\"@type\":\"WebPage\",\"@id\":\"https:\\\/\\\/vsmc.lt\\\/?p=10813\",\"url\":\"https:\\\/\\\/vsmc.lt\\\/?p=10813\",\"name\":\"2024-02-21 Tarptautine gimtosios kalbos diena Vilniaus suaugusi\u0173j\u0173 mokymo centras - Vilniaus suaugusi\u0173j\u0173 mokymo centras\",\"isPartOf\":{\"@id\":\"https:\\\/\\\/vsmc.lt\\\/#website\"},\"primaryImageOfPage\":{\"@id\":\"https:\\\/\\\/vsmc.lt\\\/?p=10813#primaryimage\"},\"image\":{\"@id\":\"https:\\\/\\\/vsmc.lt\\\/?p=10813#primaryimage\"},\"thumbnailUrl\":\"https:\\\/\\\/vsmc.lt\\\/wp-content\\\/uploads\\\/2024\\\/02\\\/22\\\/Vita-433x360.png\",\"datePublished\":\"2024-02-22T15:37:41+00:00\",\"dateModified\":\"2024-02-26T17:30:28+00:00\",\"description\":\"2024-02-21 Tarptautine gimtosios kalbos diena Vilniaus suaugusi\u0173j\u0173 mokymo centras\",\"breadcrumb\":{\"@id\":\"https:\\\/\\\/vsmc.lt\\\/?p=10813#breadcrumb\"},\"inLanguage\":\"lt-LT\",\"potentialAction\":[{\"@type\":\"ReadAction\",\"target\":[\"https:\\\/\\\/vsmc.lt\\\/?p=10813\"]}]},{\"@type\":\"ImageObject\",\"inLanguage\":\"lt-LT\",\"@id\":\"https:\\\/\\\/vsmc.lt\\\/?p=10813#primaryimage\",\"url\":\"https:\\\/\\\/vsmc.lt\\\/wp-content\\\/uploads\\\/2024\\\/02\\\/22\\\/Vita.png\",\"contentUrl\":\"https:\\\/\\\/vsmc.lt\\\/wp-content\\\/uploads\\\/2024\\\/02\\\/22\\\/Vita.png\",\"width\":518,\"height\":431},{\"@type\":\"BreadcrumbList\",\"@id\":\"https:\\\/\\\/vsmc.lt\\\/?p=10813#breadcrumb\",\"itemListElement\":[{\"@type\":\"ListItem\",\"position\":1,\"name\":\"Home\",\"item\":\"https:\\\/\\\/vsmc.lt\\\/\"},{\"@type\":\"ListItem\",\"position\":2,\"name\":\"2024-02-21 Tarptautine gimtosios kalbos diena\"}]},{\"@type\":\"WebSite\",\"@id\":\"https:\\\/\\\/vsmc.lt\\\/#website\",\"url\":\"https:\\\/\\\/vsmc.lt\\\/\",\"name\":\"Vilniaus suaugusi\u0173j\u0173 mokymo centras\",\"description\":\"VSMC\",\"publisher\":{\"@id\":\"https:\\\/\\\/vsmc.lt\\\/#organization\"},\"alternateName\":\"VSMC\",\"potentialAction\":[{\"@type\":\"SearchAction\",\"target\":{\"@type\":\"EntryPoint\",\"urlTemplate\":\"https:\\\/\\\/vsmc.lt\\\/?s={search_term_string}\"},\"query-input\":{\"@type\":\"PropertyValueSpecification\",\"valueRequired\":true,\"valueName\":\"search_term_string\"}}],\"inLanguage\":\"lt-LT\"},{\"@type\":\"Organization\",\"@id\":\"https:\\\/\\\/vsmc.lt\\\/#organization\",\"name\":\"Vilniaus suaugusi\u0173j\u0173 mokymo centras\",\"alternateName\":\"VSMC\",\"url\":\"https:\\\/\\\/vsmc.lt\\\/\",\"logo\":{\"@type\":\"ImageObject\",\"inLanguage\":\"lt-LT\",\"@id\":\"https:\\\/\\\/vsmc.lt\\\/#\\\/schema\\\/logo\\\/image\\\/\",\"url\":\"https:\\\/\\\/vsmc.lt\\\/wp-content\\\/uploads\\\/2016\\\/11\\\/15\\\/logo.png\",\"contentUrl\":\"https:\\\/\\\/vsmc.lt\\\/wp-content\\\/uploads\\\/2016\\\/11\\\/15\\\/logo.png\",\"width\":96,\"height\":121,\"caption\":\"Vilniaus suaugusi\u0173j\u0173 mokymo centras\"},\"image\":{\"@id\":\"https:\\\/\\\/vsmc.lt\\\/#\\\/schema\\\/logo\\\/image\\\/\"},\"sameAs\":[\"https:\\\/\\\/www.facebook.com\\\/p\\\/Vilniaus-suaugusij-mokymo-centras-VSMC-gimnazija-100034428106674\\\/\"]},{\"@type\":\"Person\",\"@id\":\"https:\\\/\\\/vsmc.lt\\\/#\\\/schema\\\/person\\\/7b79c1eab13a88fc1ed4dc6626a57f98\",\"name\":\"Birut\u0117 Kubilinskien\u0117\",\"image\":{\"@type\":\"ImageObject\",\"inLanguage\":\"lt-LT\",\"@id\":\"https:\\\/\\\/secure.gravatar.com\\\/avatar\\\/de3432602f9f0edd7dc9006aceaad7e2a3227ca56f4f6d9e4b2e2ee05a11e793?s=96&d=mm&r=g\",\"url\":\"https:\\\/\\\/secure.gravatar.com\\\/avatar\\\/de3432602f9f0edd7dc9006aceaad7e2a3227ca56f4f6d9e4b2e2ee05a11e793?s=96&d=mm&r=g\",\"contentUrl\":\"https:\\\/\\\/secure.gravatar.com\\\/avatar\\\/de3432602f9f0edd7dc9006aceaad7e2a3227ca56f4f6d9e4b2e2ee05a11e793?s=96&d=mm&r=g\",\"caption\":\"Birut\u0117 Kubilinskien\u0117\"},\"url\":\"https:\\\/\\\/vsmc.lt\\\/?author=5\"}]}<\/script>\n<!-- \/ Yoast SEO plugin. -->","yoast_head_json":{"title":"2024-02-21 Tarptautine gimtosios kalbos diena Vilniaus suaugusi\u0173j\u0173 mokymo centras  - Vilniaus suaugusi\u0173j\u0173 mokymo centras","description":"2024-02-21 Tarptautine gimtosios kalbos diena Vilniaus suaugusi\u0173j\u0173 mokymo centras","robots":{"index":"index","follow":"follow","max-snippet":"max-snippet:-1","max-image-preview":"max-image-preview:large","max-video-preview":"max-video-preview:-1"},"canonical":"https:\/\/vsmc.lt\/?p=10813","og_locale":"lt_LT","og_type":"article","og_title":"2024-02-21 Tarptautine gimtosios kalbos diena Vilniaus suaugusi\u0173j\u0173 mokymo centras  - Vilniaus suaugusi\u0173j\u0173 mokymo centras","og_description":"2024-02-21 Tarptautine gimtosios kalbos diena Vilniaus suaugusi\u0173j\u0173 mokymo centras","og_url":"https:\/\/vsmc.lt\/?p=10813","og_site_name":"Vilniaus suaugusi\u0173j\u0173 mokymo centras","article_publisher":"https:\/\/www.facebook.com\/p\/Vilniaus-suaugusij-mokymo-centras-VSMC-gimnazija-100034428106674\/","article_published_time":"2024-02-22T15:37:41+00:00","article_modified_time":"2024-02-26T17:30:28+00:00","og_image":[{"url":"https:\/\/vsmc.lt\/wp-content\/uploads\/2024\/02\/22\/Vita-433x360.png","type":"","width":"","height":""}],"author":"Birut\u0117 Kubilinskien\u0117","twitter_card":"summary_large_image","twitter_misc":{"Written by":"Birut\u0117 Kubilinskien\u0117","Est. reading time":"3 minut\u0117s"},"schema":{"@context":"https:\/\/schema.org","@graph":[{"@type":"Article","@id":"https:\/\/vsmc.lt\/?p=10813#article","isPartOf":{"@id":"https:\/\/vsmc.lt\/?p=10813"},"author":{"name":"Birut\u0117 Kubilinskien\u0117","@id":"https:\/\/vsmc.lt\/#\/schema\/person\/7b79c1eab13a88fc1ed4dc6626a57f98"},"headline":"2024-02-21 Tarptautine gimtosios kalbos diena","datePublished":"2024-02-22T15:37:41+00:00","dateModified":"2024-02-26T17:30:28+00:00","mainEntityOfPage":{"@id":"https:\/\/vsmc.lt\/?p=10813"},"wordCount":602,"publisher":{"@id":"https:\/\/vsmc.lt\/#organization"},"image":{"@id":"https:\/\/vsmc.lt\/?p=10813#primaryimage"},"thumbnailUrl":"https:\/\/vsmc.lt\/wp-content\/uploads\/2024\/02\/22\/Vita-433x360.png","articleSection":["Naujienos"],"inLanguage":"lt-LT"},{"@type":"WebPage","@id":"https:\/\/vsmc.lt\/?p=10813","url":"https:\/\/vsmc.lt\/?p=10813","name":"2024-02-21 Tarptautine gimtosios kalbos diena Vilniaus suaugusi\u0173j\u0173 mokymo centras - Vilniaus suaugusi\u0173j\u0173 mokymo centras","isPartOf":{"@id":"https:\/\/vsmc.lt\/#website"},"primaryImageOfPage":{"@id":"https:\/\/vsmc.lt\/?p=10813#primaryimage"},"image":{"@id":"https:\/\/vsmc.lt\/?p=10813#primaryimage"},"thumbnailUrl":"https:\/\/vsmc.lt\/wp-content\/uploads\/2024\/02\/22\/Vita-433x360.png","datePublished":"2024-02-22T15:37:41+00:00","dateModified":"2024-02-26T17:30:28+00:00","description":"2024-02-21 Tarptautine gimtosios kalbos diena Vilniaus suaugusi\u0173j\u0173 mokymo centras","breadcrumb":{"@id":"https:\/\/vsmc.lt\/?p=10813#breadcrumb"},"inLanguage":"lt-LT","potentialAction":[{"@type":"ReadAction","target":["https:\/\/vsmc.lt\/?p=10813"]}]},{"@type":"ImageObject","inLanguage":"lt-LT","@id":"https:\/\/vsmc.lt\/?p=10813#primaryimage","url":"https:\/\/vsmc.lt\/wp-content\/uploads\/2024\/02\/22\/Vita.png","contentUrl":"https:\/\/vsmc.lt\/wp-content\/uploads\/2024\/02\/22\/Vita.png","width":518,"height":431},{"@type":"BreadcrumbList","@id":"https:\/\/vsmc.lt\/?p=10813#breadcrumb","itemListElement":[{"@type":"ListItem","position":1,"name":"Home","item":"https:\/\/vsmc.lt\/"},{"@type":"ListItem","position":2,"name":"2024-02-21 Tarptautine gimtosios kalbos diena"}]},{"@type":"WebSite","@id":"https:\/\/vsmc.lt\/#website","url":"https:\/\/vsmc.lt\/","name":"Vilniaus suaugusi\u0173j\u0173 mokymo centras","description":"VSMC","publisher":{"@id":"https:\/\/vsmc.lt\/#organization"},"alternateName":"VSMC","potentialAction":[{"@type":"SearchAction","target":{"@type":"EntryPoint","urlTemplate":"https:\/\/vsmc.lt\/?s={search_term_string}"},"query-input":{"@type":"PropertyValueSpecification","valueRequired":true,"valueName":"search_term_string"}}],"inLanguage":"lt-LT"},{"@type":"Organization","@id":"https:\/\/vsmc.lt\/#organization","name":"Vilniaus suaugusi\u0173j\u0173 mokymo centras","alternateName":"VSMC","url":"https:\/\/vsmc.lt\/","logo":{"@type":"ImageObject","inLanguage":"lt-LT","@id":"https:\/\/vsmc.lt\/#\/schema\/logo\/image\/","url":"https:\/\/vsmc.lt\/wp-content\/uploads\/2016\/11\/15\/logo.png","contentUrl":"https:\/\/vsmc.lt\/wp-content\/uploads\/2016\/11\/15\/logo.png","width":96,"height":121,"caption":"Vilniaus suaugusi\u0173j\u0173 mokymo centras"},"image":{"@id":"https:\/\/vsmc.lt\/#\/schema\/logo\/image\/"},"sameAs":["https:\/\/www.facebook.com\/p\/Vilniaus-suaugusij-mokymo-centras-VSMC-gimnazija-100034428106674\/"]},{"@type":"Person","@id":"https:\/\/vsmc.lt\/#\/schema\/person\/7b79c1eab13a88fc1ed4dc6626a57f98","name":"Birut\u0117 Kubilinskien\u0117","image":{"@type":"ImageObject","inLanguage":"lt-LT","@id":"https:\/\/secure.gravatar.com\/avatar\/de3432602f9f0edd7dc9006aceaad7e2a3227ca56f4f6d9e4b2e2ee05a11e793?s=96&d=mm&r=g","url":"https:\/\/secure.gravatar.com\/avatar\/de3432602f9f0edd7dc9006aceaad7e2a3227ca56f4f6d9e4b2e2ee05a11e793?s=96&d=mm&r=g","contentUrl":"https:\/\/secure.gravatar.com\/avatar\/de3432602f9f0edd7dc9006aceaad7e2a3227ca56f4f6d9e4b2e2ee05a11e793?s=96&d=mm&r=g","caption":"Birut\u0117 Kubilinskien\u0117"},"url":"https:\/\/vsmc.lt\/?author=5"}]}},"_links":{"self":[{"href":"https:\/\/vsmc.lt\/index.php?rest_route=\/wp\/v2\/posts\/10813","targetHints":{"allow":["GET"]}}],"collection":[{"href":"https:\/\/vsmc.lt\/index.php?rest_route=\/wp\/v2\/posts"}],"about":[{"href":"https:\/\/vsmc.lt\/index.php?rest_route=\/wp\/v2\/types\/post"}],"author":[{"embeddable":true,"href":"https:\/\/vsmc.lt\/index.php?rest_route=\/wp\/v2\/users\/5"}],"replies":[{"embeddable":true,"href":"https:\/\/vsmc.lt\/index.php?rest_route=%2Fwp%2Fv2%2Fcomments&post=10813"}],"version-history":[{"count":7,"href":"https:\/\/vsmc.lt\/index.php?rest_route=\/wp\/v2\/posts\/10813\/revisions"}],"predecessor-version":[{"id":10828,"href":"https:\/\/vsmc.lt\/index.php?rest_route=\/wp\/v2\/posts\/10813\/revisions\/10828"}],"wp:attachment":[{"href":"https:\/\/vsmc.lt\/index.php?rest_route=%2Fwp%2Fv2%2Fmedia&parent=10813"}],"wp:term":[{"taxonomy":"category","embeddable":true,"href":"https:\/\/vsmc.lt\/index.php?rest_route=%2Fwp%2Fv2%2Fcategories&post=10813"},{"taxonomy":"post_tag","embeddable":true,"href":"https:\/\/vsmc.lt\/index.php?rest_route=%2Fwp%2Fv2%2Ftags&post=10813"}],"curies":[{"name":"wp","href":"https:\/\/api.w.org\/{rel}","templated":true}]}}