{"id":10878,"date":"2024-03-14T16:02:16","date_gmt":"2024-03-14T13:02:16","guid":{"rendered":"https:\/\/vsmc.lt\/?p=10878"},"modified":"2024-03-25T19:40:19","modified_gmt":"2024-03-25T16:40:19","slug":"2024-03-12-integruotu-lenku-ir-lietuviu-kalbu-pamoku-ciklas-adomo-mickeviciaus-pedsakais","status":"publish","type":"post","link":"https:\/\/vsmc.lt\/?p=10878","title":{"rendered":"2024-03-12 Integruot\u0173 lenk\u0173 ir lietuvi\u0173 kalb\u0173 pamok\u0173 ciklas \u201eAdomo Mickevi\u010diaus p\u0117dsakais\u201c"},"content":{"rendered":"<p>\u0160i\u0173 met\u0173 kovo 12 dien\u0105 VSMC IV C klas\u0117s mokiniai su lietuvi\u0173 kalbos mokytoja Oksana Aleknavi\u010dius ir lenk\u0173 kalbos mokytoja Jolanta Makovska dalyvavo netradicin\u0117se pamokose, kurios buvo organizuotos pagal \u201eVilnius yra mokykla\u201c mokymosi platformos si\u016blom\u0105 plan\u0105.<\/p>\n<p>Pirmiausiai per lietuvi\u0173 kalbos ir literat\u016bros pamok\u0105 mokiniai prisimin\u0117 Adomo Mickevi\u010diaus, vieno i\u0161 garsiausi\u0173 Vilniaus romantin\u0117s mokyklos atstov\u0173, III klas\u0117je skaitytus k\u016brinius, trumpai juos aptar\u0117. Toliau pamoka vyko netradicin\u0117je erdv\u0117je \u2013 Vilniaus centre ir prie paminklo garsiajam poetui. Lenk\u0173 kalbos mokytoja primin\u0117 mokiniams A. Mickevi\u010diaus gyvenimo etapus, diskutavo, koki\u0105 viet\u0105 jo k\u016bryboje u\u017eima Vilnius.<\/p>\n<p>Pamokos pabaigoje mokiniai interpretavo skulpt\u016broje \u012fam\u017eint\u0105 A. Mickevi\u010diaus fig\u016br\u0105 susiedami matomus vaizdus su skaityt\u0173 eil\u0117ra\u0161\u010di\u0173 lyriniais subjektais. Diskutuodami padar\u0117 i\u0161vad\u0105, kuris tekstas geriausiai atspindi skulpt\u016broje u\u017efiksuot\u0105 poeto b\u016bsen\u0105.<\/p>\n<p>Integruotos pamokos netradicin\u0117je aplinkoje \u2013 geras b\u016bdas derinti keli\u0173 dalyk\u0173 turin\u012f, \u012fvairinti ugdymo proces\u0105 ir ugdyti \u012fvairias kompetencijas.<\/p>\n<p><img loading=\"lazy\" decoding=\"async\" class=\"alignnone wp-image-10879\" src=\"https:\/\/vsmc.lt\/wp-content\/uploads\/2024\/03\/14\/Mickevicius-360x360.jpg\" alt=\"\" width=\"510\" height=\"510\" srcset=\"https:\/\/vsmc.lt\/wp-content\/uploads\/2024\/03\/14\/Mickevicius-360x360.jpg 360w, https:\/\/vsmc.lt\/wp-content\/uploads\/2024\/03\/14\/Mickevicius-720x720.jpg 720w, https:\/\/vsmc.lt\/wp-content\/uploads\/2024\/03\/14\/Mickevicius-768x768.jpg 768w, https:\/\/vsmc.lt\/wp-content\/uploads\/2024\/03\/14\/Mickevicius-1536x1536.jpg 1536w, https:\/\/vsmc.lt\/wp-content\/uploads\/2024\/03\/14\/Mickevicius.jpg 2000w\" sizes=\"auto, (max-width: 510px) 100vw, 510px\" \/><\/p>\n<p style=\"text-align: right;\">Pareng\u0117 lietuvi\u0173 kalbos ir literat\u016bros mokytoja metodinink\u0117 Oksana Aleknavi\u010dius<\/p>\n<p>&nbsp;<\/p>\n","protected":false},"excerpt":{"rendered":"<p>\u0160i\u0173 met\u0173 kovo 12 dien\u0105 VSMC IV C klas\u0117s mokiniai su lietuvi\u0173 kalbos mokytoja Oksana Aleknavi\u010dius ir lenk\u0173 kalbos mokytoja Jolanta Makovska dalyvavo netradicin\u0117se pamokose, kurios buvo organizuotos pagal \u201eVilnius yra mokykla\u201c mokymosi platformos si\u016blom\u0105 plan\u0105. Pirmiausiai per lietuvi\u0173 kalbos ir literat\u016bros pamok\u0105 mokiniai prisimin\u0117 Adomo Mickevi\u010diaus, vieno i\u0161 garsiausi\u0173 Vilniaus romantin\u0117s mokyklos atstov\u0173, III [&hellip;]<\/p>\n","protected":false},"author":5,"featured_media":0,"comment_status":"closed","ping_status":"closed","sticky":false,"template":"","format":"standard","meta":{"footnotes":""},"categories":[1],"tags":[],"class_list":["post-10878","post","type-post","status-publish","format-standard","hentry","category-naujienos"],"yoast_head":"<!-- This site is optimized with the Yoast SEO plugin v27.5 - https:\/\/yoast.com\/product\/yoast-seo-wordpress\/ -->\n<title>2024-03-12 Integruot\u0173 lenk\u0173 ir lietuvi\u0173 kalb\u0173 pamok\u0173 ciklas \u201eAdomo Mickevi\u010diaus p\u0117dsakais\u201c Vilniaus suaugusi\u0173j\u0173 mokymo centras  - Vilniaus suaugusi\u0173j\u0173 mokymo centras<\/title>\n<meta name=\"description\" content=\"2024-03-12 Integruot\u0173 lenk\u0173 ir lietuvi\u0173 kalb\u0173 pamok\u0173 ciklas \u201eAdomo Mickevi\u010diaus p\u0117dsakais\u201c Vilniaus suaugusi\u0173j\u0173 mokymo centras\" \/>\n<meta name=\"robots\" content=\"index, follow, max-snippet:-1, max-image-preview:large, max-video-preview:-1\" \/>\n<link rel=\"canonical\" href=\"https:\/\/vsmc.lt\/?p=10878\" \/>\n<meta property=\"og:locale\" content=\"lt_LT\" \/>\n<meta property=\"og:type\" content=\"article\" \/>\n<meta property=\"og:title\" content=\"2024-03-12 Integruot\u0173 lenk\u0173 ir lietuvi\u0173 kalb\u0173 pamok\u0173 ciklas \u201eAdomo Mickevi\u010diaus p\u0117dsakais\u201c Vilniaus suaugusi\u0173j\u0173 mokymo centras  - Vilniaus suaugusi\u0173j\u0173 mokymo centras\" \/>\n<meta property=\"og:description\" content=\"2024-03-12 Integruot\u0173 lenk\u0173 ir lietuvi\u0173 kalb\u0173 pamok\u0173 ciklas \u201eAdomo Mickevi\u010diaus p\u0117dsakais\u201c Vilniaus suaugusi\u0173j\u0173 mokymo centras\" \/>\n<meta property=\"og:url\" content=\"https:\/\/vsmc.lt\/?p=10878\" \/>\n<meta property=\"og:site_name\" content=\"Vilniaus suaugusi\u0173j\u0173 mokymo centras\" \/>\n<meta property=\"article:publisher\" content=\"https:\/\/www.facebook.com\/p\/Vilniaus-suaugusij-mokymo-centras-VSMC-gimnazija-100034428106674\/\" \/>\n<meta property=\"article:published_time\" content=\"2024-03-14T13:02:16+00:00\" \/>\n<meta property=\"article:modified_time\" content=\"2024-03-25T16:40:19+00:00\" \/>\n<meta property=\"og:image\" content=\"https:\/\/vsmc.lt\/wp-content\/uploads\/2024\/03\/14\/Mickevicius-360x360.jpg\" \/>\n<meta name=\"author\" content=\"Birut\u0117 Kubilinskien\u0117\" \/>\n<meta name=\"twitter:card\" content=\"summary_large_image\" \/>\n<meta name=\"twitter:label1\" content=\"Written by\" \/>\n\t<meta name=\"twitter:data1\" content=\"Birut\u0117 Kubilinskien\u0117\" \/>\n\t<meta name=\"twitter:label2\" content=\"Est. reading time\" \/>\n\t<meta name=\"twitter:data2\" content=\"1 minut\u0117\" \/>\n<script type=\"application\/ld+json\" class=\"yoast-schema-graph\">{\"@context\":\"https:\\\/\\\/schema.org\",\"@graph\":[{\"@type\":\"Article\",\"@id\":\"https:\\\/\\\/vsmc.lt\\\/?p=10878#article\",\"isPartOf\":{\"@id\":\"https:\\\/\\\/vsmc.lt\\\/?p=10878\"},\"author\":{\"name\":\"Birut\u0117 Kubilinskien\u0117\",\"@id\":\"https:\\\/\\\/vsmc.lt\\\/#\\\/schema\\\/person\\\/7b79c1eab13a88fc1ed4dc6626a57f98\"},\"headline\":\"2024-03-12 Integruot\u0173 lenk\u0173 ir lietuvi\u0173 kalb\u0173 pamok\u0173 ciklas \u201eAdomo Mickevi\u010diaus p\u0117dsakais\u201c\",\"datePublished\":\"2024-03-14T13:02:16+00:00\",\"dateModified\":\"2024-03-25T16:40:19+00:00\",\"mainEntityOfPage\":{\"@id\":\"https:\\\/\\\/vsmc.lt\\\/?p=10878\"},\"wordCount\":185,\"publisher\":{\"@id\":\"https:\\\/\\\/vsmc.lt\\\/#organization\"},\"image\":{\"@id\":\"https:\\\/\\\/vsmc.lt\\\/?p=10878#primaryimage\"},\"thumbnailUrl\":\"https:\\\/\\\/vsmc.lt\\\/wp-content\\\/uploads\\\/2024\\\/03\\\/14\\\/Mickevicius-360x360.jpg\",\"articleSection\":[\"Naujienos\"],\"inLanguage\":\"lt-LT\"},{\"@type\":\"WebPage\",\"@id\":\"https:\\\/\\\/vsmc.lt\\\/?p=10878\",\"url\":\"https:\\\/\\\/vsmc.lt\\\/?p=10878\",\"name\":\"2024-03-12 Integruot\u0173 lenk\u0173 ir lietuvi\u0173 kalb\u0173 pamok\u0173 ciklas \u201eAdomo Mickevi\u010diaus p\u0117dsakais\u201c Vilniaus suaugusi\u0173j\u0173 mokymo centras - Vilniaus suaugusi\u0173j\u0173 mokymo centras\",\"isPartOf\":{\"@id\":\"https:\\\/\\\/vsmc.lt\\\/#website\"},\"primaryImageOfPage\":{\"@id\":\"https:\\\/\\\/vsmc.lt\\\/?p=10878#primaryimage\"},\"image\":{\"@id\":\"https:\\\/\\\/vsmc.lt\\\/?p=10878#primaryimage\"},\"thumbnailUrl\":\"https:\\\/\\\/vsmc.lt\\\/wp-content\\\/uploads\\\/2024\\\/03\\\/14\\\/Mickevicius-360x360.jpg\",\"datePublished\":\"2024-03-14T13:02:16+00:00\",\"dateModified\":\"2024-03-25T16:40:19+00:00\",\"description\":\"2024-03-12 Integruot\u0173 lenk\u0173 ir lietuvi\u0173 kalb\u0173 pamok\u0173 ciklas \u201eAdomo Mickevi\u010diaus p\u0117dsakais\u201c Vilniaus suaugusi\u0173j\u0173 mokymo centras\",\"breadcrumb\":{\"@id\":\"https:\\\/\\\/vsmc.lt\\\/?p=10878#breadcrumb\"},\"inLanguage\":\"lt-LT\",\"potentialAction\":[{\"@type\":\"ReadAction\",\"target\":[\"https:\\\/\\\/vsmc.lt\\\/?p=10878\"]}]},{\"@type\":\"ImageObject\",\"inLanguage\":\"lt-LT\",\"@id\":\"https:\\\/\\\/vsmc.lt\\\/?p=10878#primaryimage\",\"url\":\"https:\\\/\\\/vsmc.lt\\\/wp-content\\\/uploads\\\/2024\\\/03\\\/14\\\/Mickevicius.jpg\",\"contentUrl\":\"https:\\\/\\\/vsmc.lt\\\/wp-content\\\/uploads\\\/2024\\\/03\\\/14\\\/Mickevicius.jpg\",\"width\":2000,\"height\":2000},{\"@type\":\"BreadcrumbList\",\"@id\":\"https:\\\/\\\/vsmc.lt\\\/?p=10878#breadcrumb\",\"itemListElement\":[{\"@type\":\"ListItem\",\"position\":1,\"name\":\"Home\",\"item\":\"https:\\\/\\\/vsmc.lt\\\/\"},{\"@type\":\"ListItem\",\"position\":2,\"name\":\"2024-03-12 Integruot\u0173 lenk\u0173 ir lietuvi\u0173 kalb\u0173 pamok\u0173 ciklas \u201eAdomo Mickevi\u010diaus p\u0117dsakais\u201c\"}]},{\"@type\":\"WebSite\",\"@id\":\"https:\\\/\\\/vsmc.lt\\\/#website\",\"url\":\"https:\\\/\\\/vsmc.lt\\\/\",\"name\":\"Vilniaus suaugusi\u0173j\u0173 mokymo centras\",\"description\":\"VSMC\",\"publisher\":{\"@id\":\"https:\\\/\\\/vsmc.lt\\\/#organization\"},\"alternateName\":\"VSMC\",\"potentialAction\":[{\"@type\":\"SearchAction\",\"target\":{\"@type\":\"EntryPoint\",\"urlTemplate\":\"https:\\\/\\\/vsmc.lt\\\/?s={search_term_string}\"},\"query-input\":{\"@type\":\"PropertyValueSpecification\",\"valueRequired\":true,\"valueName\":\"search_term_string\"}}],\"inLanguage\":\"lt-LT\"},{\"@type\":\"Organization\",\"@id\":\"https:\\\/\\\/vsmc.lt\\\/#organization\",\"name\":\"Vilniaus suaugusi\u0173j\u0173 mokymo centras\",\"alternateName\":\"VSMC\",\"url\":\"https:\\\/\\\/vsmc.lt\\\/\",\"logo\":{\"@type\":\"ImageObject\",\"inLanguage\":\"lt-LT\",\"@id\":\"https:\\\/\\\/vsmc.lt\\\/#\\\/schema\\\/logo\\\/image\\\/\",\"url\":\"https:\\\/\\\/vsmc.lt\\\/wp-content\\\/uploads\\\/2016\\\/11\\\/15\\\/logo.png\",\"contentUrl\":\"https:\\\/\\\/vsmc.lt\\\/wp-content\\\/uploads\\\/2016\\\/11\\\/15\\\/logo.png\",\"width\":96,\"height\":121,\"caption\":\"Vilniaus suaugusi\u0173j\u0173 mokymo centras\"},\"image\":{\"@id\":\"https:\\\/\\\/vsmc.lt\\\/#\\\/schema\\\/logo\\\/image\\\/\"},\"sameAs\":[\"https:\\\/\\\/www.facebook.com\\\/p\\\/Vilniaus-suaugusij-mokymo-centras-VSMC-gimnazija-100034428106674\\\/\"]},{\"@type\":\"Person\",\"@id\":\"https:\\\/\\\/vsmc.lt\\\/#\\\/schema\\\/person\\\/7b79c1eab13a88fc1ed4dc6626a57f98\",\"name\":\"Birut\u0117 Kubilinskien\u0117\",\"image\":{\"@type\":\"ImageObject\",\"inLanguage\":\"lt-LT\",\"@id\":\"https:\\\/\\\/secure.gravatar.com\\\/avatar\\\/de3432602f9f0edd7dc9006aceaad7e2a3227ca56f4f6d9e4b2e2ee05a11e793?s=96&d=mm&r=g\",\"url\":\"https:\\\/\\\/secure.gravatar.com\\\/avatar\\\/de3432602f9f0edd7dc9006aceaad7e2a3227ca56f4f6d9e4b2e2ee05a11e793?s=96&d=mm&r=g\",\"contentUrl\":\"https:\\\/\\\/secure.gravatar.com\\\/avatar\\\/de3432602f9f0edd7dc9006aceaad7e2a3227ca56f4f6d9e4b2e2ee05a11e793?s=96&d=mm&r=g\",\"caption\":\"Birut\u0117 Kubilinskien\u0117\"},\"url\":\"https:\\\/\\\/vsmc.lt\\\/?author=5\"}]}<\/script>\n<!-- \/ Yoast SEO plugin. -->","yoast_head_json":{"title":"2024-03-12 Integruot\u0173 lenk\u0173 ir lietuvi\u0173 kalb\u0173 pamok\u0173 ciklas \u201eAdomo Mickevi\u010diaus p\u0117dsakais\u201c Vilniaus suaugusi\u0173j\u0173 mokymo centras  - Vilniaus suaugusi\u0173j\u0173 mokymo centras","description":"2024-03-12 Integruot\u0173 lenk\u0173 ir lietuvi\u0173 kalb\u0173 pamok\u0173 ciklas \u201eAdomo Mickevi\u010diaus p\u0117dsakais\u201c Vilniaus suaugusi\u0173j\u0173 mokymo centras","robots":{"index":"index","follow":"follow","max-snippet":"max-snippet:-1","max-image-preview":"max-image-preview:large","max-video-preview":"max-video-preview:-1"},"canonical":"https:\/\/vsmc.lt\/?p=10878","og_locale":"lt_LT","og_type":"article","og_title":"2024-03-12 Integruot\u0173 lenk\u0173 ir lietuvi\u0173 kalb\u0173 pamok\u0173 ciklas \u201eAdomo Mickevi\u010diaus p\u0117dsakais\u201c Vilniaus suaugusi\u0173j\u0173 mokymo centras  - Vilniaus suaugusi\u0173j\u0173 mokymo centras","og_description":"2024-03-12 Integruot\u0173 lenk\u0173 ir lietuvi\u0173 kalb\u0173 pamok\u0173 ciklas \u201eAdomo Mickevi\u010diaus p\u0117dsakais\u201c Vilniaus suaugusi\u0173j\u0173 mokymo centras","og_url":"https:\/\/vsmc.lt\/?p=10878","og_site_name":"Vilniaus suaugusi\u0173j\u0173 mokymo centras","article_publisher":"https:\/\/www.facebook.com\/p\/Vilniaus-suaugusij-mokymo-centras-VSMC-gimnazija-100034428106674\/","article_published_time":"2024-03-14T13:02:16+00:00","article_modified_time":"2024-03-25T16:40:19+00:00","og_image":[{"url":"https:\/\/vsmc.lt\/wp-content\/uploads\/2024\/03\/14\/Mickevicius-360x360.jpg","type":"","width":"","height":""}],"author":"Birut\u0117 Kubilinskien\u0117","twitter_card":"summary_large_image","twitter_misc":{"Written by":"Birut\u0117 Kubilinskien\u0117","Est. reading time":"1 minut\u0117"},"schema":{"@context":"https:\/\/schema.org","@graph":[{"@type":"Article","@id":"https:\/\/vsmc.lt\/?p=10878#article","isPartOf":{"@id":"https:\/\/vsmc.lt\/?p=10878"},"author":{"name":"Birut\u0117 Kubilinskien\u0117","@id":"https:\/\/vsmc.lt\/#\/schema\/person\/7b79c1eab13a88fc1ed4dc6626a57f98"},"headline":"2024-03-12 Integruot\u0173 lenk\u0173 ir lietuvi\u0173 kalb\u0173 pamok\u0173 ciklas \u201eAdomo Mickevi\u010diaus p\u0117dsakais\u201c","datePublished":"2024-03-14T13:02:16+00:00","dateModified":"2024-03-25T16:40:19+00:00","mainEntityOfPage":{"@id":"https:\/\/vsmc.lt\/?p=10878"},"wordCount":185,"publisher":{"@id":"https:\/\/vsmc.lt\/#organization"},"image":{"@id":"https:\/\/vsmc.lt\/?p=10878#primaryimage"},"thumbnailUrl":"https:\/\/vsmc.lt\/wp-content\/uploads\/2024\/03\/14\/Mickevicius-360x360.jpg","articleSection":["Naujienos"],"inLanguage":"lt-LT"},{"@type":"WebPage","@id":"https:\/\/vsmc.lt\/?p=10878","url":"https:\/\/vsmc.lt\/?p=10878","name":"2024-03-12 Integruot\u0173 lenk\u0173 ir lietuvi\u0173 kalb\u0173 pamok\u0173 ciklas \u201eAdomo Mickevi\u010diaus p\u0117dsakais\u201c Vilniaus suaugusi\u0173j\u0173 mokymo centras - Vilniaus suaugusi\u0173j\u0173 mokymo centras","isPartOf":{"@id":"https:\/\/vsmc.lt\/#website"},"primaryImageOfPage":{"@id":"https:\/\/vsmc.lt\/?p=10878#primaryimage"},"image":{"@id":"https:\/\/vsmc.lt\/?p=10878#primaryimage"},"thumbnailUrl":"https:\/\/vsmc.lt\/wp-content\/uploads\/2024\/03\/14\/Mickevicius-360x360.jpg","datePublished":"2024-03-14T13:02:16+00:00","dateModified":"2024-03-25T16:40:19+00:00","description":"2024-03-12 Integruot\u0173 lenk\u0173 ir lietuvi\u0173 kalb\u0173 pamok\u0173 ciklas \u201eAdomo Mickevi\u010diaus p\u0117dsakais\u201c Vilniaus suaugusi\u0173j\u0173 mokymo centras","breadcrumb":{"@id":"https:\/\/vsmc.lt\/?p=10878#breadcrumb"},"inLanguage":"lt-LT","potentialAction":[{"@type":"ReadAction","target":["https:\/\/vsmc.lt\/?p=10878"]}]},{"@type":"ImageObject","inLanguage":"lt-LT","@id":"https:\/\/vsmc.lt\/?p=10878#primaryimage","url":"https:\/\/vsmc.lt\/wp-content\/uploads\/2024\/03\/14\/Mickevicius.jpg","contentUrl":"https:\/\/vsmc.lt\/wp-content\/uploads\/2024\/03\/14\/Mickevicius.jpg","width":2000,"height":2000},{"@type":"BreadcrumbList","@id":"https:\/\/vsmc.lt\/?p=10878#breadcrumb","itemListElement":[{"@type":"ListItem","position":1,"name":"Home","item":"https:\/\/vsmc.lt\/"},{"@type":"ListItem","position":2,"name":"2024-03-12 Integruot\u0173 lenk\u0173 ir lietuvi\u0173 kalb\u0173 pamok\u0173 ciklas \u201eAdomo Mickevi\u010diaus p\u0117dsakais\u201c"}]},{"@type":"WebSite","@id":"https:\/\/vsmc.lt\/#website","url":"https:\/\/vsmc.lt\/","name":"Vilniaus suaugusi\u0173j\u0173 mokymo centras","description":"VSMC","publisher":{"@id":"https:\/\/vsmc.lt\/#organization"},"alternateName":"VSMC","potentialAction":[{"@type":"SearchAction","target":{"@type":"EntryPoint","urlTemplate":"https:\/\/vsmc.lt\/?s={search_term_string}"},"query-input":{"@type":"PropertyValueSpecification","valueRequired":true,"valueName":"search_term_string"}}],"inLanguage":"lt-LT"},{"@type":"Organization","@id":"https:\/\/vsmc.lt\/#organization","name":"Vilniaus suaugusi\u0173j\u0173 mokymo centras","alternateName":"VSMC","url":"https:\/\/vsmc.lt\/","logo":{"@type":"ImageObject","inLanguage":"lt-LT","@id":"https:\/\/vsmc.lt\/#\/schema\/logo\/image\/","url":"https:\/\/vsmc.lt\/wp-content\/uploads\/2016\/11\/15\/logo.png","contentUrl":"https:\/\/vsmc.lt\/wp-content\/uploads\/2016\/11\/15\/logo.png","width":96,"height":121,"caption":"Vilniaus suaugusi\u0173j\u0173 mokymo centras"},"image":{"@id":"https:\/\/vsmc.lt\/#\/schema\/logo\/image\/"},"sameAs":["https:\/\/www.facebook.com\/p\/Vilniaus-suaugusij-mokymo-centras-VSMC-gimnazija-100034428106674\/"]},{"@type":"Person","@id":"https:\/\/vsmc.lt\/#\/schema\/person\/7b79c1eab13a88fc1ed4dc6626a57f98","name":"Birut\u0117 Kubilinskien\u0117","image":{"@type":"ImageObject","inLanguage":"lt-LT","@id":"https:\/\/secure.gravatar.com\/avatar\/de3432602f9f0edd7dc9006aceaad7e2a3227ca56f4f6d9e4b2e2ee05a11e793?s=96&d=mm&r=g","url":"https:\/\/secure.gravatar.com\/avatar\/de3432602f9f0edd7dc9006aceaad7e2a3227ca56f4f6d9e4b2e2ee05a11e793?s=96&d=mm&r=g","contentUrl":"https:\/\/secure.gravatar.com\/avatar\/de3432602f9f0edd7dc9006aceaad7e2a3227ca56f4f6d9e4b2e2ee05a11e793?s=96&d=mm&r=g","caption":"Birut\u0117 Kubilinskien\u0117"},"url":"https:\/\/vsmc.lt\/?author=5"}]}},"_links":{"self":[{"href":"https:\/\/vsmc.lt\/index.php?rest_route=\/wp\/v2\/posts\/10878","targetHints":{"allow":["GET"]}}],"collection":[{"href":"https:\/\/vsmc.lt\/index.php?rest_route=\/wp\/v2\/posts"}],"about":[{"href":"https:\/\/vsmc.lt\/index.php?rest_route=\/wp\/v2\/types\/post"}],"author":[{"embeddable":true,"href":"https:\/\/vsmc.lt\/index.php?rest_route=\/wp\/v2\/users\/5"}],"replies":[{"embeddable":true,"href":"https:\/\/vsmc.lt\/index.php?rest_route=%2Fwp%2Fv2%2Fcomments&post=10878"}],"version-history":[{"count":2,"href":"https:\/\/vsmc.lt\/index.php?rest_route=\/wp\/v2\/posts\/10878\/revisions"}],"predecessor-version":[{"id":10917,"href":"https:\/\/vsmc.lt\/index.php?rest_route=\/wp\/v2\/posts\/10878\/revisions\/10917"}],"wp:attachment":[{"href":"https:\/\/vsmc.lt\/index.php?rest_route=%2Fwp%2Fv2%2Fmedia&parent=10878"}],"wp:term":[{"taxonomy":"category","embeddable":true,"href":"https:\/\/vsmc.lt\/index.php?rest_route=%2Fwp%2Fv2%2Fcategories&post=10878"},{"taxonomy":"post_tag","embeddable":true,"href":"https:\/\/vsmc.lt\/index.php?rest_route=%2Fwp%2Fv2%2Ftags&post=10878"}],"curies":[{"name":"wp","href":"https:\/\/api.w.org\/{rel}","templated":true}]}}