{"id":11038,"date":"2024-03-29T11:46:38","date_gmt":"2024-03-29T08:46:38","guid":{"rendered":"https:\/\/vsmc.lt\/?p=11038"},"modified":"2024-04-03T12:06:38","modified_gmt":"2024-04-03T09:06:38","slug":"2024-03-27-integruota-etikos-ir-istorijos-pamoka-lukiskiu-kalejimo-2-0-252-kamera-pagal-vilnius-yra-mokykla-platformos-medziaga","status":"publish","type":"post","link":"https:\/\/vsmc.lt\/?p=11038","title":{"rendered":"2024-03-27 Integruota etikos ir istorijos pamoka \u201eLuki\u0161ki\u0173 kal\u0117jimo 2.0 252 kamera\u201c pagal \u201eVilnius yra mokykla\u201c platformos med\u017eiag\u0105"},"content":{"rendered":"<p><img loading=\"lazy\" decoding=\"async\" class=\"alignnone wp-image-10973\" src=\"https:\/\/vsmc.lt\/wp-content\/uploads\/2024\/03\/26\/Vilnius-yra-mokykla-2.png\" alt=\"\" width=\"180\" height=\"91\" \/>Kovo 27 d. VSMC III-IV klasi\u0173 mokiniai dalyvavo\u00a0 \u201eVilnius yra mokykla\u201c platformos si\u016blomoje pamokoje netradicin\u0117je erdv\u0117je \u201eLuki\u0161ki\u0173 kal\u0117jimo 2.0 252 kamera\u201c. Pamok\u0105 ved\u0117 etikos mokytoja metodinink\u0117 Ilona Mikul\u0117nien\u0117 ir istorijos mokytoja metodinink\u0117 An\u017eela Jablonskait\u0117.<\/p>\n<p>Istorijos mokytoja papasakojo mokiniams apie kal\u0117jimo atsiradimo istorij\u0105 \u2013 jis, baigtas statyti 1905 m., carin\u0117s Rusijos laikais, buvo viena moderniausi\u0173 \u012fkalinimo \u012fstaig\u0173 imperijoje ir brangiausias pastatas regione. Mokytoja papasakojo ir apie garsiausius \u010dia kal\u0117jusius kalinius, j\u0173 \u012fvykdytus nusikaltimus. Su mokiniais per\u0117j\u0119 kal\u0117jimo erdves pamok\u0105 t\u0119s\u0117me kameroje. Pamokos dalyviai atliko etikos mokytojos pasi\u016blyt\u0105 u\u017eduot\u012f i\u0161sirinkti saugiausi\u0105 viet\u0105 arba pavir\u0161i\u0173, esant\u012f aplinkoje. Dalinantis mintimis apie tai, kokia vieta mokiniams pasirod\u0117 saugiausia, i\u0161ry\u0161k\u0117jo i\u0161gyvenimo kal\u0117jime (o gal ir gyvenime) s\u0105lygos \u2013 vieni rinkt\u0173si atskirt\u012f \u2013 vienut\u0119, patalp\u0105 su grotomis, ar net tualet\u0105 \u2013 nes did\u017eiausi\u0105 gr\u0117sm\u0119 jaust\u0173 i\u0161 kit\u0173 kalini\u0173, kiti rinkt\u0173si gult\u0105, bendr\u0105 kamer\u0105 \u2013 ir i\u0161gyvenim\u0105 siet\u0173 su bendravimu, susitarimu, draugyste, tam tikromis taisykl\u0117mis, dar kiti rinkt\u0173si viet\u0105, susijusi\u0105 su \u0161ilumos ir \u0161viesos \u0161altiniu, \u2013 lang\u0105, radiatori\u0173, tai jiems primint\u0173, kad bet kurioje nykiausioje vietoje gali rasti \u0161vies\u0105, \u0161ilum\u0105, vilt\u012f. V\u0117liau mokiniai atliko grupin\u012f darb\u0105 \u2013 taikydami asociacij\u0173 metod\u0105 k\u016br\u0117 kal\u0117jimo apibr\u0117\u017eim\u0105. \u0160tai vienas i\u0161 j\u0173: \u201eKal\u0117jimas \u2013 tai baim\u0117 nepa\u017einti rytojaus\u201c.<\/p>\n<p>Pamokos tokiose erdv\u0117se i\u0161ties yra unikalios ir \u0161i mokiniams labai patiko, nes i\u0161girsta informacija ir patirti poj\u016b\u010diai tik sustiprino suvokim\u0105 \u2013 kaip gera b\u016bti laisvam laisv\u0117je.<\/p>\n<p>&nbsp;<\/p>\n<p><img loading=\"lazy\" decoding=\"async\" class=\"alignnone wp-image-11042\" src=\"https:\/\/vsmc.lt\/wp-content\/uploads\/2024\/04\/03\/lukisk4-640x360.jpg\" alt=\"\" width=\"814\" height=\"458\" srcset=\"https:\/\/vsmc.lt\/wp-content\/uploads\/2024\/04\/03\/lukisk4-640x360.jpg 640w, https:\/\/vsmc.lt\/wp-content\/uploads\/2024\/04\/03\/lukisk4-1280x720.jpg 1280w, https:\/\/vsmc.lt\/wp-content\/uploads\/2024\/04\/03\/lukisk4-768x432.jpg 768w, https:\/\/vsmc.lt\/wp-content\/uploads\/2024\/04\/03\/lukisk4-1536x865.jpg 1536w, https:\/\/vsmc.lt\/wp-content\/uploads\/2024\/04\/03\/lukisk4.jpg 2000w\" sizes=\"auto, (max-width: 814px) 100vw, 814px\" \/><\/p>\n<p><img loading=\"lazy\" decoding=\"async\" class=\"alignnone wp-image-11041\" src=\"https:\/\/vsmc.lt\/wp-content\/uploads\/2024\/04\/03\/lukiskes-203x360.jpg\" alt=\"\" width=\"310\" height=\"550\" srcset=\"https:\/\/vsmc.lt\/wp-content\/uploads\/2024\/04\/03\/lukiskes-203x360.jpg 203w, https:\/\/vsmc.lt\/wp-content\/uploads\/2024\/04\/03\/lukiskes-405x720.jpg 405w, https:\/\/vsmc.lt\/wp-content\/uploads\/2024\/04\/03\/lukiskes-768x1364.jpg 768w, https:\/\/vsmc.lt\/wp-content\/uploads\/2024\/04\/03\/lukiskes-865x1536.jpg 865w, https:\/\/vsmc.lt\/wp-content\/uploads\/2024\/04\/03\/lukiskes.jpg 1126w\" sizes=\"auto, (max-width: 310px) 100vw, 310px\" \/><img loading=\"lazy\" decoding=\"async\" class=\"alignnone wp-image-11039\" src=\"https:\/\/vsmc.lt\/wp-content\/uploads\/2024\/04\/03\/lukiskes3-203x360.jpg\" alt=\"\" width=\"311\" height=\"552\" srcset=\"https:\/\/vsmc.lt\/wp-content\/uploads\/2024\/04\/03\/lukiskes3-203x360.jpg 203w, https:\/\/vsmc.lt\/wp-content\/uploads\/2024\/04\/03\/lukiskes3-405x720.jpg 405w, https:\/\/vsmc.lt\/wp-content\/uploads\/2024\/04\/03\/lukiskes3-768x1364.jpg 768w, https:\/\/vsmc.lt\/wp-content\/uploads\/2024\/04\/03\/lukiskes3-865x1536.jpg 865w, https:\/\/vsmc.lt\/wp-content\/uploads\/2024\/04\/03\/lukiskes3.jpg 1126w\" sizes=\"auto, (max-width: 311px) 100vw, 311px\" \/><img loading=\"lazy\" decoding=\"async\" class=\"alignnone wp-image-11040\" src=\"https:\/\/vsmc.lt\/wp-content\/uploads\/2024\/04\/03\/lukiskes2-203x360.jpg\" alt=\"\" width=\"313\" height=\"555\" srcset=\"https:\/\/vsmc.lt\/wp-content\/uploads\/2024\/04\/03\/lukiskes2-203x360.jpg 203w, https:\/\/vsmc.lt\/wp-content\/uploads\/2024\/04\/03\/lukiskes2-405x720.jpg 405w, https:\/\/vsmc.lt\/wp-content\/uploads\/2024\/04\/03\/lukiskes2-768x1364.jpg 768w, https:\/\/vsmc.lt\/wp-content\/uploads\/2024\/04\/03\/lukiskes2-865x1536.jpg 865w, https:\/\/vsmc.lt\/wp-content\/uploads\/2024\/04\/03\/lukiskes2.jpg 1126w\" sizes=\"auto, (max-width: 313px) 100vw, 313px\" \/><\/p>\n<p>&nbsp;<\/p>\n<p>&nbsp;<\/p>\n<p>&nbsp;<\/p>\n<p>&nbsp;<\/p>\n<p>&nbsp;<\/p>\n<p>&nbsp;<\/p>\n<p>&nbsp;<\/p>\n<p>&nbsp;<\/p>\n<p>&nbsp;<\/p>\n<p>&nbsp;<\/p>\n<p>&nbsp;<\/p>\n<p>&nbsp;<\/p>\n<p>&nbsp;<\/p>\n<p style=\"text-align: right;\">Pareng\u0117 etikos mokytoja Ilona Mikul\u0117nien\u0117<\/p>\n","protected":false},"excerpt":{"rendered":"<p>Kovo 27 d. VSMC III-IV klasi\u0173 mokiniai dalyvavo\u00a0 \u201eVilnius yra mokykla\u201c platformos si\u016blomoje pamokoje netradicin\u0117je erdv\u0117je \u201eLuki\u0161ki\u0173 kal\u0117jimo 2.0 252 kamera\u201c. Pamok\u0105 ved\u0117 etikos mokytoja metodinink\u0117 Ilona Mikul\u0117nien\u0117 ir istorijos mokytoja metodinink\u0117 An\u017eela Jablonskait\u0117. Istorijos mokytoja papasakojo mokiniams apie kal\u0117jimo atsiradimo istorij\u0105 \u2013 jis, baigtas statyti 1905 m., carin\u0117s Rusijos laikais, buvo viena moderniausi\u0173 \u012fkalinimo [&hellip;]<\/p>\n","protected":false},"author":5,"featured_media":0,"comment_status":"closed","ping_status":"closed","sticky":false,"template":"","format":"standard","meta":{"footnotes":""},"categories":[1],"tags":[],"class_list":["post-11038","post","type-post","status-publish","format-standard","hentry","category-naujienos"],"yoast_head":"<!-- This site is optimized with the Yoast SEO plugin v27.5 - https:\/\/yoast.com\/product\/yoast-seo-wordpress\/ -->\n<title>2024-03-27 Integruota etikos ir istorijos pamoka \u201eLuki\u0161ki\u0173 kal\u0117jimo 2.0 252 kamera\u201c pagal \u201eVilnius yra mokykla\u201c platformos med\u017eiag\u0105 Vilniaus suaugusi\u0173j\u0173 mokymo centras  - Vilniaus suaugusi\u0173j\u0173 mokymo centras<\/title>\n<meta name=\"description\" content=\"2024-03-27 Integruota etikos ir istorijos pamoka \u201eLuki\u0161ki\u0173 kal\u0117jimo 2.0 252 kamera\u201c pagal \u201eVilnius yra mokykla\u201c platformos med\u017eiag\u0105 Vilniaus suaugusi\u0173j\u0173 mokymo centras\" \/>\n<meta name=\"robots\" content=\"index, follow, max-snippet:-1, max-image-preview:large, max-video-preview:-1\" \/>\n<link rel=\"canonical\" href=\"https:\/\/vsmc.lt\/?p=11038\" \/>\n<meta property=\"og:locale\" content=\"lt_LT\" \/>\n<meta property=\"og:type\" content=\"article\" \/>\n<meta property=\"og:title\" content=\"2024-03-27 Integruota etikos ir istorijos pamoka \u201eLuki\u0161ki\u0173 kal\u0117jimo 2.0 252 kamera\u201c pagal \u201eVilnius yra mokykla\u201c platformos med\u017eiag\u0105 Vilniaus suaugusi\u0173j\u0173 mokymo centras  - Vilniaus suaugusi\u0173j\u0173 mokymo centras\" \/>\n<meta property=\"og:description\" content=\"2024-03-27 Integruota etikos ir istorijos pamoka \u201eLuki\u0161ki\u0173 kal\u0117jimo 2.0 252 kamera\u201c pagal \u201eVilnius yra mokykla\u201c platformos med\u017eiag\u0105 Vilniaus suaugusi\u0173j\u0173 mokymo centras\" \/>\n<meta property=\"og:url\" content=\"https:\/\/vsmc.lt\/?p=11038\" \/>\n<meta property=\"og:site_name\" content=\"Vilniaus suaugusi\u0173j\u0173 mokymo centras\" \/>\n<meta property=\"article:publisher\" content=\"https:\/\/www.facebook.com\/p\/Vilniaus-suaugusij-mokymo-centras-VSMC-gimnazija-100034428106674\/\" \/>\n<meta property=\"article:published_time\" content=\"2024-03-29T08:46:38+00:00\" \/>\n<meta property=\"article:modified_time\" content=\"2024-04-03T09:06:38+00:00\" \/>\n<meta property=\"og:image\" content=\"https:\/\/vsmc.lt\/wp-content\/uploads\/2024\/03\/26\/Vilnius-yra-mokykla-2.png\" \/>\n<meta name=\"author\" content=\"Birut\u0117 Kubilinskien\u0117\" \/>\n<meta name=\"twitter:card\" content=\"summary_large_image\" \/>\n<meta name=\"twitter:label1\" content=\"Written by\" \/>\n\t<meta name=\"twitter:data1\" content=\"Birut\u0117 Kubilinskien\u0117\" \/>\n\t<meta name=\"twitter:label2\" content=\"Est. reading time\" \/>\n\t<meta name=\"twitter:data2\" content=\"1 minut\u0117\" \/>\n<script type=\"application\/ld+json\" class=\"yoast-schema-graph\">{\"@context\":\"https:\\\/\\\/schema.org\",\"@graph\":[{\"@type\":\"Article\",\"@id\":\"https:\\\/\\\/vsmc.lt\\\/?p=11038#article\",\"isPartOf\":{\"@id\":\"https:\\\/\\\/vsmc.lt\\\/?p=11038\"},\"author\":{\"name\":\"Birut\u0117 Kubilinskien\u0117\",\"@id\":\"https:\\\/\\\/vsmc.lt\\\/#\\\/schema\\\/person\\\/7b79c1eab13a88fc1ed4dc6626a57f98\"},\"headline\":\"2024-03-27 Integruota etikos ir istorijos pamoka \u201eLuki\u0161ki\u0173 kal\u0117jimo 2.0 252 kamera\u201c pagal \u201eVilnius yra mokykla\u201c platformos med\u017eiag\u0105\",\"datePublished\":\"2024-03-29T08:46:38+00:00\",\"dateModified\":\"2024-04-03T09:06:38+00:00\",\"mainEntityOfPage\":{\"@id\":\"https:\\\/\\\/vsmc.lt\\\/?p=11038\"},\"wordCount\":290,\"publisher\":{\"@id\":\"https:\\\/\\\/vsmc.lt\\\/#organization\"},\"image\":{\"@id\":\"https:\\\/\\\/vsmc.lt\\\/?p=11038#primaryimage\"},\"thumbnailUrl\":\"https:\\\/\\\/vsmc.lt\\\/wp-content\\\/uploads\\\/2024\\\/03\\\/26\\\/Vilnius-yra-mokykla-2.png\",\"articleSection\":[\"Naujienos\"],\"inLanguage\":\"lt-LT\"},{\"@type\":\"WebPage\",\"@id\":\"https:\\\/\\\/vsmc.lt\\\/?p=11038\",\"url\":\"https:\\\/\\\/vsmc.lt\\\/?p=11038\",\"name\":\"2024-03-27 Integruota etikos ir istorijos pamoka \u201eLuki\u0161ki\u0173 kal\u0117jimo 2.0 252 kamera\u201c pagal \u201eVilnius yra mokykla\u201c platformos med\u017eiag\u0105 Vilniaus suaugusi\u0173j\u0173 mokymo centras - Vilniaus suaugusi\u0173j\u0173 mokymo centras\",\"isPartOf\":{\"@id\":\"https:\\\/\\\/vsmc.lt\\\/#website\"},\"primaryImageOfPage\":{\"@id\":\"https:\\\/\\\/vsmc.lt\\\/?p=11038#primaryimage\"},\"image\":{\"@id\":\"https:\\\/\\\/vsmc.lt\\\/?p=11038#primaryimage\"},\"thumbnailUrl\":\"https:\\\/\\\/vsmc.lt\\\/wp-content\\\/uploads\\\/2024\\\/03\\\/26\\\/Vilnius-yra-mokykla-2.png\",\"datePublished\":\"2024-03-29T08:46:38+00:00\",\"dateModified\":\"2024-04-03T09:06:38+00:00\",\"description\":\"2024-03-27 Integruota etikos ir istorijos pamoka \u201eLuki\u0161ki\u0173 kal\u0117jimo 2.0 252 kamera\u201c pagal \u201eVilnius yra mokykla\u201c platformos med\u017eiag\u0105 Vilniaus suaugusi\u0173j\u0173 mokymo centras\",\"breadcrumb\":{\"@id\":\"https:\\\/\\\/vsmc.lt\\\/?p=11038#breadcrumb\"},\"inLanguage\":\"lt-LT\",\"potentialAction\":[{\"@type\":\"ReadAction\",\"target\":[\"https:\\\/\\\/vsmc.lt\\\/?p=11038\"]}]},{\"@type\":\"ImageObject\",\"inLanguage\":\"lt-LT\",\"@id\":\"https:\\\/\\\/vsmc.lt\\\/?p=11038#primaryimage\",\"url\":\"https:\\\/\\\/vsmc.lt\\\/wp-content\\\/uploads\\\/2024\\\/03\\\/26\\\/Vilnius-yra-mokykla-2.png\",\"contentUrl\":\"https:\\\/\\\/vsmc.lt\\\/wp-content\\\/uploads\\\/2024\\\/03\\\/26\\\/Vilnius-yra-mokykla-2.png\",\"width\":316,\"height\":160},{\"@type\":\"BreadcrumbList\",\"@id\":\"https:\\\/\\\/vsmc.lt\\\/?p=11038#breadcrumb\",\"itemListElement\":[{\"@type\":\"ListItem\",\"position\":1,\"name\":\"Home\",\"item\":\"https:\\\/\\\/vsmc.lt\\\/\"},{\"@type\":\"ListItem\",\"position\":2,\"name\":\"2024-03-27 Integruota etikos ir istorijos pamoka \u201eLuki\u0161ki\u0173 kal\u0117jimo 2.0 252 kamera\u201c pagal \u201eVilnius yra mokykla\u201c platformos med\u017eiag\u0105\"}]},{\"@type\":\"WebSite\",\"@id\":\"https:\\\/\\\/vsmc.lt\\\/#website\",\"url\":\"https:\\\/\\\/vsmc.lt\\\/\",\"name\":\"Vilniaus suaugusi\u0173j\u0173 mokymo centras\",\"description\":\"VSMC\",\"publisher\":{\"@id\":\"https:\\\/\\\/vsmc.lt\\\/#organization\"},\"alternateName\":\"VSMC\",\"potentialAction\":[{\"@type\":\"SearchAction\",\"target\":{\"@type\":\"EntryPoint\",\"urlTemplate\":\"https:\\\/\\\/vsmc.lt\\\/?s={search_term_string}\"},\"query-input\":{\"@type\":\"PropertyValueSpecification\",\"valueRequired\":true,\"valueName\":\"search_term_string\"}}],\"inLanguage\":\"lt-LT\"},{\"@type\":\"Organization\",\"@id\":\"https:\\\/\\\/vsmc.lt\\\/#organization\",\"name\":\"Vilniaus suaugusi\u0173j\u0173 mokymo centras\",\"alternateName\":\"VSMC\",\"url\":\"https:\\\/\\\/vsmc.lt\\\/\",\"logo\":{\"@type\":\"ImageObject\",\"inLanguage\":\"lt-LT\",\"@id\":\"https:\\\/\\\/vsmc.lt\\\/#\\\/schema\\\/logo\\\/image\\\/\",\"url\":\"https:\\\/\\\/vsmc.lt\\\/wp-content\\\/uploads\\\/2016\\\/11\\\/15\\\/logo.png\",\"contentUrl\":\"https:\\\/\\\/vsmc.lt\\\/wp-content\\\/uploads\\\/2016\\\/11\\\/15\\\/logo.png\",\"width\":96,\"height\":121,\"caption\":\"Vilniaus suaugusi\u0173j\u0173 mokymo centras\"},\"image\":{\"@id\":\"https:\\\/\\\/vsmc.lt\\\/#\\\/schema\\\/logo\\\/image\\\/\"},\"sameAs\":[\"https:\\\/\\\/www.facebook.com\\\/p\\\/Vilniaus-suaugusij-mokymo-centras-VSMC-gimnazija-100034428106674\\\/\"]},{\"@type\":\"Person\",\"@id\":\"https:\\\/\\\/vsmc.lt\\\/#\\\/schema\\\/person\\\/7b79c1eab13a88fc1ed4dc6626a57f98\",\"name\":\"Birut\u0117 Kubilinskien\u0117\",\"image\":{\"@type\":\"ImageObject\",\"inLanguage\":\"lt-LT\",\"@id\":\"https:\\\/\\\/secure.gravatar.com\\\/avatar\\\/de3432602f9f0edd7dc9006aceaad7e2a3227ca56f4f6d9e4b2e2ee05a11e793?s=96&d=mm&r=g\",\"url\":\"https:\\\/\\\/secure.gravatar.com\\\/avatar\\\/de3432602f9f0edd7dc9006aceaad7e2a3227ca56f4f6d9e4b2e2ee05a11e793?s=96&d=mm&r=g\",\"contentUrl\":\"https:\\\/\\\/secure.gravatar.com\\\/avatar\\\/de3432602f9f0edd7dc9006aceaad7e2a3227ca56f4f6d9e4b2e2ee05a11e793?s=96&d=mm&r=g\",\"caption\":\"Birut\u0117 Kubilinskien\u0117\"},\"url\":\"https:\\\/\\\/vsmc.lt\\\/?author=5\"}]}<\/script>\n<!-- \/ Yoast SEO plugin. -->","yoast_head_json":{"title":"2024-03-27 Integruota etikos ir istorijos pamoka \u201eLuki\u0161ki\u0173 kal\u0117jimo 2.0 252 kamera\u201c pagal \u201eVilnius yra mokykla\u201c platformos med\u017eiag\u0105 Vilniaus suaugusi\u0173j\u0173 mokymo centras  - Vilniaus suaugusi\u0173j\u0173 mokymo centras","description":"2024-03-27 Integruota etikos ir istorijos pamoka \u201eLuki\u0161ki\u0173 kal\u0117jimo 2.0 252 kamera\u201c pagal \u201eVilnius yra mokykla\u201c platformos med\u017eiag\u0105 Vilniaus suaugusi\u0173j\u0173 mokymo centras","robots":{"index":"index","follow":"follow","max-snippet":"max-snippet:-1","max-image-preview":"max-image-preview:large","max-video-preview":"max-video-preview:-1"},"canonical":"https:\/\/vsmc.lt\/?p=11038","og_locale":"lt_LT","og_type":"article","og_title":"2024-03-27 Integruota etikos ir istorijos pamoka \u201eLuki\u0161ki\u0173 kal\u0117jimo 2.0 252 kamera\u201c pagal \u201eVilnius yra mokykla\u201c platformos med\u017eiag\u0105 Vilniaus suaugusi\u0173j\u0173 mokymo centras  - Vilniaus suaugusi\u0173j\u0173 mokymo centras","og_description":"2024-03-27 Integruota etikos ir istorijos pamoka \u201eLuki\u0161ki\u0173 kal\u0117jimo 2.0 252 kamera\u201c pagal \u201eVilnius yra mokykla\u201c platformos med\u017eiag\u0105 Vilniaus suaugusi\u0173j\u0173 mokymo centras","og_url":"https:\/\/vsmc.lt\/?p=11038","og_site_name":"Vilniaus suaugusi\u0173j\u0173 mokymo centras","article_publisher":"https:\/\/www.facebook.com\/p\/Vilniaus-suaugusij-mokymo-centras-VSMC-gimnazija-100034428106674\/","article_published_time":"2024-03-29T08:46:38+00:00","article_modified_time":"2024-04-03T09:06:38+00:00","og_image":[{"url":"https:\/\/vsmc.lt\/wp-content\/uploads\/2024\/03\/26\/Vilnius-yra-mokykla-2.png","type":"","width":"","height":""}],"author":"Birut\u0117 Kubilinskien\u0117","twitter_card":"summary_large_image","twitter_misc":{"Written by":"Birut\u0117 Kubilinskien\u0117","Est. reading time":"1 minut\u0117"},"schema":{"@context":"https:\/\/schema.org","@graph":[{"@type":"Article","@id":"https:\/\/vsmc.lt\/?p=11038#article","isPartOf":{"@id":"https:\/\/vsmc.lt\/?p=11038"},"author":{"name":"Birut\u0117 Kubilinskien\u0117","@id":"https:\/\/vsmc.lt\/#\/schema\/person\/7b79c1eab13a88fc1ed4dc6626a57f98"},"headline":"2024-03-27 Integruota etikos ir istorijos pamoka \u201eLuki\u0161ki\u0173 kal\u0117jimo 2.0 252 kamera\u201c pagal \u201eVilnius yra mokykla\u201c platformos med\u017eiag\u0105","datePublished":"2024-03-29T08:46:38+00:00","dateModified":"2024-04-03T09:06:38+00:00","mainEntityOfPage":{"@id":"https:\/\/vsmc.lt\/?p=11038"},"wordCount":290,"publisher":{"@id":"https:\/\/vsmc.lt\/#organization"},"image":{"@id":"https:\/\/vsmc.lt\/?p=11038#primaryimage"},"thumbnailUrl":"https:\/\/vsmc.lt\/wp-content\/uploads\/2024\/03\/26\/Vilnius-yra-mokykla-2.png","articleSection":["Naujienos"],"inLanguage":"lt-LT"},{"@type":"WebPage","@id":"https:\/\/vsmc.lt\/?p=11038","url":"https:\/\/vsmc.lt\/?p=11038","name":"2024-03-27 Integruota etikos ir istorijos pamoka \u201eLuki\u0161ki\u0173 kal\u0117jimo 2.0 252 kamera\u201c pagal \u201eVilnius yra mokykla\u201c platformos med\u017eiag\u0105 Vilniaus suaugusi\u0173j\u0173 mokymo centras - Vilniaus suaugusi\u0173j\u0173 mokymo centras","isPartOf":{"@id":"https:\/\/vsmc.lt\/#website"},"primaryImageOfPage":{"@id":"https:\/\/vsmc.lt\/?p=11038#primaryimage"},"image":{"@id":"https:\/\/vsmc.lt\/?p=11038#primaryimage"},"thumbnailUrl":"https:\/\/vsmc.lt\/wp-content\/uploads\/2024\/03\/26\/Vilnius-yra-mokykla-2.png","datePublished":"2024-03-29T08:46:38+00:00","dateModified":"2024-04-03T09:06:38+00:00","description":"2024-03-27 Integruota etikos ir istorijos pamoka \u201eLuki\u0161ki\u0173 kal\u0117jimo 2.0 252 kamera\u201c pagal \u201eVilnius yra mokykla\u201c platformos med\u017eiag\u0105 Vilniaus suaugusi\u0173j\u0173 mokymo centras","breadcrumb":{"@id":"https:\/\/vsmc.lt\/?p=11038#breadcrumb"},"inLanguage":"lt-LT","potentialAction":[{"@type":"ReadAction","target":["https:\/\/vsmc.lt\/?p=11038"]}]},{"@type":"ImageObject","inLanguage":"lt-LT","@id":"https:\/\/vsmc.lt\/?p=11038#primaryimage","url":"https:\/\/vsmc.lt\/wp-content\/uploads\/2024\/03\/26\/Vilnius-yra-mokykla-2.png","contentUrl":"https:\/\/vsmc.lt\/wp-content\/uploads\/2024\/03\/26\/Vilnius-yra-mokykla-2.png","width":316,"height":160},{"@type":"BreadcrumbList","@id":"https:\/\/vsmc.lt\/?p=11038#breadcrumb","itemListElement":[{"@type":"ListItem","position":1,"name":"Home","item":"https:\/\/vsmc.lt\/"},{"@type":"ListItem","position":2,"name":"2024-03-27 Integruota etikos ir istorijos pamoka \u201eLuki\u0161ki\u0173 kal\u0117jimo 2.0 252 kamera\u201c pagal \u201eVilnius yra mokykla\u201c platformos med\u017eiag\u0105"}]},{"@type":"WebSite","@id":"https:\/\/vsmc.lt\/#website","url":"https:\/\/vsmc.lt\/","name":"Vilniaus suaugusi\u0173j\u0173 mokymo centras","description":"VSMC","publisher":{"@id":"https:\/\/vsmc.lt\/#organization"},"alternateName":"VSMC","potentialAction":[{"@type":"SearchAction","target":{"@type":"EntryPoint","urlTemplate":"https:\/\/vsmc.lt\/?s={search_term_string}"},"query-input":{"@type":"PropertyValueSpecification","valueRequired":true,"valueName":"search_term_string"}}],"inLanguage":"lt-LT"},{"@type":"Organization","@id":"https:\/\/vsmc.lt\/#organization","name":"Vilniaus suaugusi\u0173j\u0173 mokymo centras","alternateName":"VSMC","url":"https:\/\/vsmc.lt\/","logo":{"@type":"ImageObject","inLanguage":"lt-LT","@id":"https:\/\/vsmc.lt\/#\/schema\/logo\/image\/","url":"https:\/\/vsmc.lt\/wp-content\/uploads\/2016\/11\/15\/logo.png","contentUrl":"https:\/\/vsmc.lt\/wp-content\/uploads\/2016\/11\/15\/logo.png","width":96,"height":121,"caption":"Vilniaus suaugusi\u0173j\u0173 mokymo centras"},"image":{"@id":"https:\/\/vsmc.lt\/#\/schema\/logo\/image\/"},"sameAs":["https:\/\/www.facebook.com\/p\/Vilniaus-suaugusij-mokymo-centras-VSMC-gimnazija-100034428106674\/"]},{"@type":"Person","@id":"https:\/\/vsmc.lt\/#\/schema\/person\/7b79c1eab13a88fc1ed4dc6626a57f98","name":"Birut\u0117 Kubilinskien\u0117","image":{"@type":"ImageObject","inLanguage":"lt-LT","@id":"https:\/\/secure.gravatar.com\/avatar\/de3432602f9f0edd7dc9006aceaad7e2a3227ca56f4f6d9e4b2e2ee05a11e793?s=96&d=mm&r=g","url":"https:\/\/secure.gravatar.com\/avatar\/de3432602f9f0edd7dc9006aceaad7e2a3227ca56f4f6d9e4b2e2ee05a11e793?s=96&d=mm&r=g","contentUrl":"https:\/\/secure.gravatar.com\/avatar\/de3432602f9f0edd7dc9006aceaad7e2a3227ca56f4f6d9e4b2e2ee05a11e793?s=96&d=mm&r=g","caption":"Birut\u0117 Kubilinskien\u0117"},"url":"https:\/\/vsmc.lt\/?author=5"}]}},"_links":{"self":[{"href":"https:\/\/vsmc.lt\/index.php?rest_route=\/wp\/v2\/posts\/11038","targetHints":{"allow":["GET"]}}],"collection":[{"href":"https:\/\/vsmc.lt\/index.php?rest_route=\/wp\/v2\/posts"}],"about":[{"href":"https:\/\/vsmc.lt\/index.php?rest_route=\/wp\/v2\/types\/post"}],"author":[{"embeddable":true,"href":"https:\/\/vsmc.lt\/index.php?rest_route=\/wp\/v2\/users\/5"}],"replies":[{"embeddable":true,"href":"https:\/\/vsmc.lt\/index.php?rest_route=%2Fwp%2Fv2%2Fcomments&post=11038"}],"version-history":[{"count":1,"href":"https:\/\/vsmc.lt\/index.php?rest_route=\/wp\/v2\/posts\/11038\/revisions"}],"predecessor-version":[{"id":11043,"href":"https:\/\/vsmc.lt\/index.php?rest_route=\/wp\/v2\/posts\/11038\/revisions\/11043"}],"wp:attachment":[{"href":"https:\/\/vsmc.lt\/index.php?rest_route=%2Fwp%2Fv2%2Fmedia&parent=11038"}],"wp:term":[{"taxonomy":"category","embeddable":true,"href":"https:\/\/vsmc.lt\/index.php?rest_route=%2Fwp%2Fv2%2Fcategories&post=11038"},{"taxonomy":"post_tag","embeddable":true,"href":"https:\/\/vsmc.lt\/index.php?rest_route=%2Fwp%2Fv2%2Ftags&post=11038"}],"curies":[{"name":"wp","href":"https:\/\/api.w.org\/{rel}","templated":true}]}}