{"id":11150,"date":"2024-05-09T14:51:38","date_gmt":"2024-05-09T11:51:38","guid":{"rendered":"https:\/\/vsmc.lt\/?p=11150"},"modified":"2024-05-09T15:00:22","modified_gmt":"2024-05-09T12:00:22","slug":"2024-05-07-pamoka-vilnius-yra-mokykla-platformoje-aplinkos-tarsa-ir-jos-mazinimo-galimybes","status":"publish","type":"post","link":"https:\/\/vsmc.lt\/?p=11150","title":{"rendered":"2024-05-07 Pamoka  \u201eAplinkos tar\u0161a ir jos ma\u017einimo galimyb\u0117s\u201c platformoje &#8222;Vilnius yra mokykla&#8221;"},"content":{"rendered":"<p><img loading=\"lazy\" decoding=\"async\" class=\"alignnone wp-image-10973\" src=\"https:\/\/vsmc.lt\/wp-content\/uploads\/2024\/03\/26\/Vilnius-yra-mokykla-2.png\" alt=\"\" width=\"231\" height=\"117\" \/>\u00a0 \u00a0\u0160. m. gegu\u017e\u0117s 7 d. VSMC mokiniai dalyvavo \u201eVilnius yra mokykla\u201c platformos si\u016blomoje pamokoje netradicin\u0117je erdv\u0117je \u201eAplinkos tar\u0161a ir jos ma\u017einimo galimyb\u0117s\u201c. J\u0105 ved\u0117 biologijos mokytoja Jovita Kavoli\u016bnien\u0117, ekonomikos mokytojos Jolanta Ma\u010dichinien\u0117 ir Danut\u0117 Pirtinien\u0117.<\/p>\n<p>Integruotos pamokos metu mokiniai grup\u0117mis steb\u0117jo teritorij\u0105 aplink mokykl\u0105 (\u017dv\u0117rynas) ir fiksavo objektus, kurie labiausiai ter\u0161i\u0105 aplink\u0105. Nustat\u0119 tar\u0161iausi\u0105 objekt\u0105 (automobiliai), grup\u0117se diskutavo, k\u0105 reik\u0117t\u0173 keisti, kad tas objektas aplinkos neter\u0161t\u0173. Buvo nuspr\u0119sta, kad reikt\u0173 aktyviau pl\u0117sti elektromobili\u0173 naudojim\u0105, skatinti naudojim\u0105si vie\u0161uoju transportu, dvira\u010di\u0173 naudojim\u0105 ir susisiekimo galimybes p\u0117s\u010diomis.<\/p>\n<p>Pamokos metu buvo fotografuojami gamtos objektai ir pagal biologinius indikatorius nustatomas aplinkos u\u017eter\u0161tumo lygis. Savo \u012f\u017evalgas grup\u0117s pristat\u0117 klas\u0117s draugams. Buvo nustatyta, kad ar\u010diau va\u017eiuojamosios kelio dalies oro u\u017eter\u0161tumas yra vidutinis, o paupyje, skveruose ir kitose ap\u017eeldintuose teritorijose oras yra beveik neu\u017eter\u0161tas.<\/p>\n<p>Pamokos metu mokiniai \u012fvertino, kokios ekonomin\u0117s priemon\u0117s gal\u0117t\u0173 ma\u017einti aplinkos u\u017eter\u0161tum\u0105. \u017diedin\u0117 ekonomika i\u0161skirta kaip puiki galimyb\u0117 siekiant \u0161io tikslo.<\/p>\n<p>&nbsp;<\/p>\n<p style=\"text-align: right;\">Pareng\u0117 biologijos mokytoja Jovita Kavoli\u016bnien\u0117,<\/p>\n<p style=\"text-align: right;\">ekonomikos mokytojos Jolanta Ma\u010dichinien\u0117 ir Danut\u0117 Pirtinien\u0117<\/p>\n","protected":false},"excerpt":{"rendered":"<p>\u00a0 \u00a0\u0160. m. gegu\u017e\u0117s 7 d. VSMC mokiniai dalyvavo \u201eVilnius yra mokykla\u201c platformos si\u016blomoje pamokoje netradicin\u0117je erdv\u0117je \u201eAplinkos tar\u0161a ir jos ma\u017einimo galimyb\u0117s\u201c. J\u0105 ved\u0117 biologijos mokytoja Jovita Kavoli\u016bnien\u0117, ekonomikos mokytojos Jolanta Ma\u010dichinien\u0117 ir Danut\u0117 Pirtinien\u0117. Integruotos pamokos metu mokiniai grup\u0117mis steb\u0117jo teritorij\u0105 aplink mokykl\u0105 (\u017dv\u0117rynas) ir fiksavo objektus, kurie labiausiai ter\u0161i\u0105 aplink\u0105. Nustat\u0119 tar\u0161iausi\u0105 [&hellip;]<\/p>\n","protected":false},"author":5,"featured_media":0,"comment_status":"closed","ping_status":"closed","sticky":false,"template":"","format":"standard","meta":{"footnotes":""},"categories":[1],"tags":[],"class_list":["post-11150","post","type-post","status-publish","format-standard","hentry","category-naujienos"],"yoast_head":"<!-- This site is optimized with the Yoast SEO plugin v27.5 - https:\/\/yoast.com\/product\/yoast-seo-wordpress\/ -->\n<title>2024-05-07 Pamoka \u201eAplinkos tar\u0161a ir jos ma\u017einimo galimyb\u0117s\u201c platformoje &quot;Vilnius yra mokykla&quot; Vilniaus suaugusi\u0173j\u0173 mokymo centras  - Vilniaus suaugusi\u0173j\u0173 mokymo centras<\/title>\n<meta name=\"description\" content=\"2024-05-07 Pamoka \u201eAplinkos tar\u0161a ir jos ma\u017einimo galimyb\u0117s\u201c platformoje &quot;Vilnius yra mokykla&quot; Vilniaus suaugusi\u0173j\u0173 mokymo centras\" \/>\n<meta name=\"robots\" content=\"index, follow, max-snippet:-1, max-image-preview:large, max-video-preview:-1\" \/>\n<link rel=\"canonical\" href=\"https:\/\/vsmc.lt\/?p=11150\" \/>\n<meta property=\"og:locale\" content=\"lt_LT\" \/>\n<meta property=\"og:type\" content=\"article\" \/>\n<meta property=\"og:title\" content=\"2024-05-07 Pamoka \u201eAplinkos tar\u0161a ir jos ma\u017einimo galimyb\u0117s\u201c platformoje &quot;Vilnius yra mokykla&quot; Vilniaus suaugusi\u0173j\u0173 mokymo centras  - Vilniaus suaugusi\u0173j\u0173 mokymo centras\" \/>\n<meta property=\"og:description\" content=\"2024-05-07 Pamoka \u201eAplinkos tar\u0161a ir jos ma\u017einimo galimyb\u0117s\u201c platformoje &quot;Vilnius yra mokykla&quot; Vilniaus suaugusi\u0173j\u0173 mokymo centras\" \/>\n<meta property=\"og:url\" content=\"https:\/\/vsmc.lt\/?p=11150\" \/>\n<meta property=\"og:site_name\" content=\"Vilniaus suaugusi\u0173j\u0173 mokymo centras\" \/>\n<meta property=\"article:publisher\" content=\"https:\/\/www.facebook.com\/p\/Vilniaus-suaugusij-mokymo-centras-VSMC-gimnazija-100034428106674\/\" \/>\n<meta property=\"article:published_time\" content=\"2024-05-09T11:51:38+00:00\" \/>\n<meta property=\"article:modified_time\" content=\"2024-05-09T12:00:22+00:00\" \/>\n<meta property=\"og:image\" content=\"https:\/\/vsmc.lt\/wp-content\/uploads\/2024\/03\/26\/Vilnius-yra-mokykla-2.png\" \/>\n<meta name=\"author\" content=\"Birut\u0117 Kubilinskien\u0117\" \/>\n<meta name=\"twitter:card\" content=\"summary_large_image\" \/>\n<meta name=\"twitter:label1\" content=\"Written by\" \/>\n\t<meta name=\"twitter:data1\" content=\"Birut\u0117 Kubilinskien\u0117\" \/>\n\t<meta name=\"twitter:label2\" content=\"Est. reading time\" \/>\n\t<meta name=\"twitter:data2\" content=\"1 minut\u0117\" \/>\n<script type=\"application\/ld+json\" class=\"yoast-schema-graph\">{\"@context\":\"https:\\\/\\\/schema.org\",\"@graph\":[{\"@type\":\"Article\",\"@id\":\"https:\\\/\\\/vsmc.lt\\\/?p=11150#article\",\"isPartOf\":{\"@id\":\"https:\\\/\\\/vsmc.lt\\\/?p=11150\"},\"author\":{\"name\":\"Birut\u0117 Kubilinskien\u0117\",\"@id\":\"https:\\\/\\\/vsmc.lt\\\/#\\\/schema\\\/person\\\/7b79c1eab13a88fc1ed4dc6626a57f98\"},\"headline\":\"2024-05-07 Pamoka \u201eAplinkos tar\u0161a ir jos ma\u017einimo galimyb\u0117s\u201c platformoje &#8222;Vilnius yra mokykla&#8221;\",\"datePublished\":\"2024-05-09T11:51:38+00:00\",\"dateModified\":\"2024-05-09T12:00:22+00:00\",\"mainEntityOfPage\":{\"@id\":\"https:\\\/\\\/vsmc.lt\\\/?p=11150\"},\"wordCount\":217,\"publisher\":{\"@id\":\"https:\\\/\\\/vsmc.lt\\\/#organization\"},\"image\":{\"@id\":\"https:\\\/\\\/vsmc.lt\\\/?p=11150#primaryimage\"},\"thumbnailUrl\":\"https:\\\/\\\/vsmc.lt\\\/wp-content\\\/uploads\\\/2024\\\/03\\\/26\\\/Vilnius-yra-mokykla-2.png\",\"articleSection\":[\"Naujienos\"],\"inLanguage\":\"lt-LT\"},{\"@type\":\"WebPage\",\"@id\":\"https:\\\/\\\/vsmc.lt\\\/?p=11150\",\"url\":\"https:\\\/\\\/vsmc.lt\\\/?p=11150\",\"name\":\"2024-05-07 Pamoka \u201eAplinkos tar\u0161a ir jos ma\u017einimo galimyb\u0117s\u201c platformoje \\\"Vilnius yra mokykla\\\" Vilniaus suaugusi\u0173j\u0173 mokymo centras - Vilniaus suaugusi\u0173j\u0173 mokymo centras\",\"isPartOf\":{\"@id\":\"https:\\\/\\\/vsmc.lt\\\/#website\"},\"primaryImageOfPage\":{\"@id\":\"https:\\\/\\\/vsmc.lt\\\/?p=11150#primaryimage\"},\"image\":{\"@id\":\"https:\\\/\\\/vsmc.lt\\\/?p=11150#primaryimage\"},\"thumbnailUrl\":\"https:\\\/\\\/vsmc.lt\\\/wp-content\\\/uploads\\\/2024\\\/03\\\/26\\\/Vilnius-yra-mokykla-2.png\",\"datePublished\":\"2024-05-09T11:51:38+00:00\",\"dateModified\":\"2024-05-09T12:00:22+00:00\",\"description\":\"2024-05-07 Pamoka \u201eAplinkos tar\u0161a ir jos ma\u017einimo galimyb\u0117s\u201c platformoje \\\"Vilnius yra mokykla\\\" Vilniaus suaugusi\u0173j\u0173 mokymo centras\",\"breadcrumb\":{\"@id\":\"https:\\\/\\\/vsmc.lt\\\/?p=11150#breadcrumb\"},\"inLanguage\":\"lt-LT\",\"potentialAction\":[{\"@type\":\"ReadAction\",\"target\":[\"https:\\\/\\\/vsmc.lt\\\/?p=11150\"]}]},{\"@type\":\"ImageObject\",\"inLanguage\":\"lt-LT\",\"@id\":\"https:\\\/\\\/vsmc.lt\\\/?p=11150#primaryimage\",\"url\":\"https:\\\/\\\/vsmc.lt\\\/wp-content\\\/uploads\\\/2024\\\/03\\\/26\\\/Vilnius-yra-mokykla-2.png\",\"contentUrl\":\"https:\\\/\\\/vsmc.lt\\\/wp-content\\\/uploads\\\/2024\\\/03\\\/26\\\/Vilnius-yra-mokykla-2.png\",\"width\":316,\"height\":160},{\"@type\":\"BreadcrumbList\",\"@id\":\"https:\\\/\\\/vsmc.lt\\\/?p=11150#breadcrumb\",\"itemListElement\":[{\"@type\":\"ListItem\",\"position\":1,\"name\":\"Home\",\"item\":\"https:\\\/\\\/vsmc.lt\\\/\"},{\"@type\":\"ListItem\",\"position\":2,\"name\":\"2024-05-07 Pamoka \u201eAplinkos tar\u0161a ir jos ma\u017einimo galimyb\u0117s\u201c platformoje &#8222;Vilnius yra mokykla&#8221;\"}]},{\"@type\":\"WebSite\",\"@id\":\"https:\\\/\\\/vsmc.lt\\\/#website\",\"url\":\"https:\\\/\\\/vsmc.lt\\\/\",\"name\":\"Vilniaus suaugusi\u0173j\u0173 mokymo centras\",\"description\":\"VSMC\",\"publisher\":{\"@id\":\"https:\\\/\\\/vsmc.lt\\\/#organization\"},\"alternateName\":\"VSMC\",\"potentialAction\":[{\"@type\":\"SearchAction\",\"target\":{\"@type\":\"EntryPoint\",\"urlTemplate\":\"https:\\\/\\\/vsmc.lt\\\/?s={search_term_string}\"},\"query-input\":{\"@type\":\"PropertyValueSpecification\",\"valueRequired\":true,\"valueName\":\"search_term_string\"}}],\"inLanguage\":\"lt-LT\"},{\"@type\":\"Organization\",\"@id\":\"https:\\\/\\\/vsmc.lt\\\/#organization\",\"name\":\"Vilniaus suaugusi\u0173j\u0173 mokymo centras\",\"alternateName\":\"VSMC\",\"url\":\"https:\\\/\\\/vsmc.lt\\\/\",\"logo\":{\"@type\":\"ImageObject\",\"inLanguage\":\"lt-LT\",\"@id\":\"https:\\\/\\\/vsmc.lt\\\/#\\\/schema\\\/logo\\\/image\\\/\",\"url\":\"https:\\\/\\\/vsmc.lt\\\/wp-content\\\/uploads\\\/2016\\\/11\\\/15\\\/logo.png\",\"contentUrl\":\"https:\\\/\\\/vsmc.lt\\\/wp-content\\\/uploads\\\/2016\\\/11\\\/15\\\/logo.png\",\"width\":96,\"height\":121,\"caption\":\"Vilniaus suaugusi\u0173j\u0173 mokymo centras\"},\"image\":{\"@id\":\"https:\\\/\\\/vsmc.lt\\\/#\\\/schema\\\/logo\\\/image\\\/\"},\"sameAs\":[\"https:\\\/\\\/www.facebook.com\\\/p\\\/Vilniaus-suaugusij-mokymo-centras-VSMC-gimnazija-100034428106674\\\/\"]},{\"@type\":\"Person\",\"@id\":\"https:\\\/\\\/vsmc.lt\\\/#\\\/schema\\\/person\\\/7b79c1eab13a88fc1ed4dc6626a57f98\",\"name\":\"Birut\u0117 Kubilinskien\u0117\",\"image\":{\"@type\":\"ImageObject\",\"inLanguage\":\"lt-LT\",\"@id\":\"https:\\\/\\\/secure.gravatar.com\\\/avatar\\\/de3432602f9f0edd7dc9006aceaad7e2a3227ca56f4f6d9e4b2e2ee05a11e793?s=96&d=mm&r=g\",\"url\":\"https:\\\/\\\/secure.gravatar.com\\\/avatar\\\/de3432602f9f0edd7dc9006aceaad7e2a3227ca56f4f6d9e4b2e2ee05a11e793?s=96&d=mm&r=g\",\"contentUrl\":\"https:\\\/\\\/secure.gravatar.com\\\/avatar\\\/de3432602f9f0edd7dc9006aceaad7e2a3227ca56f4f6d9e4b2e2ee05a11e793?s=96&d=mm&r=g\",\"caption\":\"Birut\u0117 Kubilinskien\u0117\"},\"url\":\"https:\\\/\\\/vsmc.lt\\\/?author=5\"}]}<\/script>\n<!-- \/ Yoast SEO plugin. -->","yoast_head_json":{"title":"2024-05-07 Pamoka \u201eAplinkos tar\u0161a ir jos ma\u017einimo galimyb\u0117s\u201c platformoje \"Vilnius yra mokykla\" Vilniaus suaugusi\u0173j\u0173 mokymo centras  - Vilniaus suaugusi\u0173j\u0173 mokymo centras","description":"2024-05-07 Pamoka \u201eAplinkos tar\u0161a ir jos ma\u017einimo galimyb\u0117s\u201c platformoje \"Vilnius yra mokykla\" Vilniaus suaugusi\u0173j\u0173 mokymo centras","robots":{"index":"index","follow":"follow","max-snippet":"max-snippet:-1","max-image-preview":"max-image-preview:large","max-video-preview":"max-video-preview:-1"},"canonical":"https:\/\/vsmc.lt\/?p=11150","og_locale":"lt_LT","og_type":"article","og_title":"2024-05-07 Pamoka \u201eAplinkos tar\u0161a ir jos ma\u017einimo galimyb\u0117s\u201c platformoje \"Vilnius yra mokykla\" Vilniaus suaugusi\u0173j\u0173 mokymo centras  - Vilniaus suaugusi\u0173j\u0173 mokymo centras","og_description":"2024-05-07 Pamoka \u201eAplinkos tar\u0161a ir jos ma\u017einimo galimyb\u0117s\u201c platformoje \"Vilnius yra mokykla\" Vilniaus suaugusi\u0173j\u0173 mokymo centras","og_url":"https:\/\/vsmc.lt\/?p=11150","og_site_name":"Vilniaus suaugusi\u0173j\u0173 mokymo centras","article_publisher":"https:\/\/www.facebook.com\/p\/Vilniaus-suaugusij-mokymo-centras-VSMC-gimnazija-100034428106674\/","article_published_time":"2024-05-09T11:51:38+00:00","article_modified_time":"2024-05-09T12:00:22+00:00","og_image":[{"url":"https:\/\/vsmc.lt\/wp-content\/uploads\/2024\/03\/26\/Vilnius-yra-mokykla-2.png","type":"","width":"","height":""}],"author":"Birut\u0117 Kubilinskien\u0117","twitter_card":"summary_large_image","twitter_misc":{"Written by":"Birut\u0117 Kubilinskien\u0117","Est. reading time":"1 minut\u0117"},"schema":{"@context":"https:\/\/schema.org","@graph":[{"@type":"Article","@id":"https:\/\/vsmc.lt\/?p=11150#article","isPartOf":{"@id":"https:\/\/vsmc.lt\/?p=11150"},"author":{"name":"Birut\u0117 Kubilinskien\u0117","@id":"https:\/\/vsmc.lt\/#\/schema\/person\/7b79c1eab13a88fc1ed4dc6626a57f98"},"headline":"2024-05-07 Pamoka \u201eAplinkos tar\u0161a ir jos ma\u017einimo galimyb\u0117s\u201c platformoje &#8222;Vilnius yra mokykla&#8221;","datePublished":"2024-05-09T11:51:38+00:00","dateModified":"2024-05-09T12:00:22+00:00","mainEntityOfPage":{"@id":"https:\/\/vsmc.lt\/?p=11150"},"wordCount":217,"publisher":{"@id":"https:\/\/vsmc.lt\/#organization"},"image":{"@id":"https:\/\/vsmc.lt\/?p=11150#primaryimage"},"thumbnailUrl":"https:\/\/vsmc.lt\/wp-content\/uploads\/2024\/03\/26\/Vilnius-yra-mokykla-2.png","articleSection":["Naujienos"],"inLanguage":"lt-LT"},{"@type":"WebPage","@id":"https:\/\/vsmc.lt\/?p=11150","url":"https:\/\/vsmc.lt\/?p=11150","name":"2024-05-07 Pamoka \u201eAplinkos tar\u0161a ir jos ma\u017einimo galimyb\u0117s\u201c platformoje \"Vilnius yra mokykla\" Vilniaus suaugusi\u0173j\u0173 mokymo centras - Vilniaus suaugusi\u0173j\u0173 mokymo centras","isPartOf":{"@id":"https:\/\/vsmc.lt\/#website"},"primaryImageOfPage":{"@id":"https:\/\/vsmc.lt\/?p=11150#primaryimage"},"image":{"@id":"https:\/\/vsmc.lt\/?p=11150#primaryimage"},"thumbnailUrl":"https:\/\/vsmc.lt\/wp-content\/uploads\/2024\/03\/26\/Vilnius-yra-mokykla-2.png","datePublished":"2024-05-09T11:51:38+00:00","dateModified":"2024-05-09T12:00:22+00:00","description":"2024-05-07 Pamoka \u201eAplinkos tar\u0161a ir jos ma\u017einimo galimyb\u0117s\u201c platformoje \"Vilnius yra mokykla\" Vilniaus suaugusi\u0173j\u0173 mokymo centras","breadcrumb":{"@id":"https:\/\/vsmc.lt\/?p=11150#breadcrumb"},"inLanguage":"lt-LT","potentialAction":[{"@type":"ReadAction","target":["https:\/\/vsmc.lt\/?p=11150"]}]},{"@type":"ImageObject","inLanguage":"lt-LT","@id":"https:\/\/vsmc.lt\/?p=11150#primaryimage","url":"https:\/\/vsmc.lt\/wp-content\/uploads\/2024\/03\/26\/Vilnius-yra-mokykla-2.png","contentUrl":"https:\/\/vsmc.lt\/wp-content\/uploads\/2024\/03\/26\/Vilnius-yra-mokykla-2.png","width":316,"height":160},{"@type":"BreadcrumbList","@id":"https:\/\/vsmc.lt\/?p=11150#breadcrumb","itemListElement":[{"@type":"ListItem","position":1,"name":"Home","item":"https:\/\/vsmc.lt\/"},{"@type":"ListItem","position":2,"name":"2024-05-07 Pamoka \u201eAplinkos tar\u0161a ir jos ma\u017einimo galimyb\u0117s\u201c platformoje &#8222;Vilnius yra mokykla&#8221;"}]},{"@type":"WebSite","@id":"https:\/\/vsmc.lt\/#website","url":"https:\/\/vsmc.lt\/","name":"Vilniaus suaugusi\u0173j\u0173 mokymo centras","description":"VSMC","publisher":{"@id":"https:\/\/vsmc.lt\/#organization"},"alternateName":"VSMC","potentialAction":[{"@type":"SearchAction","target":{"@type":"EntryPoint","urlTemplate":"https:\/\/vsmc.lt\/?s={search_term_string}"},"query-input":{"@type":"PropertyValueSpecification","valueRequired":true,"valueName":"search_term_string"}}],"inLanguage":"lt-LT"},{"@type":"Organization","@id":"https:\/\/vsmc.lt\/#organization","name":"Vilniaus suaugusi\u0173j\u0173 mokymo centras","alternateName":"VSMC","url":"https:\/\/vsmc.lt\/","logo":{"@type":"ImageObject","inLanguage":"lt-LT","@id":"https:\/\/vsmc.lt\/#\/schema\/logo\/image\/","url":"https:\/\/vsmc.lt\/wp-content\/uploads\/2016\/11\/15\/logo.png","contentUrl":"https:\/\/vsmc.lt\/wp-content\/uploads\/2016\/11\/15\/logo.png","width":96,"height":121,"caption":"Vilniaus suaugusi\u0173j\u0173 mokymo centras"},"image":{"@id":"https:\/\/vsmc.lt\/#\/schema\/logo\/image\/"},"sameAs":["https:\/\/www.facebook.com\/p\/Vilniaus-suaugusij-mokymo-centras-VSMC-gimnazija-100034428106674\/"]},{"@type":"Person","@id":"https:\/\/vsmc.lt\/#\/schema\/person\/7b79c1eab13a88fc1ed4dc6626a57f98","name":"Birut\u0117 Kubilinskien\u0117","image":{"@type":"ImageObject","inLanguage":"lt-LT","@id":"https:\/\/secure.gravatar.com\/avatar\/de3432602f9f0edd7dc9006aceaad7e2a3227ca56f4f6d9e4b2e2ee05a11e793?s=96&d=mm&r=g","url":"https:\/\/secure.gravatar.com\/avatar\/de3432602f9f0edd7dc9006aceaad7e2a3227ca56f4f6d9e4b2e2ee05a11e793?s=96&d=mm&r=g","contentUrl":"https:\/\/secure.gravatar.com\/avatar\/de3432602f9f0edd7dc9006aceaad7e2a3227ca56f4f6d9e4b2e2ee05a11e793?s=96&d=mm&r=g","caption":"Birut\u0117 Kubilinskien\u0117"},"url":"https:\/\/vsmc.lt\/?author=5"}]}},"_links":{"self":[{"href":"https:\/\/vsmc.lt\/index.php?rest_route=\/wp\/v2\/posts\/11150","targetHints":{"allow":["GET"]}}],"collection":[{"href":"https:\/\/vsmc.lt\/index.php?rest_route=\/wp\/v2\/posts"}],"about":[{"href":"https:\/\/vsmc.lt\/index.php?rest_route=\/wp\/v2\/types\/post"}],"author":[{"embeddable":true,"href":"https:\/\/vsmc.lt\/index.php?rest_route=\/wp\/v2\/users\/5"}],"replies":[{"embeddable":true,"href":"https:\/\/vsmc.lt\/index.php?rest_route=%2Fwp%2Fv2%2Fcomments&post=11150"}],"version-history":[{"count":4,"href":"https:\/\/vsmc.lt\/index.php?rest_route=\/wp\/v2\/posts\/11150\/revisions"}],"predecessor-version":[{"id":11155,"href":"https:\/\/vsmc.lt\/index.php?rest_route=\/wp\/v2\/posts\/11150\/revisions\/11155"}],"wp:attachment":[{"href":"https:\/\/vsmc.lt\/index.php?rest_route=%2Fwp%2Fv2%2Fmedia&parent=11150"}],"wp:term":[{"taxonomy":"category","embeddable":true,"href":"https:\/\/vsmc.lt\/index.php?rest_route=%2Fwp%2Fv2%2Fcategories&post=11150"},{"taxonomy":"post_tag","embeddable":true,"href":"https:\/\/vsmc.lt\/index.php?rest_route=%2Fwp%2Fv2%2Ftags&post=11150"}],"curies":[{"name":"wp","href":"https:\/\/api.w.org\/{rel}","templated":true}]}}