{"id":11308,"date":"2024-10-02T14:45:02","date_gmt":"2024-10-02T11:45:02","guid":{"rendered":"https:\/\/vsmc.lt\/?p=11308"},"modified":"2024-10-02T14:45:02","modified_gmt":"2024-10-02T11:45:02","slug":"2024-09-26-europos-kalbu-diena-vsmc","status":"publish","type":"post","link":"https:\/\/vsmc.lt\/?p=11308","title":{"rendered":"2024-09-26 Europos kalb\u0173 diena VSMC"},"content":{"rendered":"<p>Europos Tarybos kartu su Europos komisija iniciatyva Europos kalb\u0173 diena \u0161ven\u010diama rugs\u0117jo 26-\u0105j\u0105 ir skirta Europos S\u0105jungos kalboms pamin\u0117ti. Kalb\u0173 dienos tikslas \u2013 ugdyti pasidid\u017eiavim\u0105 savo gimt\u0105ja kalba ir literat\u016bra, skatinti tolerancij\u0105 ir s\u0105moningum\u0105 kit\u0173 kalb\u0173 ir kult\u016br\u0173 at\u017evilgiu, gerbti \u012fvairov\u0119.<\/p>\n<p>Kaip ir kiekvienais metais, taip ir \u0161iemet rugs\u0117jo 26-\u0105j\u0105 Europos kalb\u0173 dien\u0105 min\u0117jome VSMC kartu su I-IV klasi\u0173 mokiniais dalyvaudami kalb\u0173 viktorinose. Angl\u0173 kalbos mokytojos Skaist\u0117 Sadauninkait\u0117, Ana Tym\u010diuk, vokie\u010di\u0173 kalbos mokytoja J\u016brat\u0117 Geigalien\u0117, rus\u0173 kalbos mokytoja Galina \u010cerny\u0161iova pakviet\u0117 mokinius dalyvauti kalb\u0173 viktorinose, o lietuvi\u0173 kalbos ir literat\u016bros mokytojos Vilma Kruopien\u0117, Oksana Aleknavi\u010dius, Vita Budinien\u0117 organizavo prot\u0173 m\u016b\u0161ius.<\/p>\n<p>Svetain\u0117je <a href=\"https:\/\/edl.ecml.at\/Home\/tabid\/1455\/language\/lt-LT\/Default.aspx\">https:\/\/edl.ecml.at\/Home\/tabid\/1455\/language\/lt-LT\/Default.aspx<\/a> mokiniai kartu su mokytojomis skait\u0117 ir Lietuvos Respublikos Prezidento Gitano Naus\u0117dos sveikinim\u0105 Europos kalb\u0173 dienos proga.<\/p>\n<p>Kalb\u0173 mok\u0117jimas yra \u012frankis siekti tarpkult\u016brinio bendradarbiavimo ir supratimo apie m\u016bs\u0173 \u017eemyno kult\u016brin\u012f paveld\u0105, skatinti daugiakalbyst\u0119 visoje Europoje. \u0160i\u0105 dien\u0105 mokiniai su\u017einojo daug naujo, \u012fgijo dalykini\u0173 ir skaitmenini\u0173 kompetencij\u0173.<\/p>\n<p>&nbsp;<\/p>\n<p style=\"text-align: right;\">Pareng\u0117 u\u017esienio kalbos (vokie\u010di\u0173) vyresn. mokytoja J\u016brat\u0117 Geigalien\u0117<\/p>\n","protected":false},"excerpt":{"rendered":"<p>Europos Tarybos kartu su Europos komisija iniciatyva Europos kalb\u0173 diena \u0161ven\u010diama rugs\u0117jo 26-\u0105j\u0105 ir skirta Europos S\u0105jungos kalboms pamin\u0117ti. Kalb\u0173 dienos tikslas \u2013 ugdyti pasidid\u017eiavim\u0105 savo gimt\u0105ja kalba ir literat\u016bra, skatinti tolerancij\u0105 ir s\u0105moningum\u0105 kit\u0173 kalb\u0173 ir kult\u016br\u0173 at\u017evilgiu, gerbti \u012fvairov\u0119. Kaip ir kiekvienais metais, taip ir \u0161iemet rugs\u0117jo 26-\u0105j\u0105 Europos kalb\u0173 dien\u0105 min\u0117jome VSMC [&hellip;]<\/p>\n","protected":false},"author":5,"featured_media":0,"comment_status":"closed","ping_status":"closed","sticky":false,"template":"","format":"standard","meta":{"footnotes":""},"categories":[1],"tags":[],"class_list":["post-11308","post","type-post","status-publish","format-standard","hentry","category-naujienos"],"yoast_head":"<!-- This site is optimized with the Yoast SEO plugin v27.5 - https:\/\/yoast.com\/product\/yoast-seo-wordpress\/ -->\n<title>2024-09-26 Europos kalb\u0173 diena VSMC Vilniaus suaugusi\u0173j\u0173 mokymo centras  - Vilniaus suaugusi\u0173j\u0173 mokymo centras<\/title>\n<meta name=\"description\" content=\"2024-09-26 Europos kalb\u0173 diena VSMC Vilniaus suaugusi\u0173j\u0173 mokymo centras\" \/>\n<meta name=\"robots\" content=\"index, follow, max-snippet:-1, max-image-preview:large, max-video-preview:-1\" \/>\n<link rel=\"canonical\" href=\"https:\/\/vsmc.lt\/?p=11308\" \/>\n<meta property=\"og:locale\" content=\"lt_LT\" \/>\n<meta property=\"og:type\" content=\"article\" \/>\n<meta property=\"og:title\" content=\"2024-09-26 Europos kalb\u0173 diena VSMC Vilniaus suaugusi\u0173j\u0173 mokymo centras  - Vilniaus suaugusi\u0173j\u0173 mokymo centras\" \/>\n<meta property=\"og:description\" content=\"2024-09-26 Europos kalb\u0173 diena VSMC Vilniaus suaugusi\u0173j\u0173 mokymo centras\" \/>\n<meta property=\"og:url\" content=\"https:\/\/vsmc.lt\/?p=11308\" \/>\n<meta property=\"og:site_name\" content=\"Vilniaus suaugusi\u0173j\u0173 mokymo centras\" \/>\n<meta property=\"article:publisher\" content=\"https:\/\/www.facebook.com\/p\/Vilniaus-suaugusij-mokymo-centras-VSMC-gimnazija-100034428106674\/\" \/>\n<meta property=\"article:published_time\" content=\"2024-10-02T11:45:02+00:00\" \/>\n<meta property=\"og:image\" content=\"https:\/\/vsmc.lt\/wp-content\/uploads\/2018\/05\/03\/VSMC_PASTATAS_1-1.jpg\" \/>\n\t<meta property=\"og:image:width\" content=\"1500\" \/>\n\t<meta property=\"og:image:height\" content=\"925\" \/>\n\t<meta property=\"og:image:type\" content=\"image\/jpeg\" \/>\n<meta name=\"author\" content=\"Birut\u0117 Kubilinskien\u0117\" \/>\n<meta name=\"twitter:card\" content=\"summary_large_image\" \/>\n<meta name=\"twitter:label1\" content=\"Written by\" \/>\n\t<meta name=\"twitter:data1\" content=\"Birut\u0117 Kubilinskien\u0117\" \/>\n\t<meta name=\"twitter:label2\" content=\"Est. reading time\" \/>\n\t<meta name=\"twitter:data2\" content=\"1 minut\u0117\" \/>\n<script type=\"application\/ld+json\" class=\"yoast-schema-graph\">{\"@context\":\"https:\\\/\\\/schema.org\",\"@graph\":[{\"@type\":\"Article\",\"@id\":\"https:\\\/\\\/vsmc.lt\\\/?p=11308#article\",\"isPartOf\":{\"@id\":\"https:\\\/\\\/vsmc.lt\\\/?p=11308\"},\"author\":{\"name\":\"Birut\u0117 Kubilinskien\u0117\",\"@id\":\"https:\\\/\\\/vsmc.lt\\\/#\\\/schema\\\/person\\\/7b79c1eab13a88fc1ed4dc6626a57f98\"},\"headline\":\"2024-09-26 Europos kalb\u0173 diena VSMC\",\"datePublished\":\"2024-10-02T11:45:02+00:00\",\"mainEntityOfPage\":{\"@id\":\"https:\\\/\\\/vsmc.lt\\\/?p=11308\"},\"wordCount\":201,\"publisher\":{\"@id\":\"https:\\\/\\\/vsmc.lt\\\/#organization\"},\"articleSection\":[\"Naujienos\"],\"inLanguage\":\"lt-LT\"},{\"@type\":\"WebPage\",\"@id\":\"https:\\\/\\\/vsmc.lt\\\/?p=11308\",\"url\":\"https:\\\/\\\/vsmc.lt\\\/?p=11308\",\"name\":\"2024-09-26 Europos kalb\u0173 diena VSMC Vilniaus suaugusi\u0173j\u0173 mokymo centras - Vilniaus suaugusi\u0173j\u0173 mokymo centras\",\"isPartOf\":{\"@id\":\"https:\\\/\\\/vsmc.lt\\\/#website\"},\"datePublished\":\"2024-10-02T11:45:02+00:00\",\"description\":\"2024-09-26 Europos kalb\u0173 diena VSMC Vilniaus suaugusi\u0173j\u0173 mokymo centras\",\"breadcrumb\":{\"@id\":\"https:\\\/\\\/vsmc.lt\\\/?p=11308#breadcrumb\"},\"inLanguage\":\"lt-LT\",\"potentialAction\":[{\"@type\":\"ReadAction\",\"target\":[\"https:\\\/\\\/vsmc.lt\\\/?p=11308\"]}]},{\"@type\":\"BreadcrumbList\",\"@id\":\"https:\\\/\\\/vsmc.lt\\\/?p=11308#breadcrumb\",\"itemListElement\":[{\"@type\":\"ListItem\",\"position\":1,\"name\":\"Home\",\"item\":\"https:\\\/\\\/vsmc.lt\\\/\"},{\"@type\":\"ListItem\",\"position\":2,\"name\":\"2024-09-26 Europos kalb\u0173 diena VSMC\"}]},{\"@type\":\"WebSite\",\"@id\":\"https:\\\/\\\/vsmc.lt\\\/#website\",\"url\":\"https:\\\/\\\/vsmc.lt\\\/\",\"name\":\"Vilniaus suaugusi\u0173j\u0173 mokymo centras\",\"description\":\"VSMC\",\"publisher\":{\"@id\":\"https:\\\/\\\/vsmc.lt\\\/#organization\"},\"alternateName\":\"VSMC\",\"potentialAction\":[{\"@type\":\"SearchAction\",\"target\":{\"@type\":\"EntryPoint\",\"urlTemplate\":\"https:\\\/\\\/vsmc.lt\\\/?s={search_term_string}\"},\"query-input\":{\"@type\":\"PropertyValueSpecification\",\"valueRequired\":true,\"valueName\":\"search_term_string\"}}],\"inLanguage\":\"lt-LT\"},{\"@type\":\"Organization\",\"@id\":\"https:\\\/\\\/vsmc.lt\\\/#organization\",\"name\":\"Vilniaus suaugusi\u0173j\u0173 mokymo centras\",\"alternateName\":\"VSMC\",\"url\":\"https:\\\/\\\/vsmc.lt\\\/\",\"logo\":{\"@type\":\"ImageObject\",\"inLanguage\":\"lt-LT\",\"@id\":\"https:\\\/\\\/vsmc.lt\\\/#\\\/schema\\\/logo\\\/image\\\/\",\"url\":\"https:\\\/\\\/vsmc.lt\\\/wp-content\\\/uploads\\\/2016\\\/11\\\/15\\\/logo.png\",\"contentUrl\":\"https:\\\/\\\/vsmc.lt\\\/wp-content\\\/uploads\\\/2016\\\/11\\\/15\\\/logo.png\",\"width\":96,\"height\":121,\"caption\":\"Vilniaus suaugusi\u0173j\u0173 mokymo centras\"},\"image\":{\"@id\":\"https:\\\/\\\/vsmc.lt\\\/#\\\/schema\\\/logo\\\/image\\\/\"},\"sameAs\":[\"https:\\\/\\\/www.facebook.com\\\/p\\\/Vilniaus-suaugusij-mokymo-centras-VSMC-gimnazija-100034428106674\\\/\"]},{\"@type\":\"Person\",\"@id\":\"https:\\\/\\\/vsmc.lt\\\/#\\\/schema\\\/person\\\/7b79c1eab13a88fc1ed4dc6626a57f98\",\"name\":\"Birut\u0117 Kubilinskien\u0117\",\"image\":{\"@type\":\"ImageObject\",\"inLanguage\":\"lt-LT\",\"@id\":\"https:\\\/\\\/secure.gravatar.com\\\/avatar\\\/de3432602f9f0edd7dc9006aceaad7e2a3227ca56f4f6d9e4b2e2ee05a11e793?s=96&d=mm&r=g\",\"url\":\"https:\\\/\\\/secure.gravatar.com\\\/avatar\\\/de3432602f9f0edd7dc9006aceaad7e2a3227ca56f4f6d9e4b2e2ee05a11e793?s=96&d=mm&r=g\",\"contentUrl\":\"https:\\\/\\\/secure.gravatar.com\\\/avatar\\\/de3432602f9f0edd7dc9006aceaad7e2a3227ca56f4f6d9e4b2e2ee05a11e793?s=96&d=mm&r=g\",\"caption\":\"Birut\u0117 Kubilinskien\u0117\"},\"url\":\"https:\\\/\\\/vsmc.lt\\\/?author=5\"}]}<\/script>\n<!-- \/ Yoast SEO plugin. -->","yoast_head_json":{"title":"2024-09-26 Europos kalb\u0173 diena VSMC Vilniaus suaugusi\u0173j\u0173 mokymo centras  - Vilniaus suaugusi\u0173j\u0173 mokymo centras","description":"2024-09-26 Europos kalb\u0173 diena VSMC Vilniaus suaugusi\u0173j\u0173 mokymo centras","robots":{"index":"index","follow":"follow","max-snippet":"max-snippet:-1","max-image-preview":"max-image-preview:large","max-video-preview":"max-video-preview:-1"},"canonical":"https:\/\/vsmc.lt\/?p=11308","og_locale":"lt_LT","og_type":"article","og_title":"2024-09-26 Europos kalb\u0173 diena VSMC Vilniaus suaugusi\u0173j\u0173 mokymo centras  - Vilniaus suaugusi\u0173j\u0173 mokymo centras","og_description":"2024-09-26 Europos kalb\u0173 diena VSMC Vilniaus suaugusi\u0173j\u0173 mokymo centras","og_url":"https:\/\/vsmc.lt\/?p=11308","og_site_name":"Vilniaus suaugusi\u0173j\u0173 mokymo centras","article_publisher":"https:\/\/www.facebook.com\/p\/Vilniaus-suaugusij-mokymo-centras-VSMC-gimnazija-100034428106674\/","article_published_time":"2024-10-02T11:45:02+00:00","og_image":[{"width":1500,"height":925,"url":"https:\/\/vsmc.lt\/wp-content\/uploads\/2018\/05\/03\/VSMC_PASTATAS_1-1.jpg","type":"image\/jpeg"}],"author":"Birut\u0117 Kubilinskien\u0117","twitter_card":"summary_large_image","twitter_misc":{"Written by":"Birut\u0117 Kubilinskien\u0117","Est. reading time":"1 minut\u0117"},"schema":{"@context":"https:\/\/schema.org","@graph":[{"@type":"Article","@id":"https:\/\/vsmc.lt\/?p=11308#article","isPartOf":{"@id":"https:\/\/vsmc.lt\/?p=11308"},"author":{"name":"Birut\u0117 Kubilinskien\u0117","@id":"https:\/\/vsmc.lt\/#\/schema\/person\/7b79c1eab13a88fc1ed4dc6626a57f98"},"headline":"2024-09-26 Europos kalb\u0173 diena VSMC","datePublished":"2024-10-02T11:45:02+00:00","mainEntityOfPage":{"@id":"https:\/\/vsmc.lt\/?p=11308"},"wordCount":201,"publisher":{"@id":"https:\/\/vsmc.lt\/#organization"},"articleSection":["Naujienos"],"inLanguage":"lt-LT"},{"@type":"WebPage","@id":"https:\/\/vsmc.lt\/?p=11308","url":"https:\/\/vsmc.lt\/?p=11308","name":"2024-09-26 Europos kalb\u0173 diena VSMC Vilniaus suaugusi\u0173j\u0173 mokymo centras - Vilniaus suaugusi\u0173j\u0173 mokymo centras","isPartOf":{"@id":"https:\/\/vsmc.lt\/#website"},"datePublished":"2024-10-02T11:45:02+00:00","description":"2024-09-26 Europos kalb\u0173 diena VSMC Vilniaus suaugusi\u0173j\u0173 mokymo centras","breadcrumb":{"@id":"https:\/\/vsmc.lt\/?p=11308#breadcrumb"},"inLanguage":"lt-LT","potentialAction":[{"@type":"ReadAction","target":["https:\/\/vsmc.lt\/?p=11308"]}]},{"@type":"BreadcrumbList","@id":"https:\/\/vsmc.lt\/?p=11308#breadcrumb","itemListElement":[{"@type":"ListItem","position":1,"name":"Home","item":"https:\/\/vsmc.lt\/"},{"@type":"ListItem","position":2,"name":"2024-09-26 Europos kalb\u0173 diena VSMC"}]},{"@type":"WebSite","@id":"https:\/\/vsmc.lt\/#website","url":"https:\/\/vsmc.lt\/","name":"Vilniaus suaugusi\u0173j\u0173 mokymo centras","description":"VSMC","publisher":{"@id":"https:\/\/vsmc.lt\/#organization"},"alternateName":"VSMC","potentialAction":[{"@type":"SearchAction","target":{"@type":"EntryPoint","urlTemplate":"https:\/\/vsmc.lt\/?s={search_term_string}"},"query-input":{"@type":"PropertyValueSpecification","valueRequired":true,"valueName":"search_term_string"}}],"inLanguage":"lt-LT"},{"@type":"Organization","@id":"https:\/\/vsmc.lt\/#organization","name":"Vilniaus suaugusi\u0173j\u0173 mokymo centras","alternateName":"VSMC","url":"https:\/\/vsmc.lt\/","logo":{"@type":"ImageObject","inLanguage":"lt-LT","@id":"https:\/\/vsmc.lt\/#\/schema\/logo\/image\/","url":"https:\/\/vsmc.lt\/wp-content\/uploads\/2016\/11\/15\/logo.png","contentUrl":"https:\/\/vsmc.lt\/wp-content\/uploads\/2016\/11\/15\/logo.png","width":96,"height":121,"caption":"Vilniaus suaugusi\u0173j\u0173 mokymo centras"},"image":{"@id":"https:\/\/vsmc.lt\/#\/schema\/logo\/image\/"},"sameAs":["https:\/\/www.facebook.com\/p\/Vilniaus-suaugusij-mokymo-centras-VSMC-gimnazija-100034428106674\/"]},{"@type":"Person","@id":"https:\/\/vsmc.lt\/#\/schema\/person\/7b79c1eab13a88fc1ed4dc6626a57f98","name":"Birut\u0117 Kubilinskien\u0117","image":{"@type":"ImageObject","inLanguage":"lt-LT","@id":"https:\/\/secure.gravatar.com\/avatar\/de3432602f9f0edd7dc9006aceaad7e2a3227ca56f4f6d9e4b2e2ee05a11e793?s=96&d=mm&r=g","url":"https:\/\/secure.gravatar.com\/avatar\/de3432602f9f0edd7dc9006aceaad7e2a3227ca56f4f6d9e4b2e2ee05a11e793?s=96&d=mm&r=g","contentUrl":"https:\/\/secure.gravatar.com\/avatar\/de3432602f9f0edd7dc9006aceaad7e2a3227ca56f4f6d9e4b2e2ee05a11e793?s=96&d=mm&r=g","caption":"Birut\u0117 Kubilinskien\u0117"},"url":"https:\/\/vsmc.lt\/?author=5"}]}},"_links":{"self":[{"href":"https:\/\/vsmc.lt\/index.php?rest_route=\/wp\/v2\/posts\/11308","targetHints":{"allow":["GET"]}}],"collection":[{"href":"https:\/\/vsmc.lt\/index.php?rest_route=\/wp\/v2\/posts"}],"about":[{"href":"https:\/\/vsmc.lt\/index.php?rest_route=\/wp\/v2\/types\/post"}],"author":[{"embeddable":true,"href":"https:\/\/vsmc.lt\/index.php?rest_route=\/wp\/v2\/users\/5"}],"replies":[{"embeddable":true,"href":"https:\/\/vsmc.lt\/index.php?rest_route=%2Fwp%2Fv2%2Fcomments&post=11308"}],"version-history":[{"count":1,"href":"https:\/\/vsmc.lt\/index.php?rest_route=\/wp\/v2\/posts\/11308\/revisions"}],"predecessor-version":[{"id":11309,"href":"https:\/\/vsmc.lt\/index.php?rest_route=\/wp\/v2\/posts\/11308\/revisions\/11309"}],"wp:attachment":[{"href":"https:\/\/vsmc.lt\/index.php?rest_route=%2Fwp%2Fv2%2Fmedia&parent=11308"}],"wp:term":[{"taxonomy":"category","embeddable":true,"href":"https:\/\/vsmc.lt\/index.php?rest_route=%2Fwp%2Fv2%2Fcategories&post=11308"},{"taxonomy":"post_tag","embeddable":true,"href":"https:\/\/vsmc.lt\/index.php?rest_route=%2Fwp%2Fv2%2Ftags&post=11308"}],"curies":[{"name":"wp","href":"https:\/\/api.w.org\/{rel}","templated":true}]}}