{"id":11426,"date":"2024-11-21T12:22:11","date_gmt":"2024-11-21T09:22:11","guid":{"rendered":"https:\/\/vsmc.lt\/?p=11426"},"modified":"2024-12-03T14:20:45","modified_gmt":"2024-12-03T11:20:45","slug":"2024-11-19-dalijames-geraja-patirtimi-su-miesto-suaugusiuju-ugdymo-istaigomis","status":"publish","type":"post","link":"https:\/\/vsmc.lt\/?p=11426","title":{"rendered":"2024-11-19 Dalijam\u0117s ger\u0105ja patirtimi su miesto suaugusi\u0173j\u0173 ugdymo \u012fstaigomis"},"content":{"rendered":"<p>2024 m. lapkri\u010dio 18\u201322 d. Lietuvos suaugusi\u0173j\u0173 \u0161vietimo asociacija 25-\u0105j\u012f kart\u0105 kviet\u0117\u00a0 \u0161vietimo, kult\u016bros ir meno, verslo \u012fstaigas, institucijas, organizacijas ir visus suaugusiuosius m\u0117gautis gyvenimu ir mokymusi, organizuoti ir dalyvauti suaugusi\u0173j\u0173 \u0161vietimo savait\u0117s veiklose. 2024 met\u0173 suaugusi\u0173j\u0173 mokymosi savait\u0117s \u201eNustebink save m\u0105stymu!\u201c id\u0117ja \u012fkv\u0117pta XVIII a. vokie\u010di\u0173 filosofo Imanuelio Kanto 300 met\u0173 sukakties<strong>. <\/strong>Vilniaus suaugusi\u0173j\u0173 mokymo centras prisid\u0117damas prie savait\u0117s veikl\u0173 lapkri\u010dio 19 dien\u0105 organizavo Vilniaus suaugusi\u0173j\u0173 mokykl\u0173 patirties pasidalijimo rengin\u012f, kuriame dalyvavo Vilniaus \u201e\u017didinio\u201c suaugusi\u0173j\u0173 gimnazijos, Vilniaus G. Petkevi\u010dait\u0117s-Bit\u0117s suaugusi\u0173j\u0173 mokymo centro ir Vilniaus \u201eVarpo\u201c suaugusi\u0173j\u0173 gimnazijos atstovai.<\/p>\n<p>Rengin\u012f sveikinimo kalba prad\u0117jo VSMC direktor\u0117 Natalja Kimso, pakvietusi dalyvius susipa\u017einti su I. Kantu. Vilniaus suaugusi\u0173j\u0173 mokymo centro IV klas\u0117s mokinys Gabrielius S. kartu su II klas\u0117s mokine Ineta Z. paruo\u0161\u0117 pristatym\u0105 apie Pr\u016bsijos ap\u0161vietos filosof\u0105, klasikin\u0117s vokie\u010di\u0173 filosofijos pradinink\u0105. Renginio dalyviai \u00a0i\u0161girdo \u012fdomi\u0173 fakt\u0173 apie I. Kanto gyvenim\u0105 \u2013 pavyzd\u017eiui, kad jo prosenelis buvo kil\u0119s i\u0161 \u0160ilut\u0117s, kad gerbiamas Karaliau\u010diaus profesorius, o v\u0117liau ir ilgametis rektorius, niekada nebuvo i\u0161vyk\u0119s i\u0161 savo nam\u0173, buvo s\u0117slus, ramus, punktualus \u2013 Karaliau\u010diaus gyventojai pasitikrindavo laikrod\u017eius, kai profesorius i\u0161eidavo \u012f kasdien\u012f pasivaik\u0161\u010diojim\u0105. Kalb\u0117damas apie I. Kanto filosofines id\u0117jas, kurios tapo kertiniais ap\u0161vietos am\u017eiaus akmenimis \u2013 i\u0161dr\u012fsk naudotis savo protu ir nenustok steb\u0117tis moral\u0117s d\u0117sniu savyje \u2013 mokiniai pabr\u0117\u017e\u0117, kad \u00a0pasirinkta suaugusi\u0173j\u0173 savait\u0117s tema (\u201eNustebink save m\u0105stymu\u201c) ypa\u010d dera su I. Kanto filosofija. Mokini\u0173 pristatymas buvo \u012fdomus ir \u012ftraukiantis dar ir tod\u0117l, kad mokin\u0117 Ineta Z. gra\u017eia vokie\u010di\u0173 kalba trumpai pristat\u0117 I. Kanto biografij\u0105 ir skait\u0117 i\u0161trauk\u0173 i\u0161 filosofo k\u016brini\u0173. Vokie\u010di\u0173 kalbos skamb\u0117jimas leido geriau pajausti filosofo laikotarpio dvasi\u0105. V\u0117liau dalyviams buvo pasi\u016blyta \u012fsitraukti \u012f pa\u017einimo ir m\u0105stymo veikl\u0105 \u2013 pasitelkus dirbtinio intelekto \u012frank\u012f \u201eHello History\u201c pakalbinti I. Kant\u0105, o \u012fdomiausiais faktais ar atsakymais pasidalyti su visais renginio dalyviais \u201ePadlet\u201c lentoje.<\/p>\n<p>Vilniaus \u017didinio suaugusi\u0173j\u0173 gimnazijos atstovai pasidalijo savo gimnazijos patirtimi organizuojant integruotas pamokas mokini\u0173 kompetencij\u0173 ugdymui. Buvo pristatyta \u012fvairi\u0173 dalyk\u0173 mokytoj\u0173 organizuojam\u0173 patyrimini\u0173 i\u0161vyk\u0173, integruot\u0173 pamok\u0173 u\u017e mokyklos rib\u0173, pilieti\u0161kumo ugdymo ir tradicij\u0173 puosel\u0117jimo patirtis. Prane\u0161\u0117ja sulauk\u0117 nema\u017eai susidom\u0117jusi\u0173 klausytoj\u0173 klausim\u0173 apie pristatytas \u012fdomias lokacijas, veikl\u0173 organizavimo ypatumus ir kitus niuansus.<\/p>\n<p>Vilniaus G. Petkevi\u010dait\u0117s-Bit\u0117s suaugusi\u0173j\u0173 mokymo centro komanda pasidalijo patirtimi apie dalyvavim\u0105 tarptautiniuose projektuose. Ypatingo susidom\u0117jimo sulauk\u0117 Erasmus + projektas apie klimato kait\u0105 ir tvarum\u0105. Prane\u0161\u0117ja pateik\u0117 praktini\u0173 pavyzd\u017ei\u0173 apie tai, kaip tvarumo tema gali b\u016bti integruojama \u012f ugdymo proces\u0105. Visi dalyviai \u012fsitrauk\u0117 \u012f diskusij\u0105 apie mokym\u0105si siekiant \u017ealiosios pertvarkos ir darnaus vystymosi, aptarin\u0117jo, kaip suma\u017einti savo ekologin\u012f p\u0117dsak\u0105.<\/p>\n<p>Vilniaus \u201eVarpo\u201c suaugusi\u0173j\u0173 gimnazija trumpai pristat\u0117 savo gimnazijos patirt\u012f apie darb\u0105 pagal atnaujintas ugdymo programas, mokini\u0173 kompetencij\u0173 ugdym\u0105.<\/p>\n<p>Renginys neprailgo, laikas pral\u0117k\u0117 nepastebimai. U\u017ebaigdama rengin\u012f VSMC direktor\u0117 N. Kimso negail\u0117jo pad\u0117kos \u017eod\u017ei\u0173 visiems renginio dalyviams ir pasteb\u0117jo, kad suaugusi\u0173j\u0173 ugdymo bendruomen\u0117s susitikimai visada yra puiki galimyb\u0117 ne tik pasidalyti \u012f\u017evalgomis, bet ir mokytis vieniems i\u0161 kit\u0173.<\/p>\n<p><img loading=\"lazy\" decoding=\"async\" class=\"alignnone  wp-image-11434\" src=\"https:\/\/vsmc.lt\/wp-content\/uploads\/2024\/11\/21\/Brown-and-Beige-Simple-Photo-Collage-1-240x360.png\" alt=\"\" width=\"315\" height=\"473\" srcset=\"https:\/\/vsmc.lt\/wp-content\/uploads\/2024\/11\/21\/Brown-and-Beige-Simple-Photo-Collage-1-240x360.png 240w, https:\/\/vsmc.lt\/wp-content\/uploads\/2024\/11\/21\/Brown-and-Beige-Simple-Photo-Collage-1-480x720.png 480w, https:\/\/vsmc.lt\/wp-content\/uploads\/2024\/11\/21\/Brown-and-Beige-Simple-Photo-Collage-1-768x1152.png 768w, https:\/\/vsmc.lt\/wp-content\/uploads\/2024\/11\/21\/Brown-and-Beige-Simple-Photo-Collage-1-1024x1536.png 1024w, https:\/\/vsmc.lt\/wp-content\/uploads\/2024\/11\/21\/Brown-and-Beige-Simple-Photo-Collage-1.png 1333w\" sizes=\"auto, (max-width: 315px) 100vw, 315px\" \/><\/p>\n<p style=\"text-align: right;\">Pareng\u0117 matematikos ir informatikos mokytoja metodinink\u0117 Jelena Aleknien\u0117 ir dorinio ugdymo (etikos0 mokytoja metodinink\u0117 Ilona Mikul\u0117nien\u0117<\/p>\n<p>&nbsp;<\/p>\n","protected":false},"excerpt":{"rendered":"<p>2024 m. lapkri\u010dio 18\u201322 d. Lietuvos suaugusi\u0173j\u0173 \u0161vietimo asociacija 25-\u0105j\u012f kart\u0105 kviet\u0117\u00a0 \u0161vietimo, kult\u016bros ir meno, verslo \u012fstaigas, institucijas, organizacijas ir visus suaugusiuosius m\u0117gautis gyvenimu ir mokymusi, organizuoti ir dalyvauti suaugusi\u0173j\u0173 \u0161vietimo savait\u0117s veiklose. 2024 met\u0173 suaugusi\u0173j\u0173 mokymosi savait\u0117s \u201eNustebink save m\u0105stymu!\u201c id\u0117ja \u012fkv\u0117pta XVIII a. vokie\u010di\u0173 filosofo Imanuelio Kanto 300 met\u0173 sukakties. Vilniaus suaugusi\u0173j\u0173 [&hellip;]<\/p>\n","protected":false},"author":5,"featured_media":0,"comment_status":"closed","ping_status":"closed","sticky":false,"template":"","format":"standard","meta":{"footnotes":""},"categories":[1],"tags":[],"class_list":["post-11426","post","type-post","status-publish","format-standard","hentry","category-naujienos"],"yoast_head":"<!-- This site is optimized with the Yoast SEO plugin v27.5 - https:\/\/yoast.com\/product\/yoast-seo-wordpress\/ -->\n<title>2024-11-19 Dalijam\u0117s ger\u0105ja patirtimi su miesto suaugusi\u0173j\u0173 ugdymo \u012fstaigomis Vilniaus suaugusi\u0173j\u0173 mokymo centras  - Vilniaus suaugusi\u0173j\u0173 mokymo centras<\/title>\n<meta name=\"description\" content=\"2024-11-19 Dalijam\u0117s ger\u0105ja patirtimi su miesto suaugusi\u0173j\u0173 ugdymo \u012fstaigomis Vilniaus suaugusi\u0173j\u0173 mokymo centras\" \/>\n<meta name=\"robots\" content=\"index, follow, max-snippet:-1, max-image-preview:large, max-video-preview:-1\" \/>\n<link rel=\"canonical\" href=\"https:\/\/vsmc.lt\/?p=11426\" \/>\n<meta property=\"og:locale\" content=\"lt_LT\" \/>\n<meta property=\"og:type\" content=\"article\" \/>\n<meta property=\"og:title\" content=\"2024-11-19 Dalijam\u0117s ger\u0105ja patirtimi su miesto suaugusi\u0173j\u0173 ugdymo \u012fstaigomis Vilniaus suaugusi\u0173j\u0173 mokymo centras  - Vilniaus suaugusi\u0173j\u0173 mokymo centras\" \/>\n<meta property=\"og:description\" content=\"2024-11-19 Dalijam\u0117s ger\u0105ja patirtimi su miesto suaugusi\u0173j\u0173 ugdymo \u012fstaigomis Vilniaus suaugusi\u0173j\u0173 mokymo centras\" \/>\n<meta property=\"og:url\" content=\"https:\/\/vsmc.lt\/?p=11426\" \/>\n<meta property=\"og:site_name\" content=\"Vilniaus suaugusi\u0173j\u0173 mokymo centras\" \/>\n<meta property=\"article:publisher\" content=\"https:\/\/www.facebook.com\/p\/Vilniaus-suaugusij-mokymo-centras-VSMC-gimnazija-100034428106674\/\" \/>\n<meta property=\"article:published_time\" content=\"2024-11-21T09:22:11+00:00\" \/>\n<meta property=\"article:modified_time\" content=\"2024-12-03T11:20:45+00:00\" \/>\n<meta property=\"og:image\" content=\"https:\/\/vsmc.lt\/wp-content\/uploads\/2024\/11\/21\/Brown-and-Beige-Simple-Photo-Collage-1-240x360.png\" \/>\n<meta name=\"author\" content=\"Birut\u0117 Kubilinskien\u0117\" \/>\n<meta name=\"twitter:card\" content=\"summary_large_image\" \/>\n<meta name=\"twitter:label1\" content=\"Written by\" \/>\n\t<meta name=\"twitter:data1\" content=\"Birut\u0117 Kubilinskien\u0117\" \/>\n\t<meta name=\"twitter:label2\" content=\"Est. reading time\" \/>\n\t<meta name=\"twitter:data2\" content=\"3 minut\u0117s\" \/>\n<script type=\"application\/ld+json\" class=\"yoast-schema-graph\">{\"@context\":\"https:\\\/\\\/schema.org\",\"@graph\":[{\"@type\":\"Article\",\"@id\":\"https:\\\/\\\/vsmc.lt\\\/?p=11426#article\",\"isPartOf\":{\"@id\":\"https:\\\/\\\/vsmc.lt\\\/?p=11426\"},\"author\":{\"name\":\"Birut\u0117 Kubilinskien\u0117\",\"@id\":\"https:\\\/\\\/vsmc.lt\\\/#\\\/schema\\\/person\\\/7b79c1eab13a88fc1ed4dc6626a57f98\"},\"headline\":\"2024-11-19 Dalijam\u0117s ger\u0105ja patirtimi su miesto suaugusi\u0173j\u0173 ugdymo \u012fstaigomis\",\"datePublished\":\"2024-11-21T09:22:11+00:00\",\"dateModified\":\"2024-12-03T11:20:45+00:00\",\"mainEntityOfPage\":{\"@id\":\"https:\\\/\\\/vsmc.lt\\\/?p=11426\"},\"wordCount\":562,\"publisher\":{\"@id\":\"https:\\\/\\\/vsmc.lt\\\/#organization\"},\"image\":{\"@id\":\"https:\\\/\\\/vsmc.lt\\\/?p=11426#primaryimage\"},\"thumbnailUrl\":\"https:\\\/\\\/vsmc.lt\\\/wp-content\\\/uploads\\\/2024\\\/11\\\/21\\\/Brown-and-Beige-Simple-Photo-Collage-1-240x360.png\",\"articleSection\":[\"Naujienos\"],\"inLanguage\":\"lt-LT\"},{\"@type\":\"WebPage\",\"@id\":\"https:\\\/\\\/vsmc.lt\\\/?p=11426\",\"url\":\"https:\\\/\\\/vsmc.lt\\\/?p=11426\",\"name\":\"2024-11-19 Dalijam\u0117s ger\u0105ja patirtimi su miesto suaugusi\u0173j\u0173 ugdymo \u012fstaigomis Vilniaus suaugusi\u0173j\u0173 mokymo centras - Vilniaus suaugusi\u0173j\u0173 mokymo centras\",\"isPartOf\":{\"@id\":\"https:\\\/\\\/vsmc.lt\\\/#website\"},\"primaryImageOfPage\":{\"@id\":\"https:\\\/\\\/vsmc.lt\\\/?p=11426#primaryimage\"},\"image\":{\"@id\":\"https:\\\/\\\/vsmc.lt\\\/?p=11426#primaryimage\"},\"thumbnailUrl\":\"https:\\\/\\\/vsmc.lt\\\/wp-content\\\/uploads\\\/2024\\\/11\\\/21\\\/Brown-and-Beige-Simple-Photo-Collage-1-240x360.png\",\"datePublished\":\"2024-11-21T09:22:11+00:00\",\"dateModified\":\"2024-12-03T11:20:45+00:00\",\"description\":\"2024-11-19 Dalijam\u0117s ger\u0105ja patirtimi su miesto suaugusi\u0173j\u0173 ugdymo \u012fstaigomis Vilniaus suaugusi\u0173j\u0173 mokymo centras\",\"breadcrumb\":{\"@id\":\"https:\\\/\\\/vsmc.lt\\\/?p=11426#breadcrumb\"},\"inLanguage\":\"lt-LT\",\"potentialAction\":[{\"@type\":\"ReadAction\",\"target\":[\"https:\\\/\\\/vsmc.lt\\\/?p=11426\"]}]},{\"@type\":\"ImageObject\",\"inLanguage\":\"lt-LT\",\"@id\":\"https:\\\/\\\/vsmc.lt\\\/?p=11426#primaryimage\",\"url\":\"https:\\\/\\\/vsmc.lt\\\/wp-content\\\/uploads\\\/2024\\\/11\\\/21\\\/Brown-and-Beige-Simple-Photo-Collage-1.png\",\"contentUrl\":\"https:\\\/\\\/vsmc.lt\\\/wp-content\\\/uploads\\\/2024\\\/11\\\/21\\\/Brown-and-Beige-Simple-Photo-Collage-1.png\",\"width\":1333,\"height\":2000},{\"@type\":\"BreadcrumbList\",\"@id\":\"https:\\\/\\\/vsmc.lt\\\/?p=11426#breadcrumb\",\"itemListElement\":[{\"@type\":\"ListItem\",\"position\":1,\"name\":\"Home\",\"item\":\"https:\\\/\\\/vsmc.lt\\\/\"},{\"@type\":\"ListItem\",\"position\":2,\"name\":\"2024-11-19 Dalijam\u0117s ger\u0105ja patirtimi su miesto suaugusi\u0173j\u0173 ugdymo \u012fstaigomis\"}]},{\"@type\":\"WebSite\",\"@id\":\"https:\\\/\\\/vsmc.lt\\\/#website\",\"url\":\"https:\\\/\\\/vsmc.lt\\\/\",\"name\":\"Vilniaus suaugusi\u0173j\u0173 mokymo centras\",\"description\":\"VSMC\",\"publisher\":{\"@id\":\"https:\\\/\\\/vsmc.lt\\\/#organization\"},\"alternateName\":\"VSMC\",\"potentialAction\":[{\"@type\":\"SearchAction\",\"target\":{\"@type\":\"EntryPoint\",\"urlTemplate\":\"https:\\\/\\\/vsmc.lt\\\/?s={search_term_string}\"},\"query-input\":{\"@type\":\"PropertyValueSpecification\",\"valueRequired\":true,\"valueName\":\"search_term_string\"}}],\"inLanguage\":\"lt-LT\"},{\"@type\":\"Organization\",\"@id\":\"https:\\\/\\\/vsmc.lt\\\/#organization\",\"name\":\"Vilniaus suaugusi\u0173j\u0173 mokymo centras\",\"alternateName\":\"VSMC\",\"url\":\"https:\\\/\\\/vsmc.lt\\\/\",\"logo\":{\"@type\":\"ImageObject\",\"inLanguage\":\"lt-LT\",\"@id\":\"https:\\\/\\\/vsmc.lt\\\/#\\\/schema\\\/logo\\\/image\\\/\",\"url\":\"https:\\\/\\\/vsmc.lt\\\/wp-content\\\/uploads\\\/2016\\\/11\\\/15\\\/logo.png\",\"contentUrl\":\"https:\\\/\\\/vsmc.lt\\\/wp-content\\\/uploads\\\/2016\\\/11\\\/15\\\/logo.png\",\"width\":96,\"height\":121,\"caption\":\"Vilniaus suaugusi\u0173j\u0173 mokymo centras\"},\"image\":{\"@id\":\"https:\\\/\\\/vsmc.lt\\\/#\\\/schema\\\/logo\\\/image\\\/\"},\"sameAs\":[\"https:\\\/\\\/www.facebook.com\\\/p\\\/Vilniaus-suaugusij-mokymo-centras-VSMC-gimnazija-100034428106674\\\/\"]},{\"@type\":\"Person\",\"@id\":\"https:\\\/\\\/vsmc.lt\\\/#\\\/schema\\\/person\\\/7b79c1eab13a88fc1ed4dc6626a57f98\",\"name\":\"Birut\u0117 Kubilinskien\u0117\",\"image\":{\"@type\":\"ImageObject\",\"inLanguage\":\"lt-LT\",\"@id\":\"https:\\\/\\\/secure.gravatar.com\\\/avatar\\\/de3432602f9f0edd7dc9006aceaad7e2a3227ca56f4f6d9e4b2e2ee05a11e793?s=96&d=mm&r=g\",\"url\":\"https:\\\/\\\/secure.gravatar.com\\\/avatar\\\/de3432602f9f0edd7dc9006aceaad7e2a3227ca56f4f6d9e4b2e2ee05a11e793?s=96&d=mm&r=g\",\"contentUrl\":\"https:\\\/\\\/secure.gravatar.com\\\/avatar\\\/de3432602f9f0edd7dc9006aceaad7e2a3227ca56f4f6d9e4b2e2ee05a11e793?s=96&d=mm&r=g\",\"caption\":\"Birut\u0117 Kubilinskien\u0117\"},\"url\":\"https:\\\/\\\/vsmc.lt\\\/?author=5\"}]}<\/script>\n<!-- \/ Yoast SEO plugin. -->","yoast_head_json":{"title":"2024-11-19 Dalijam\u0117s ger\u0105ja patirtimi su miesto suaugusi\u0173j\u0173 ugdymo \u012fstaigomis Vilniaus suaugusi\u0173j\u0173 mokymo centras  - Vilniaus suaugusi\u0173j\u0173 mokymo centras","description":"2024-11-19 Dalijam\u0117s ger\u0105ja patirtimi su miesto suaugusi\u0173j\u0173 ugdymo \u012fstaigomis Vilniaus suaugusi\u0173j\u0173 mokymo centras","robots":{"index":"index","follow":"follow","max-snippet":"max-snippet:-1","max-image-preview":"max-image-preview:large","max-video-preview":"max-video-preview:-1"},"canonical":"https:\/\/vsmc.lt\/?p=11426","og_locale":"lt_LT","og_type":"article","og_title":"2024-11-19 Dalijam\u0117s ger\u0105ja patirtimi su miesto suaugusi\u0173j\u0173 ugdymo \u012fstaigomis Vilniaus suaugusi\u0173j\u0173 mokymo centras  - Vilniaus suaugusi\u0173j\u0173 mokymo centras","og_description":"2024-11-19 Dalijam\u0117s ger\u0105ja patirtimi su miesto suaugusi\u0173j\u0173 ugdymo \u012fstaigomis Vilniaus suaugusi\u0173j\u0173 mokymo centras","og_url":"https:\/\/vsmc.lt\/?p=11426","og_site_name":"Vilniaus suaugusi\u0173j\u0173 mokymo centras","article_publisher":"https:\/\/www.facebook.com\/p\/Vilniaus-suaugusij-mokymo-centras-VSMC-gimnazija-100034428106674\/","article_published_time":"2024-11-21T09:22:11+00:00","article_modified_time":"2024-12-03T11:20:45+00:00","og_image":[{"url":"https:\/\/vsmc.lt\/wp-content\/uploads\/2024\/11\/21\/Brown-and-Beige-Simple-Photo-Collage-1-240x360.png","type":"","width":"","height":""}],"author":"Birut\u0117 Kubilinskien\u0117","twitter_card":"summary_large_image","twitter_misc":{"Written by":"Birut\u0117 Kubilinskien\u0117","Est. reading time":"3 minut\u0117s"},"schema":{"@context":"https:\/\/schema.org","@graph":[{"@type":"Article","@id":"https:\/\/vsmc.lt\/?p=11426#article","isPartOf":{"@id":"https:\/\/vsmc.lt\/?p=11426"},"author":{"name":"Birut\u0117 Kubilinskien\u0117","@id":"https:\/\/vsmc.lt\/#\/schema\/person\/7b79c1eab13a88fc1ed4dc6626a57f98"},"headline":"2024-11-19 Dalijam\u0117s ger\u0105ja patirtimi su miesto suaugusi\u0173j\u0173 ugdymo \u012fstaigomis","datePublished":"2024-11-21T09:22:11+00:00","dateModified":"2024-12-03T11:20:45+00:00","mainEntityOfPage":{"@id":"https:\/\/vsmc.lt\/?p=11426"},"wordCount":562,"publisher":{"@id":"https:\/\/vsmc.lt\/#organization"},"image":{"@id":"https:\/\/vsmc.lt\/?p=11426#primaryimage"},"thumbnailUrl":"https:\/\/vsmc.lt\/wp-content\/uploads\/2024\/11\/21\/Brown-and-Beige-Simple-Photo-Collage-1-240x360.png","articleSection":["Naujienos"],"inLanguage":"lt-LT"},{"@type":"WebPage","@id":"https:\/\/vsmc.lt\/?p=11426","url":"https:\/\/vsmc.lt\/?p=11426","name":"2024-11-19 Dalijam\u0117s ger\u0105ja patirtimi su miesto suaugusi\u0173j\u0173 ugdymo \u012fstaigomis Vilniaus suaugusi\u0173j\u0173 mokymo centras - Vilniaus suaugusi\u0173j\u0173 mokymo centras","isPartOf":{"@id":"https:\/\/vsmc.lt\/#website"},"primaryImageOfPage":{"@id":"https:\/\/vsmc.lt\/?p=11426#primaryimage"},"image":{"@id":"https:\/\/vsmc.lt\/?p=11426#primaryimage"},"thumbnailUrl":"https:\/\/vsmc.lt\/wp-content\/uploads\/2024\/11\/21\/Brown-and-Beige-Simple-Photo-Collage-1-240x360.png","datePublished":"2024-11-21T09:22:11+00:00","dateModified":"2024-12-03T11:20:45+00:00","description":"2024-11-19 Dalijam\u0117s ger\u0105ja patirtimi su miesto suaugusi\u0173j\u0173 ugdymo \u012fstaigomis Vilniaus suaugusi\u0173j\u0173 mokymo centras","breadcrumb":{"@id":"https:\/\/vsmc.lt\/?p=11426#breadcrumb"},"inLanguage":"lt-LT","potentialAction":[{"@type":"ReadAction","target":["https:\/\/vsmc.lt\/?p=11426"]}]},{"@type":"ImageObject","inLanguage":"lt-LT","@id":"https:\/\/vsmc.lt\/?p=11426#primaryimage","url":"https:\/\/vsmc.lt\/wp-content\/uploads\/2024\/11\/21\/Brown-and-Beige-Simple-Photo-Collage-1.png","contentUrl":"https:\/\/vsmc.lt\/wp-content\/uploads\/2024\/11\/21\/Brown-and-Beige-Simple-Photo-Collage-1.png","width":1333,"height":2000},{"@type":"BreadcrumbList","@id":"https:\/\/vsmc.lt\/?p=11426#breadcrumb","itemListElement":[{"@type":"ListItem","position":1,"name":"Home","item":"https:\/\/vsmc.lt\/"},{"@type":"ListItem","position":2,"name":"2024-11-19 Dalijam\u0117s ger\u0105ja patirtimi su miesto suaugusi\u0173j\u0173 ugdymo \u012fstaigomis"}]},{"@type":"WebSite","@id":"https:\/\/vsmc.lt\/#website","url":"https:\/\/vsmc.lt\/","name":"Vilniaus suaugusi\u0173j\u0173 mokymo centras","description":"VSMC","publisher":{"@id":"https:\/\/vsmc.lt\/#organization"},"alternateName":"VSMC","potentialAction":[{"@type":"SearchAction","target":{"@type":"EntryPoint","urlTemplate":"https:\/\/vsmc.lt\/?s={search_term_string}"},"query-input":{"@type":"PropertyValueSpecification","valueRequired":true,"valueName":"search_term_string"}}],"inLanguage":"lt-LT"},{"@type":"Organization","@id":"https:\/\/vsmc.lt\/#organization","name":"Vilniaus suaugusi\u0173j\u0173 mokymo centras","alternateName":"VSMC","url":"https:\/\/vsmc.lt\/","logo":{"@type":"ImageObject","inLanguage":"lt-LT","@id":"https:\/\/vsmc.lt\/#\/schema\/logo\/image\/","url":"https:\/\/vsmc.lt\/wp-content\/uploads\/2016\/11\/15\/logo.png","contentUrl":"https:\/\/vsmc.lt\/wp-content\/uploads\/2016\/11\/15\/logo.png","width":96,"height":121,"caption":"Vilniaus suaugusi\u0173j\u0173 mokymo centras"},"image":{"@id":"https:\/\/vsmc.lt\/#\/schema\/logo\/image\/"},"sameAs":["https:\/\/www.facebook.com\/p\/Vilniaus-suaugusij-mokymo-centras-VSMC-gimnazija-100034428106674\/"]},{"@type":"Person","@id":"https:\/\/vsmc.lt\/#\/schema\/person\/7b79c1eab13a88fc1ed4dc6626a57f98","name":"Birut\u0117 Kubilinskien\u0117","image":{"@type":"ImageObject","inLanguage":"lt-LT","@id":"https:\/\/secure.gravatar.com\/avatar\/de3432602f9f0edd7dc9006aceaad7e2a3227ca56f4f6d9e4b2e2ee05a11e793?s=96&d=mm&r=g","url":"https:\/\/secure.gravatar.com\/avatar\/de3432602f9f0edd7dc9006aceaad7e2a3227ca56f4f6d9e4b2e2ee05a11e793?s=96&d=mm&r=g","contentUrl":"https:\/\/secure.gravatar.com\/avatar\/de3432602f9f0edd7dc9006aceaad7e2a3227ca56f4f6d9e4b2e2ee05a11e793?s=96&d=mm&r=g","caption":"Birut\u0117 Kubilinskien\u0117"},"url":"https:\/\/vsmc.lt\/?author=5"}]}},"_links":{"self":[{"href":"https:\/\/vsmc.lt\/index.php?rest_route=\/wp\/v2\/posts\/11426","targetHints":{"allow":["GET"]}}],"collection":[{"href":"https:\/\/vsmc.lt\/index.php?rest_route=\/wp\/v2\/posts"}],"about":[{"href":"https:\/\/vsmc.lt\/index.php?rest_route=\/wp\/v2\/types\/post"}],"author":[{"embeddable":true,"href":"https:\/\/vsmc.lt\/index.php?rest_route=\/wp\/v2\/users\/5"}],"replies":[{"embeddable":true,"href":"https:\/\/vsmc.lt\/index.php?rest_route=%2Fwp%2Fv2%2Fcomments&post=11426"}],"version-history":[{"count":3,"href":"https:\/\/vsmc.lt\/index.php?rest_route=\/wp\/v2\/posts\/11426\/revisions"}],"predecessor-version":[{"id":11435,"href":"https:\/\/vsmc.lt\/index.php?rest_route=\/wp\/v2\/posts\/11426\/revisions\/11435"}],"wp:attachment":[{"href":"https:\/\/vsmc.lt\/index.php?rest_route=%2Fwp%2Fv2%2Fmedia&parent=11426"}],"wp:term":[{"taxonomy":"category","embeddable":true,"href":"https:\/\/vsmc.lt\/index.php?rest_route=%2Fwp%2Fv2%2Fcategories&post=11426"},{"taxonomy":"post_tag","embeddable":true,"href":"https:\/\/vsmc.lt\/index.php?rest_route=%2Fwp%2Fv2%2Ftags&post=11426"}],"curies":[{"name":"wp","href":"https:\/\/api.w.org\/{rel}","templated":true}]}}