{"id":11462,"date":"2025-01-15T12:36:11","date_gmt":"2025-01-15T09:36:11","guid":{"rendered":"https:\/\/vsmc.lt\/?p=11462"},"modified":"2025-01-16T21:10:06","modified_gmt":"2025-01-16T18:10:06","slug":"2025-01-13-minejome-laisves-gyneju-diena","status":"publish","type":"post","link":"https:\/\/vsmc.lt\/?p=11462","title":{"rendered":"2025-01-13 Min\u0117jome Laisv\u0117s gyn\u0117j\u0173 dien\u0105"},"content":{"rendered":"<p>M\u016bs\u0173 gimnazija sausio 13 dien\u0105 min\u0117jo <strong>Laisv\u0117s gyn\u0117j\u0173 dien\u0105<\/strong>. Prie\u0161 34 metus \u2013 1991 m. i\u0161 sausio 12 d. \u012f sausio 13 d. \u2013 soviet\u0173 kariuomenei ir specialiesiems daliniams u\u017eimant Lietuvos radijo ir televizijos pastat\u0105, Televizijos bok\u0161t\u0105, <strong>\u017euvo 14 laisv\u0117s gyn\u0117j\u0173<\/strong>, dar beveik t\u016bkstantis \u017emoni\u0173 buvo su\u017eeista ar kitaip nukent\u0117jo.<\/p>\n<p>Dienini\u0173 I A, II A, III A klasi\u0173 mokiniai dalyvavo <strong>Vilniaus miesto akcijoje ,,Neu\u017emir\u0161tuoli\u0173 pieva\u201c.<\/strong> Luki\u0161ki\u0173 aik\u0161t\u0117je simboli\u0161kai ,,pasodinome\u2018\u2018 neu\u017emir\u0161tuoli\u0173 ir saul\u0117gr\u0105\u017e\u0173 \u017eied\u0173 &#8211; Lietuvos ir Ukrainos laisv\u0117s gyn\u0117jams pagerbti.<\/p>\n<p>Po akcijos prie Lietuvos Respublikos Seimo Sausio 13-osios memorialo vyko<strong> Lietuvi\u0173 kalbos ir literat\u016bros pamoka ,,Sausio 13-oji: kaip apgyn\u0117me Laisv<\/strong>\u0119?\u201d. Su mokiniais diskutavome, kokios laisv\u0117s \u017emon\u0117s tro\u0161ko , k\u0105 tuo metu ir k\u0105 dabar mums rei\u0161kia \u0161is \u017eodis. Vyresni mokiniai ir mokytojai pasidalijo sausio 11-13 dien\u0173 prisiminimais. Ap\u017ei\u016br\u0117jome i\u0161saugotus autenti\u0161kus 1991 m. parlamento gynybini\u0173 sien\u0173 fragmentus, memoriale \u012frengt\u0105 \u0160v\u010d. Mergel\u0117s Marijos koply\u010di\u0105, kurios altoriaus fone yra eksponuojami autenti\u0161ki per 1991 m. sausio \u012fvykius \u017emoni\u0173 sune\u0161ti daiktai \u2013 mediniai kry\u017eiai, koplytstulpis, kuriame stovi mokytojos lituanist\u0117s atne\u0161ta \u0160v\u010d. Mergel\u0117s Marijos statula, anuomet tapusi laikinojo altoriaus sudedam\u0105ja dalimi. Keliaudami nuo Luki\u0161ki\u0173 aik\u0161t\u0117s iki gimnazijos (\u017dv\u0117ryne) mokiniai ie\u0161kojo istorini\u0173 nuorod\u0173 (objekt\u0173), liudijan\u010di\u0173\u00a0 Sausio 13 -osios \u012fvykius.<\/p>\n<p>Po veikl\u0173 Vilniaus mieste VSMC gimnazijoje visa bendruomen\u0117 dalyvavo <strong>gyvosios istorijos ir pilieti\u0161kumo pamokoje-min\u0117jime.<\/strong> Pamokos tikslas \u2013 pamin\u0117ti Lietuvai nepaprastai svarbi\u0105 dat\u0105.<\/p>\n<p>Pamok\u0105-min\u0117jim\u0105 prad\u0117jome sugiedodami Lietuvos himn\u0105. Po to prasming\u0105 \u017eod\u012f tar\u0117 gimnazijos direktor\u0117. Ji pasidalijo savo prisiminimais apie Sausio 13-osios \u012fvykius. Tomis tragi\u0161komis dienomis m\u016bs\u0173 mokykla priglaud\u0117 daugel\u012f Parlamento gyn\u0117j\u0173. Direktor\u0117 pa\u017eym\u0117jo, kad Sausio 13-\u0105j\u0105 taik\u016bs Lietuvos \u017emon\u0117s nugal\u0117jo agresij\u0105 ir blog\u012f, tod\u0117l \u0161iandien \u0161ven\u010diame did\u017ei\u0105 Pergal\u0119. III-IV-t\u0173 gimnazijos klasi\u0173 mokiniai pristat\u0117 pateikt\u012f apie tragi\u0161kus Sausio 13-osios \u012fvykius, \u017euvusieji u\u017e Lietuvos Laisv\u0119 buvo pagerbti tylos minute. III A klas\u0117s mokin\u0117 deklamavo eil\u0117ra\u0161\u010dius, kurie sujaudino sal\u0117je susirinkusius pamokos-min\u0117jimo dalyvius. V\u0117liau \u017ei\u016br\u0117jome re\u017eisieriaus Vytauto V. Landsbergio dokumentin\u012f film\u0105 \u201eSausio \u2013 13-oji\u201c, kuriame 1991 m. sausio \u012fvyki\u0173 dalyviai po 10 met\u0173 apm\u0105sto 1991 metais rengto perversmo eig\u0105 Lietuvoje.<\/p>\n<p>Vakarini\u0173 klasi\u0173 mokiniai pagerbdami \u017euvusiuosius prisijung\u0117 prie <strong>pilietin\u0117s iniciatyvos \u201ePergal\u0117s \u0161viesa\u201c:<\/strong> de\u0161im\u010diai minu\u010di\u0173 klas\u0117se buvo u\u017edegtos vienyb\u0117s, atminimo ir pergal\u0117s \u017evakut\u0117s.<\/p>\n<p>Mokytojai per pamokas kalb\u0117jo apie Sausio 13-osios \u012fvykius, vyko trumpo metro filmo apie 1991 m. sausio \u012fvykius per\u017ei\u016bra. Buvo aptarta daug aktuali\u0173 istorijos klausim\u0173: kas yra Sausio 13-oji, kod\u0117l apie Sausio 13-\u0105j\u0105 negalima m\u0105styti be konteksto, kaip Sausio 13-oji pakeit\u0117 Lietuvos ir Europos istorij\u0105, kokios yra Sausio 13-osios pamokos mums.<\/p>\n<p><img loading=\"lazy\" decoding=\"async\" class=\"alignnone wp-image-11467\" src=\"https:\/\/vsmc.lt\/wp-content\/uploads\/2025\/01\/15\/sausio-13-10-465x360.jpg\" alt=\"\" width=\"652\" height=\"504\" srcset=\"https:\/\/vsmc.lt\/wp-content\/uploads\/2025\/01\/15\/sausio-13-10-465x360.jpg 465w, https:\/\/vsmc.lt\/wp-content\/uploads\/2025\/01\/15\/sausio-13-10-929x720.jpg 929w, https:\/\/vsmc.lt\/wp-content\/uploads\/2025\/01\/15\/sausio-13-10-768x595.jpg 768w, https:\/\/vsmc.lt\/wp-content\/uploads\/2025\/01\/15\/sausio-13-10-1536x1190.jpg 1536w, https:\/\/vsmc.lt\/wp-content\/uploads\/2025\/01\/15\/sausio-13-10.jpg 1656w\" sizes=\"auto, (max-width: 652px) 100vw, 652px\" \/><\/p>\n<p><img loading=\"lazy\" decoding=\"async\" class=\"alignnone wp-image-11465\" src=\"https:\/\/vsmc.lt\/wp-content\/uploads\/2025\/01\/15\/sausio-13-4-1-640x322.jpg\" alt=\"\" width=\"648\" height=\"326\" srcset=\"https:\/\/vsmc.lt\/wp-content\/uploads\/2025\/01\/15\/sausio-13-4-1-640x322.jpg 640w, https:\/\/vsmc.lt\/wp-content\/uploads\/2025\/01\/15\/sausio-13-4-1-1280x644.jpg 1280w, https:\/\/vsmc.lt\/wp-content\/uploads\/2025\/01\/15\/sausio-13-4-1-768x387.jpg 768w, https:\/\/vsmc.lt\/wp-content\/uploads\/2025\/01\/15\/sausio-13-4-1-1536x773.jpg 1536w, https:\/\/vsmc.lt\/wp-content\/uploads\/2025\/01\/15\/sausio-13-4-1.jpg 2040w\" sizes=\"auto, (max-width: 648px) 100vw, 648px\" \/><img loading=\"lazy\" decoding=\"async\" class=\"alignnone wp-image-11463\" src=\"https:\/\/vsmc.lt\/wp-content\/uploads\/2025\/01\/15\/sausio-13-1-640x299.jpg\" alt=\"\" width=\"700\" height=\"327\" srcset=\"https:\/\/vsmc.lt\/wp-content\/uploads\/2025\/01\/15\/sausio-13-1-640x299.jpg 640w, https:\/\/vsmc.lt\/wp-content\/uploads\/2025\/01\/15\/sausio-13-1-1280x598.jpg 1280w, https:\/\/vsmc.lt\/wp-content\/uploads\/2025\/01\/15\/sausio-13-1-768x359.jpg 768w, https:\/\/vsmc.lt\/wp-content\/uploads\/2025\/01\/15\/sausio-13-1-1536x717.jpg 1536w, https:\/\/vsmc.lt\/wp-content\/uploads\/2025\/01\/15\/sausio-13-1.jpg 1801w\" sizes=\"auto, (max-width: 700px) 100vw, 700px\" \/><\/p>\n<p style=\"text-align: right;\">Pareng\u0117 lietuvi\u0173 kalbos ir literat\u016bros mokytoja metodinink\u0117 Vilma Kruopien\u0117<\/p>\n","protected":false},"excerpt":{"rendered":"<p>M\u016bs\u0173 gimnazija sausio 13 dien\u0105 min\u0117jo Laisv\u0117s gyn\u0117j\u0173 dien\u0105. Prie\u0161 34 metus \u2013 1991 m. i\u0161 sausio 12 d. \u012f sausio 13 d. \u2013 soviet\u0173 kariuomenei ir specialiesiems daliniams u\u017eimant Lietuvos radijo ir televizijos pastat\u0105, Televizijos bok\u0161t\u0105, \u017euvo 14 laisv\u0117s gyn\u0117j\u0173, dar beveik t\u016bkstantis \u017emoni\u0173 buvo su\u017eeista ar kitaip nukent\u0117jo. Dienini\u0173 I A, II A, [&hellip;]<\/p>\n","protected":false},"author":5,"featured_media":0,"comment_status":"closed","ping_status":"closed","sticky":false,"template":"","format":"standard","meta":{"footnotes":""},"categories":[1],"tags":[],"class_list":["post-11462","post","type-post","status-publish","format-standard","hentry","category-naujienos"],"yoast_head":"<!-- This site is optimized with the Yoast SEO plugin v27.5 - https:\/\/yoast.com\/product\/yoast-seo-wordpress\/ -->\n<title>2025-01-13 Min\u0117jome Laisv\u0117s gyn\u0117j\u0173 dien\u0105 Vilniaus suaugusi\u0173j\u0173 mokymo centras  - Vilniaus suaugusi\u0173j\u0173 mokymo centras<\/title>\n<meta name=\"description\" content=\"2025-01-13 Min\u0117jome Laisv\u0117s gyn\u0117j\u0173 dien\u0105 Vilniaus suaugusi\u0173j\u0173 mokymo centras\" \/>\n<meta name=\"robots\" content=\"index, follow, max-snippet:-1, max-image-preview:large, max-video-preview:-1\" \/>\n<link rel=\"canonical\" href=\"https:\/\/vsmc.lt\/?p=11462\" \/>\n<meta property=\"og:locale\" content=\"lt_LT\" \/>\n<meta property=\"og:type\" content=\"article\" \/>\n<meta property=\"og:title\" content=\"2025-01-13 Min\u0117jome Laisv\u0117s gyn\u0117j\u0173 dien\u0105 Vilniaus suaugusi\u0173j\u0173 mokymo centras  - Vilniaus suaugusi\u0173j\u0173 mokymo centras\" \/>\n<meta property=\"og:description\" content=\"2025-01-13 Min\u0117jome Laisv\u0117s gyn\u0117j\u0173 dien\u0105 Vilniaus suaugusi\u0173j\u0173 mokymo centras\" \/>\n<meta property=\"og:url\" content=\"https:\/\/vsmc.lt\/?p=11462\" \/>\n<meta property=\"og:site_name\" content=\"Vilniaus suaugusi\u0173j\u0173 mokymo centras\" \/>\n<meta property=\"article:publisher\" content=\"https:\/\/www.facebook.com\/p\/Vilniaus-suaugusij-mokymo-centras-VSMC-gimnazija-100034428106674\/\" \/>\n<meta property=\"article:published_time\" content=\"2025-01-15T09:36:11+00:00\" \/>\n<meta property=\"article:modified_time\" content=\"2025-01-16T18:10:06+00:00\" \/>\n<meta property=\"og:image\" content=\"https:\/\/vsmc.lt\/wp-content\/uploads\/2025\/01\/15\/sausio-13-10-465x360.jpg\" \/>\n<meta name=\"author\" content=\"Birut\u0117 Kubilinskien\u0117\" \/>\n<meta name=\"twitter:card\" content=\"summary_large_image\" \/>\n<meta name=\"twitter:label1\" content=\"Written by\" \/>\n\t<meta name=\"twitter:data1\" content=\"Birut\u0117 Kubilinskien\u0117\" \/>\n\t<meta name=\"twitter:label2\" content=\"Est. reading time\" \/>\n\t<meta name=\"twitter:data2\" content=\"2 minut\u0117s\" \/>\n<script type=\"application\/ld+json\" class=\"yoast-schema-graph\">{\"@context\":\"https:\\\/\\\/schema.org\",\"@graph\":[{\"@type\":\"Article\",\"@id\":\"https:\\\/\\\/vsmc.lt\\\/?p=11462#article\",\"isPartOf\":{\"@id\":\"https:\\\/\\\/vsmc.lt\\\/?p=11462\"},\"author\":{\"name\":\"Birut\u0117 Kubilinskien\u0117\",\"@id\":\"https:\\\/\\\/vsmc.lt\\\/#\\\/schema\\\/person\\\/7b79c1eab13a88fc1ed4dc6626a57f98\"},\"headline\":\"2025-01-13 Min\u0117jome Laisv\u0117s gyn\u0117j\u0173 dien\u0105\",\"datePublished\":\"2025-01-15T09:36:11+00:00\",\"dateModified\":\"2025-01-16T18:10:06+00:00\",\"mainEntityOfPage\":{\"@id\":\"https:\\\/\\\/vsmc.lt\\\/?p=11462\"},\"wordCount\":481,\"publisher\":{\"@id\":\"https:\\\/\\\/vsmc.lt\\\/#organization\"},\"image\":{\"@id\":\"https:\\\/\\\/vsmc.lt\\\/?p=11462#primaryimage\"},\"thumbnailUrl\":\"https:\\\/\\\/vsmc.lt\\\/wp-content\\\/uploads\\\/2025\\\/01\\\/15\\\/sausio-13-10-465x360.jpg\",\"articleSection\":[\"Naujienos\"],\"inLanguage\":\"lt-LT\"},{\"@type\":\"WebPage\",\"@id\":\"https:\\\/\\\/vsmc.lt\\\/?p=11462\",\"url\":\"https:\\\/\\\/vsmc.lt\\\/?p=11462\",\"name\":\"2025-01-13 Min\u0117jome Laisv\u0117s gyn\u0117j\u0173 dien\u0105 Vilniaus suaugusi\u0173j\u0173 mokymo centras - Vilniaus suaugusi\u0173j\u0173 mokymo centras\",\"isPartOf\":{\"@id\":\"https:\\\/\\\/vsmc.lt\\\/#website\"},\"primaryImageOfPage\":{\"@id\":\"https:\\\/\\\/vsmc.lt\\\/?p=11462#primaryimage\"},\"image\":{\"@id\":\"https:\\\/\\\/vsmc.lt\\\/?p=11462#primaryimage\"},\"thumbnailUrl\":\"https:\\\/\\\/vsmc.lt\\\/wp-content\\\/uploads\\\/2025\\\/01\\\/15\\\/sausio-13-10-465x360.jpg\",\"datePublished\":\"2025-01-15T09:36:11+00:00\",\"dateModified\":\"2025-01-16T18:10:06+00:00\",\"description\":\"2025-01-13 Min\u0117jome Laisv\u0117s gyn\u0117j\u0173 dien\u0105 Vilniaus suaugusi\u0173j\u0173 mokymo centras\",\"breadcrumb\":{\"@id\":\"https:\\\/\\\/vsmc.lt\\\/?p=11462#breadcrumb\"},\"inLanguage\":\"lt-LT\",\"potentialAction\":[{\"@type\":\"ReadAction\",\"target\":[\"https:\\\/\\\/vsmc.lt\\\/?p=11462\"]}]},{\"@type\":\"ImageObject\",\"inLanguage\":\"lt-LT\",\"@id\":\"https:\\\/\\\/vsmc.lt\\\/?p=11462#primaryimage\",\"url\":\"https:\\\/\\\/vsmc.lt\\\/wp-content\\\/uploads\\\/2025\\\/01\\\/15\\\/sausio-13-10.jpg\",\"contentUrl\":\"https:\\\/\\\/vsmc.lt\\\/wp-content\\\/uploads\\\/2025\\\/01\\\/15\\\/sausio-13-10.jpg\",\"width\":1656,\"height\":1283},{\"@type\":\"BreadcrumbList\",\"@id\":\"https:\\\/\\\/vsmc.lt\\\/?p=11462#breadcrumb\",\"itemListElement\":[{\"@type\":\"ListItem\",\"position\":1,\"name\":\"Home\",\"item\":\"https:\\\/\\\/vsmc.lt\\\/\"},{\"@type\":\"ListItem\",\"position\":2,\"name\":\"2025-01-13 Min\u0117jome Laisv\u0117s gyn\u0117j\u0173 dien\u0105\"}]},{\"@type\":\"WebSite\",\"@id\":\"https:\\\/\\\/vsmc.lt\\\/#website\",\"url\":\"https:\\\/\\\/vsmc.lt\\\/\",\"name\":\"Vilniaus suaugusi\u0173j\u0173 mokymo centras\",\"description\":\"VSMC\",\"publisher\":{\"@id\":\"https:\\\/\\\/vsmc.lt\\\/#organization\"},\"alternateName\":\"VSMC\",\"potentialAction\":[{\"@type\":\"SearchAction\",\"target\":{\"@type\":\"EntryPoint\",\"urlTemplate\":\"https:\\\/\\\/vsmc.lt\\\/?s={search_term_string}\"},\"query-input\":{\"@type\":\"PropertyValueSpecification\",\"valueRequired\":true,\"valueName\":\"search_term_string\"}}],\"inLanguage\":\"lt-LT\"},{\"@type\":\"Organization\",\"@id\":\"https:\\\/\\\/vsmc.lt\\\/#organization\",\"name\":\"Vilniaus suaugusi\u0173j\u0173 mokymo centras\",\"alternateName\":\"VSMC\",\"url\":\"https:\\\/\\\/vsmc.lt\\\/\",\"logo\":{\"@type\":\"ImageObject\",\"inLanguage\":\"lt-LT\",\"@id\":\"https:\\\/\\\/vsmc.lt\\\/#\\\/schema\\\/logo\\\/image\\\/\",\"url\":\"https:\\\/\\\/vsmc.lt\\\/wp-content\\\/uploads\\\/2016\\\/11\\\/15\\\/logo.png\",\"contentUrl\":\"https:\\\/\\\/vsmc.lt\\\/wp-content\\\/uploads\\\/2016\\\/11\\\/15\\\/logo.png\",\"width\":96,\"height\":121,\"caption\":\"Vilniaus suaugusi\u0173j\u0173 mokymo centras\"},\"image\":{\"@id\":\"https:\\\/\\\/vsmc.lt\\\/#\\\/schema\\\/logo\\\/image\\\/\"},\"sameAs\":[\"https:\\\/\\\/www.facebook.com\\\/p\\\/Vilniaus-suaugusij-mokymo-centras-VSMC-gimnazija-100034428106674\\\/\"]},{\"@type\":\"Person\",\"@id\":\"https:\\\/\\\/vsmc.lt\\\/#\\\/schema\\\/person\\\/7b79c1eab13a88fc1ed4dc6626a57f98\",\"name\":\"Birut\u0117 Kubilinskien\u0117\",\"image\":{\"@type\":\"ImageObject\",\"inLanguage\":\"lt-LT\",\"@id\":\"https:\\\/\\\/secure.gravatar.com\\\/avatar\\\/de3432602f9f0edd7dc9006aceaad7e2a3227ca56f4f6d9e4b2e2ee05a11e793?s=96&d=mm&r=g\",\"url\":\"https:\\\/\\\/secure.gravatar.com\\\/avatar\\\/de3432602f9f0edd7dc9006aceaad7e2a3227ca56f4f6d9e4b2e2ee05a11e793?s=96&d=mm&r=g\",\"contentUrl\":\"https:\\\/\\\/secure.gravatar.com\\\/avatar\\\/de3432602f9f0edd7dc9006aceaad7e2a3227ca56f4f6d9e4b2e2ee05a11e793?s=96&d=mm&r=g\",\"caption\":\"Birut\u0117 Kubilinskien\u0117\"},\"url\":\"https:\\\/\\\/vsmc.lt\\\/?author=5\"}]}<\/script>\n<!-- \/ Yoast SEO plugin. -->","yoast_head_json":{"title":"2025-01-13 Min\u0117jome Laisv\u0117s gyn\u0117j\u0173 dien\u0105 Vilniaus suaugusi\u0173j\u0173 mokymo centras  - Vilniaus suaugusi\u0173j\u0173 mokymo centras","description":"2025-01-13 Min\u0117jome Laisv\u0117s gyn\u0117j\u0173 dien\u0105 Vilniaus suaugusi\u0173j\u0173 mokymo centras","robots":{"index":"index","follow":"follow","max-snippet":"max-snippet:-1","max-image-preview":"max-image-preview:large","max-video-preview":"max-video-preview:-1"},"canonical":"https:\/\/vsmc.lt\/?p=11462","og_locale":"lt_LT","og_type":"article","og_title":"2025-01-13 Min\u0117jome Laisv\u0117s gyn\u0117j\u0173 dien\u0105 Vilniaus suaugusi\u0173j\u0173 mokymo centras  - Vilniaus suaugusi\u0173j\u0173 mokymo centras","og_description":"2025-01-13 Min\u0117jome Laisv\u0117s gyn\u0117j\u0173 dien\u0105 Vilniaus suaugusi\u0173j\u0173 mokymo centras","og_url":"https:\/\/vsmc.lt\/?p=11462","og_site_name":"Vilniaus suaugusi\u0173j\u0173 mokymo centras","article_publisher":"https:\/\/www.facebook.com\/p\/Vilniaus-suaugusij-mokymo-centras-VSMC-gimnazija-100034428106674\/","article_published_time":"2025-01-15T09:36:11+00:00","article_modified_time":"2025-01-16T18:10:06+00:00","og_image":[{"url":"https:\/\/vsmc.lt\/wp-content\/uploads\/2025\/01\/15\/sausio-13-10-465x360.jpg","type":"","width":"","height":""}],"author":"Birut\u0117 Kubilinskien\u0117","twitter_card":"summary_large_image","twitter_misc":{"Written by":"Birut\u0117 Kubilinskien\u0117","Est. reading time":"2 minut\u0117s"},"schema":{"@context":"https:\/\/schema.org","@graph":[{"@type":"Article","@id":"https:\/\/vsmc.lt\/?p=11462#article","isPartOf":{"@id":"https:\/\/vsmc.lt\/?p=11462"},"author":{"name":"Birut\u0117 Kubilinskien\u0117","@id":"https:\/\/vsmc.lt\/#\/schema\/person\/7b79c1eab13a88fc1ed4dc6626a57f98"},"headline":"2025-01-13 Min\u0117jome Laisv\u0117s gyn\u0117j\u0173 dien\u0105","datePublished":"2025-01-15T09:36:11+00:00","dateModified":"2025-01-16T18:10:06+00:00","mainEntityOfPage":{"@id":"https:\/\/vsmc.lt\/?p=11462"},"wordCount":481,"publisher":{"@id":"https:\/\/vsmc.lt\/#organization"},"image":{"@id":"https:\/\/vsmc.lt\/?p=11462#primaryimage"},"thumbnailUrl":"https:\/\/vsmc.lt\/wp-content\/uploads\/2025\/01\/15\/sausio-13-10-465x360.jpg","articleSection":["Naujienos"],"inLanguage":"lt-LT"},{"@type":"WebPage","@id":"https:\/\/vsmc.lt\/?p=11462","url":"https:\/\/vsmc.lt\/?p=11462","name":"2025-01-13 Min\u0117jome Laisv\u0117s gyn\u0117j\u0173 dien\u0105 Vilniaus suaugusi\u0173j\u0173 mokymo centras - Vilniaus suaugusi\u0173j\u0173 mokymo centras","isPartOf":{"@id":"https:\/\/vsmc.lt\/#website"},"primaryImageOfPage":{"@id":"https:\/\/vsmc.lt\/?p=11462#primaryimage"},"image":{"@id":"https:\/\/vsmc.lt\/?p=11462#primaryimage"},"thumbnailUrl":"https:\/\/vsmc.lt\/wp-content\/uploads\/2025\/01\/15\/sausio-13-10-465x360.jpg","datePublished":"2025-01-15T09:36:11+00:00","dateModified":"2025-01-16T18:10:06+00:00","description":"2025-01-13 Min\u0117jome Laisv\u0117s gyn\u0117j\u0173 dien\u0105 Vilniaus suaugusi\u0173j\u0173 mokymo centras","breadcrumb":{"@id":"https:\/\/vsmc.lt\/?p=11462#breadcrumb"},"inLanguage":"lt-LT","potentialAction":[{"@type":"ReadAction","target":["https:\/\/vsmc.lt\/?p=11462"]}]},{"@type":"ImageObject","inLanguage":"lt-LT","@id":"https:\/\/vsmc.lt\/?p=11462#primaryimage","url":"https:\/\/vsmc.lt\/wp-content\/uploads\/2025\/01\/15\/sausio-13-10.jpg","contentUrl":"https:\/\/vsmc.lt\/wp-content\/uploads\/2025\/01\/15\/sausio-13-10.jpg","width":1656,"height":1283},{"@type":"BreadcrumbList","@id":"https:\/\/vsmc.lt\/?p=11462#breadcrumb","itemListElement":[{"@type":"ListItem","position":1,"name":"Home","item":"https:\/\/vsmc.lt\/"},{"@type":"ListItem","position":2,"name":"2025-01-13 Min\u0117jome Laisv\u0117s gyn\u0117j\u0173 dien\u0105"}]},{"@type":"WebSite","@id":"https:\/\/vsmc.lt\/#website","url":"https:\/\/vsmc.lt\/","name":"Vilniaus suaugusi\u0173j\u0173 mokymo centras","description":"VSMC","publisher":{"@id":"https:\/\/vsmc.lt\/#organization"},"alternateName":"VSMC","potentialAction":[{"@type":"SearchAction","target":{"@type":"EntryPoint","urlTemplate":"https:\/\/vsmc.lt\/?s={search_term_string}"},"query-input":{"@type":"PropertyValueSpecification","valueRequired":true,"valueName":"search_term_string"}}],"inLanguage":"lt-LT"},{"@type":"Organization","@id":"https:\/\/vsmc.lt\/#organization","name":"Vilniaus suaugusi\u0173j\u0173 mokymo centras","alternateName":"VSMC","url":"https:\/\/vsmc.lt\/","logo":{"@type":"ImageObject","inLanguage":"lt-LT","@id":"https:\/\/vsmc.lt\/#\/schema\/logo\/image\/","url":"https:\/\/vsmc.lt\/wp-content\/uploads\/2016\/11\/15\/logo.png","contentUrl":"https:\/\/vsmc.lt\/wp-content\/uploads\/2016\/11\/15\/logo.png","width":96,"height":121,"caption":"Vilniaus suaugusi\u0173j\u0173 mokymo centras"},"image":{"@id":"https:\/\/vsmc.lt\/#\/schema\/logo\/image\/"},"sameAs":["https:\/\/www.facebook.com\/p\/Vilniaus-suaugusij-mokymo-centras-VSMC-gimnazija-100034428106674\/"]},{"@type":"Person","@id":"https:\/\/vsmc.lt\/#\/schema\/person\/7b79c1eab13a88fc1ed4dc6626a57f98","name":"Birut\u0117 Kubilinskien\u0117","image":{"@type":"ImageObject","inLanguage":"lt-LT","@id":"https:\/\/secure.gravatar.com\/avatar\/de3432602f9f0edd7dc9006aceaad7e2a3227ca56f4f6d9e4b2e2ee05a11e793?s=96&d=mm&r=g","url":"https:\/\/secure.gravatar.com\/avatar\/de3432602f9f0edd7dc9006aceaad7e2a3227ca56f4f6d9e4b2e2ee05a11e793?s=96&d=mm&r=g","contentUrl":"https:\/\/secure.gravatar.com\/avatar\/de3432602f9f0edd7dc9006aceaad7e2a3227ca56f4f6d9e4b2e2ee05a11e793?s=96&d=mm&r=g","caption":"Birut\u0117 Kubilinskien\u0117"},"url":"https:\/\/vsmc.lt\/?author=5"}]}},"_links":{"self":[{"href":"https:\/\/vsmc.lt\/index.php?rest_route=\/wp\/v2\/posts\/11462","targetHints":{"allow":["GET"]}}],"collection":[{"href":"https:\/\/vsmc.lt\/index.php?rest_route=\/wp\/v2\/posts"}],"about":[{"href":"https:\/\/vsmc.lt\/index.php?rest_route=\/wp\/v2\/types\/post"}],"author":[{"embeddable":true,"href":"https:\/\/vsmc.lt\/index.php?rest_route=\/wp\/v2\/users\/5"}],"replies":[{"embeddable":true,"href":"https:\/\/vsmc.lt\/index.php?rest_route=%2Fwp%2Fv2%2Fcomments&post=11462"}],"version-history":[{"count":5,"href":"https:\/\/vsmc.lt\/index.php?rest_route=\/wp\/v2\/posts\/11462\/revisions"}],"predecessor-version":[{"id":11471,"href":"https:\/\/vsmc.lt\/index.php?rest_route=\/wp\/v2\/posts\/11462\/revisions\/11471"}],"wp:attachment":[{"href":"https:\/\/vsmc.lt\/index.php?rest_route=%2Fwp%2Fv2%2Fmedia&parent=11462"}],"wp:term":[{"taxonomy":"category","embeddable":true,"href":"https:\/\/vsmc.lt\/index.php?rest_route=%2Fwp%2Fv2%2Fcategories&post=11462"},{"taxonomy":"post_tag","embeddable":true,"href":"https:\/\/vsmc.lt\/index.php?rest_route=%2Fwp%2Fv2%2Ftags&post=11462"}],"curies":[{"name":"wp","href":"https:\/\/api.w.org\/{rel}","templated":true}]}}