{"id":11510,"date":"2025-02-17T15:13:10","date_gmt":"2025-02-17T12:13:10","guid":{"rendered":"https:\/\/vsmc.lt\/?p=11510"},"modified":"2025-02-17T20:09:31","modified_gmt":"2025-02-17T17:09:31","slug":"2025-02-11-vilniaus-miesto-suaugusiuju-mokymo-istaigu-renginys-ar-kalba-zmogaus-vizitine-kortele-skirtas-lietuviu-kalbos-dienoms-pamineti","status":"publish","type":"post","link":"https:\/\/vsmc.lt\/?p=11510","title":{"rendered":"2025-02-11 Vilniaus miesto suaugusi\u0173j\u0173 mokymo \u012fstaig\u0173 renginys \u201eAr kalba \u2013 \u017emogaus vizitin\u0117 kortel\u0117?\u201c, skirtas Lietuvi\u0173 kalbos dienoms pamin\u0117ti"},"content":{"rendered":"<p>M\u016bs\u0173 gimnazijoje vasario 11 d. vyko Vilniaus miesto suaugusi\u0173j\u0173 mokymo \u012fstaig\u0173 renginys \u201eAr kalba \u2013 \u017emogaus vizitin\u0117 kortel\u0117?\u201c, skirtas Lietuvi\u0173 kalbos dienoms pamin\u0117ti. Renginyje dalyvavo III-IV gimn. klasi\u0173 mokiniai ir mokytojai i\u0161 Vilniaus suaugusi\u0173j\u0173 mokymo centro, ,,Varpo\u201c ir\u00a0 ,,\u017didinio\u201c suaugusi\u0173j\u0173 gimnazij\u0173.<\/p>\n<p>VSMC direktor\u0117 N. Kimso \u0161iltai pasveikino \u012f m\u016bs\u0173 gimnazijos rengin\u012f atvykusius kviestinius sve\u010dius, gimnazij\u0173 vadovus, mokytojus ir mokinius. Valstybin\u0117s lietuvi\u0173 kalbos komisijos pirminink\u0117 dr. V.Meili\u016bnait\u0117 link\u0117jo kurti kartu m\u016bs\u0173 kalb\u0105, turtinti jos \u017eodyn\u0105, papasakojo apie VLKK veikl\u0105 ir Lietuvi\u0173 kalbos dien\u0173 prasm\u0119. \u0160MSM pagrindinio ir vidurinio ugdymo skyriaus vyriausioji specialist\u0117 E. Bagdanavi\u010dien\u0117 pasid\u017eiaug\u0117, kad lituanistinis \u0161vietimas tampa ne tik mokytoj\u0173 priederm\u0117, bet ir visa visuomen\u0117 \u012fsitraukia \u012f kalbos puosel\u0117jim\u0105. Valstybin\u0117s kalbos inspekcijos vyriausioji inspektor\u0117 R. Kani\u0161auskait\u0117 sveikindama akcentavo, kad puosel\u0117dami gimt\u0105j\u0105 kalb\u0105, nepamir\u0161tume mokytis kit\u0173 kalb\u0173, kurios praple\u010dia \u017emogaus kult\u016brin\u012f akirat\u012f.<\/p>\n<p>Vilniaus \u201eVarpo\u201c suaugusi\u0173j\u0173 gimnazijos III kl. mokin\u0117 V. Jolop skait\u0117 prane\u0161im\u0105 \u201eKalba \u2013 vizitin\u0117 \u017emogaus kortel\u0117\u201c (konsultavo mokytoja V. Auglyt\u0117). Vilniaus \u201e\u017didinio\u201c suaugusi\u0173j\u0173 gimnazijos mokiniai atliko poetin\u0119 kompozicij\u0105 \u201eJis \u017eod\u017eiais k\u016br\u0117 simfonijas ir \u017eod\u017eiais tap\u0117\u201c, skirt\u0105 M. K. \u010ciurlioniui. (III gimn. kl. mokiniai: A. Kniurait\u0117, D. Muleronkait\u0117, S. Steponavi\u010di\u016bt\u0117, M. Gabrilavi\u010di\u016bt\u0117, IV gimn. kl. mokin\u0117 U. Urbaityt\u0117. Konsultavo mokytoja J. Vainorien\u0117)<\/p>\n<p>Vilniaus suaugusi\u0173j\u0173 mokymo centro IV gimn. kl. mokinys G. Sal\u010denko pristat\u0117 trumpalaik\u012f projekt\u0105 ,,Jei a\u0161 b\u016b\u010diau istorin\u0117 asmenyb\u0117, kokia b\u016bt\u0173 mano vizitin\u0117 kortel\u0117?\u201c Mokytoja V. Kruopien\u0117 pristat\u0117 III IH kl. mokini\u0173 apklausos rezultatus ,,Kokias paslaptis i\u0161duoda kalba?\u201c. VSMC komanda sve\u010diams pareng\u0117 viktorin\u0105 ,,Kieno \u0161i vizitin\u0117 kortel\u0117?\u201c Renginio dalyviai tur\u0117jo atsp\u0117ti \u017eymi\u0173 \u017emoni\u0173 pavardes i\u0161 III gimn klas\u0117s mokini\u0173 parengt\u0173 vizitini\u0173 korteli\u0173.<\/p>\n<p>Rengin\u012f apibendrino ir organizavim\u0105 2026 m. per\u0117m\u0117 Vilniaus \u201eVarpo\u201c suaugusi\u0173j\u0173 gimnazijos direktor\u0117 J. \u010ceponait\u0117. Direktor\u0117 palink\u0117jo, jog \u017eod\u017eiai re\u010diau \u017eeist\u0173, o da\u017eniau d\u017eiugint\u0173, kad lietuvi\u0173 kalbos mokymasis skatint\u0173 tobul\u0117ti ir pad\u0117t\u0173 atrasti nauj\u0173 dalyk\u0173.<\/p>\n<p>Mums, lietuvi\u0173 kalbos ir literat\u016bros mokytojas, svarbu, kad mokiniai suvokt\u0173 kalb\u0105 ne tik kaip sud\u0117ting\u0105 \u00a0mokymosi objekt\u0105, bet kaip gyv\u0105, kasdien juos lydint\u012f, socialin\u012f ir kult\u016brin\u012f rei\u0161kin\u012f.<\/p>\n<p>D\u017eiugu, kad jau penkerius metus Vilniaus miesto suaugusi\u0173j\u0173 gimnazij\u0173 lituanistai dalijasi ger\u0105ja patirtimi ir skatina \u012fsitraukti \u012f Lietuvi\u0173 kalbos dien\u0173 veiklas bendruomen\u0119: mokytojus, mokinius, \u012f Lietuv\u0105 atvykusius gyventi ir dirbti u\u017esienie\u010dius.<\/p>\n<p><img loading=\"lazy\" decoding=\"async\" class=\"alignnone size-medium wp-image-11521\" src=\"https:\/\/vsmc.lt\/wp-content\/uploads\/2025\/02\/17\/vilm-vlkk-445x360.jpg\" alt=\"\" width=\"445\" height=\"360\" srcset=\"https:\/\/vsmc.lt\/wp-content\/uploads\/2025\/02\/17\/vilm-vlkk-445x360.jpg 445w, https:\/\/vsmc.lt\/wp-content\/uploads\/2025\/02\/17\/vilm-vlkk-890x720.jpg 890w, https:\/\/vsmc.lt\/wp-content\/uploads\/2025\/02\/17\/vilm-vlkk-768x621.jpg 768w, https:\/\/vsmc.lt\/wp-content\/uploads\/2025\/02\/17\/vilm-vlkk.jpg 1536w\" sizes=\"auto, (max-width: 445px) 100vw, 445px\" \/><\/p>\n<p><img loading=\"lazy\" decoding=\"async\" class=\"alignnone size-medium wp-image-11527\" src=\"https:\/\/vsmc.lt\/wp-content\/uploads\/2025\/02\/17\/pradzia-vsmc-2-640x276.jpg\" alt=\"\" width=\"640\" height=\"276\" srcset=\"https:\/\/vsmc.lt\/wp-content\/uploads\/2025\/02\/17\/pradzia-vsmc-2-640x276.jpg 640w, https:\/\/vsmc.lt\/wp-content\/uploads\/2025\/02\/17\/pradzia-vsmc-2-1280x553.jpg 1280w, https:\/\/vsmc.lt\/wp-content\/uploads\/2025\/02\/17\/pradzia-vsmc-2-768x332.jpg 768w, https:\/\/vsmc.lt\/wp-content\/uploads\/2025\/02\/17\/pradzia-vsmc-2-1536x663.jpg 1536w, https:\/\/vsmc.lt\/wp-content\/uploads\/2025\/02\/17\/pradzia-vsmc-2.jpg 2048w\" sizes=\"auto, (max-width: 640px) 100vw, 640px\" \/><\/p>\n<p><img loading=\"lazy\" decoding=\"async\" class=\"alignnone size-medium wp-image-11523\" src=\"https:\/\/vsmc.lt\/wp-content\/uploads\/2025\/02\/17\/zidinio-1-640x264.jpg\" alt=\"\" width=\"640\" height=\"264\" srcset=\"https:\/\/vsmc.lt\/wp-content\/uploads\/2025\/02\/17\/zidinio-1-640x264.jpg 640w, https:\/\/vsmc.lt\/wp-content\/uploads\/2025\/02\/17\/zidinio-1-1280x529.jpg 1280w, https:\/\/vsmc.lt\/wp-content\/uploads\/2025\/02\/17\/zidinio-1-768x317.jpg 768w, https:\/\/vsmc.lt\/wp-content\/uploads\/2025\/02\/17\/zidinio-1-1536x635.jpg 1536w, https:\/\/vsmc.lt\/wp-content\/uploads\/2025\/02\/17\/zidinio-1.jpg 2040w\" sizes=\"auto, (max-width: 640px) 100vw, 640px\" \/><\/p>\n<p><img loading=\"lazy\" decoding=\"async\" class=\"alignnone size-medium wp-image-11519\" src=\"https:\/\/vsmc.lt\/wp-content\/uploads\/2025\/02\/17\/varpo-406x360.jpg\" alt=\"\" width=\"406\" height=\"360\" srcset=\"https:\/\/vsmc.lt\/wp-content\/uploads\/2025\/02\/17\/varpo-406x360.jpg 406w, https:\/\/vsmc.lt\/wp-content\/uploads\/2025\/02\/17\/varpo-811x720.jpg 811w, https:\/\/vsmc.lt\/wp-content\/uploads\/2025\/02\/17\/varpo-768x682.jpg 768w, https:\/\/vsmc.lt\/wp-content\/uploads\/2025\/02\/17\/varpo-1536x1364.jpg 1536w, https:\/\/vsmc.lt\/wp-content\/uploads\/2025\/02\/17\/varpo.jpg 1648w\" sizes=\"auto, (max-width: 406px) 100vw, 406px\" \/><\/p>\n<p><img loading=\"lazy\" decoding=\"async\" class=\"alignnone size-medium wp-image-11522\" src=\"https:\/\/vsmc.lt\/wp-content\/uploads\/2025\/02\/17\/vlkk-355x360.jpg\" alt=\"\" width=\"355\" height=\"360\" srcset=\"https:\/\/vsmc.lt\/wp-content\/uploads\/2025\/02\/17\/vlkk-355x360.jpg 355w, https:\/\/vsmc.lt\/wp-content\/uploads\/2025\/02\/17\/vlkk-711x720.jpg 711w, https:\/\/vsmc.lt\/wp-content\/uploads\/2025\/02\/17\/vlkk-768x778.jpg 768w, https:\/\/vsmc.lt\/wp-content\/uploads\/2025\/02\/17\/vlkk.jpg 1074w\" sizes=\"auto, (max-width: 355px) 100vw, 355px\" \/><\/p>\n<p><img loading=\"lazy\" decoding=\"async\" class=\"alignnone size-medium wp-image-11520\" src=\"https:\/\/vsmc.lt\/wp-content\/uploads\/2025\/02\/17\/minst-398x360.jpg\" alt=\"\" width=\"398\" height=\"360\" srcset=\"https:\/\/vsmc.lt\/wp-content\/uploads\/2025\/02\/17\/minst-398x360.jpg 398w, https:\/\/vsmc.lt\/wp-content\/uploads\/2025\/02\/17\/minst-797x720.jpg 797w, https:\/\/vsmc.lt\/wp-content\/uploads\/2025\/02\/17\/minst-768x694.jpg 768w, https:\/\/vsmc.lt\/wp-content\/uploads\/2025\/02\/17\/minst.jpg 1467w\" sizes=\"auto, (max-width: 398px) 100vw, 398px\" \/><\/p>\n<p><img loading=\"lazy\" decoding=\"async\" class=\"alignnone size-medium wp-image-11517\" src=\"https:\/\/vsmc.lt\/wp-content\/uploads\/2025\/02\/17\/lk-inspekt-323x360.jpg\" alt=\"\" width=\"323\" height=\"360\" srcset=\"https:\/\/vsmc.lt\/wp-content\/uploads\/2025\/02\/17\/lk-inspekt-323x360.jpg 323w, https:\/\/vsmc.lt\/wp-content\/uploads\/2025\/02\/17\/lk-inspekt-646x720.jpg 646w, https:\/\/vsmc.lt\/wp-content\/uploads\/2025\/02\/17\/lk-inspekt-768x856.jpg 768w, https:\/\/vsmc.lt\/wp-content\/uploads\/2025\/02\/17\/lk-inspekt.jpg 1090w\" sizes=\"auto, (max-width: 323px) 100vw, 323px\" \/><\/p>\n<p><img loading=\"lazy\" decoding=\"async\" class=\"alignnone size-medium wp-image-11516\" src=\"https:\/\/vsmc.lt\/wp-content\/uploads\/2025\/02\/17\/bendra-gera-521x360.jpg\" alt=\"\" width=\"521\" height=\"360\" srcset=\"https:\/\/vsmc.lt\/wp-content\/uploads\/2025\/02\/17\/bendra-gera-521x360.jpg 521w, https:\/\/vsmc.lt\/wp-content\/uploads\/2025\/02\/17\/bendra-gera-1041x720.jpg 1041w, https:\/\/vsmc.lt\/wp-content\/uploads\/2025\/02\/17\/bendra-gera-768x531.jpg 768w, https:\/\/vsmc.lt\/wp-content\/uploads\/2025\/02\/17\/bendra-gera.jpg 1102w\" sizes=\"auto, (max-width: 521px) 100vw, 521px\" \/><\/p>\n<p style=\"text-align: right;\">Pareng\u0117 lietuvi\u0173 kalbos ir literat\u016bros mokytoja metodinink\u0117 Vilma Kruopien\u0117<\/p>\n","protected":false},"excerpt":{"rendered":"<p>M\u016bs\u0173 gimnazijoje vasario 11 d. vyko Vilniaus miesto suaugusi\u0173j\u0173 mokymo \u012fstaig\u0173 renginys \u201eAr kalba \u2013 \u017emogaus vizitin\u0117 kortel\u0117?\u201c, skirtas Lietuvi\u0173 kalbos dienoms pamin\u0117ti. Renginyje dalyvavo III-IV gimn. klasi\u0173 mokiniai ir mokytojai i\u0161 Vilniaus suaugusi\u0173j\u0173 mokymo centro, ,,Varpo\u201c ir\u00a0 ,,\u017didinio\u201c suaugusi\u0173j\u0173 gimnazij\u0173. VSMC direktor\u0117 N. Kimso \u0161iltai pasveikino \u012f m\u016bs\u0173 gimnazijos rengin\u012f atvykusius kviestinius sve\u010dius, gimnazij\u0173 [&hellip;]<\/p>\n","protected":false},"author":5,"featured_media":0,"comment_status":"closed","ping_status":"closed","sticky":false,"template":"","format":"standard","meta":{"footnotes":""},"categories":[1],"tags":[],"class_list":["post-11510","post","type-post","status-publish","format-standard","hentry","category-naujienos"],"yoast_head":"<!-- This site is optimized with the Yoast SEO plugin v27.5 - https:\/\/yoast.com\/product\/yoast-seo-wordpress\/ -->\n<title>2025-02-11 Vilniaus miesto suaugusi\u0173j\u0173 mokymo \u012fstaig\u0173 renginys \u201eAr kalba \u2013 \u017emogaus vizitin\u0117 kortel\u0117?\u201c, skirtas Lietuvi\u0173 kalbos dienoms pamin\u0117ti Vilniaus suaugusi\u0173j\u0173 mokymo centras  - Vilniaus suaugusi\u0173j\u0173 mokymo centras<\/title>\n<meta name=\"description\" content=\"2025-02-11 Vilniaus miesto suaugusi\u0173j\u0173 mokymo \u012fstaig\u0173 renginys \u201eAr kalba \u2013 \u017emogaus vizitin\u0117 kortel\u0117?\u201c, skirtas Lietuvi\u0173 kalbos dienoms pamin\u0117ti Vilniaus suaugusi\u0173j\u0173 mokymo centras\" \/>\n<meta name=\"robots\" content=\"index, follow, max-snippet:-1, max-image-preview:large, max-video-preview:-1\" \/>\n<link rel=\"canonical\" href=\"https:\/\/vsmc.lt\/?p=11510\" \/>\n<meta property=\"og:locale\" content=\"lt_LT\" \/>\n<meta property=\"og:type\" content=\"article\" \/>\n<meta property=\"og:title\" content=\"2025-02-11 Vilniaus miesto suaugusi\u0173j\u0173 mokymo \u012fstaig\u0173 renginys \u201eAr kalba \u2013 \u017emogaus vizitin\u0117 kortel\u0117?\u201c, skirtas Lietuvi\u0173 kalbos dienoms pamin\u0117ti Vilniaus suaugusi\u0173j\u0173 mokymo centras  - Vilniaus suaugusi\u0173j\u0173 mokymo centras\" \/>\n<meta property=\"og:description\" content=\"2025-02-11 Vilniaus miesto suaugusi\u0173j\u0173 mokymo \u012fstaig\u0173 renginys \u201eAr kalba \u2013 \u017emogaus vizitin\u0117 kortel\u0117?\u201c, skirtas Lietuvi\u0173 kalbos dienoms pamin\u0117ti Vilniaus suaugusi\u0173j\u0173 mokymo centras\" \/>\n<meta property=\"og:url\" content=\"https:\/\/vsmc.lt\/?p=11510\" \/>\n<meta property=\"og:site_name\" content=\"Vilniaus suaugusi\u0173j\u0173 mokymo centras\" \/>\n<meta property=\"article:publisher\" content=\"https:\/\/www.facebook.com\/p\/Vilniaus-suaugusij-mokymo-centras-VSMC-gimnazija-100034428106674\/\" \/>\n<meta property=\"article:published_time\" content=\"2025-02-17T12:13:10+00:00\" \/>\n<meta property=\"article:modified_time\" content=\"2025-02-17T17:09:31+00:00\" \/>\n<meta property=\"og:image\" content=\"https:\/\/vsmc.lt\/wp-content\/uploads\/2025\/02\/17\/vilm-vlkk-445x360.jpg\" \/>\n<meta name=\"author\" content=\"Birut\u0117 Kubilinskien\u0117\" \/>\n<meta name=\"twitter:card\" content=\"summary_large_image\" \/>\n<meta name=\"twitter:label1\" content=\"Written by\" \/>\n\t<meta name=\"twitter:data1\" content=\"Birut\u0117 Kubilinskien\u0117\" \/>\n\t<meta name=\"twitter:label2\" content=\"Est. reading time\" \/>\n\t<meta name=\"twitter:data2\" content=\"2 minut\u0117s\" \/>\n<script type=\"application\/ld+json\" class=\"yoast-schema-graph\">{\"@context\":\"https:\\\/\\\/schema.org\",\"@graph\":[{\"@type\":\"Article\",\"@id\":\"https:\\\/\\\/vsmc.lt\\\/?p=11510#article\",\"isPartOf\":{\"@id\":\"https:\\\/\\\/vsmc.lt\\\/?p=11510\"},\"author\":{\"name\":\"Birut\u0117 Kubilinskien\u0117\",\"@id\":\"https:\\\/\\\/vsmc.lt\\\/#\\\/schema\\\/person\\\/7b79c1eab13a88fc1ed4dc6626a57f98\"},\"headline\":\"2025-02-11 Vilniaus miesto suaugusi\u0173j\u0173 mokymo \u012fstaig\u0173 renginys \u201eAr kalba \u2013 \u017emogaus vizitin\u0117 kortel\u0117?\u201c, skirtas Lietuvi\u0173 kalbos dienoms pamin\u0117ti\",\"datePublished\":\"2025-02-17T12:13:10+00:00\",\"dateModified\":\"2025-02-17T17:09:31+00:00\",\"mainEntityOfPage\":{\"@id\":\"https:\\\/\\\/vsmc.lt\\\/?p=11510\"},\"wordCount\":427,\"publisher\":{\"@id\":\"https:\\\/\\\/vsmc.lt\\\/#organization\"},\"image\":{\"@id\":\"https:\\\/\\\/vsmc.lt\\\/?p=11510#primaryimage\"},\"thumbnailUrl\":\"https:\\\/\\\/vsmc.lt\\\/wp-content\\\/uploads\\\/2025\\\/02\\\/17\\\/vilm-vlkk-445x360.jpg\",\"articleSection\":[\"Naujienos\"],\"inLanguage\":\"lt-LT\"},{\"@type\":\"WebPage\",\"@id\":\"https:\\\/\\\/vsmc.lt\\\/?p=11510\",\"url\":\"https:\\\/\\\/vsmc.lt\\\/?p=11510\",\"name\":\"2025-02-11 Vilniaus miesto suaugusi\u0173j\u0173 mokymo \u012fstaig\u0173 renginys \u201eAr kalba \u2013 \u017emogaus vizitin\u0117 kortel\u0117?\u201c, skirtas Lietuvi\u0173 kalbos dienoms pamin\u0117ti Vilniaus suaugusi\u0173j\u0173 mokymo centras - Vilniaus suaugusi\u0173j\u0173 mokymo centras\",\"isPartOf\":{\"@id\":\"https:\\\/\\\/vsmc.lt\\\/#website\"},\"primaryImageOfPage\":{\"@id\":\"https:\\\/\\\/vsmc.lt\\\/?p=11510#primaryimage\"},\"image\":{\"@id\":\"https:\\\/\\\/vsmc.lt\\\/?p=11510#primaryimage\"},\"thumbnailUrl\":\"https:\\\/\\\/vsmc.lt\\\/wp-content\\\/uploads\\\/2025\\\/02\\\/17\\\/vilm-vlkk-445x360.jpg\",\"datePublished\":\"2025-02-17T12:13:10+00:00\",\"dateModified\":\"2025-02-17T17:09:31+00:00\",\"description\":\"2025-02-11 Vilniaus miesto suaugusi\u0173j\u0173 mokymo \u012fstaig\u0173 renginys \u201eAr kalba \u2013 \u017emogaus vizitin\u0117 kortel\u0117?\u201c, skirtas Lietuvi\u0173 kalbos dienoms pamin\u0117ti Vilniaus suaugusi\u0173j\u0173 mokymo centras\",\"breadcrumb\":{\"@id\":\"https:\\\/\\\/vsmc.lt\\\/?p=11510#breadcrumb\"},\"inLanguage\":\"lt-LT\",\"potentialAction\":[{\"@type\":\"ReadAction\",\"target\":[\"https:\\\/\\\/vsmc.lt\\\/?p=11510\"]}]},{\"@type\":\"ImageObject\",\"inLanguage\":\"lt-LT\",\"@id\":\"https:\\\/\\\/vsmc.lt\\\/?p=11510#primaryimage\",\"url\":\"https:\\\/\\\/vsmc.lt\\\/wp-content\\\/uploads\\\/2025\\\/02\\\/17\\\/vilm-vlkk.jpg\",\"contentUrl\":\"https:\\\/\\\/vsmc.lt\\\/wp-content\\\/uploads\\\/2025\\\/02\\\/17\\\/vilm-vlkk.jpg\",\"width\":1536,\"height\":1242},{\"@type\":\"BreadcrumbList\",\"@id\":\"https:\\\/\\\/vsmc.lt\\\/?p=11510#breadcrumb\",\"itemListElement\":[{\"@type\":\"ListItem\",\"position\":1,\"name\":\"Home\",\"item\":\"https:\\\/\\\/vsmc.lt\\\/\"},{\"@type\":\"ListItem\",\"position\":2,\"name\":\"2025-02-11 Vilniaus miesto suaugusi\u0173j\u0173 mokymo \u012fstaig\u0173 renginys \u201eAr kalba \u2013 \u017emogaus vizitin\u0117 kortel\u0117?\u201c, skirtas Lietuvi\u0173 kalbos dienoms pamin\u0117ti\"}]},{\"@type\":\"WebSite\",\"@id\":\"https:\\\/\\\/vsmc.lt\\\/#website\",\"url\":\"https:\\\/\\\/vsmc.lt\\\/\",\"name\":\"Vilniaus suaugusi\u0173j\u0173 mokymo centras\",\"description\":\"VSMC\",\"publisher\":{\"@id\":\"https:\\\/\\\/vsmc.lt\\\/#organization\"},\"alternateName\":\"VSMC\",\"potentialAction\":[{\"@type\":\"SearchAction\",\"target\":{\"@type\":\"EntryPoint\",\"urlTemplate\":\"https:\\\/\\\/vsmc.lt\\\/?s={search_term_string}\"},\"query-input\":{\"@type\":\"PropertyValueSpecification\",\"valueRequired\":true,\"valueName\":\"search_term_string\"}}],\"inLanguage\":\"lt-LT\"},{\"@type\":\"Organization\",\"@id\":\"https:\\\/\\\/vsmc.lt\\\/#organization\",\"name\":\"Vilniaus suaugusi\u0173j\u0173 mokymo centras\",\"alternateName\":\"VSMC\",\"url\":\"https:\\\/\\\/vsmc.lt\\\/\",\"logo\":{\"@type\":\"ImageObject\",\"inLanguage\":\"lt-LT\",\"@id\":\"https:\\\/\\\/vsmc.lt\\\/#\\\/schema\\\/logo\\\/image\\\/\",\"url\":\"https:\\\/\\\/vsmc.lt\\\/wp-content\\\/uploads\\\/2016\\\/11\\\/15\\\/logo.png\",\"contentUrl\":\"https:\\\/\\\/vsmc.lt\\\/wp-content\\\/uploads\\\/2016\\\/11\\\/15\\\/logo.png\",\"width\":96,\"height\":121,\"caption\":\"Vilniaus suaugusi\u0173j\u0173 mokymo centras\"},\"image\":{\"@id\":\"https:\\\/\\\/vsmc.lt\\\/#\\\/schema\\\/logo\\\/image\\\/\"},\"sameAs\":[\"https:\\\/\\\/www.facebook.com\\\/p\\\/Vilniaus-suaugusij-mokymo-centras-VSMC-gimnazija-100034428106674\\\/\"]},{\"@type\":\"Person\",\"@id\":\"https:\\\/\\\/vsmc.lt\\\/#\\\/schema\\\/person\\\/7b79c1eab13a88fc1ed4dc6626a57f98\",\"name\":\"Birut\u0117 Kubilinskien\u0117\",\"image\":{\"@type\":\"ImageObject\",\"inLanguage\":\"lt-LT\",\"@id\":\"https:\\\/\\\/secure.gravatar.com\\\/avatar\\\/de3432602f9f0edd7dc9006aceaad7e2a3227ca56f4f6d9e4b2e2ee05a11e793?s=96&d=mm&r=g\",\"url\":\"https:\\\/\\\/secure.gravatar.com\\\/avatar\\\/de3432602f9f0edd7dc9006aceaad7e2a3227ca56f4f6d9e4b2e2ee05a11e793?s=96&d=mm&r=g\",\"contentUrl\":\"https:\\\/\\\/secure.gravatar.com\\\/avatar\\\/de3432602f9f0edd7dc9006aceaad7e2a3227ca56f4f6d9e4b2e2ee05a11e793?s=96&d=mm&r=g\",\"caption\":\"Birut\u0117 Kubilinskien\u0117\"},\"url\":\"https:\\\/\\\/vsmc.lt\\\/?author=5\"}]}<\/script>\n<!-- \/ Yoast SEO plugin. -->","yoast_head_json":{"title":"2025-02-11 Vilniaus miesto suaugusi\u0173j\u0173 mokymo \u012fstaig\u0173 renginys \u201eAr kalba \u2013 \u017emogaus vizitin\u0117 kortel\u0117?\u201c, skirtas Lietuvi\u0173 kalbos dienoms pamin\u0117ti Vilniaus suaugusi\u0173j\u0173 mokymo centras  - Vilniaus suaugusi\u0173j\u0173 mokymo centras","description":"2025-02-11 Vilniaus miesto suaugusi\u0173j\u0173 mokymo \u012fstaig\u0173 renginys \u201eAr kalba \u2013 \u017emogaus vizitin\u0117 kortel\u0117?\u201c, skirtas Lietuvi\u0173 kalbos dienoms pamin\u0117ti Vilniaus suaugusi\u0173j\u0173 mokymo centras","robots":{"index":"index","follow":"follow","max-snippet":"max-snippet:-1","max-image-preview":"max-image-preview:large","max-video-preview":"max-video-preview:-1"},"canonical":"https:\/\/vsmc.lt\/?p=11510","og_locale":"lt_LT","og_type":"article","og_title":"2025-02-11 Vilniaus miesto suaugusi\u0173j\u0173 mokymo \u012fstaig\u0173 renginys \u201eAr kalba \u2013 \u017emogaus vizitin\u0117 kortel\u0117?\u201c, skirtas Lietuvi\u0173 kalbos dienoms pamin\u0117ti Vilniaus suaugusi\u0173j\u0173 mokymo centras  - Vilniaus suaugusi\u0173j\u0173 mokymo centras","og_description":"2025-02-11 Vilniaus miesto suaugusi\u0173j\u0173 mokymo \u012fstaig\u0173 renginys \u201eAr kalba \u2013 \u017emogaus vizitin\u0117 kortel\u0117?\u201c, skirtas Lietuvi\u0173 kalbos dienoms pamin\u0117ti Vilniaus suaugusi\u0173j\u0173 mokymo centras","og_url":"https:\/\/vsmc.lt\/?p=11510","og_site_name":"Vilniaus suaugusi\u0173j\u0173 mokymo centras","article_publisher":"https:\/\/www.facebook.com\/p\/Vilniaus-suaugusij-mokymo-centras-VSMC-gimnazija-100034428106674\/","article_published_time":"2025-02-17T12:13:10+00:00","article_modified_time":"2025-02-17T17:09:31+00:00","og_image":[{"url":"https:\/\/vsmc.lt\/wp-content\/uploads\/2025\/02\/17\/vilm-vlkk-445x360.jpg","type":"","width":"","height":""}],"author":"Birut\u0117 Kubilinskien\u0117","twitter_card":"summary_large_image","twitter_misc":{"Written by":"Birut\u0117 Kubilinskien\u0117","Est. reading time":"2 minut\u0117s"},"schema":{"@context":"https:\/\/schema.org","@graph":[{"@type":"Article","@id":"https:\/\/vsmc.lt\/?p=11510#article","isPartOf":{"@id":"https:\/\/vsmc.lt\/?p=11510"},"author":{"name":"Birut\u0117 Kubilinskien\u0117","@id":"https:\/\/vsmc.lt\/#\/schema\/person\/7b79c1eab13a88fc1ed4dc6626a57f98"},"headline":"2025-02-11 Vilniaus miesto suaugusi\u0173j\u0173 mokymo \u012fstaig\u0173 renginys \u201eAr kalba \u2013 \u017emogaus vizitin\u0117 kortel\u0117?\u201c, skirtas Lietuvi\u0173 kalbos dienoms pamin\u0117ti","datePublished":"2025-02-17T12:13:10+00:00","dateModified":"2025-02-17T17:09:31+00:00","mainEntityOfPage":{"@id":"https:\/\/vsmc.lt\/?p=11510"},"wordCount":427,"publisher":{"@id":"https:\/\/vsmc.lt\/#organization"},"image":{"@id":"https:\/\/vsmc.lt\/?p=11510#primaryimage"},"thumbnailUrl":"https:\/\/vsmc.lt\/wp-content\/uploads\/2025\/02\/17\/vilm-vlkk-445x360.jpg","articleSection":["Naujienos"],"inLanguage":"lt-LT"},{"@type":"WebPage","@id":"https:\/\/vsmc.lt\/?p=11510","url":"https:\/\/vsmc.lt\/?p=11510","name":"2025-02-11 Vilniaus miesto suaugusi\u0173j\u0173 mokymo \u012fstaig\u0173 renginys \u201eAr kalba \u2013 \u017emogaus vizitin\u0117 kortel\u0117?\u201c, skirtas Lietuvi\u0173 kalbos dienoms pamin\u0117ti Vilniaus suaugusi\u0173j\u0173 mokymo centras - Vilniaus suaugusi\u0173j\u0173 mokymo centras","isPartOf":{"@id":"https:\/\/vsmc.lt\/#website"},"primaryImageOfPage":{"@id":"https:\/\/vsmc.lt\/?p=11510#primaryimage"},"image":{"@id":"https:\/\/vsmc.lt\/?p=11510#primaryimage"},"thumbnailUrl":"https:\/\/vsmc.lt\/wp-content\/uploads\/2025\/02\/17\/vilm-vlkk-445x360.jpg","datePublished":"2025-02-17T12:13:10+00:00","dateModified":"2025-02-17T17:09:31+00:00","description":"2025-02-11 Vilniaus miesto suaugusi\u0173j\u0173 mokymo \u012fstaig\u0173 renginys \u201eAr kalba \u2013 \u017emogaus vizitin\u0117 kortel\u0117?\u201c, skirtas Lietuvi\u0173 kalbos dienoms pamin\u0117ti Vilniaus suaugusi\u0173j\u0173 mokymo centras","breadcrumb":{"@id":"https:\/\/vsmc.lt\/?p=11510#breadcrumb"},"inLanguage":"lt-LT","potentialAction":[{"@type":"ReadAction","target":["https:\/\/vsmc.lt\/?p=11510"]}]},{"@type":"ImageObject","inLanguage":"lt-LT","@id":"https:\/\/vsmc.lt\/?p=11510#primaryimage","url":"https:\/\/vsmc.lt\/wp-content\/uploads\/2025\/02\/17\/vilm-vlkk.jpg","contentUrl":"https:\/\/vsmc.lt\/wp-content\/uploads\/2025\/02\/17\/vilm-vlkk.jpg","width":1536,"height":1242},{"@type":"BreadcrumbList","@id":"https:\/\/vsmc.lt\/?p=11510#breadcrumb","itemListElement":[{"@type":"ListItem","position":1,"name":"Home","item":"https:\/\/vsmc.lt\/"},{"@type":"ListItem","position":2,"name":"2025-02-11 Vilniaus miesto suaugusi\u0173j\u0173 mokymo \u012fstaig\u0173 renginys \u201eAr kalba \u2013 \u017emogaus vizitin\u0117 kortel\u0117?\u201c, skirtas Lietuvi\u0173 kalbos dienoms pamin\u0117ti"}]},{"@type":"WebSite","@id":"https:\/\/vsmc.lt\/#website","url":"https:\/\/vsmc.lt\/","name":"Vilniaus suaugusi\u0173j\u0173 mokymo centras","description":"VSMC","publisher":{"@id":"https:\/\/vsmc.lt\/#organization"},"alternateName":"VSMC","potentialAction":[{"@type":"SearchAction","target":{"@type":"EntryPoint","urlTemplate":"https:\/\/vsmc.lt\/?s={search_term_string}"},"query-input":{"@type":"PropertyValueSpecification","valueRequired":true,"valueName":"search_term_string"}}],"inLanguage":"lt-LT"},{"@type":"Organization","@id":"https:\/\/vsmc.lt\/#organization","name":"Vilniaus suaugusi\u0173j\u0173 mokymo centras","alternateName":"VSMC","url":"https:\/\/vsmc.lt\/","logo":{"@type":"ImageObject","inLanguage":"lt-LT","@id":"https:\/\/vsmc.lt\/#\/schema\/logo\/image\/","url":"https:\/\/vsmc.lt\/wp-content\/uploads\/2016\/11\/15\/logo.png","contentUrl":"https:\/\/vsmc.lt\/wp-content\/uploads\/2016\/11\/15\/logo.png","width":96,"height":121,"caption":"Vilniaus suaugusi\u0173j\u0173 mokymo centras"},"image":{"@id":"https:\/\/vsmc.lt\/#\/schema\/logo\/image\/"},"sameAs":["https:\/\/www.facebook.com\/p\/Vilniaus-suaugusij-mokymo-centras-VSMC-gimnazija-100034428106674\/"]},{"@type":"Person","@id":"https:\/\/vsmc.lt\/#\/schema\/person\/7b79c1eab13a88fc1ed4dc6626a57f98","name":"Birut\u0117 Kubilinskien\u0117","image":{"@type":"ImageObject","inLanguage":"lt-LT","@id":"https:\/\/secure.gravatar.com\/avatar\/de3432602f9f0edd7dc9006aceaad7e2a3227ca56f4f6d9e4b2e2ee05a11e793?s=96&d=mm&r=g","url":"https:\/\/secure.gravatar.com\/avatar\/de3432602f9f0edd7dc9006aceaad7e2a3227ca56f4f6d9e4b2e2ee05a11e793?s=96&d=mm&r=g","contentUrl":"https:\/\/secure.gravatar.com\/avatar\/de3432602f9f0edd7dc9006aceaad7e2a3227ca56f4f6d9e4b2e2ee05a11e793?s=96&d=mm&r=g","caption":"Birut\u0117 Kubilinskien\u0117"},"url":"https:\/\/vsmc.lt\/?author=5"}]}},"_links":{"self":[{"href":"https:\/\/vsmc.lt\/index.php?rest_route=\/wp\/v2\/posts\/11510","targetHints":{"allow":["GET"]}}],"collection":[{"href":"https:\/\/vsmc.lt\/index.php?rest_route=\/wp\/v2\/posts"}],"about":[{"href":"https:\/\/vsmc.lt\/index.php?rest_route=\/wp\/v2\/types\/post"}],"author":[{"embeddable":true,"href":"https:\/\/vsmc.lt\/index.php?rest_route=\/wp\/v2\/users\/5"}],"replies":[{"embeddable":true,"href":"https:\/\/vsmc.lt\/index.php?rest_route=%2Fwp%2Fv2%2Fcomments&post=11510"}],"version-history":[{"count":6,"href":"https:\/\/vsmc.lt\/index.php?rest_route=\/wp\/v2\/posts\/11510\/revisions"}],"predecessor-version":[{"id":11528,"href":"https:\/\/vsmc.lt\/index.php?rest_route=\/wp\/v2\/posts\/11510\/revisions\/11528"}],"wp:attachment":[{"href":"https:\/\/vsmc.lt\/index.php?rest_route=%2Fwp%2Fv2%2Fmedia&parent=11510"}],"wp:term":[{"taxonomy":"category","embeddable":true,"href":"https:\/\/vsmc.lt\/index.php?rest_route=%2Fwp%2Fv2%2Fcategories&post=11510"},{"taxonomy":"post_tag","embeddable":true,"href":"https:\/\/vsmc.lt\/index.php?rest_route=%2Fwp%2Fv2%2Ftags&post=11510"}],"curies":[{"name":"wp","href":"https:\/\/api.w.org\/{rel}","templated":true}]}}