{"id":1393,"date":"2015-09-29T16:17:24","date_gmt":"2015-09-29T13:17:24","guid":{"rendered":"http:\/\/vsmc.lt\/?p=1393"},"modified":"2018-04-19T09:51:19","modified_gmt":"2018-04-19T06:51:19","slug":"lietuvos-zydu-holokaustas-valstybes-praradimai","status":"publish","type":"post","link":"https:\/\/vsmc.lt\/?p=1393","title":{"rendered":"Lietuvos \u017eyd\u0173 Holokaustas\u2013 valstyb\u0117s praradimai"},"content":{"rendered":"<p>&nbsp;<\/p>\n<p><strong>\u00a0<\/strong><\/p>\n<p>&nbsp;<\/p>\n<p>Rugs\u0117jo 23-oji \u2013 Lietuvos \u017eyd\u0173 genocido auk\u0173 atminties diena buvo prad\u0117ta min\u0117ti prie\u0161 20 met\u0173 -1994-aisiais, LR Seimui paskelbus \u0161i\u0105 dat\u0105 Lietuvos valstyb\u0117s atmintina diena. \u0160i diena yra susijusi su Vilniaus geto likvidavimu 1943 m. rugs\u0117jo 23 d., kuomet did\u017eioji dalis geto kalini\u0173 buvo su\u0161audyti Paneriuose, o kita dalis \u00a0\u2013 \u00a0i\u0161ve\u017eti i\u0161 Lietuvos \u012f kit\u0173 \u0161ali\u0173 koncentracijos stovyklas.<br \/>\nM\u016bs\u0173 gimnazija kasmet dalyvauja genocido auk\u0173 min\u0117jimo renginiuose. \u0160.m. rugs\u0117jo 22 d. III-IV klasi\u0173 mokiniai lydimi istorijos mokytojo vyko \u012f Paneri\u0173 memorial\u0105, \u012f t\u0105 viet\u0105, kur 1941-1944 m. buvo nu\u017eudyta per 100 t\u016bkstan\u010di\u0173\u00a0 \u012fvairi\u0173 tautybi\u0173 \u017emoni\u0173, kuri\u0173 did\u017eioji dauguma \u2013 \u017eydai.<\/p>\n<p>Paneri\u0173 memoriale susirinko \u017emon\u0117s ne tik i\u0161 Vilniaus, bet ir i\u0161 visos Lietuvos. Min\u0117jimo dalyviai klaus\u0117si Lietuvos vald\u017eios atstov\u0173 ir visuomen\u0117s veik\u0117j\u0173 pasisakym\u0173, \u017eyd\u0173 bendrijos Lietuvoje atstov\u0173 kalb\u0173, pad\u0117jo po akmen\u012f su u\u017era\u0161ytu aukos vardu vienoje i\u0161 septyni\u0173 masini\u0173 kapavie\u010di\u0173, taip pagerbdami j\u0173 atminim\u0105.<\/p>\n<p>Pareng\u0117 istorijos vyresn. mokytojas Nerijus Leonas Zakrys<\/p>\n<p>&nbsp;<\/p>\n","protected":false},"excerpt":{"rendered":"<p>&nbsp; \u00a0 &nbsp; Rugs\u0117jo 23-oji \u2013 Lietuvos \u017eyd\u0173 genocido auk\u0173 atminties diena buvo prad\u0117ta min\u0117ti prie\u0161 20 met\u0173 -1994-aisiais, LR Seimui paskelbus \u0161i\u0105 dat\u0105 Lietuvos valstyb\u0117s atmintina diena. \u0160i diena yra susijusi su Vilniaus geto likvidavimu 1943 m. rugs\u0117jo 23 d., kuomet did\u017eioji dalis geto kalini\u0173 buvo su\u0161audyti Paneriuose, o kita dalis \u00a0\u2013 \u00a0i\u0161ve\u017eti i\u0161 [&hellip;]<\/p>\n","protected":false},"author":1,"featured_media":0,"comment_status":"closed","ping_status":"closed","sticky":false,"template":"","format":"standard","meta":{"footnotes":""},"categories":[1],"tags":[],"class_list":["post-1393","post","type-post","status-publish","format-standard","hentry","category-naujienos"],"yoast_head":"<!-- This site is optimized with the Yoast SEO plugin v27.5 - https:\/\/yoast.com\/product\/yoast-seo-wordpress\/ -->\n<title>Lietuvos \u017eyd\u0173 Holokaustas\u2013 valstyb\u0117s praradimai Vilniaus suaugusi\u0173j\u0173 mokymo centras  - Vilniaus suaugusi\u0173j\u0173 mokymo centras<\/title>\n<meta name=\"description\" content=\"Lietuvos \u017eyd\u0173 Holokaustas\u2013 valstyb\u0117s praradimai Vilniaus suaugusi\u0173j\u0173 mokymo centras\" \/>\n<meta name=\"robots\" content=\"index, follow, max-snippet:-1, max-image-preview:large, max-video-preview:-1\" \/>\n<link rel=\"canonical\" href=\"https:\/\/vsmc.lt\/?p=1393\" \/>\n<meta property=\"og:locale\" content=\"lt_LT\" \/>\n<meta property=\"og:type\" content=\"article\" \/>\n<meta property=\"og:title\" content=\"Lietuvos \u017eyd\u0173 Holokaustas\u2013 valstyb\u0117s praradimai Vilniaus suaugusi\u0173j\u0173 mokymo centras  - Vilniaus suaugusi\u0173j\u0173 mokymo centras\" \/>\n<meta property=\"og:description\" content=\"Lietuvos \u017eyd\u0173 Holokaustas\u2013 valstyb\u0117s praradimai Vilniaus suaugusi\u0173j\u0173 mokymo centras\" \/>\n<meta property=\"og:url\" content=\"https:\/\/vsmc.lt\/?p=1393\" \/>\n<meta property=\"og:site_name\" content=\"Vilniaus suaugusi\u0173j\u0173 mokymo centras\" \/>\n<meta property=\"article:publisher\" content=\"https:\/\/www.facebook.com\/p\/Vilniaus-suaugusij-mokymo-centras-VSMC-gimnazija-100034428106674\/\" \/>\n<meta property=\"article:published_time\" content=\"2015-09-29T13:17:24+00:00\" \/>\n<meta property=\"article:modified_time\" content=\"2018-04-19T06:51:19+00:00\" \/>\n<meta property=\"og:image\" content=\"https:\/\/vsmc.lt\/wp-content\/uploads\/2018\/05\/03\/VSMC_PASTATAS_1-1.jpg\" \/>\n\t<meta property=\"og:image:width\" content=\"1500\" \/>\n\t<meta property=\"og:image:height\" content=\"925\" \/>\n\t<meta property=\"og:image:type\" content=\"image\/jpeg\" \/>\n<meta name=\"author\" content=\"vsmc\" \/>\n<meta name=\"twitter:card\" content=\"summary_large_image\" \/>\n<meta name=\"twitter:label1\" content=\"Written by\" \/>\n\t<meta name=\"twitter:data1\" content=\"vsmc\" \/>\n\t<meta name=\"twitter:label2\" content=\"Est. reading time\" \/>\n\t<meta name=\"twitter:data2\" content=\"1 minut\u0117\" \/>\n<script type=\"application\/ld+json\" class=\"yoast-schema-graph\">{\"@context\":\"https:\\\/\\\/schema.org\",\"@graph\":[{\"@type\":\"Article\",\"@id\":\"https:\\\/\\\/vsmc.lt\\\/?p=1393#article\",\"isPartOf\":{\"@id\":\"https:\\\/\\\/vsmc.lt\\\/?p=1393\"},\"author\":{\"name\":\"vsmc\",\"@id\":\"https:\\\/\\\/vsmc.lt\\\/#\\\/schema\\\/person\\\/f908112af7b3b7eb0f58e68efc84ed3b\"},\"headline\":\"Lietuvos \u017eyd\u0173 Holokaustas\u2013 valstyb\u0117s praradimai\",\"datePublished\":\"2015-09-29T13:17:24+00:00\",\"dateModified\":\"2018-04-19T06:51:19+00:00\",\"mainEntityOfPage\":{\"@id\":\"https:\\\/\\\/vsmc.lt\\\/?p=1393\"},\"wordCount\":175,\"publisher\":{\"@id\":\"https:\\\/\\\/vsmc.lt\\\/#organization\"},\"articleSection\":[\"Naujienos\"],\"inLanguage\":\"lt-LT\"},{\"@type\":\"WebPage\",\"@id\":\"https:\\\/\\\/vsmc.lt\\\/?p=1393\",\"url\":\"https:\\\/\\\/vsmc.lt\\\/?p=1393\",\"name\":\"Lietuvos \u017eyd\u0173 Holokaustas\u2013 valstyb\u0117s praradimai Vilniaus suaugusi\u0173j\u0173 mokymo centras - Vilniaus suaugusi\u0173j\u0173 mokymo centras\",\"isPartOf\":{\"@id\":\"https:\\\/\\\/vsmc.lt\\\/#website\"},\"datePublished\":\"2015-09-29T13:17:24+00:00\",\"dateModified\":\"2018-04-19T06:51:19+00:00\",\"description\":\"Lietuvos \u017eyd\u0173 Holokaustas\u2013 valstyb\u0117s praradimai Vilniaus suaugusi\u0173j\u0173 mokymo centras\",\"breadcrumb\":{\"@id\":\"https:\\\/\\\/vsmc.lt\\\/?p=1393#breadcrumb\"},\"inLanguage\":\"lt-LT\",\"potentialAction\":[{\"@type\":\"ReadAction\",\"target\":[\"https:\\\/\\\/vsmc.lt\\\/?p=1393\"]}]},{\"@type\":\"BreadcrumbList\",\"@id\":\"https:\\\/\\\/vsmc.lt\\\/?p=1393#breadcrumb\",\"itemListElement\":[{\"@type\":\"ListItem\",\"position\":1,\"name\":\"Home\",\"item\":\"https:\\\/\\\/vsmc.lt\\\/\"},{\"@type\":\"ListItem\",\"position\":2,\"name\":\"Lietuvos \u017eyd\u0173 Holokaustas\u2013 valstyb\u0117s praradimai\"}]},{\"@type\":\"WebSite\",\"@id\":\"https:\\\/\\\/vsmc.lt\\\/#website\",\"url\":\"https:\\\/\\\/vsmc.lt\\\/\",\"name\":\"Vilniaus suaugusi\u0173j\u0173 mokymo centras\",\"description\":\"VSMC\",\"publisher\":{\"@id\":\"https:\\\/\\\/vsmc.lt\\\/#organization\"},\"alternateName\":\"VSMC\",\"potentialAction\":[{\"@type\":\"SearchAction\",\"target\":{\"@type\":\"EntryPoint\",\"urlTemplate\":\"https:\\\/\\\/vsmc.lt\\\/?s={search_term_string}\"},\"query-input\":{\"@type\":\"PropertyValueSpecification\",\"valueRequired\":true,\"valueName\":\"search_term_string\"}}],\"inLanguage\":\"lt-LT\"},{\"@type\":\"Organization\",\"@id\":\"https:\\\/\\\/vsmc.lt\\\/#organization\",\"name\":\"Vilniaus suaugusi\u0173j\u0173 mokymo centras\",\"alternateName\":\"VSMC\",\"url\":\"https:\\\/\\\/vsmc.lt\\\/\",\"logo\":{\"@type\":\"ImageObject\",\"inLanguage\":\"lt-LT\",\"@id\":\"https:\\\/\\\/vsmc.lt\\\/#\\\/schema\\\/logo\\\/image\\\/\",\"url\":\"https:\\\/\\\/vsmc.lt\\\/wp-content\\\/uploads\\\/2016\\\/11\\\/15\\\/logo.png\",\"contentUrl\":\"https:\\\/\\\/vsmc.lt\\\/wp-content\\\/uploads\\\/2016\\\/11\\\/15\\\/logo.png\",\"width\":96,\"height\":121,\"caption\":\"Vilniaus suaugusi\u0173j\u0173 mokymo centras\"},\"image\":{\"@id\":\"https:\\\/\\\/vsmc.lt\\\/#\\\/schema\\\/logo\\\/image\\\/\"},\"sameAs\":[\"https:\\\/\\\/www.facebook.com\\\/p\\\/Vilniaus-suaugusij-mokymo-centras-VSMC-gimnazija-100034428106674\\\/\"]},{\"@type\":\"Person\",\"@id\":\"https:\\\/\\\/vsmc.lt\\\/#\\\/schema\\\/person\\\/f908112af7b3b7eb0f58e68efc84ed3b\",\"name\":\"vsmc\",\"image\":{\"@type\":\"ImageObject\",\"inLanguage\":\"lt-LT\",\"@id\":\"https:\\\/\\\/secure.gravatar.com\\\/avatar\\\/c98f8cf094a0c3815db557f5d303882682ae3622ba8eff672c992e55217b1a89?s=96&d=mm&r=g\",\"url\":\"https:\\\/\\\/secure.gravatar.com\\\/avatar\\\/c98f8cf094a0c3815db557f5d303882682ae3622ba8eff672c992e55217b1a89?s=96&d=mm&r=g\",\"contentUrl\":\"https:\\\/\\\/secure.gravatar.com\\\/avatar\\\/c98f8cf094a0c3815db557f5d303882682ae3622ba8eff672c992e55217b1a89?s=96&d=mm&r=g\",\"caption\":\"vsmc\"},\"url\":\"https:\\\/\\\/vsmc.lt\\\/?author=1\"}]}<\/script>\n<!-- \/ Yoast SEO plugin. -->","yoast_head_json":{"title":"Lietuvos \u017eyd\u0173 Holokaustas\u2013 valstyb\u0117s praradimai Vilniaus suaugusi\u0173j\u0173 mokymo centras  - Vilniaus suaugusi\u0173j\u0173 mokymo centras","description":"Lietuvos \u017eyd\u0173 Holokaustas\u2013 valstyb\u0117s praradimai Vilniaus suaugusi\u0173j\u0173 mokymo centras","robots":{"index":"index","follow":"follow","max-snippet":"max-snippet:-1","max-image-preview":"max-image-preview:large","max-video-preview":"max-video-preview:-1"},"canonical":"https:\/\/vsmc.lt\/?p=1393","og_locale":"lt_LT","og_type":"article","og_title":"Lietuvos \u017eyd\u0173 Holokaustas\u2013 valstyb\u0117s praradimai Vilniaus suaugusi\u0173j\u0173 mokymo centras  - Vilniaus suaugusi\u0173j\u0173 mokymo centras","og_description":"Lietuvos \u017eyd\u0173 Holokaustas\u2013 valstyb\u0117s praradimai Vilniaus suaugusi\u0173j\u0173 mokymo centras","og_url":"https:\/\/vsmc.lt\/?p=1393","og_site_name":"Vilniaus suaugusi\u0173j\u0173 mokymo centras","article_publisher":"https:\/\/www.facebook.com\/p\/Vilniaus-suaugusij-mokymo-centras-VSMC-gimnazija-100034428106674\/","article_published_time":"2015-09-29T13:17:24+00:00","article_modified_time":"2018-04-19T06:51:19+00:00","og_image":[{"width":1500,"height":925,"url":"https:\/\/vsmc.lt\/wp-content\/uploads\/2018\/05\/03\/VSMC_PASTATAS_1-1.jpg","type":"image\/jpeg"}],"author":"vsmc","twitter_card":"summary_large_image","twitter_misc":{"Written by":"vsmc","Est. reading time":"1 minut\u0117"},"schema":{"@context":"https:\/\/schema.org","@graph":[{"@type":"Article","@id":"https:\/\/vsmc.lt\/?p=1393#article","isPartOf":{"@id":"https:\/\/vsmc.lt\/?p=1393"},"author":{"name":"vsmc","@id":"https:\/\/vsmc.lt\/#\/schema\/person\/f908112af7b3b7eb0f58e68efc84ed3b"},"headline":"Lietuvos \u017eyd\u0173 Holokaustas\u2013 valstyb\u0117s praradimai","datePublished":"2015-09-29T13:17:24+00:00","dateModified":"2018-04-19T06:51:19+00:00","mainEntityOfPage":{"@id":"https:\/\/vsmc.lt\/?p=1393"},"wordCount":175,"publisher":{"@id":"https:\/\/vsmc.lt\/#organization"},"articleSection":["Naujienos"],"inLanguage":"lt-LT"},{"@type":"WebPage","@id":"https:\/\/vsmc.lt\/?p=1393","url":"https:\/\/vsmc.lt\/?p=1393","name":"Lietuvos \u017eyd\u0173 Holokaustas\u2013 valstyb\u0117s praradimai Vilniaus suaugusi\u0173j\u0173 mokymo centras - Vilniaus suaugusi\u0173j\u0173 mokymo centras","isPartOf":{"@id":"https:\/\/vsmc.lt\/#website"},"datePublished":"2015-09-29T13:17:24+00:00","dateModified":"2018-04-19T06:51:19+00:00","description":"Lietuvos \u017eyd\u0173 Holokaustas\u2013 valstyb\u0117s praradimai Vilniaus suaugusi\u0173j\u0173 mokymo centras","breadcrumb":{"@id":"https:\/\/vsmc.lt\/?p=1393#breadcrumb"},"inLanguage":"lt-LT","potentialAction":[{"@type":"ReadAction","target":["https:\/\/vsmc.lt\/?p=1393"]}]},{"@type":"BreadcrumbList","@id":"https:\/\/vsmc.lt\/?p=1393#breadcrumb","itemListElement":[{"@type":"ListItem","position":1,"name":"Home","item":"https:\/\/vsmc.lt\/"},{"@type":"ListItem","position":2,"name":"Lietuvos \u017eyd\u0173 Holokaustas\u2013 valstyb\u0117s praradimai"}]},{"@type":"WebSite","@id":"https:\/\/vsmc.lt\/#website","url":"https:\/\/vsmc.lt\/","name":"Vilniaus suaugusi\u0173j\u0173 mokymo centras","description":"VSMC","publisher":{"@id":"https:\/\/vsmc.lt\/#organization"},"alternateName":"VSMC","potentialAction":[{"@type":"SearchAction","target":{"@type":"EntryPoint","urlTemplate":"https:\/\/vsmc.lt\/?s={search_term_string}"},"query-input":{"@type":"PropertyValueSpecification","valueRequired":true,"valueName":"search_term_string"}}],"inLanguage":"lt-LT"},{"@type":"Organization","@id":"https:\/\/vsmc.lt\/#organization","name":"Vilniaus suaugusi\u0173j\u0173 mokymo centras","alternateName":"VSMC","url":"https:\/\/vsmc.lt\/","logo":{"@type":"ImageObject","inLanguage":"lt-LT","@id":"https:\/\/vsmc.lt\/#\/schema\/logo\/image\/","url":"https:\/\/vsmc.lt\/wp-content\/uploads\/2016\/11\/15\/logo.png","contentUrl":"https:\/\/vsmc.lt\/wp-content\/uploads\/2016\/11\/15\/logo.png","width":96,"height":121,"caption":"Vilniaus suaugusi\u0173j\u0173 mokymo centras"},"image":{"@id":"https:\/\/vsmc.lt\/#\/schema\/logo\/image\/"},"sameAs":["https:\/\/www.facebook.com\/p\/Vilniaus-suaugusij-mokymo-centras-VSMC-gimnazija-100034428106674\/"]},{"@type":"Person","@id":"https:\/\/vsmc.lt\/#\/schema\/person\/f908112af7b3b7eb0f58e68efc84ed3b","name":"vsmc","image":{"@type":"ImageObject","inLanguage":"lt-LT","@id":"https:\/\/secure.gravatar.com\/avatar\/c98f8cf094a0c3815db557f5d303882682ae3622ba8eff672c992e55217b1a89?s=96&d=mm&r=g","url":"https:\/\/secure.gravatar.com\/avatar\/c98f8cf094a0c3815db557f5d303882682ae3622ba8eff672c992e55217b1a89?s=96&d=mm&r=g","contentUrl":"https:\/\/secure.gravatar.com\/avatar\/c98f8cf094a0c3815db557f5d303882682ae3622ba8eff672c992e55217b1a89?s=96&d=mm&r=g","caption":"vsmc"},"url":"https:\/\/vsmc.lt\/?author=1"}]}},"_links":{"self":[{"href":"https:\/\/vsmc.lt\/index.php?rest_route=\/wp\/v2\/posts\/1393","targetHints":{"allow":["GET"]}}],"collection":[{"href":"https:\/\/vsmc.lt\/index.php?rest_route=\/wp\/v2\/posts"}],"about":[{"href":"https:\/\/vsmc.lt\/index.php?rest_route=\/wp\/v2\/types\/post"}],"author":[{"embeddable":true,"href":"https:\/\/vsmc.lt\/index.php?rest_route=\/wp\/v2\/users\/1"}],"replies":[{"embeddable":true,"href":"https:\/\/vsmc.lt\/index.php?rest_route=%2Fwp%2Fv2%2Fcomments&post=1393"}],"version-history":[{"count":1,"href":"https:\/\/vsmc.lt\/index.php?rest_route=\/wp\/v2\/posts\/1393\/revisions"}],"predecessor-version":[{"id":3909,"href":"https:\/\/vsmc.lt\/index.php?rest_route=\/wp\/v2\/posts\/1393\/revisions\/3909"}],"wp:attachment":[{"href":"https:\/\/vsmc.lt\/index.php?rest_route=%2Fwp%2Fv2%2Fmedia&parent=1393"}],"wp:term":[{"taxonomy":"category","embeddable":true,"href":"https:\/\/vsmc.lt\/index.php?rest_route=%2Fwp%2Fv2%2Fcategories&post=1393"},{"taxonomy":"post_tag","embeddable":true,"href":"https:\/\/vsmc.lt\/index.php?rest_route=%2Fwp%2Fv2%2Ftags&post=1393"}],"curies":[{"name":"wp","href":"https:\/\/api.w.org\/{rel}","templated":true}]}}