{"id":1916,"date":"2016-04-21T18:32:41","date_gmt":"2016-04-21T15:32:41","guid":{"rendered":"http:\/\/vsmc.lt\/?p=1916"},"modified":"2018-04-19T09:51:13","modified_gmt":"2018-04-19T06:51:13","slug":"kurybiniu-darbu-konkurso-kuriu-vadinasi-esu-baigiamoji-salies-konferencija-vilniaus-suaugusiuju-mokymo-centre","status":"publish","type":"post","link":"https:\/\/vsmc.lt\/?p=1916","title":{"rendered":"K\u016brybini\u0173 darb\u0173 konkurso \u201eKuriu, vadinasi, esu\u201c baigiamoji \u0161alies konferencija Vilniaus suaugusi\u0173j\u0173 mokymo centre"},"content":{"rendered":"<p>Baland\u017eio 11-15 dienomis m\u016bs\u0173 gimnazijoje buvo atvir\u0173 dur\u0173 savait\u0117. Jos pabaigoje, baland\u017eio 15 d., vyko puikus renginys, vainikuojantis \u0161alies besimokan\u010di\u0173 suaugusi\u0173j\u0173 k\u016brybini\u0173 darb\u0173 konkurs\u0105 \u201eKuriu, vadinasi, esu\u201c. Konkurso tikslas \u2013 skatinti kult\u016bros vertybi\u0173 pa\u017einim\u0105 bei j\u0173 k\u016brybi\u0161k\u0105 \u012fprasminim\u0105, skleisti mokymosi vis\u0105 gyvenim\u0105 id\u0117j\u0105 bei ma\u017einti socialin\u0119 atskirt\u012f. Konkurse dalyvavo Lietuvos bendrojo\u00a0ugdymo\u00a0suaugusi\u0173j\u0173 ugdymo institucij\u0173 9 \u2013 12 (I \u2013 IV gimnazijos) klasi\u0173 mokiniai. Mokiniai k\u016br\u0117 poezijos, prozos, dramaturgijos tekstus arba es\u0117. Darbus vertino konkurso organizatori\u0173 sudaryta vertinimo komisija.<br \/>\n\u0160\u012f konkurs\u0105 Vilniaus suaugusi\u0173j\u0173 mokymo centras vykd\u0117 kartu su partneriais: Lietuvos suaugusi\u0173j\u0173 mokymo centr\u0173 vadov\u0173 asociacija (LSMCVA) ir Mykolo Romerio universiteto Filosofijos ir humanistikos institutu. Taip pat mums talkino VSMC socialiniai partneriai \u2013 Karolini\u0161ki\u0173 muzikos mokyklos mokytojai ir mokiniai.<\/p>\n<p>Konkurso nuolatin\u0117 glob\u0117ja \u2013 Lietuvos Respublikos Seimo nar\u0117, poet\u0117 Dalia Tei\u0161erskyt\u0117, r\u0117m\u0117jai \u2013 leidyklos Tyto Alba ir \u0160viesa.<br \/>\nKiekvienais metais buvo skelbiama nauja tema. 2014 m. konkurso tema &#8211; \u201eO greit slenk\u0105 laikai\u201c, skirta lietuvi\u0173 literat\u016bros klasiko Kristijono Donelai\u010dio 300-osioms gimimo metin\u0117ms ir Vilniaus suaugusi\u0173j\u0173 mokymo centro 20-me\u010diui, 2015 m. tema &#8211; \u201eAtradimai\u201c, skirta XX a. lietuvi\u0173 poeto Henriko Radausko 105-osioms gimimo metin\u0117ms.<\/p>\n<p>\u0160i\u0173metis konkursas \u201eKuku\u010dio l\u016bpomis sakoma tiesa\u201d skirtas XX a. \u2013 XXI a. poeto, eseisto, vert\u0117jo, visuomen\u0117s veik\u0117jo, tautosakos tyrin\u0117tojo, publicisto, Nacionalin\u0117s kult\u016bros ir meno premijos laureato Marcelijaus Martinai\u010dio 80-osioms gimimo metin\u0117ms.<br \/>\nKonkurso \u201eKuku\u010dio l\u016bpomis sakoma tiesa\u201d baigiamoji nata \u2013 \u0161alies konferencija, \u012f kuri\u0105 suva\u017eiavo sve\u010di\u0173 i\u0161 Vilniaus ir kit\u0173 Lietuvos miest\u0173. Konferencija prasid\u0117jo \u201eRyto melodija\u201c, kuri\u0105 birbyne atliko Karolini\u0161ki\u0173 muzikos mokyklos mokinys ir \u012fsp\u016bdinga VSMC II\u2013IV klasi\u0173 mokini\u0173 literat\u016brine- muzikine kompozicija.<br \/>\nKonferencij\u0105 t\u0119s\u0117 LSMCVA pirminink\u0117 ir VSMC direktor\u0117 Natalja Kimso. Direktor\u0117 nuo\u0161ird\u017eiai pasveikino visus konferencijos dalyvius ir palink\u0117jo visiems k\u016brybin\u0117s s\u0117km\u0117s. Seimo nar\u0117, poet\u0117 Dalia Tei\u0161erskyt\u0117, jautriai ir nuo\u0161ird\u017eiai kalb\u0117jo apie M. Martinai\u010dio gyvenim\u0105 ir k\u016bryb\u0105, apdovanojo jai itin patikusi\u0105 k\u016brybinio darbo autor\u0119 ir perskait\u0117 du savo eil\u0117ra\u0161\u010dius. Moksl\u0173 daktar\u0117 Ilona \u010ciu\u017eauskait\u0117 skait\u0117 prane\u0161im\u0105 \u201eMarcelijaus Martinai\u010dio poezijos lobiai\u201c, kuriame ap\u017evelg\u0117 poeto biografij\u0105 ir k\u016brybos aspektus. Kaip visada Ilonos \u010ciu\u017eauskait\u0117s prane\u0161imas buvo \u012fdomus, konstruktyvus \u00a0ir ekspresyvus.<\/p>\n<p>Konferencijos kulminacija \u2013 konkurso laim\u0117toj\u0173 ir nominant\u0173, juos konsultavusi\u0173 mokytoj\u0173 sveikinimai ir apdovanojimai, nugal\u0117toj\u0173 k\u016brybini\u0173 darb\u0173 skaitymai, d\u017eiaugsmo akimirkos, \u0161ypsenos, plojimai. O d\u017eiaugtis tikrai buvo kuo. Konkurso nugal\u0117tojais tapo ir buvo apdovanoti tokie mokiniai :<\/p>\n<p>I vieta \u2013 Kristina Sakalauskien\u0117, Panev\u0117\u017eio suaugusi\u0173j\u0173 mokymo centro IV klas\u0117s mokin\u0117, u\u017e es\u0117 \u201eParadoksai ir d\u017eiaugsmai, arba \u017emogaus \u2013 pauk\u0161\u010dio pam\u0105stymai\u201c. Mokin\u0119 konsultavo lietuvi\u0173 kalbos ir literat\u016bros mokytoja metodinink\u0117 Milda Bukauskien\u0117.<\/p>\n<p>II vieta \u2013 Ivan Malinovskij, Vilniaus suaugusi\u0173j\u0173 mokymo centro II klas\u0117s mokinys, u\u017e es\u0117 \u201e&#8230;ka\u017ekur laiko br\u016bzgynuose\u201c. J\u012f konsultavo lietuvi\u0173 kalbos ir literat\u016bros mokytoja metodinink\u0117 Vilma Markevi\u010di\u016bt\u0117.<\/p>\n<p>III vieta<strong> \u2013 <\/strong>Ernesta Vancevi\u010dien\u0117, K\u0117daini\u0173 suaugusi\u0173j\u0173 ir jaunimo mokymo centro IV klas\u0117s mokin\u0117, u\u017e eil\u0117ra\u0161t\u012f \u201ePoezija apie b\u016bt\u012f\u201c. J\u0105 konsultavo lietuvi\u0173 kalbos ir literat\u016bros mokytoja metodinink\u0117 Aldona \u0160lia\u017eait\u0117.<\/p>\n<p>Nepamir\u0161ti buvo ir kiti dalyviai, kuriems buvo \u012fteiktos nominacijos. U\u017e jautriai i\u0161sakyt\u0105 vidin\u0119 \u0161ilum\u0105 ir u\u017eburian\u010di\u0105 metaforin\u0117s kalbos rai\u0161k\u0105 apdovanota Lina Klima\u0161auskien\u0117, \u0160iauli\u0173 suaugusi\u0173j\u0173 mokyklos III klas\u0117s mokin\u0117, u\u017e novel\u0119 \u201eSpalvos\u201c. Mokin\u0119 konsultavo lietuvi\u0173 kalbos mokytoja metodinink\u0117 Veronika Bekerien\u0117. U\u017e kritin\u012f \u017evilgsn\u012f \u012f \u017emog\u0173 istorijos kry\u017ekel\u0117je nominuota Simona Jablonskyt\u0117, Vilniaus \u201e\u017didinio\u201c suaugusi\u0173j\u0173 gimnazijos IV klas\u0117s mokin\u0117, u\u017e es\u0117 \u201eKas tu esi, Kukuti?\u201c. J\u0105 konsultavo lietuvi\u0173 kalbos vyresnioji mokytoja \u017divil\u0117 Vizgintien\u0117. U\u017e aktyvi\u0105 pilietin\u0119 pozicij\u0105 apdovanota Jurgita Sidunova, Kauno suaugusi\u0173j\u0173 mokymo centro II klas\u0117s mokin\u0117, u\u017e es\u0117 \u201eMano mozaika\u201c. J\u0105 konsultavo lietuvi\u0173 kalbos mokytoja metodinink\u0117 Asta Po\u017eel\u0117. U\u017e dinami\u0161k\u0105 ir netipin\u012f po\u017ei\u016br\u012f \u012f save nominuotas Saulius Bandzevi\u010dius, Vilniaus \u201eVarpo\u201c suaugusi\u0173j\u0173 gimnazijos III klas\u0117s mokinys, u\u017e eseistin\u012f lai\u0161k\u0105 \u201eLai\u0161kas Gyvenimui\u201c. J\u012f konsultavo lietuvi\u0173 kalbos vyresnioji mokytoja Agn\u0117 Armonait\u0117.<strong><br \/>\n<\/strong><\/p>\n<p>O konferencijos pabaigai, be abejo, dar klaus\u0117m\u0117s M. Martinai\u010dio poezijos skaitym\u0173 ir iki sielos gelmi\u0173 jaudinan\u010di\u0173 dain\u0173 &#8211; ,,Kai sirpsta vy\u0161nios Suvalkijoj\u201c ,,Tu numegzk man, mama, keli\u0105\u201c.<br \/>\nKonferencijos antrosios dalies metu visi aplank\u0117 Venclov\u0173 muziej\u0173\u00a0 ir dalyvavo \u012fdomioje edukacin\u0117je programoje \u201eEzopo kalba\u201c<\/p>\n<p>I\u0161siskirdami visi pasid\u017eiaug\u0117 \u0161iltu, nuo\u0161ird\u017eiu, prasmingu ir jaudinan\u010diu susitikimu \u017emoni\u0173, kurie neabejingi poetiniam \u017eod\u017eiui, kurie patys kuria, ie\u0161ko, improvizuoja ir atranda. Dar \u00a0ir dar kart\u0105 prasmingai skamba M. Martinai\u010dio \u017eod\u017eiai \u201ePoezija kartais yra nu\u0161vitimas, visi\u0161ka vaizduot\u0117s laisv\u0117, kai \u012fgyjamas nuo nieko nepriklausantis savo asmenyb\u0117s pajautimas. Poezija kartais yra sutrikimas, kai perskait\u0119s ne\u017einai, k\u0105 sakyti, kaip apie tave nustebinus\u012f saul\u0117lyd\u012f, pamatytus gamtos vaizdus. Tai yra gra\u017eiausia\u201c<\/p>\n<p>Pareng\u0117 ,<br \/>\nVSMC lietuvi\u0173 kalbos ir literat\u016bros mokytoja metodinink\u0117 Nelda Pilkien\u0117<\/p>\n<p><img loading=\"lazy\" decoding=\"async\" class=\"\" src=\"https:\/\/vsmc.lt\/wp-content\/uploads\/2016\/04\/21\/IMG_8798.jpg\" alt=\"\" width=\"525\" height=\"350\" \/><\/p>\n<p><img loading=\"lazy\" decoding=\"async\" class=\"\" src=\"https:\/\/vsmc.lt\/wp-content\/uploads\/2016\/04\/21\/IMG_8799.jpg\" alt=\"\" width=\"524\" height=\"349\" \/><\/p>\n<p><img loading=\"lazy\" decoding=\"async\" class=\"\" src=\"https:\/\/vsmc.lt\/wp-content\/uploads\/2016\/04\/21\/IMG_8810.jpg\" alt=\"\" width=\"387\" height=\"581\" \/><\/p>\n<p><img loading=\"lazy\" decoding=\"async\" class=\"\" src=\"https:\/\/vsmc.lt\/wp-content\/uploads\/2016\/04\/21\/IMG_8816.jpg\" alt=\"\" width=\"357\" height=\"536\" \/><\/p>\n<p>&nbsp;<\/p>\n<p><img loading=\"lazy\" decoding=\"async\" class=\"\" src=\"https:\/\/vsmc.lt\/wp-content\/uploads\/2016\/04\/21\/IMG_8830.jpg\" alt=\"\" width=\"363\" height=\"545\" \/><\/p>\n<p><img loading=\"lazy\" decoding=\"async\" class=\"\" src=\"https:\/\/vsmc.lt\/wp-content\/uploads\/2016\/04\/21\/IMG_8833.jpg\" alt=\"\" width=\"362\" height=\"543\" \/><\/p>\n<p>&nbsp;<\/p>\n<p><img loading=\"lazy\" decoding=\"async\" class=\"\" src=\"https:\/\/vsmc.lt\/wp-content\/uploads\/2016\/04\/21\/IMG_8872.jpg\" alt=\"\" width=\"536\" height=\"357\" \/><\/p>\n<p><img loading=\"lazy\" decoding=\"async\" class=\"\" src=\"https:\/\/vsmc.lt\/wp-content\/uploads\/2016\/04\/21\/IMG_8860.jpg\" alt=\"\" width=\"392\" height=\"588\" \/><\/p>\n<p>&nbsp;<\/p>\n<p><img loading=\"lazy\" decoding=\"async\" class=\"\" src=\"https:\/\/vsmc.lt\/wp-content\/uploads\/2016\/04\/21\/IMG_8888.jpg\" alt=\"\" width=\"551\" height=\"367\" \/><\/p>\n<p><img loading=\"lazy\" decoding=\"async\" class=\"\" src=\"https:\/\/vsmc.lt\/wp-content\/uploads\/2016\/04\/21\/IMG_8895.jpg\" alt=\"\" width=\"554\" height=\"369\" \/><\/p>\n<p>&nbsp;<\/p>\n<p><img loading=\"lazy\" decoding=\"async\" class=\"\" src=\"https:\/\/vsmc.lt\/wp-content\/uploads\/2016\/04\/21\/IMG_8912.jpg\" alt=\"\" width=\"554\" height=\"369\" \/><\/p>\n<p><img loading=\"lazy\" decoding=\"async\" class=\"\" src=\"https:\/\/vsmc.lt\/wp-content\/uploads\/2016\/04\/21\/IMG_8919.jpg\" alt=\"\" width=\"344\" height=\"516\" \/><\/p>\n<p><img loading=\"lazy\" decoding=\"async\" class=\"\" src=\"https:\/\/vsmc.lt\/wp-content\/uploads\/2016\/04\/21\/IMG_8838.jpg\" alt=\"\" width=\"540\" height=\"360\" \/><\/p>\n<p>&nbsp;<\/p>\n<p>&nbsp;<\/p>\n<p>&nbsp;<\/p>\n","protected":false},"excerpt":{"rendered":"<p>Baland\u017eio 11-15 dienomis m\u016bs\u0173 gimnazijoje buvo atvir\u0173 dur\u0173 savait\u0117. Jos pabaigoje, baland\u017eio 15 d., vyko puikus renginys, vainikuojantis \u0161alies besimokan\u010di\u0173 suaugusi\u0173j\u0173 k\u016brybini\u0173 darb\u0173 konkurs\u0105 \u201eKuriu, vadinasi, esu\u201c. Konkurso tikslas \u2013 skatinti kult\u016bros vertybi\u0173 pa\u017einim\u0105 bei j\u0173 k\u016brybi\u0161k\u0105 \u012fprasminim\u0105, skleisti mokymosi vis\u0105 gyvenim\u0105 id\u0117j\u0105 bei ma\u017einti socialin\u0119 atskirt\u012f. Konkurse dalyvavo Lietuvos bendrojo\u00a0ugdymo\u00a0suaugusi\u0173j\u0173 ugdymo institucij\u0173 9 \u2013 [&hellip;]<\/p>\n","protected":false},"author":5,"featured_media":0,"comment_status":"closed","ping_status":"closed","sticky":false,"template":"","format":"standard","meta":{"footnotes":""},"categories":[1],"tags":[],"class_list":["post-1916","post","type-post","status-publish","format-standard","hentry","category-naujienos"],"yoast_head":"<!-- This site is optimized with the Yoast SEO plugin v27.5 - https:\/\/yoast.com\/product\/yoast-seo-wordpress\/ -->\n<title>K\u016brybini\u0173 darb\u0173 konkurso \u201eKuriu, vadinasi, esu\u201c baigiamoji \u0161alies konferencija Vilniaus suaugusi\u0173j\u0173 mokymo centre Vilniaus suaugusi\u0173j\u0173 mokymo centras  - Vilniaus suaugusi\u0173j\u0173 mokymo centras<\/title>\n<meta name=\"description\" content=\"K\u016brybini\u0173 darb\u0173 konkurso \u201eKuriu, vadinasi, esu\u201c baigiamoji \u0161alies konferencija Vilniaus suaugusi\u0173j\u0173 mokymo centre Vilniaus suaugusi\u0173j\u0173 mokymo centras\" \/>\n<meta name=\"robots\" content=\"index, follow, max-snippet:-1, max-image-preview:large, max-video-preview:-1\" \/>\n<link rel=\"canonical\" href=\"https:\/\/vsmc.lt\/?p=1916\" \/>\n<meta property=\"og:locale\" content=\"lt_LT\" \/>\n<meta property=\"og:type\" content=\"article\" \/>\n<meta property=\"og:title\" content=\"K\u016brybini\u0173 darb\u0173 konkurso \u201eKuriu, vadinasi, esu\u201c baigiamoji \u0161alies konferencija Vilniaus suaugusi\u0173j\u0173 mokymo centre Vilniaus suaugusi\u0173j\u0173 mokymo centras  - Vilniaus suaugusi\u0173j\u0173 mokymo centras\" \/>\n<meta property=\"og:description\" content=\"K\u016brybini\u0173 darb\u0173 konkurso \u201eKuriu, vadinasi, esu\u201c baigiamoji \u0161alies konferencija Vilniaus suaugusi\u0173j\u0173 mokymo centre Vilniaus suaugusi\u0173j\u0173 mokymo centras\" \/>\n<meta property=\"og:url\" content=\"https:\/\/vsmc.lt\/?p=1916\" \/>\n<meta property=\"og:site_name\" content=\"Vilniaus suaugusi\u0173j\u0173 mokymo centras\" \/>\n<meta property=\"article:publisher\" content=\"https:\/\/www.facebook.com\/p\/Vilniaus-suaugusij-mokymo-centras-VSMC-gimnazija-100034428106674\/\" \/>\n<meta property=\"article:published_time\" content=\"2016-04-21T15:32:41+00:00\" \/>\n<meta property=\"article:modified_time\" content=\"2018-04-19T06:51:13+00:00\" \/>\n<meta property=\"og:image\" content=\"http:\/\/vsmc.lt\/wp-content\/uploads\/2016\/04\/21\/IMG_8798.jpg\" \/>\n<meta name=\"author\" content=\"Birut\u0117 Kubilinskien\u0117\" \/>\n<meta name=\"twitter:card\" content=\"summary_large_image\" \/>\n<meta name=\"twitter:label1\" content=\"Written by\" \/>\n\t<meta name=\"twitter:data1\" content=\"Birut\u0117 Kubilinskien\u0117\" \/>\n\t<meta name=\"twitter:label2\" content=\"Est. reading time\" \/>\n\t<meta name=\"twitter:data2\" content=\"4 minut\u0117s\" \/>\n<script type=\"application\/ld+json\" class=\"yoast-schema-graph\">{\"@context\":\"https:\\\/\\\/schema.org\",\"@graph\":[{\"@type\":\"Article\",\"@id\":\"https:\\\/\\\/vsmc.lt\\\/?p=1916#article\",\"isPartOf\":{\"@id\":\"https:\\\/\\\/vsmc.lt\\\/?p=1916\"},\"author\":{\"name\":\"Birut\u0117 Kubilinskien\u0117\",\"@id\":\"https:\\\/\\\/vsmc.lt\\\/#\\\/schema\\\/person\\\/7b79c1eab13a88fc1ed4dc6626a57f98\"},\"headline\":\"K\u016brybini\u0173 darb\u0173 konkurso \u201eKuriu, vadinasi, esu\u201c baigiamoji \u0161alies konferencija Vilniaus suaugusi\u0173j\u0173 mokymo centre\",\"datePublished\":\"2016-04-21T15:32:41+00:00\",\"dateModified\":\"2018-04-19T06:51:13+00:00\",\"mainEntityOfPage\":{\"@id\":\"https:\\\/\\\/vsmc.lt\\\/?p=1916\"},\"wordCount\":840,\"publisher\":{\"@id\":\"https:\\\/\\\/vsmc.lt\\\/#organization\"},\"image\":{\"@id\":\"https:\\\/\\\/vsmc.lt\\\/?p=1916#primaryimage\"},\"thumbnailUrl\":\"http:\\\/\\\/vsmc.lt\\\/wp-content\\\/uploads\\\/2016\\\/04\\\/21\\\/IMG_8798.jpg\",\"articleSection\":[\"Naujienos\"],\"inLanguage\":\"lt-LT\"},{\"@type\":\"WebPage\",\"@id\":\"https:\\\/\\\/vsmc.lt\\\/?p=1916\",\"url\":\"https:\\\/\\\/vsmc.lt\\\/?p=1916\",\"name\":\"K\u016brybini\u0173 darb\u0173 konkurso \u201eKuriu, vadinasi, esu\u201c baigiamoji \u0161alies konferencija Vilniaus suaugusi\u0173j\u0173 mokymo centre Vilniaus suaugusi\u0173j\u0173 mokymo centras - Vilniaus suaugusi\u0173j\u0173 mokymo centras\",\"isPartOf\":{\"@id\":\"https:\\\/\\\/vsmc.lt\\\/#website\"},\"primaryImageOfPage\":{\"@id\":\"https:\\\/\\\/vsmc.lt\\\/?p=1916#primaryimage\"},\"image\":{\"@id\":\"https:\\\/\\\/vsmc.lt\\\/?p=1916#primaryimage\"},\"thumbnailUrl\":\"http:\\\/\\\/vsmc.lt\\\/wp-content\\\/uploads\\\/2016\\\/04\\\/21\\\/IMG_8798.jpg\",\"datePublished\":\"2016-04-21T15:32:41+00:00\",\"dateModified\":\"2018-04-19T06:51:13+00:00\",\"description\":\"K\u016brybini\u0173 darb\u0173 konkurso \u201eKuriu, vadinasi, esu\u201c baigiamoji \u0161alies konferencija Vilniaus suaugusi\u0173j\u0173 mokymo centre Vilniaus suaugusi\u0173j\u0173 mokymo centras\",\"breadcrumb\":{\"@id\":\"https:\\\/\\\/vsmc.lt\\\/?p=1916#breadcrumb\"},\"inLanguage\":\"lt-LT\",\"potentialAction\":[{\"@type\":\"ReadAction\",\"target\":[\"https:\\\/\\\/vsmc.lt\\\/?p=1916\"]}]},{\"@type\":\"ImageObject\",\"inLanguage\":\"lt-LT\",\"@id\":\"https:\\\/\\\/vsmc.lt\\\/?p=1916#primaryimage\",\"url\":\"http:\\\/\\\/vsmc.lt\\\/wp-content\\\/uploads\\\/2016\\\/04\\\/21\\\/IMG_8798.jpg\",\"contentUrl\":\"http:\\\/\\\/vsmc.lt\\\/wp-content\\\/uploads\\\/2016\\\/04\\\/21\\\/IMG_8798.jpg\"},{\"@type\":\"BreadcrumbList\",\"@id\":\"https:\\\/\\\/vsmc.lt\\\/?p=1916#breadcrumb\",\"itemListElement\":[{\"@type\":\"ListItem\",\"position\":1,\"name\":\"Home\",\"item\":\"https:\\\/\\\/vsmc.lt\\\/\"},{\"@type\":\"ListItem\",\"position\":2,\"name\":\"K\u016brybini\u0173 darb\u0173 konkurso \u201eKuriu, vadinasi, esu\u201c baigiamoji \u0161alies konferencija Vilniaus suaugusi\u0173j\u0173 mokymo centre\"}]},{\"@type\":\"WebSite\",\"@id\":\"https:\\\/\\\/vsmc.lt\\\/#website\",\"url\":\"https:\\\/\\\/vsmc.lt\\\/\",\"name\":\"Vilniaus suaugusi\u0173j\u0173 mokymo centras\",\"description\":\"VSMC\",\"publisher\":{\"@id\":\"https:\\\/\\\/vsmc.lt\\\/#organization\"},\"alternateName\":\"VSMC\",\"potentialAction\":[{\"@type\":\"SearchAction\",\"target\":{\"@type\":\"EntryPoint\",\"urlTemplate\":\"https:\\\/\\\/vsmc.lt\\\/?s={search_term_string}\"},\"query-input\":{\"@type\":\"PropertyValueSpecification\",\"valueRequired\":true,\"valueName\":\"search_term_string\"}}],\"inLanguage\":\"lt-LT\"},{\"@type\":\"Organization\",\"@id\":\"https:\\\/\\\/vsmc.lt\\\/#organization\",\"name\":\"Vilniaus suaugusi\u0173j\u0173 mokymo centras\",\"alternateName\":\"VSMC\",\"url\":\"https:\\\/\\\/vsmc.lt\\\/\",\"logo\":{\"@type\":\"ImageObject\",\"inLanguage\":\"lt-LT\",\"@id\":\"https:\\\/\\\/vsmc.lt\\\/#\\\/schema\\\/logo\\\/image\\\/\",\"url\":\"https:\\\/\\\/vsmc.lt\\\/wp-content\\\/uploads\\\/2016\\\/11\\\/15\\\/logo.png\",\"contentUrl\":\"https:\\\/\\\/vsmc.lt\\\/wp-content\\\/uploads\\\/2016\\\/11\\\/15\\\/logo.png\",\"width\":96,\"height\":121,\"caption\":\"Vilniaus suaugusi\u0173j\u0173 mokymo centras\"},\"image\":{\"@id\":\"https:\\\/\\\/vsmc.lt\\\/#\\\/schema\\\/logo\\\/image\\\/\"},\"sameAs\":[\"https:\\\/\\\/www.facebook.com\\\/p\\\/Vilniaus-suaugusij-mokymo-centras-VSMC-gimnazija-100034428106674\\\/\"]},{\"@type\":\"Person\",\"@id\":\"https:\\\/\\\/vsmc.lt\\\/#\\\/schema\\\/person\\\/7b79c1eab13a88fc1ed4dc6626a57f98\",\"name\":\"Birut\u0117 Kubilinskien\u0117\",\"image\":{\"@type\":\"ImageObject\",\"inLanguage\":\"lt-LT\",\"@id\":\"https:\\\/\\\/secure.gravatar.com\\\/avatar\\\/de3432602f9f0edd7dc9006aceaad7e2a3227ca56f4f6d9e4b2e2ee05a11e793?s=96&d=mm&r=g\",\"url\":\"https:\\\/\\\/secure.gravatar.com\\\/avatar\\\/de3432602f9f0edd7dc9006aceaad7e2a3227ca56f4f6d9e4b2e2ee05a11e793?s=96&d=mm&r=g\",\"contentUrl\":\"https:\\\/\\\/secure.gravatar.com\\\/avatar\\\/de3432602f9f0edd7dc9006aceaad7e2a3227ca56f4f6d9e4b2e2ee05a11e793?s=96&d=mm&r=g\",\"caption\":\"Birut\u0117 Kubilinskien\u0117\"},\"url\":\"https:\\\/\\\/vsmc.lt\\\/?author=5\"}]}<\/script>\n<!-- \/ Yoast SEO plugin. -->","yoast_head_json":{"title":"K\u016brybini\u0173 darb\u0173 konkurso \u201eKuriu, vadinasi, esu\u201c baigiamoji \u0161alies konferencija Vilniaus suaugusi\u0173j\u0173 mokymo centre Vilniaus suaugusi\u0173j\u0173 mokymo centras  - Vilniaus suaugusi\u0173j\u0173 mokymo centras","description":"K\u016brybini\u0173 darb\u0173 konkurso \u201eKuriu, vadinasi, esu\u201c baigiamoji \u0161alies konferencija Vilniaus suaugusi\u0173j\u0173 mokymo centre Vilniaus suaugusi\u0173j\u0173 mokymo centras","robots":{"index":"index","follow":"follow","max-snippet":"max-snippet:-1","max-image-preview":"max-image-preview:large","max-video-preview":"max-video-preview:-1"},"canonical":"https:\/\/vsmc.lt\/?p=1916","og_locale":"lt_LT","og_type":"article","og_title":"K\u016brybini\u0173 darb\u0173 konkurso \u201eKuriu, vadinasi, esu\u201c baigiamoji \u0161alies konferencija Vilniaus suaugusi\u0173j\u0173 mokymo centre Vilniaus suaugusi\u0173j\u0173 mokymo centras  - Vilniaus suaugusi\u0173j\u0173 mokymo centras","og_description":"K\u016brybini\u0173 darb\u0173 konkurso \u201eKuriu, vadinasi, esu\u201c baigiamoji \u0161alies konferencija Vilniaus suaugusi\u0173j\u0173 mokymo centre Vilniaus suaugusi\u0173j\u0173 mokymo centras","og_url":"https:\/\/vsmc.lt\/?p=1916","og_site_name":"Vilniaus suaugusi\u0173j\u0173 mokymo centras","article_publisher":"https:\/\/www.facebook.com\/p\/Vilniaus-suaugusij-mokymo-centras-VSMC-gimnazija-100034428106674\/","article_published_time":"2016-04-21T15:32:41+00:00","article_modified_time":"2018-04-19T06:51:13+00:00","og_image":[{"url":"http:\/\/vsmc.lt\/wp-content\/uploads\/2016\/04\/21\/IMG_8798.jpg","type":"","width":"","height":""}],"author":"Birut\u0117 Kubilinskien\u0117","twitter_card":"summary_large_image","twitter_misc":{"Written by":"Birut\u0117 Kubilinskien\u0117","Est. reading time":"4 minut\u0117s"},"schema":{"@context":"https:\/\/schema.org","@graph":[{"@type":"Article","@id":"https:\/\/vsmc.lt\/?p=1916#article","isPartOf":{"@id":"https:\/\/vsmc.lt\/?p=1916"},"author":{"name":"Birut\u0117 Kubilinskien\u0117","@id":"https:\/\/vsmc.lt\/#\/schema\/person\/7b79c1eab13a88fc1ed4dc6626a57f98"},"headline":"K\u016brybini\u0173 darb\u0173 konkurso \u201eKuriu, vadinasi, esu\u201c baigiamoji \u0161alies konferencija Vilniaus suaugusi\u0173j\u0173 mokymo centre","datePublished":"2016-04-21T15:32:41+00:00","dateModified":"2018-04-19T06:51:13+00:00","mainEntityOfPage":{"@id":"https:\/\/vsmc.lt\/?p=1916"},"wordCount":840,"publisher":{"@id":"https:\/\/vsmc.lt\/#organization"},"image":{"@id":"https:\/\/vsmc.lt\/?p=1916#primaryimage"},"thumbnailUrl":"http:\/\/vsmc.lt\/wp-content\/uploads\/2016\/04\/21\/IMG_8798.jpg","articleSection":["Naujienos"],"inLanguage":"lt-LT"},{"@type":"WebPage","@id":"https:\/\/vsmc.lt\/?p=1916","url":"https:\/\/vsmc.lt\/?p=1916","name":"K\u016brybini\u0173 darb\u0173 konkurso \u201eKuriu, vadinasi, esu\u201c baigiamoji \u0161alies konferencija Vilniaus suaugusi\u0173j\u0173 mokymo centre Vilniaus suaugusi\u0173j\u0173 mokymo centras - Vilniaus suaugusi\u0173j\u0173 mokymo centras","isPartOf":{"@id":"https:\/\/vsmc.lt\/#website"},"primaryImageOfPage":{"@id":"https:\/\/vsmc.lt\/?p=1916#primaryimage"},"image":{"@id":"https:\/\/vsmc.lt\/?p=1916#primaryimage"},"thumbnailUrl":"http:\/\/vsmc.lt\/wp-content\/uploads\/2016\/04\/21\/IMG_8798.jpg","datePublished":"2016-04-21T15:32:41+00:00","dateModified":"2018-04-19T06:51:13+00:00","description":"K\u016brybini\u0173 darb\u0173 konkurso \u201eKuriu, vadinasi, esu\u201c baigiamoji \u0161alies konferencija Vilniaus suaugusi\u0173j\u0173 mokymo centre Vilniaus suaugusi\u0173j\u0173 mokymo centras","breadcrumb":{"@id":"https:\/\/vsmc.lt\/?p=1916#breadcrumb"},"inLanguage":"lt-LT","potentialAction":[{"@type":"ReadAction","target":["https:\/\/vsmc.lt\/?p=1916"]}]},{"@type":"ImageObject","inLanguage":"lt-LT","@id":"https:\/\/vsmc.lt\/?p=1916#primaryimage","url":"http:\/\/vsmc.lt\/wp-content\/uploads\/2016\/04\/21\/IMG_8798.jpg","contentUrl":"http:\/\/vsmc.lt\/wp-content\/uploads\/2016\/04\/21\/IMG_8798.jpg"},{"@type":"BreadcrumbList","@id":"https:\/\/vsmc.lt\/?p=1916#breadcrumb","itemListElement":[{"@type":"ListItem","position":1,"name":"Home","item":"https:\/\/vsmc.lt\/"},{"@type":"ListItem","position":2,"name":"K\u016brybini\u0173 darb\u0173 konkurso \u201eKuriu, vadinasi, esu\u201c baigiamoji \u0161alies konferencija Vilniaus suaugusi\u0173j\u0173 mokymo centre"}]},{"@type":"WebSite","@id":"https:\/\/vsmc.lt\/#website","url":"https:\/\/vsmc.lt\/","name":"Vilniaus suaugusi\u0173j\u0173 mokymo centras","description":"VSMC","publisher":{"@id":"https:\/\/vsmc.lt\/#organization"},"alternateName":"VSMC","potentialAction":[{"@type":"SearchAction","target":{"@type":"EntryPoint","urlTemplate":"https:\/\/vsmc.lt\/?s={search_term_string}"},"query-input":{"@type":"PropertyValueSpecification","valueRequired":true,"valueName":"search_term_string"}}],"inLanguage":"lt-LT"},{"@type":"Organization","@id":"https:\/\/vsmc.lt\/#organization","name":"Vilniaus suaugusi\u0173j\u0173 mokymo centras","alternateName":"VSMC","url":"https:\/\/vsmc.lt\/","logo":{"@type":"ImageObject","inLanguage":"lt-LT","@id":"https:\/\/vsmc.lt\/#\/schema\/logo\/image\/","url":"https:\/\/vsmc.lt\/wp-content\/uploads\/2016\/11\/15\/logo.png","contentUrl":"https:\/\/vsmc.lt\/wp-content\/uploads\/2016\/11\/15\/logo.png","width":96,"height":121,"caption":"Vilniaus suaugusi\u0173j\u0173 mokymo centras"},"image":{"@id":"https:\/\/vsmc.lt\/#\/schema\/logo\/image\/"},"sameAs":["https:\/\/www.facebook.com\/p\/Vilniaus-suaugusij-mokymo-centras-VSMC-gimnazija-100034428106674\/"]},{"@type":"Person","@id":"https:\/\/vsmc.lt\/#\/schema\/person\/7b79c1eab13a88fc1ed4dc6626a57f98","name":"Birut\u0117 Kubilinskien\u0117","image":{"@type":"ImageObject","inLanguage":"lt-LT","@id":"https:\/\/secure.gravatar.com\/avatar\/de3432602f9f0edd7dc9006aceaad7e2a3227ca56f4f6d9e4b2e2ee05a11e793?s=96&d=mm&r=g","url":"https:\/\/secure.gravatar.com\/avatar\/de3432602f9f0edd7dc9006aceaad7e2a3227ca56f4f6d9e4b2e2ee05a11e793?s=96&d=mm&r=g","contentUrl":"https:\/\/secure.gravatar.com\/avatar\/de3432602f9f0edd7dc9006aceaad7e2a3227ca56f4f6d9e4b2e2ee05a11e793?s=96&d=mm&r=g","caption":"Birut\u0117 Kubilinskien\u0117"},"url":"https:\/\/vsmc.lt\/?author=5"}]}},"_links":{"self":[{"href":"https:\/\/vsmc.lt\/index.php?rest_route=\/wp\/v2\/posts\/1916","targetHints":{"allow":["GET"]}}],"collection":[{"href":"https:\/\/vsmc.lt\/index.php?rest_route=\/wp\/v2\/posts"}],"about":[{"href":"https:\/\/vsmc.lt\/index.php?rest_route=\/wp\/v2\/types\/post"}],"author":[{"embeddable":true,"href":"https:\/\/vsmc.lt\/index.php?rest_route=\/wp\/v2\/users\/5"}],"replies":[{"embeddable":true,"href":"https:\/\/vsmc.lt\/index.php?rest_route=%2Fwp%2Fv2%2Fcomments&post=1916"}],"version-history":[{"count":1,"href":"https:\/\/vsmc.lt\/index.php?rest_route=\/wp\/v2\/posts\/1916\/revisions"}],"predecessor-version":[{"id":3866,"href":"https:\/\/vsmc.lt\/index.php?rest_route=\/wp\/v2\/posts\/1916\/revisions\/3866"}],"wp:attachment":[{"href":"https:\/\/vsmc.lt\/index.php?rest_route=%2Fwp%2Fv2%2Fmedia&parent=1916"}],"wp:term":[{"taxonomy":"category","embeddable":true,"href":"https:\/\/vsmc.lt\/index.php?rest_route=%2Fwp%2Fv2%2Fcategories&post=1916"},{"taxonomy":"post_tag","embeddable":true,"href":"https:\/\/vsmc.lt\/index.php?rest_route=%2Fwp%2Fv2%2Ftags&post=1916"}],"curies":[{"name":"wp","href":"https:\/\/api.w.org\/{rel}","templated":true}]}}