{"id":2093,"date":"2016-09-05T18:17:20","date_gmt":"2016-09-05T15:17:20","guid":{"rendered":"http:\/\/vsmc.lt\/?p=2093"},"modified":"2018-04-19T09:51:12","modified_gmt":"2018-04-19T06:51:12","slug":"prasidejo-nauji-mokslo-metai","status":"publish","type":"post","link":"https:\/\/vsmc.lt\/?p=2093","title":{"rendered":"Prasid\u0117jo nauji mokslo metai"},"content":{"rendered":"<p>Lietuvos himnu prasid\u0117jo rugs\u0117jo 1-oji \u2013 Mokslo ir \u017eini\u0173 diena. Mokslo metus m\u016bs\u0173 gimnazijoje prad\u0117jo \u012fvairi\u0173 tautybi\u0173 ir \u012fvairaus am\u017eiaus asmenys. \u0160alia jaunuoli\u0173 galima buvo matyti ir brandesnio am\u017eiaus mokini\u0173, o kai kuriuos \u012f \u0161vent\u0119 atlyd\u0117jo ir j\u0173 at\u017ealos. Vilniaus suaugusi\u0173 mokymo centre taip pat mokosi ir atvyk\u0119 i\u0161 svetur \u017emon\u0117s, turintys leidim\u0105 gyventi Lietuvoje. Vis\u0173 j\u0173 laukia ir yra pasiruo\u0161\u0119 pad\u0117ti profesional\u016bs ir kompetentingi andragogai.<\/p>\n<p>Gimnazijos direktor\u0117 Natalja Kimso tardama sveikinimo \u017eod\u012f link\u0117jo visiems mokiniams atkaklaus mokymosi, kur\u012f lyd\u0117t\u0173 s\u0117km\u0117, kviet\u0117 \u012fsilieti \u012f darni\u0105 VSMC bendruomen\u0119, glaud\u017eiai bendrauti ir bendradarbiauti su mokytojais, kurie pasireng\u0119 suprasti ir \u012fvertinti kiekvieno mokinio individuali\u0105 patirt\u012f bei poreikius ir tuo vadovaujantis pad\u0117ti siekti asmenin\u0117s pa\u017eangos.<\/p>\n<p>Gimnazijos mokini\u0173 vardu naujai priimtuosius pasveikino III klas\u0117s mokinys Tomas Stasiulionis ir susipa\u017einimui pakviet\u0117 \u00a0pa\u017ei\u016br\u0117ti buvusi\u0173 gimnazijos mokini\u0173 sukurt\u0105 informacin\u012f filmuk\u0105 apie VSMC.<\/p>\n<p>Po i\u0161kilmi\u0173 visi mokiniai pirmajai pamokai sugu\u017e\u0117jo \u012f klases.<\/p>\n<p><img loading=\"lazy\" decoding=\"async\" class=\"\" src=\"https:\/\/vsmc.lt\/wp-content\/uploads\/2016\/09\/12\/IMG_20160901_180711.jpg\" alt=\"\" width=\"267\" height=\"474\" \/><\/p>\n<p><img loading=\"lazy\" decoding=\"async\" class=\"\" src=\"https:\/\/vsmc.lt\/wp-content\/uploads\/2016\/09\/12\/IMG_20160901_180734.jpg\" alt=\"\" width=\"503\" height=\"283\" \/><\/p>\n<p><img loading=\"lazy\" decoding=\"async\" class=\"\" src=\"https:\/\/vsmc.lt\/wp-content\/uploads\/2016\/09\/12\/IMG_20160901_181439.jpg\" alt=\"\" width=\"256\" height=\"455\" \/><\/p>\n<p><img loading=\"lazy\" decoding=\"async\" class=\"\" src=\"https:\/\/vsmc.lt\/wp-content\/uploads\/2016\/09\/12\/IMG_20160901_181353.jpg\" alt=\"\" width=\"259\" height=\"460\" \/><\/p>\n<p><img loading=\"lazy\" decoding=\"async\" class=\"\" src=\"https:\/\/vsmc.lt\/wp-content\/uploads\/2016\/09\/12\/IMG_20160901_182814.jpg\" alt=\"\" width=\"544\" height=\"306\" \/><\/p>\n","protected":false},"excerpt":{"rendered":"<p>Lietuvos himnu prasid\u0117jo rugs\u0117jo 1-oji \u2013 Mokslo ir \u017eini\u0173 diena. Mokslo metus m\u016bs\u0173 gimnazijoje prad\u0117jo \u012fvairi\u0173 tautybi\u0173 ir \u012fvairaus am\u017eiaus asmenys. \u0160alia jaunuoli\u0173 galima buvo matyti ir brandesnio am\u017eiaus mokini\u0173, o kai kuriuos \u012f \u0161vent\u0119 atlyd\u0117jo ir j\u0173 at\u017ealos. Vilniaus suaugusi\u0173 mokymo centre taip pat mokosi ir atvyk\u0119 i\u0161 svetur \u017emon\u0117s, turintys leidim\u0105 gyventi Lietuvoje. [&hellip;]<\/p>\n","protected":false},"author":1,"featured_media":0,"comment_status":"closed","ping_status":"closed","sticky":false,"template":"","format":"standard","meta":{"footnotes":""},"categories":[1],"tags":[],"class_list":["post-2093","post","type-post","status-publish","format-standard","hentry","category-naujienos"],"yoast_head":"<!-- This site is optimized with the Yoast SEO plugin v27.5 - https:\/\/yoast.com\/product\/yoast-seo-wordpress\/ -->\n<title>Prasid\u0117jo nauji mokslo metai Vilniaus suaugusi\u0173j\u0173 mokymo centras  - Vilniaus suaugusi\u0173j\u0173 mokymo centras<\/title>\n<meta name=\"description\" content=\"Prasid\u0117jo nauji mokslo metai Vilniaus suaugusi\u0173j\u0173 mokymo centras\" \/>\n<meta name=\"robots\" content=\"index, follow, max-snippet:-1, max-image-preview:large, max-video-preview:-1\" \/>\n<link rel=\"canonical\" href=\"https:\/\/vsmc.lt\/?p=2093\" \/>\n<meta property=\"og:locale\" content=\"lt_LT\" \/>\n<meta property=\"og:type\" content=\"article\" \/>\n<meta property=\"og:title\" content=\"Prasid\u0117jo nauji mokslo metai Vilniaus suaugusi\u0173j\u0173 mokymo centras  - Vilniaus suaugusi\u0173j\u0173 mokymo centras\" \/>\n<meta property=\"og:description\" content=\"Prasid\u0117jo nauji mokslo metai Vilniaus suaugusi\u0173j\u0173 mokymo centras\" \/>\n<meta property=\"og:url\" content=\"https:\/\/vsmc.lt\/?p=2093\" \/>\n<meta property=\"og:site_name\" content=\"Vilniaus suaugusi\u0173j\u0173 mokymo centras\" \/>\n<meta property=\"article:publisher\" content=\"https:\/\/www.facebook.com\/p\/Vilniaus-suaugusij-mokymo-centras-VSMC-gimnazija-100034428106674\/\" \/>\n<meta property=\"article:published_time\" content=\"2016-09-05T15:17:20+00:00\" \/>\n<meta property=\"article:modified_time\" content=\"2018-04-19T06:51:12+00:00\" \/>\n<meta property=\"og:image\" content=\"http:\/\/vsmc.lt\/wp-content\/uploads\/2016\/09\/12\/IMG_20160901_180711.jpg\" \/>\n<meta name=\"author\" content=\"vsmc\" \/>\n<meta name=\"twitter:card\" content=\"summary_large_image\" \/>\n<meta name=\"twitter:label1\" content=\"Written by\" \/>\n\t<meta name=\"twitter:data1\" content=\"vsmc\" \/>\n\t<meta name=\"twitter:label2\" content=\"Est. reading time\" \/>\n\t<meta name=\"twitter:data2\" content=\"1 minut\u0117\" \/>\n<script type=\"application\/ld+json\" class=\"yoast-schema-graph\">{\"@context\":\"https:\\\/\\\/schema.org\",\"@graph\":[{\"@type\":\"Article\",\"@id\":\"https:\\\/\\\/vsmc.lt\\\/?p=2093#article\",\"isPartOf\":{\"@id\":\"https:\\\/\\\/vsmc.lt\\\/?p=2093\"},\"author\":{\"name\":\"vsmc\",\"@id\":\"https:\\\/\\\/vsmc.lt\\\/#\\\/schema\\\/person\\\/f908112af7b3b7eb0f58e68efc84ed3b\"},\"headline\":\"Prasid\u0117jo nauji mokslo metai\",\"datePublished\":\"2016-09-05T15:17:20+00:00\",\"dateModified\":\"2018-04-19T06:51:12+00:00\",\"mainEntityOfPage\":{\"@id\":\"https:\\\/\\\/vsmc.lt\\\/?p=2093\"},\"wordCount\":169,\"publisher\":{\"@id\":\"https:\\\/\\\/vsmc.lt\\\/#organization\"},\"image\":{\"@id\":\"https:\\\/\\\/vsmc.lt\\\/?p=2093#primaryimage\"},\"thumbnailUrl\":\"http:\\\/\\\/vsmc.lt\\\/wp-content\\\/uploads\\\/2016\\\/09\\\/12\\\/IMG_20160901_180711.jpg\",\"articleSection\":[\"Naujienos\"],\"inLanguage\":\"lt-LT\"},{\"@type\":\"WebPage\",\"@id\":\"https:\\\/\\\/vsmc.lt\\\/?p=2093\",\"url\":\"https:\\\/\\\/vsmc.lt\\\/?p=2093\",\"name\":\"Prasid\u0117jo nauji mokslo metai Vilniaus suaugusi\u0173j\u0173 mokymo centras - Vilniaus suaugusi\u0173j\u0173 mokymo centras\",\"isPartOf\":{\"@id\":\"https:\\\/\\\/vsmc.lt\\\/#website\"},\"primaryImageOfPage\":{\"@id\":\"https:\\\/\\\/vsmc.lt\\\/?p=2093#primaryimage\"},\"image\":{\"@id\":\"https:\\\/\\\/vsmc.lt\\\/?p=2093#primaryimage\"},\"thumbnailUrl\":\"http:\\\/\\\/vsmc.lt\\\/wp-content\\\/uploads\\\/2016\\\/09\\\/12\\\/IMG_20160901_180711.jpg\",\"datePublished\":\"2016-09-05T15:17:20+00:00\",\"dateModified\":\"2018-04-19T06:51:12+00:00\",\"description\":\"Prasid\u0117jo nauji mokslo metai Vilniaus suaugusi\u0173j\u0173 mokymo centras\",\"breadcrumb\":{\"@id\":\"https:\\\/\\\/vsmc.lt\\\/?p=2093#breadcrumb\"},\"inLanguage\":\"lt-LT\",\"potentialAction\":[{\"@type\":\"ReadAction\",\"target\":[\"https:\\\/\\\/vsmc.lt\\\/?p=2093\"]}]},{\"@type\":\"ImageObject\",\"inLanguage\":\"lt-LT\",\"@id\":\"https:\\\/\\\/vsmc.lt\\\/?p=2093#primaryimage\",\"url\":\"http:\\\/\\\/vsmc.lt\\\/wp-content\\\/uploads\\\/2016\\\/09\\\/12\\\/IMG_20160901_180711.jpg\",\"contentUrl\":\"http:\\\/\\\/vsmc.lt\\\/wp-content\\\/uploads\\\/2016\\\/09\\\/12\\\/IMG_20160901_180711.jpg\"},{\"@type\":\"BreadcrumbList\",\"@id\":\"https:\\\/\\\/vsmc.lt\\\/?p=2093#breadcrumb\",\"itemListElement\":[{\"@type\":\"ListItem\",\"position\":1,\"name\":\"Home\",\"item\":\"https:\\\/\\\/vsmc.lt\\\/\"},{\"@type\":\"ListItem\",\"position\":2,\"name\":\"Prasid\u0117jo nauji mokslo metai\"}]},{\"@type\":\"WebSite\",\"@id\":\"https:\\\/\\\/vsmc.lt\\\/#website\",\"url\":\"https:\\\/\\\/vsmc.lt\\\/\",\"name\":\"Vilniaus suaugusi\u0173j\u0173 mokymo centras\",\"description\":\"VSMC\",\"publisher\":{\"@id\":\"https:\\\/\\\/vsmc.lt\\\/#organization\"},\"alternateName\":\"VSMC\",\"potentialAction\":[{\"@type\":\"SearchAction\",\"target\":{\"@type\":\"EntryPoint\",\"urlTemplate\":\"https:\\\/\\\/vsmc.lt\\\/?s={search_term_string}\"},\"query-input\":{\"@type\":\"PropertyValueSpecification\",\"valueRequired\":true,\"valueName\":\"search_term_string\"}}],\"inLanguage\":\"lt-LT\"},{\"@type\":\"Organization\",\"@id\":\"https:\\\/\\\/vsmc.lt\\\/#organization\",\"name\":\"Vilniaus suaugusi\u0173j\u0173 mokymo centras\",\"alternateName\":\"VSMC\",\"url\":\"https:\\\/\\\/vsmc.lt\\\/\",\"logo\":{\"@type\":\"ImageObject\",\"inLanguage\":\"lt-LT\",\"@id\":\"https:\\\/\\\/vsmc.lt\\\/#\\\/schema\\\/logo\\\/image\\\/\",\"url\":\"https:\\\/\\\/vsmc.lt\\\/wp-content\\\/uploads\\\/2016\\\/11\\\/15\\\/logo.png\",\"contentUrl\":\"https:\\\/\\\/vsmc.lt\\\/wp-content\\\/uploads\\\/2016\\\/11\\\/15\\\/logo.png\",\"width\":96,\"height\":121,\"caption\":\"Vilniaus suaugusi\u0173j\u0173 mokymo centras\"},\"image\":{\"@id\":\"https:\\\/\\\/vsmc.lt\\\/#\\\/schema\\\/logo\\\/image\\\/\"},\"sameAs\":[\"https:\\\/\\\/www.facebook.com\\\/p\\\/Vilniaus-suaugusij-mokymo-centras-VSMC-gimnazija-100034428106674\\\/\"]},{\"@type\":\"Person\",\"@id\":\"https:\\\/\\\/vsmc.lt\\\/#\\\/schema\\\/person\\\/f908112af7b3b7eb0f58e68efc84ed3b\",\"name\":\"vsmc\",\"image\":{\"@type\":\"ImageObject\",\"inLanguage\":\"lt-LT\",\"@id\":\"https:\\\/\\\/secure.gravatar.com\\\/avatar\\\/c98f8cf094a0c3815db557f5d303882682ae3622ba8eff672c992e55217b1a89?s=96&d=mm&r=g\",\"url\":\"https:\\\/\\\/secure.gravatar.com\\\/avatar\\\/c98f8cf094a0c3815db557f5d303882682ae3622ba8eff672c992e55217b1a89?s=96&d=mm&r=g\",\"contentUrl\":\"https:\\\/\\\/secure.gravatar.com\\\/avatar\\\/c98f8cf094a0c3815db557f5d303882682ae3622ba8eff672c992e55217b1a89?s=96&d=mm&r=g\",\"caption\":\"vsmc\"},\"url\":\"https:\\\/\\\/vsmc.lt\\\/?author=1\"}]}<\/script>\n<!-- \/ Yoast SEO plugin. -->","yoast_head_json":{"title":"Prasid\u0117jo nauji mokslo metai Vilniaus suaugusi\u0173j\u0173 mokymo centras  - Vilniaus suaugusi\u0173j\u0173 mokymo centras","description":"Prasid\u0117jo nauji mokslo metai Vilniaus suaugusi\u0173j\u0173 mokymo centras","robots":{"index":"index","follow":"follow","max-snippet":"max-snippet:-1","max-image-preview":"max-image-preview:large","max-video-preview":"max-video-preview:-1"},"canonical":"https:\/\/vsmc.lt\/?p=2093","og_locale":"lt_LT","og_type":"article","og_title":"Prasid\u0117jo nauji mokslo metai Vilniaus suaugusi\u0173j\u0173 mokymo centras  - Vilniaus suaugusi\u0173j\u0173 mokymo centras","og_description":"Prasid\u0117jo nauji mokslo metai Vilniaus suaugusi\u0173j\u0173 mokymo centras","og_url":"https:\/\/vsmc.lt\/?p=2093","og_site_name":"Vilniaus suaugusi\u0173j\u0173 mokymo centras","article_publisher":"https:\/\/www.facebook.com\/p\/Vilniaus-suaugusij-mokymo-centras-VSMC-gimnazija-100034428106674\/","article_published_time":"2016-09-05T15:17:20+00:00","article_modified_time":"2018-04-19T06:51:12+00:00","og_image":[{"url":"http:\/\/vsmc.lt\/wp-content\/uploads\/2016\/09\/12\/IMG_20160901_180711.jpg","type":"","width":"","height":""}],"author":"vsmc","twitter_card":"summary_large_image","twitter_misc":{"Written by":"vsmc","Est. reading time":"1 minut\u0117"},"schema":{"@context":"https:\/\/schema.org","@graph":[{"@type":"Article","@id":"https:\/\/vsmc.lt\/?p=2093#article","isPartOf":{"@id":"https:\/\/vsmc.lt\/?p=2093"},"author":{"name":"vsmc","@id":"https:\/\/vsmc.lt\/#\/schema\/person\/f908112af7b3b7eb0f58e68efc84ed3b"},"headline":"Prasid\u0117jo nauji mokslo metai","datePublished":"2016-09-05T15:17:20+00:00","dateModified":"2018-04-19T06:51:12+00:00","mainEntityOfPage":{"@id":"https:\/\/vsmc.lt\/?p=2093"},"wordCount":169,"publisher":{"@id":"https:\/\/vsmc.lt\/#organization"},"image":{"@id":"https:\/\/vsmc.lt\/?p=2093#primaryimage"},"thumbnailUrl":"http:\/\/vsmc.lt\/wp-content\/uploads\/2016\/09\/12\/IMG_20160901_180711.jpg","articleSection":["Naujienos"],"inLanguage":"lt-LT"},{"@type":"WebPage","@id":"https:\/\/vsmc.lt\/?p=2093","url":"https:\/\/vsmc.lt\/?p=2093","name":"Prasid\u0117jo nauji mokslo metai Vilniaus suaugusi\u0173j\u0173 mokymo centras - Vilniaus suaugusi\u0173j\u0173 mokymo centras","isPartOf":{"@id":"https:\/\/vsmc.lt\/#website"},"primaryImageOfPage":{"@id":"https:\/\/vsmc.lt\/?p=2093#primaryimage"},"image":{"@id":"https:\/\/vsmc.lt\/?p=2093#primaryimage"},"thumbnailUrl":"http:\/\/vsmc.lt\/wp-content\/uploads\/2016\/09\/12\/IMG_20160901_180711.jpg","datePublished":"2016-09-05T15:17:20+00:00","dateModified":"2018-04-19T06:51:12+00:00","description":"Prasid\u0117jo nauji mokslo metai Vilniaus suaugusi\u0173j\u0173 mokymo centras","breadcrumb":{"@id":"https:\/\/vsmc.lt\/?p=2093#breadcrumb"},"inLanguage":"lt-LT","potentialAction":[{"@type":"ReadAction","target":["https:\/\/vsmc.lt\/?p=2093"]}]},{"@type":"ImageObject","inLanguage":"lt-LT","@id":"https:\/\/vsmc.lt\/?p=2093#primaryimage","url":"http:\/\/vsmc.lt\/wp-content\/uploads\/2016\/09\/12\/IMG_20160901_180711.jpg","contentUrl":"http:\/\/vsmc.lt\/wp-content\/uploads\/2016\/09\/12\/IMG_20160901_180711.jpg"},{"@type":"BreadcrumbList","@id":"https:\/\/vsmc.lt\/?p=2093#breadcrumb","itemListElement":[{"@type":"ListItem","position":1,"name":"Home","item":"https:\/\/vsmc.lt\/"},{"@type":"ListItem","position":2,"name":"Prasid\u0117jo nauji mokslo metai"}]},{"@type":"WebSite","@id":"https:\/\/vsmc.lt\/#website","url":"https:\/\/vsmc.lt\/","name":"Vilniaus suaugusi\u0173j\u0173 mokymo centras","description":"VSMC","publisher":{"@id":"https:\/\/vsmc.lt\/#organization"},"alternateName":"VSMC","potentialAction":[{"@type":"SearchAction","target":{"@type":"EntryPoint","urlTemplate":"https:\/\/vsmc.lt\/?s={search_term_string}"},"query-input":{"@type":"PropertyValueSpecification","valueRequired":true,"valueName":"search_term_string"}}],"inLanguage":"lt-LT"},{"@type":"Organization","@id":"https:\/\/vsmc.lt\/#organization","name":"Vilniaus suaugusi\u0173j\u0173 mokymo centras","alternateName":"VSMC","url":"https:\/\/vsmc.lt\/","logo":{"@type":"ImageObject","inLanguage":"lt-LT","@id":"https:\/\/vsmc.lt\/#\/schema\/logo\/image\/","url":"https:\/\/vsmc.lt\/wp-content\/uploads\/2016\/11\/15\/logo.png","contentUrl":"https:\/\/vsmc.lt\/wp-content\/uploads\/2016\/11\/15\/logo.png","width":96,"height":121,"caption":"Vilniaus suaugusi\u0173j\u0173 mokymo centras"},"image":{"@id":"https:\/\/vsmc.lt\/#\/schema\/logo\/image\/"},"sameAs":["https:\/\/www.facebook.com\/p\/Vilniaus-suaugusij-mokymo-centras-VSMC-gimnazija-100034428106674\/"]},{"@type":"Person","@id":"https:\/\/vsmc.lt\/#\/schema\/person\/f908112af7b3b7eb0f58e68efc84ed3b","name":"vsmc","image":{"@type":"ImageObject","inLanguage":"lt-LT","@id":"https:\/\/secure.gravatar.com\/avatar\/c98f8cf094a0c3815db557f5d303882682ae3622ba8eff672c992e55217b1a89?s=96&d=mm&r=g","url":"https:\/\/secure.gravatar.com\/avatar\/c98f8cf094a0c3815db557f5d303882682ae3622ba8eff672c992e55217b1a89?s=96&d=mm&r=g","contentUrl":"https:\/\/secure.gravatar.com\/avatar\/c98f8cf094a0c3815db557f5d303882682ae3622ba8eff672c992e55217b1a89?s=96&d=mm&r=g","caption":"vsmc"},"url":"https:\/\/vsmc.lt\/?author=1"}]}},"_links":{"self":[{"href":"https:\/\/vsmc.lt\/index.php?rest_route=\/wp\/v2\/posts\/2093","targetHints":{"allow":["GET"]}}],"collection":[{"href":"https:\/\/vsmc.lt\/index.php?rest_route=\/wp\/v2\/posts"}],"about":[{"href":"https:\/\/vsmc.lt\/index.php?rest_route=\/wp\/v2\/types\/post"}],"author":[{"embeddable":true,"href":"https:\/\/vsmc.lt\/index.php?rest_route=\/wp\/v2\/users\/1"}],"replies":[{"embeddable":true,"href":"https:\/\/vsmc.lt\/index.php?rest_route=%2Fwp%2Fv2%2Fcomments&post=2093"}],"version-history":[{"count":1,"href":"https:\/\/vsmc.lt\/index.php?rest_route=\/wp\/v2\/posts\/2093\/revisions"}],"predecessor-version":[{"id":3857,"href":"https:\/\/vsmc.lt\/index.php?rest_route=\/wp\/v2\/posts\/2093\/revisions\/3857"}],"wp:attachment":[{"href":"https:\/\/vsmc.lt\/index.php?rest_route=%2Fwp%2Fv2%2Fmedia&parent=2093"}],"wp:term":[{"taxonomy":"category","embeddable":true,"href":"https:\/\/vsmc.lt\/index.php?rest_route=%2Fwp%2Fv2%2Fcategories&post=2093"},{"taxonomy":"post_tag","embeddable":true,"href":"https:\/\/vsmc.lt\/index.php?rest_route=%2Fwp%2Fv2%2Ftags&post=2093"}],"curies":[{"name":"wp","href":"https:\/\/api.w.org\/{rel}","templated":true}]}}