{"id":2215,"date":"2016-09-28T18:53:09","date_gmt":"2016-09-28T15:53:09","guid":{"rendered":"http:\/\/vsmc.lt\/?p=2215"},"modified":"2018-04-19T09:51:11","modified_gmt":"2018-04-19T06:51:11","slug":"europos-kalbu-diena","status":"publish","type":"post","link":"https:\/\/vsmc.lt\/?p=2215","title":{"rendered":"Europos kalb\u0173 diena"},"content":{"rendered":"<p>VSMC\u00a0 mokytojai ir mokiniai rugs\u0117jo 26-\u0105j\u0105 susirinko pamin\u0117ti Europos kalb\u0173 dien\u0105, kuri\u0105 2001 metais inicijavo Europos Komisija. \u0160ios \u0161vent\u0117s tikslas yra atkreipti visuomen\u0117s d\u0117mes\u012f \u012f kalb\u0173 \u012fvairov\u0119 Europoje. I\u0161 ties\u0173 Europoje yra net 23 oficialios kalbos, bet kalb\u0173, kuriomis kalba vietos gyventoj\u0173 bendruomen\u0117s, suskai\u010diuojama \u017eymiai daugiau \u2013 net per 60.<\/p>\n<p>Rengin\u012f ved\u0117 12 klas\u0117s mokiniai. Vis\u0173 pirma susirinkusiems buvo pristatyta Europos kalb\u0173 kilm\u0117 pagal indoeuropie\u010di\u0173 kalb\u0173 med\u012f. Indoeuropie\u010di\u0173 kalboms priklauso daugelis Europos kalb\u0173, taip pat daug kalb\u0173 pietvakari\u0173, centrin\u0117je ir piet\u0173 Azijoje.<\/p>\n<p>Indoeuropie\u010di\u0173 prokalb\u0117 \u2013 viena i\u0161 gausiausi\u0173 kalb\u0173 \u0161eim\u0173, j\u0105 sudaro daugiau nei 400 kalb\u0173, kuriomis \u0161neka apie 3 milijardus \u017emoni\u0173.<\/p>\n<p>V\u0117liau renginio ved\u0117jai supa\u017eindino su naujausiais kalb\u0173 tyrin\u0117jimo faktais. Kembrid\u017eo ir Oksfordo universitet\u0173 mokslininkai, pasitelk\u0119 naujausi\u0105 technologij\u0105, pasisteng\u0117 atkurti, kaip realiai skamb\u0117jo prie\u0161 8000 met\u0173 gyvavusi indoeuropie\u010di\u0173 prokalb\u0117. Kompiuteris simuliavo seniai i\u0161nykusios ir nepalikusios joki\u0173 ra\u0161ytini\u0173 \u0161altini\u0173 kalbos garsus. Britams jie atrodo keisti. Lietuviui \u2013 visi\u0161kai suprantami. Nors tyr\u0117j\u0173 ataskaitoje niekur net neu\u017esimenama apie lietuvi\u0173 kalb\u0105, \u00a0pakanka paklausyti, kaip kompiuteris dabartinius angli\u0161kus skai\u010dius i\u0161taria sen\u0105ja indoeuropie\u010di\u0173 prokalbe, nelieka joki\u0173 abejoni\u0173. Labai ai\u0161kiai girdima \u201etrys\u201c, \u201eduo\u201c, \u201ede\u0161im\u201c, \u201epenki\u201c \u2013 b\u016btent taip nuskamba dabartiniai angl\u0173 kalbos skai\u010diai, kai kompiuteris juos i\u0161taria sen\u0105ja kalba. Susidom\u0117j\u0119 dalyviai gal\u0117jo paklausyti \u0161i\u0173 \u012fra\u0161\u0173.<\/p>\n<p>Kalb\u0173 mok\u0117jimas \u2013 siektinas dalykas bet kuriam i\u0161silavinusiam \u017emogui, tod\u0117l visi gal\u0117jo ne tik artimiau susipa\u017einti su pagrindin\u0117mis Europos kalbomis, bet ir pramokti pa\u010di\u0173 svarbiausi\u0173 frazi\u0173. \u0160iuo atveju m\u016bs\u0173 mokyklos mokiniai \u2013 u\u017esienie\u010diai mok\u0117 kitus kalb\u0117ti \u012fvairiomis kalbomis: rus\u0173, baltarusi\u0173, lenk\u0173, arm\u0117n\u0173, rumun\u0173, ispan\u0173, kin\u0173, angl\u0173 bei vokie\u010di\u0173. Renginio dalyviai mok\u0117si pa\u010di\u0173 reikalingiausi\u0173 frazi\u0173: kaip pasisveikinti, pasakyti savo vard\u0105, paklausti, kiek kainuoja, kaip sekasi ar atsisveikinti.<\/p>\n<p>Pabaigoje i\u0161lyginamosios 1 b klas\u0117s mokiniai \u2013 u\u017esienie\u010diai, kurie dar tik m\u0117nes\u012f mokosi lietuvi\u0173 kalbos, drauge padainavo Vytauto Kernagio dain\u0105 \u201eI\u0161einu\u201c. Renginio ved\u0117jai visus dalyvius pakviet\u0117 bendrai nuotraukai.<\/p>\n<p>Pagal Europos kalb\u0173 politik\u0105, gimtoji kalba reikalinga identitetui, angl\u0173 kalba \u2013 komunikacijai, o norint b\u016bti tikru europie\u010diu reikia mok\u0117ti dar bent vien\u0105 ar dvi kalbas. O j\u0173 mokytis galima vis\u0105 gyvenim\u0105.<\/p>\n<p>Pareng\u0117 lietuvi\u0173 kalbos\u00a0 mokytoja metodinink\u0117 Vita Budinien\u0117<\/p>\n<p><img loading=\"lazy\" decoding=\"async\" class=\"wp-image-2262 alignleft\" src=\"https:\/\/vsmc.lt\/wp-content\/uploads\/2016\/09\/28\/europos-kalb\u0173-medis-e1475566731204.jpg\" width=\"399\" height=\"288\" \/> <img loading=\"lazy\" decoding=\"async\" class=\"wp-image-2263 alignleft\" src=\"https:\/\/vsmc.lt\/wp-content\/uploads\/2016\/09\/28\/ukrainie\u010di\u0173-kalba-e1475566435947.jpg\" alt=\"ukrainieciu-kalba\" width=\"399\" height=\"242\" \/><\/p>\n<p><img loading=\"lazy\" decoding=\"async\" class=\"alignnone wp-image-2212\" src=\"https:\/\/vsmc.lt\/wp-content\/uploads\/2016\/10\/03\/DSC06906-480x360.jpg\" alt=\"dsc06906\" width=\"610\" height=\"457\" srcset=\"https:\/\/vsmc.lt\/wp-content\/uploads\/2016\/10\/03\/DSC06906-480x360.jpg 480w, https:\/\/vsmc.lt\/wp-content\/uploads\/2016\/10\/03\/DSC06906-768x576.jpg 768w, https:\/\/vsmc.lt\/wp-content\/uploads\/2016\/10\/03\/DSC06906-960x720.jpg 960w, https:\/\/vsmc.lt\/wp-content\/uploads\/2016\/10\/03\/DSC06906-950x713.jpg 950w, https:\/\/vsmc.lt\/wp-content\/uploads\/2016\/10\/03\/DSC06906-450x338.jpg 450w\" sizes=\"auto, (max-width: 610px) 100vw, 610px\" \/><\/p>\n<p><img decoding=\"async\" src=\"https:\/\/vsmc.lt\/wp-content\/uploads\/2016\/10\/03\/europos-kalb%C5%B3-diena-gera.jpg\" alt=\"\" \/><\/p>\n<p>&nbsp;<\/p>\n<p>&nbsp;<\/p>\n<p>&nbsp;<\/p>\n","protected":false},"excerpt":{"rendered":"<p>VSMC\u00a0 mokytojai ir mokiniai rugs\u0117jo 26-\u0105j\u0105 susirinko pamin\u0117ti Europos kalb\u0173 dien\u0105, kuri\u0105 2001 metais inicijavo Europos Komisija. \u0160ios \u0161vent\u0117s tikslas yra atkreipti visuomen\u0117s d\u0117mes\u012f \u012f kalb\u0173 \u012fvairov\u0119 Europoje. I\u0161 ties\u0173 Europoje yra net 23 oficialios kalbos, bet kalb\u0173, kuriomis kalba vietos gyventoj\u0173 bendruomen\u0117s, suskai\u010diuojama \u017eymiai daugiau \u2013 net per 60. Rengin\u012f ved\u0117 12 klas\u0117s mokiniai. [&hellip;]<\/p>\n","protected":false},"author":1,"featured_media":0,"comment_status":"closed","ping_status":"closed","sticky":false,"template":"","format":"standard","meta":{"footnotes":""},"categories":[1],"tags":[],"class_list":["post-2215","post","type-post","status-publish","format-standard","hentry","category-naujienos"],"yoast_head":"<!-- This site is optimized with the Yoast SEO plugin v27.5 - https:\/\/yoast.com\/product\/yoast-seo-wordpress\/ -->\n<title>Europos kalb\u0173 diena Vilniaus suaugusi\u0173j\u0173 mokymo centras  - Vilniaus suaugusi\u0173j\u0173 mokymo centras<\/title>\n<meta name=\"description\" content=\"Europos kalb\u0173 diena Vilniaus suaugusi\u0173j\u0173 mokymo centras\" \/>\n<meta name=\"robots\" content=\"index, follow, max-snippet:-1, max-image-preview:large, max-video-preview:-1\" \/>\n<link rel=\"canonical\" href=\"https:\/\/vsmc.lt\/?p=2215\" \/>\n<meta property=\"og:locale\" content=\"lt_LT\" \/>\n<meta property=\"og:type\" content=\"article\" \/>\n<meta property=\"og:title\" content=\"Europos kalb\u0173 diena Vilniaus suaugusi\u0173j\u0173 mokymo centras  - Vilniaus suaugusi\u0173j\u0173 mokymo centras\" \/>\n<meta property=\"og:description\" content=\"Europos kalb\u0173 diena Vilniaus suaugusi\u0173j\u0173 mokymo centras\" \/>\n<meta property=\"og:url\" content=\"https:\/\/vsmc.lt\/?p=2215\" \/>\n<meta property=\"og:site_name\" content=\"Vilniaus suaugusi\u0173j\u0173 mokymo centras\" \/>\n<meta property=\"article:publisher\" content=\"https:\/\/www.facebook.com\/p\/Vilniaus-suaugusij-mokymo-centras-VSMC-gimnazija-100034428106674\/\" \/>\n<meta property=\"article:published_time\" content=\"2016-09-28T15:53:09+00:00\" \/>\n<meta property=\"article:modified_time\" content=\"2018-04-19T06:51:11+00:00\" \/>\n<meta property=\"og:image\" content=\"http:\/\/vsmc.lt\/wp-content\/uploads\/2016\/10\/03\/DSC06906-480x360.jpg\" \/>\n<meta name=\"author\" content=\"vsmc\" \/>\n<meta name=\"twitter:card\" content=\"summary_large_image\" \/>\n<meta name=\"twitter:label1\" content=\"Written by\" \/>\n\t<meta name=\"twitter:data1\" content=\"vsmc\" \/>\n\t<meta name=\"twitter:label2\" content=\"Est. reading time\" \/>\n\t<meta name=\"twitter:data2\" content=\"2 minut\u0117s\" \/>\n<script type=\"application\/ld+json\" class=\"yoast-schema-graph\">{\"@context\":\"https:\\\/\\\/schema.org\",\"@graph\":[{\"@type\":\"Article\",\"@id\":\"https:\\\/\\\/vsmc.lt\\\/?p=2215#article\",\"isPartOf\":{\"@id\":\"https:\\\/\\\/vsmc.lt\\\/?p=2215\"},\"author\":{\"name\":\"vsmc\",\"@id\":\"https:\\\/\\\/vsmc.lt\\\/#\\\/schema\\\/person\\\/f908112af7b3b7eb0f58e68efc84ed3b\"},\"headline\":\"Europos kalb\u0173 diena\",\"datePublished\":\"2016-09-28T15:53:09+00:00\",\"dateModified\":\"2018-04-19T06:51:11+00:00\",\"mainEntityOfPage\":{\"@id\":\"https:\\\/\\\/vsmc.lt\\\/?p=2215\"},\"wordCount\":383,\"publisher\":{\"@id\":\"https:\\\/\\\/vsmc.lt\\\/#organization\"},\"image\":{\"@id\":\"https:\\\/\\\/vsmc.lt\\\/?p=2215#primaryimage\"},\"thumbnailUrl\":\"http:\\\/\\\/vsmc.lt\\\/wp-content\\\/uploads\\\/2016\\\/10\\\/03\\\/DSC06906-480x360.jpg\",\"articleSection\":[\"Naujienos\"],\"inLanguage\":\"lt-LT\"},{\"@type\":\"WebPage\",\"@id\":\"https:\\\/\\\/vsmc.lt\\\/?p=2215\",\"url\":\"https:\\\/\\\/vsmc.lt\\\/?p=2215\",\"name\":\"Europos kalb\u0173 diena Vilniaus suaugusi\u0173j\u0173 mokymo centras - Vilniaus suaugusi\u0173j\u0173 mokymo centras\",\"isPartOf\":{\"@id\":\"https:\\\/\\\/vsmc.lt\\\/#website\"},\"primaryImageOfPage\":{\"@id\":\"https:\\\/\\\/vsmc.lt\\\/?p=2215#primaryimage\"},\"image\":{\"@id\":\"https:\\\/\\\/vsmc.lt\\\/?p=2215#primaryimage\"},\"thumbnailUrl\":\"http:\\\/\\\/vsmc.lt\\\/wp-content\\\/uploads\\\/2016\\\/10\\\/03\\\/DSC06906-480x360.jpg\",\"datePublished\":\"2016-09-28T15:53:09+00:00\",\"dateModified\":\"2018-04-19T06:51:11+00:00\",\"description\":\"Europos kalb\u0173 diena Vilniaus suaugusi\u0173j\u0173 mokymo centras\",\"breadcrumb\":{\"@id\":\"https:\\\/\\\/vsmc.lt\\\/?p=2215#breadcrumb\"},\"inLanguage\":\"lt-LT\",\"potentialAction\":[{\"@type\":\"ReadAction\",\"target\":[\"https:\\\/\\\/vsmc.lt\\\/?p=2215\"]}]},{\"@type\":\"ImageObject\",\"inLanguage\":\"lt-LT\",\"@id\":\"https:\\\/\\\/vsmc.lt\\\/?p=2215#primaryimage\",\"url\":\"http:\\\/\\\/vsmc.lt\\\/wp-content\\\/uploads\\\/2016\\\/10\\\/03\\\/DSC06906-480x360.jpg\",\"contentUrl\":\"http:\\\/\\\/vsmc.lt\\\/wp-content\\\/uploads\\\/2016\\\/10\\\/03\\\/DSC06906-480x360.jpg\"},{\"@type\":\"BreadcrumbList\",\"@id\":\"https:\\\/\\\/vsmc.lt\\\/?p=2215#breadcrumb\",\"itemListElement\":[{\"@type\":\"ListItem\",\"position\":1,\"name\":\"Home\",\"item\":\"https:\\\/\\\/vsmc.lt\\\/\"},{\"@type\":\"ListItem\",\"position\":2,\"name\":\"Europos kalb\u0173 diena\"}]},{\"@type\":\"WebSite\",\"@id\":\"https:\\\/\\\/vsmc.lt\\\/#website\",\"url\":\"https:\\\/\\\/vsmc.lt\\\/\",\"name\":\"Vilniaus suaugusi\u0173j\u0173 mokymo centras\",\"description\":\"VSMC\",\"publisher\":{\"@id\":\"https:\\\/\\\/vsmc.lt\\\/#organization\"},\"alternateName\":\"VSMC\",\"potentialAction\":[{\"@type\":\"SearchAction\",\"target\":{\"@type\":\"EntryPoint\",\"urlTemplate\":\"https:\\\/\\\/vsmc.lt\\\/?s={search_term_string}\"},\"query-input\":{\"@type\":\"PropertyValueSpecification\",\"valueRequired\":true,\"valueName\":\"search_term_string\"}}],\"inLanguage\":\"lt-LT\"},{\"@type\":\"Organization\",\"@id\":\"https:\\\/\\\/vsmc.lt\\\/#organization\",\"name\":\"Vilniaus suaugusi\u0173j\u0173 mokymo centras\",\"alternateName\":\"VSMC\",\"url\":\"https:\\\/\\\/vsmc.lt\\\/\",\"logo\":{\"@type\":\"ImageObject\",\"inLanguage\":\"lt-LT\",\"@id\":\"https:\\\/\\\/vsmc.lt\\\/#\\\/schema\\\/logo\\\/image\\\/\",\"url\":\"https:\\\/\\\/vsmc.lt\\\/wp-content\\\/uploads\\\/2016\\\/11\\\/15\\\/logo.png\",\"contentUrl\":\"https:\\\/\\\/vsmc.lt\\\/wp-content\\\/uploads\\\/2016\\\/11\\\/15\\\/logo.png\",\"width\":96,\"height\":121,\"caption\":\"Vilniaus suaugusi\u0173j\u0173 mokymo centras\"},\"image\":{\"@id\":\"https:\\\/\\\/vsmc.lt\\\/#\\\/schema\\\/logo\\\/image\\\/\"},\"sameAs\":[\"https:\\\/\\\/www.facebook.com\\\/p\\\/Vilniaus-suaugusij-mokymo-centras-VSMC-gimnazija-100034428106674\\\/\"]},{\"@type\":\"Person\",\"@id\":\"https:\\\/\\\/vsmc.lt\\\/#\\\/schema\\\/person\\\/f908112af7b3b7eb0f58e68efc84ed3b\",\"name\":\"vsmc\",\"image\":{\"@type\":\"ImageObject\",\"inLanguage\":\"lt-LT\",\"@id\":\"https:\\\/\\\/secure.gravatar.com\\\/avatar\\\/c98f8cf094a0c3815db557f5d303882682ae3622ba8eff672c992e55217b1a89?s=96&d=mm&r=g\",\"url\":\"https:\\\/\\\/secure.gravatar.com\\\/avatar\\\/c98f8cf094a0c3815db557f5d303882682ae3622ba8eff672c992e55217b1a89?s=96&d=mm&r=g\",\"contentUrl\":\"https:\\\/\\\/secure.gravatar.com\\\/avatar\\\/c98f8cf094a0c3815db557f5d303882682ae3622ba8eff672c992e55217b1a89?s=96&d=mm&r=g\",\"caption\":\"vsmc\"},\"url\":\"https:\\\/\\\/vsmc.lt\\\/?author=1\"}]}<\/script>\n<!-- \/ Yoast SEO plugin. -->","yoast_head_json":{"title":"Europos kalb\u0173 diena Vilniaus suaugusi\u0173j\u0173 mokymo centras  - Vilniaus suaugusi\u0173j\u0173 mokymo centras","description":"Europos kalb\u0173 diena Vilniaus suaugusi\u0173j\u0173 mokymo centras","robots":{"index":"index","follow":"follow","max-snippet":"max-snippet:-1","max-image-preview":"max-image-preview:large","max-video-preview":"max-video-preview:-1"},"canonical":"https:\/\/vsmc.lt\/?p=2215","og_locale":"lt_LT","og_type":"article","og_title":"Europos kalb\u0173 diena Vilniaus suaugusi\u0173j\u0173 mokymo centras  - Vilniaus suaugusi\u0173j\u0173 mokymo centras","og_description":"Europos kalb\u0173 diena Vilniaus suaugusi\u0173j\u0173 mokymo centras","og_url":"https:\/\/vsmc.lt\/?p=2215","og_site_name":"Vilniaus suaugusi\u0173j\u0173 mokymo centras","article_publisher":"https:\/\/www.facebook.com\/p\/Vilniaus-suaugusij-mokymo-centras-VSMC-gimnazija-100034428106674\/","article_published_time":"2016-09-28T15:53:09+00:00","article_modified_time":"2018-04-19T06:51:11+00:00","og_image":[{"url":"http:\/\/vsmc.lt\/wp-content\/uploads\/2016\/10\/03\/DSC06906-480x360.jpg","type":"","width":"","height":""}],"author":"vsmc","twitter_card":"summary_large_image","twitter_misc":{"Written by":"vsmc","Est. reading time":"2 minut\u0117s"},"schema":{"@context":"https:\/\/schema.org","@graph":[{"@type":"Article","@id":"https:\/\/vsmc.lt\/?p=2215#article","isPartOf":{"@id":"https:\/\/vsmc.lt\/?p=2215"},"author":{"name":"vsmc","@id":"https:\/\/vsmc.lt\/#\/schema\/person\/f908112af7b3b7eb0f58e68efc84ed3b"},"headline":"Europos kalb\u0173 diena","datePublished":"2016-09-28T15:53:09+00:00","dateModified":"2018-04-19T06:51:11+00:00","mainEntityOfPage":{"@id":"https:\/\/vsmc.lt\/?p=2215"},"wordCount":383,"publisher":{"@id":"https:\/\/vsmc.lt\/#organization"},"image":{"@id":"https:\/\/vsmc.lt\/?p=2215#primaryimage"},"thumbnailUrl":"http:\/\/vsmc.lt\/wp-content\/uploads\/2016\/10\/03\/DSC06906-480x360.jpg","articleSection":["Naujienos"],"inLanguage":"lt-LT"},{"@type":"WebPage","@id":"https:\/\/vsmc.lt\/?p=2215","url":"https:\/\/vsmc.lt\/?p=2215","name":"Europos kalb\u0173 diena Vilniaus suaugusi\u0173j\u0173 mokymo centras - Vilniaus suaugusi\u0173j\u0173 mokymo centras","isPartOf":{"@id":"https:\/\/vsmc.lt\/#website"},"primaryImageOfPage":{"@id":"https:\/\/vsmc.lt\/?p=2215#primaryimage"},"image":{"@id":"https:\/\/vsmc.lt\/?p=2215#primaryimage"},"thumbnailUrl":"http:\/\/vsmc.lt\/wp-content\/uploads\/2016\/10\/03\/DSC06906-480x360.jpg","datePublished":"2016-09-28T15:53:09+00:00","dateModified":"2018-04-19T06:51:11+00:00","description":"Europos kalb\u0173 diena Vilniaus suaugusi\u0173j\u0173 mokymo centras","breadcrumb":{"@id":"https:\/\/vsmc.lt\/?p=2215#breadcrumb"},"inLanguage":"lt-LT","potentialAction":[{"@type":"ReadAction","target":["https:\/\/vsmc.lt\/?p=2215"]}]},{"@type":"ImageObject","inLanguage":"lt-LT","@id":"https:\/\/vsmc.lt\/?p=2215#primaryimage","url":"http:\/\/vsmc.lt\/wp-content\/uploads\/2016\/10\/03\/DSC06906-480x360.jpg","contentUrl":"http:\/\/vsmc.lt\/wp-content\/uploads\/2016\/10\/03\/DSC06906-480x360.jpg"},{"@type":"BreadcrumbList","@id":"https:\/\/vsmc.lt\/?p=2215#breadcrumb","itemListElement":[{"@type":"ListItem","position":1,"name":"Home","item":"https:\/\/vsmc.lt\/"},{"@type":"ListItem","position":2,"name":"Europos kalb\u0173 diena"}]},{"@type":"WebSite","@id":"https:\/\/vsmc.lt\/#website","url":"https:\/\/vsmc.lt\/","name":"Vilniaus suaugusi\u0173j\u0173 mokymo centras","description":"VSMC","publisher":{"@id":"https:\/\/vsmc.lt\/#organization"},"alternateName":"VSMC","potentialAction":[{"@type":"SearchAction","target":{"@type":"EntryPoint","urlTemplate":"https:\/\/vsmc.lt\/?s={search_term_string}"},"query-input":{"@type":"PropertyValueSpecification","valueRequired":true,"valueName":"search_term_string"}}],"inLanguage":"lt-LT"},{"@type":"Organization","@id":"https:\/\/vsmc.lt\/#organization","name":"Vilniaus suaugusi\u0173j\u0173 mokymo centras","alternateName":"VSMC","url":"https:\/\/vsmc.lt\/","logo":{"@type":"ImageObject","inLanguage":"lt-LT","@id":"https:\/\/vsmc.lt\/#\/schema\/logo\/image\/","url":"https:\/\/vsmc.lt\/wp-content\/uploads\/2016\/11\/15\/logo.png","contentUrl":"https:\/\/vsmc.lt\/wp-content\/uploads\/2016\/11\/15\/logo.png","width":96,"height":121,"caption":"Vilniaus suaugusi\u0173j\u0173 mokymo centras"},"image":{"@id":"https:\/\/vsmc.lt\/#\/schema\/logo\/image\/"},"sameAs":["https:\/\/www.facebook.com\/p\/Vilniaus-suaugusij-mokymo-centras-VSMC-gimnazija-100034428106674\/"]},{"@type":"Person","@id":"https:\/\/vsmc.lt\/#\/schema\/person\/f908112af7b3b7eb0f58e68efc84ed3b","name":"vsmc","image":{"@type":"ImageObject","inLanguage":"lt-LT","@id":"https:\/\/secure.gravatar.com\/avatar\/c98f8cf094a0c3815db557f5d303882682ae3622ba8eff672c992e55217b1a89?s=96&d=mm&r=g","url":"https:\/\/secure.gravatar.com\/avatar\/c98f8cf094a0c3815db557f5d303882682ae3622ba8eff672c992e55217b1a89?s=96&d=mm&r=g","contentUrl":"https:\/\/secure.gravatar.com\/avatar\/c98f8cf094a0c3815db557f5d303882682ae3622ba8eff672c992e55217b1a89?s=96&d=mm&r=g","caption":"vsmc"},"url":"https:\/\/vsmc.lt\/?author=1"}]}},"_links":{"self":[{"href":"https:\/\/vsmc.lt\/index.php?rest_route=\/wp\/v2\/posts\/2215","targetHints":{"allow":["GET"]}}],"collection":[{"href":"https:\/\/vsmc.lt\/index.php?rest_route=\/wp\/v2\/posts"}],"about":[{"href":"https:\/\/vsmc.lt\/index.php?rest_route=\/wp\/v2\/types\/post"}],"author":[{"embeddable":true,"href":"https:\/\/vsmc.lt\/index.php?rest_route=\/wp\/v2\/users\/1"}],"replies":[{"embeddable":true,"href":"https:\/\/vsmc.lt\/index.php?rest_route=%2Fwp%2Fv2%2Fcomments&post=2215"}],"version-history":[{"count":11,"href":"https:\/\/vsmc.lt\/index.php?rest_route=\/wp\/v2\/posts\/2215\/revisions"}],"predecessor-version":[{"id":2268,"href":"https:\/\/vsmc.lt\/index.php?rest_route=\/wp\/v2\/posts\/2215\/revisions\/2268"}],"wp:attachment":[{"href":"https:\/\/vsmc.lt\/index.php?rest_route=%2Fwp%2Fv2%2Fmedia&parent=2215"}],"wp:term":[{"taxonomy":"category","embeddable":true,"href":"https:\/\/vsmc.lt\/index.php?rest_route=%2Fwp%2Fv2%2Fcategories&post=2215"},{"taxonomy":"post_tag","embeddable":true,"href":"https:\/\/vsmc.lt\/index.php?rest_route=%2Fwp%2Fv2%2Ftags&post=2215"}],"curies":[{"name":"wp","href":"https:\/\/api.w.org\/{rel}","templated":true}]}}