{"id":2223,"date":"2016-09-26T19:35:21","date_gmt":"2016-09-26T16:35:21","guid":{"rendered":"http:\/\/vsmc.lt\/?p=2223"},"modified":"2018-04-19T09:51:11","modified_gmt":"2018-04-19T06:51:11","slug":"integruota-istorijos-lietuviu-kalbos-ir-literaturos-pamoka-lietuvos-zydai-ir-holokaustas","status":"publish","type":"post","link":"https:\/\/vsmc.lt\/?p=2223","title":{"rendered":"Integruota istorijos-lietuvi\u0173 kalbos ir literat\u016bros pamoka  \u201eLietuvos \u017eydai ir holokaustas\u201c"},"content":{"rendered":"<p>Rugs\u0117jo 23-oji \u2013 Lietuvos \u017eyd\u0173 genocido auk\u0173 atminimo diena \u2013 buvo prad\u0117ta min\u0117ti 1994-aisiais. Ji yra susijusi su Vilniaus geto likvidavimu 1943 m. rugs\u0117jo 23 d. \u0160i\u0105 dien\u0105 did\u017eioji dalis geto kalini\u0173 buvo su\u0161audyti Paneriuose, o kita \u2013 \u00a0i\u0161ve\u017eta i\u0161 Lietuvos \u012f koncentracijos stovyklas.<\/p>\n<p>M\u016bs\u0173 gimnazija kasmet dalyvauja Lietuvos \u017eyd\u0173 genocido auk\u0173 min\u0117jimo renginiuose. \u0160iemet I-IV klasi\u0173 mokiniai, lydimi istorijos mokytojos A. Jablonskait\u0117s ir lietuvi\u0173 kalbos ir literat\u016bros mokytojos N. Pilkien\u0117s, vyko \u012f Paneri\u0173 memorial\u0105, kur mokytojos ved\u0117 integruot\u0105 pamok\u0105 \u201eLietuvos \u017eydai ir holokaustas\u201c. Mokiniai taip pat dalyvavo min\u0117jime, klaus\u0117si \u012fvairi\u0173 organizacij\u0173 atstov\u0173 ir visuomen\u0117s veik\u0117j\u0173 pasisakym\u0173. Visus sujaudino choro atliktos \u017eyd\u0173 liaudies dainos. Po i\u0161kilmingos renginio dalies visi pagerb\u0117 auk\u0173 atminim\u0105 pad\u0117dami po akmenuk\u0105 su u\u017era\u0161ytais auk\u0173 vardais vienoje i\u0161 septyni\u0173 masini\u0173 kapavie\u010di\u0173.<\/p>\n<p>Dalyvavimas pamokoje mokiniams suteik\u0117 dar vien\u0105 galimyb\u0119 pam\u0105styti skaud\u017eiomis Lietuvos istorijos temomis. Daugeliui \u012fsimin\u0117 \u012fvykdyt\u0173 nusikaltim\u0173 prie\u0161 Lietuvos pilie\u010dius mastas ir \u017eiaurumas, tod\u0117l net ir gr\u012f\u017edami i\u0161 renginio mokiniai diskutavo apie tragi\u0161k\u0105 Lietuvos \u017eyd\u0173 istorij\u0105.<\/p>\n<p>&nbsp;<\/p>\n<p style=\"text-align: right;\">\u00a0\u00a0\u00a0\u00a0\u00a0\u00a0\u00a0\u00a0\u00a0\u00a0\u00a0\u00a0\u00a0\u00a0\u00a0\u00a0\u00a0\u00a0\u00a0 Pareng\u0117 istorijos mokytoja metodinink\u0117 An\u017eela Jablonskait\u0117<\/p>\n","protected":false},"excerpt":{"rendered":"<p>Rugs\u0117jo 23-oji \u2013 Lietuvos \u017eyd\u0173 genocido auk\u0173 atminimo diena \u2013 buvo prad\u0117ta min\u0117ti 1994-aisiais. Ji yra susijusi su Vilniaus geto likvidavimu 1943 m. rugs\u0117jo 23 d. \u0160i\u0105 dien\u0105 did\u017eioji dalis geto kalini\u0173 buvo su\u0161audyti Paneriuose, o kita \u2013 \u00a0i\u0161ve\u017eta i\u0161 Lietuvos \u012f koncentracijos stovyklas. M\u016bs\u0173 gimnazija kasmet dalyvauja Lietuvos \u017eyd\u0173 genocido auk\u0173 min\u0117jimo renginiuose. \u0160iemet [&hellip;]<\/p>\n","protected":false},"author":1,"featured_media":0,"comment_status":"closed","ping_status":"closed","sticky":false,"template":"","format":"standard","meta":{"footnotes":""},"categories":[1],"tags":[],"class_list":["post-2223","post","type-post","status-publish","format-standard","hentry","category-naujienos"],"yoast_head":"<!-- This site is optimized with the Yoast SEO plugin v27.5 - https:\/\/yoast.com\/product\/yoast-seo-wordpress\/ -->\n<title>Integruota istorijos-lietuvi\u0173 kalbos ir literat\u016bros pamoka \u201eLietuvos \u017eydai ir holokaustas\u201c Vilniaus suaugusi\u0173j\u0173 mokymo centras  - Vilniaus suaugusi\u0173j\u0173 mokymo centras<\/title>\n<meta name=\"description\" content=\"Integruota istorijos-lietuvi\u0173 kalbos ir literat\u016bros pamoka \u201eLietuvos \u017eydai ir holokaustas\u201c Vilniaus suaugusi\u0173j\u0173 mokymo centras\" \/>\n<meta name=\"robots\" content=\"index, follow, max-snippet:-1, max-image-preview:large, max-video-preview:-1\" \/>\n<link rel=\"canonical\" href=\"https:\/\/vsmc.lt\/?p=2223\" \/>\n<meta property=\"og:locale\" content=\"lt_LT\" \/>\n<meta property=\"og:type\" content=\"article\" \/>\n<meta property=\"og:title\" content=\"Integruota istorijos-lietuvi\u0173 kalbos ir literat\u016bros pamoka \u201eLietuvos \u017eydai ir holokaustas\u201c Vilniaus suaugusi\u0173j\u0173 mokymo centras  - Vilniaus suaugusi\u0173j\u0173 mokymo centras\" \/>\n<meta property=\"og:description\" content=\"Integruota istorijos-lietuvi\u0173 kalbos ir literat\u016bros pamoka \u201eLietuvos \u017eydai ir holokaustas\u201c Vilniaus suaugusi\u0173j\u0173 mokymo centras\" \/>\n<meta property=\"og:url\" content=\"https:\/\/vsmc.lt\/?p=2223\" \/>\n<meta property=\"og:site_name\" content=\"Vilniaus suaugusi\u0173j\u0173 mokymo centras\" \/>\n<meta property=\"article:publisher\" content=\"https:\/\/www.facebook.com\/p\/Vilniaus-suaugusij-mokymo-centras-VSMC-gimnazija-100034428106674\/\" \/>\n<meta property=\"article:published_time\" content=\"2016-09-26T16:35:21+00:00\" \/>\n<meta property=\"article:modified_time\" content=\"2018-04-19T06:51:11+00:00\" \/>\n<meta property=\"og:image\" content=\"https:\/\/vsmc.lt\/wp-content\/uploads\/2018\/05\/03\/VSMC_PASTATAS_1-1.jpg\" \/>\n\t<meta property=\"og:image:width\" content=\"1500\" \/>\n\t<meta property=\"og:image:height\" content=\"925\" \/>\n\t<meta property=\"og:image:type\" content=\"image\/jpeg\" \/>\n<meta name=\"author\" content=\"vsmc\" \/>\n<meta name=\"twitter:card\" content=\"summary_large_image\" \/>\n<meta name=\"twitter:label1\" content=\"Written by\" \/>\n\t<meta name=\"twitter:data1\" content=\"vsmc\" \/>\n\t<meta name=\"twitter:label2\" content=\"Est. reading time\" \/>\n\t<meta name=\"twitter:data2\" content=\"1 minut\u0117\" \/>\n<script type=\"application\/ld+json\" class=\"yoast-schema-graph\">{\"@context\":\"https:\\\/\\\/schema.org\",\"@graph\":[{\"@type\":\"Article\",\"@id\":\"https:\\\/\\\/vsmc.lt\\\/?p=2223#article\",\"isPartOf\":{\"@id\":\"https:\\\/\\\/vsmc.lt\\\/?p=2223\"},\"author\":{\"name\":\"vsmc\",\"@id\":\"https:\\\/\\\/vsmc.lt\\\/#\\\/schema\\\/person\\\/f908112af7b3b7eb0f58e68efc84ed3b\"},\"headline\":\"Integruota istorijos-lietuvi\u0173 kalbos ir literat\u016bros pamoka \u201eLietuvos \u017eydai ir holokaustas\u201c\",\"datePublished\":\"2016-09-26T16:35:21+00:00\",\"dateModified\":\"2018-04-19T06:51:11+00:00\",\"mainEntityOfPage\":{\"@id\":\"https:\\\/\\\/vsmc.lt\\\/?p=2223\"},\"wordCount\":199,\"publisher\":{\"@id\":\"https:\\\/\\\/vsmc.lt\\\/#organization\"},\"articleSection\":[\"Naujienos\"],\"inLanguage\":\"lt-LT\"},{\"@type\":\"WebPage\",\"@id\":\"https:\\\/\\\/vsmc.lt\\\/?p=2223\",\"url\":\"https:\\\/\\\/vsmc.lt\\\/?p=2223\",\"name\":\"Integruota istorijos-lietuvi\u0173 kalbos ir literat\u016bros pamoka \u201eLietuvos \u017eydai ir holokaustas\u201c Vilniaus suaugusi\u0173j\u0173 mokymo centras - Vilniaus suaugusi\u0173j\u0173 mokymo centras\",\"isPartOf\":{\"@id\":\"https:\\\/\\\/vsmc.lt\\\/#website\"},\"datePublished\":\"2016-09-26T16:35:21+00:00\",\"dateModified\":\"2018-04-19T06:51:11+00:00\",\"description\":\"Integruota istorijos-lietuvi\u0173 kalbos ir literat\u016bros pamoka \u201eLietuvos \u017eydai ir holokaustas\u201c Vilniaus suaugusi\u0173j\u0173 mokymo centras\",\"breadcrumb\":{\"@id\":\"https:\\\/\\\/vsmc.lt\\\/?p=2223#breadcrumb\"},\"inLanguage\":\"lt-LT\",\"potentialAction\":[{\"@type\":\"ReadAction\",\"target\":[\"https:\\\/\\\/vsmc.lt\\\/?p=2223\"]}]},{\"@type\":\"BreadcrumbList\",\"@id\":\"https:\\\/\\\/vsmc.lt\\\/?p=2223#breadcrumb\",\"itemListElement\":[{\"@type\":\"ListItem\",\"position\":1,\"name\":\"Home\",\"item\":\"https:\\\/\\\/vsmc.lt\\\/\"},{\"@type\":\"ListItem\",\"position\":2,\"name\":\"Integruota istorijos-lietuvi\u0173 kalbos ir literat\u016bros pamoka \u201eLietuvos \u017eydai ir holokaustas\u201c\"}]},{\"@type\":\"WebSite\",\"@id\":\"https:\\\/\\\/vsmc.lt\\\/#website\",\"url\":\"https:\\\/\\\/vsmc.lt\\\/\",\"name\":\"Vilniaus suaugusi\u0173j\u0173 mokymo centras\",\"description\":\"VSMC\",\"publisher\":{\"@id\":\"https:\\\/\\\/vsmc.lt\\\/#organization\"},\"alternateName\":\"VSMC\",\"potentialAction\":[{\"@type\":\"SearchAction\",\"target\":{\"@type\":\"EntryPoint\",\"urlTemplate\":\"https:\\\/\\\/vsmc.lt\\\/?s={search_term_string}\"},\"query-input\":{\"@type\":\"PropertyValueSpecification\",\"valueRequired\":true,\"valueName\":\"search_term_string\"}}],\"inLanguage\":\"lt-LT\"},{\"@type\":\"Organization\",\"@id\":\"https:\\\/\\\/vsmc.lt\\\/#organization\",\"name\":\"Vilniaus suaugusi\u0173j\u0173 mokymo centras\",\"alternateName\":\"VSMC\",\"url\":\"https:\\\/\\\/vsmc.lt\\\/\",\"logo\":{\"@type\":\"ImageObject\",\"inLanguage\":\"lt-LT\",\"@id\":\"https:\\\/\\\/vsmc.lt\\\/#\\\/schema\\\/logo\\\/image\\\/\",\"url\":\"https:\\\/\\\/vsmc.lt\\\/wp-content\\\/uploads\\\/2016\\\/11\\\/15\\\/logo.png\",\"contentUrl\":\"https:\\\/\\\/vsmc.lt\\\/wp-content\\\/uploads\\\/2016\\\/11\\\/15\\\/logo.png\",\"width\":96,\"height\":121,\"caption\":\"Vilniaus suaugusi\u0173j\u0173 mokymo centras\"},\"image\":{\"@id\":\"https:\\\/\\\/vsmc.lt\\\/#\\\/schema\\\/logo\\\/image\\\/\"},\"sameAs\":[\"https:\\\/\\\/www.facebook.com\\\/p\\\/Vilniaus-suaugusij-mokymo-centras-VSMC-gimnazija-100034428106674\\\/\"]},{\"@type\":\"Person\",\"@id\":\"https:\\\/\\\/vsmc.lt\\\/#\\\/schema\\\/person\\\/f908112af7b3b7eb0f58e68efc84ed3b\",\"name\":\"vsmc\",\"image\":{\"@type\":\"ImageObject\",\"inLanguage\":\"lt-LT\",\"@id\":\"https:\\\/\\\/secure.gravatar.com\\\/avatar\\\/c98f8cf094a0c3815db557f5d303882682ae3622ba8eff672c992e55217b1a89?s=96&d=mm&r=g\",\"url\":\"https:\\\/\\\/secure.gravatar.com\\\/avatar\\\/c98f8cf094a0c3815db557f5d303882682ae3622ba8eff672c992e55217b1a89?s=96&d=mm&r=g\",\"contentUrl\":\"https:\\\/\\\/secure.gravatar.com\\\/avatar\\\/c98f8cf094a0c3815db557f5d303882682ae3622ba8eff672c992e55217b1a89?s=96&d=mm&r=g\",\"caption\":\"vsmc\"},\"url\":\"https:\\\/\\\/vsmc.lt\\\/?author=1\"}]}<\/script>\n<!-- \/ Yoast SEO plugin. -->","yoast_head_json":{"title":"Integruota istorijos-lietuvi\u0173 kalbos ir literat\u016bros pamoka \u201eLietuvos \u017eydai ir holokaustas\u201c Vilniaus suaugusi\u0173j\u0173 mokymo centras  - Vilniaus suaugusi\u0173j\u0173 mokymo centras","description":"Integruota istorijos-lietuvi\u0173 kalbos ir literat\u016bros pamoka \u201eLietuvos \u017eydai ir holokaustas\u201c Vilniaus suaugusi\u0173j\u0173 mokymo centras","robots":{"index":"index","follow":"follow","max-snippet":"max-snippet:-1","max-image-preview":"max-image-preview:large","max-video-preview":"max-video-preview:-1"},"canonical":"https:\/\/vsmc.lt\/?p=2223","og_locale":"lt_LT","og_type":"article","og_title":"Integruota istorijos-lietuvi\u0173 kalbos ir literat\u016bros pamoka \u201eLietuvos \u017eydai ir holokaustas\u201c Vilniaus suaugusi\u0173j\u0173 mokymo centras  - Vilniaus suaugusi\u0173j\u0173 mokymo centras","og_description":"Integruota istorijos-lietuvi\u0173 kalbos ir literat\u016bros pamoka \u201eLietuvos \u017eydai ir holokaustas\u201c Vilniaus suaugusi\u0173j\u0173 mokymo centras","og_url":"https:\/\/vsmc.lt\/?p=2223","og_site_name":"Vilniaus suaugusi\u0173j\u0173 mokymo centras","article_publisher":"https:\/\/www.facebook.com\/p\/Vilniaus-suaugusij-mokymo-centras-VSMC-gimnazija-100034428106674\/","article_published_time":"2016-09-26T16:35:21+00:00","article_modified_time":"2018-04-19T06:51:11+00:00","og_image":[{"width":1500,"height":925,"url":"https:\/\/vsmc.lt\/wp-content\/uploads\/2018\/05\/03\/VSMC_PASTATAS_1-1.jpg","type":"image\/jpeg"}],"author":"vsmc","twitter_card":"summary_large_image","twitter_misc":{"Written by":"vsmc","Est. reading time":"1 minut\u0117"},"schema":{"@context":"https:\/\/schema.org","@graph":[{"@type":"Article","@id":"https:\/\/vsmc.lt\/?p=2223#article","isPartOf":{"@id":"https:\/\/vsmc.lt\/?p=2223"},"author":{"name":"vsmc","@id":"https:\/\/vsmc.lt\/#\/schema\/person\/f908112af7b3b7eb0f58e68efc84ed3b"},"headline":"Integruota istorijos-lietuvi\u0173 kalbos ir literat\u016bros pamoka \u201eLietuvos \u017eydai ir holokaustas\u201c","datePublished":"2016-09-26T16:35:21+00:00","dateModified":"2018-04-19T06:51:11+00:00","mainEntityOfPage":{"@id":"https:\/\/vsmc.lt\/?p=2223"},"wordCount":199,"publisher":{"@id":"https:\/\/vsmc.lt\/#organization"},"articleSection":["Naujienos"],"inLanguage":"lt-LT"},{"@type":"WebPage","@id":"https:\/\/vsmc.lt\/?p=2223","url":"https:\/\/vsmc.lt\/?p=2223","name":"Integruota istorijos-lietuvi\u0173 kalbos ir literat\u016bros pamoka \u201eLietuvos \u017eydai ir holokaustas\u201c Vilniaus suaugusi\u0173j\u0173 mokymo centras - Vilniaus suaugusi\u0173j\u0173 mokymo centras","isPartOf":{"@id":"https:\/\/vsmc.lt\/#website"},"datePublished":"2016-09-26T16:35:21+00:00","dateModified":"2018-04-19T06:51:11+00:00","description":"Integruota istorijos-lietuvi\u0173 kalbos ir literat\u016bros pamoka \u201eLietuvos \u017eydai ir holokaustas\u201c Vilniaus suaugusi\u0173j\u0173 mokymo centras","breadcrumb":{"@id":"https:\/\/vsmc.lt\/?p=2223#breadcrumb"},"inLanguage":"lt-LT","potentialAction":[{"@type":"ReadAction","target":["https:\/\/vsmc.lt\/?p=2223"]}]},{"@type":"BreadcrumbList","@id":"https:\/\/vsmc.lt\/?p=2223#breadcrumb","itemListElement":[{"@type":"ListItem","position":1,"name":"Home","item":"https:\/\/vsmc.lt\/"},{"@type":"ListItem","position":2,"name":"Integruota istorijos-lietuvi\u0173 kalbos ir literat\u016bros pamoka \u201eLietuvos \u017eydai ir holokaustas\u201c"}]},{"@type":"WebSite","@id":"https:\/\/vsmc.lt\/#website","url":"https:\/\/vsmc.lt\/","name":"Vilniaus suaugusi\u0173j\u0173 mokymo centras","description":"VSMC","publisher":{"@id":"https:\/\/vsmc.lt\/#organization"},"alternateName":"VSMC","potentialAction":[{"@type":"SearchAction","target":{"@type":"EntryPoint","urlTemplate":"https:\/\/vsmc.lt\/?s={search_term_string}"},"query-input":{"@type":"PropertyValueSpecification","valueRequired":true,"valueName":"search_term_string"}}],"inLanguage":"lt-LT"},{"@type":"Organization","@id":"https:\/\/vsmc.lt\/#organization","name":"Vilniaus suaugusi\u0173j\u0173 mokymo centras","alternateName":"VSMC","url":"https:\/\/vsmc.lt\/","logo":{"@type":"ImageObject","inLanguage":"lt-LT","@id":"https:\/\/vsmc.lt\/#\/schema\/logo\/image\/","url":"https:\/\/vsmc.lt\/wp-content\/uploads\/2016\/11\/15\/logo.png","contentUrl":"https:\/\/vsmc.lt\/wp-content\/uploads\/2016\/11\/15\/logo.png","width":96,"height":121,"caption":"Vilniaus suaugusi\u0173j\u0173 mokymo centras"},"image":{"@id":"https:\/\/vsmc.lt\/#\/schema\/logo\/image\/"},"sameAs":["https:\/\/www.facebook.com\/p\/Vilniaus-suaugusij-mokymo-centras-VSMC-gimnazija-100034428106674\/"]},{"@type":"Person","@id":"https:\/\/vsmc.lt\/#\/schema\/person\/f908112af7b3b7eb0f58e68efc84ed3b","name":"vsmc","image":{"@type":"ImageObject","inLanguage":"lt-LT","@id":"https:\/\/secure.gravatar.com\/avatar\/c98f8cf094a0c3815db557f5d303882682ae3622ba8eff672c992e55217b1a89?s=96&d=mm&r=g","url":"https:\/\/secure.gravatar.com\/avatar\/c98f8cf094a0c3815db557f5d303882682ae3622ba8eff672c992e55217b1a89?s=96&d=mm&r=g","contentUrl":"https:\/\/secure.gravatar.com\/avatar\/c98f8cf094a0c3815db557f5d303882682ae3622ba8eff672c992e55217b1a89?s=96&d=mm&r=g","caption":"vsmc"},"url":"https:\/\/vsmc.lt\/?author=1"}]}},"_links":{"self":[{"href":"https:\/\/vsmc.lt\/index.php?rest_route=\/wp\/v2\/posts\/2223","targetHints":{"allow":["GET"]}}],"collection":[{"href":"https:\/\/vsmc.lt\/index.php?rest_route=\/wp\/v2\/posts"}],"about":[{"href":"https:\/\/vsmc.lt\/index.php?rest_route=\/wp\/v2\/types\/post"}],"author":[{"embeddable":true,"href":"https:\/\/vsmc.lt\/index.php?rest_route=\/wp\/v2\/users\/1"}],"replies":[{"embeddable":true,"href":"https:\/\/vsmc.lt\/index.php?rest_route=%2Fwp%2Fv2%2Fcomments&post=2223"}],"version-history":[{"count":1,"href":"https:\/\/vsmc.lt\/index.php?rest_route=\/wp\/v2\/posts\/2223\/revisions"}],"predecessor-version":[{"id":2224,"href":"https:\/\/vsmc.lt\/index.php?rest_route=\/wp\/v2\/posts\/2223\/revisions\/2224"}],"wp:attachment":[{"href":"https:\/\/vsmc.lt\/index.php?rest_route=%2Fwp%2Fv2%2Fmedia&parent=2223"}],"wp:term":[{"taxonomy":"category","embeddable":true,"href":"https:\/\/vsmc.lt\/index.php?rest_route=%2Fwp%2Fv2%2Fcategories&post=2223"},{"taxonomy":"post_tag","embeddable":true,"href":"https:\/\/vsmc.lt\/index.php?rest_route=%2Fwp%2Fv2%2Ftags&post=2223"}],"curies":[{"name":"wp","href":"https:\/\/api.w.org\/{rel}","templated":true}]}}