{"id":2253,"date":"2016-10-04T10:05:41","date_gmt":"2016-10-04T07:05:41","guid":{"rendered":"http:\/\/vsmc.lt\/?p=2253"},"modified":"2018-04-19T09:51:10","modified_gmt":"2018-04-19T06:51:10","slug":"minejome-vilniaus-ikurejo-lietuvos-didziojo-kunigaikscio-gedimino-diena-2","status":"publish","type":"post","link":"https:\/\/vsmc.lt\/?p=2253","title":{"rendered":"Min\u0117jome Vilniaus \u012fk\u016br\u0117jo, Lietuvos did\u017eiojo kunigaik\u0161\u010dio Gedimino, dien\u0105"},"content":{"rendered":"<p>Kaip ir kiekvienais metais, \u0161i\u0173 met\u0173 rugs\u0117jo 29 d. gimnazija dalyvavo tradici\u0161kai \u017dv\u0117ryno bendruomen\u0117s organizuojamuose Gedimino dienos renginiuose.<\/p>\n<p>Lietuvos did\u017eiojo kunigaik\u0161\u010dio Gedimino dienos proga gimnazijoje vyko integruota dail\u0117s, biologijos ir chemijos pamoka-ekskursija. Mokytoj\u0173 lydimi mokiniai susirinko prie Gediminai\u010di\u0173 stulpais papuo\u0161to akmens, p\u016bpsan\u010dio de\u0161iniajame Neries krante. Visi \u0117m\u0117si tvarkyti aplink\u0105 aplink akmen\u012f, papuo\u0161\u0117 j\u012f g\u0117l\u0117mis.<\/p>\n<p>\u0160is akmuo \u2013 tai did\u017eiojo kunigaik\u0161\u010dio vald\u0173 ribo\u017eenklis. Tad \u0161ios ypatingos vietos prie\u017ei\u016bra jau tapo gra\u017eia gimnazijos tradicija.<\/p>\n<p>&nbsp;<\/p>\n<p>Jovita Kalantien\u0117, biologijos mokytoja metodinink\u0117<\/p>\n<p><img loading=\"lazy\" decoding=\"async\" class=\"alignnone wp-image-2256\" src=\"https:\/\/vsmc.lt\/wp-content\/uploads\/2016\/10\/04\/akmuo-203x360.jpg\" alt=\"akmuo\" width=\"334\" height=\"593\" srcset=\"https:\/\/vsmc.lt\/wp-content\/uploads\/2016\/10\/04\/akmuo-203x360.jpg 203w, https:\/\/vsmc.lt\/wp-content\/uploads\/2016\/10\/04\/akmuo-768x1364.jpg 768w, https:\/\/vsmc.lt\/wp-content\/uploads\/2016\/10\/04\/akmuo-405x720.jpg 405w, https:\/\/vsmc.lt\/wp-content\/uploads\/2016\/10\/04\/akmuo-950x1687.jpg 950w, https:\/\/vsmc.lt\/wp-content\/uploads\/2016\/10\/04\/akmuo-450x799.jpg 450w, https:\/\/vsmc.lt\/wp-content\/uploads\/2016\/10\/04\/akmuo.jpg 1197w\" sizes=\"auto, (max-width: 334px) 100vw, 334px\" \/><\/p>\n","protected":false},"excerpt":{"rendered":"<p>Kaip ir kiekvienais metais, \u0161i\u0173 met\u0173 rugs\u0117jo 29 d. gimnazija dalyvavo tradici\u0161kai \u017dv\u0117ryno bendruomen\u0117s organizuojamuose Gedimino dienos renginiuose. Lietuvos did\u017eiojo kunigaik\u0161\u010dio Gedimino dienos proga gimnazijoje vyko integruota dail\u0117s, biologijos ir chemijos pamoka-ekskursija. Mokytoj\u0173 lydimi mokiniai susirinko prie Gediminai\u010di\u0173 stulpais papuo\u0161to akmens, p\u016bpsan\u010dio de\u0161iniajame Neries krante. Visi \u0117m\u0117si tvarkyti aplink\u0105 aplink akmen\u012f, papuo\u0161\u0117 j\u012f g\u0117l\u0117mis. \u0160is [&hellip;]<\/p>\n","protected":false},"author":5,"featured_media":0,"comment_status":"closed","ping_status":"closed","sticky":false,"template":"","format":"standard","meta":{"footnotes":""},"categories":[1],"tags":[],"class_list":["post-2253","post","type-post","status-publish","format-standard","hentry","category-naujienos"],"yoast_head":"<!-- This site is optimized with the Yoast SEO plugin v27.5 - https:\/\/yoast.com\/product\/yoast-seo-wordpress\/ -->\n<title>Min\u0117jome Vilniaus \u012fk\u016br\u0117jo, Lietuvos did\u017eiojo kunigaik\u0161\u010dio Gedimino, dien\u0105 Vilniaus suaugusi\u0173j\u0173 mokymo centras  - Vilniaus suaugusi\u0173j\u0173 mokymo centras<\/title>\n<meta name=\"description\" content=\"Min\u0117jome Vilniaus \u012fk\u016br\u0117jo, Lietuvos did\u017eiojo kunigaik\u0161\u010dio Gedimino, dien\u0105 Vilniaus suaugusi\u0173j\u0173 mokymo centras\" \/>\n<meta name=\"robots\" content=\"index, follow, max-snippet:-1, max-image-preview:large, max-video-preview:-1\" \/>\n<link rel=\"canonical\" href=\"https:\/\/vsmc.lt\/?p=2253\" \/>\n<meta property=\"og:locale\" content=\"lt_LT\" \/>\n<meta property=\"og:type\" content=\"article\" \/>\n<meta property=\"og:title\" content=\"Min\u0117jome Vilniaus \u012fk\u016br\u0117jo, Lietuvos did\u017eiojo kunigaik\u0161\u010dio Gedimino, dien\u0105 Vilniaus suaugusi\u0173j\u0173 mokymo centras  - Vilniaus suaugusi\u0173j\u0173 mokymo centras\" \/>\n<meta property=\"og:description\" content=\"Min\u0117jome Vilniaus \u012fk\u016br\u0117jo, Lietuvos did\u017eiojo kunigaik\u0161\u010dio Gedimino, dien\u0105 Vilniaus suaugusi\u0173j\u0173 mokymo centras\" \/>\n<meta property=\"og:url\" content=\"https:\/\/vsmc.lt\/?p=2253\" \/>\n<meta property=\"og:site_name\" content=\"Vilniaus suaugusi\u0173j\u0173 mokymo centras\" \/>\n<meta property=\"article:publisher\" content=\"https:\/\/www.facebook.com\/p\/Vilniaus-suaugusij-mokymo-centras-VSMC-gimnazija-100034428106674\/\" \/>\n<meta property=\"article:published_time\" content=\"2016-10-04T07:05:41+00:00\" \/>\n<meta property=\"article:modified_time\" content=\"2018-04-19T06:51:10+00:00\" \/>\n<meta property=\"og:image\" content=\"http:\/\/vsmc.lt\/wp-content\/uploads\/2016\/10\/04\/akmuo-203x360.jpg\" \/>\n<meta name=\"author\" content=\"Birut\u0117 Kubilinskien\u0117\" \/>\n<meta name=\"twitter:card\" content=\"summary_large_image\" \/>\n<meta name=\"twitter:label1\" content=\"Written by\" \/>\n\t<meta name=\"twitter:data1\" content=\"Birut\u0117 Kubilinskien\u0117\" \/>\n<script type=\"application\/ld+json\" class=\"yoast-schema-graph\">{\"@context\":\"https:\\\/\\\/schema.org\",\"@graph\":[{\"@type\":\"Article\",\"@id\":\"https:\\\/\\\/vsmc.lt\\\/?p=2253#article\",\"isPartOf\":{\"@id\":\"https:\\\/\\\/vsmc.lt\\\/?p=2253\"},\"author\":{\"name\":\"Birut\u0117 Kubilinskien\u0117\",\"@id\":\"https:\\\/\\\/vsmc.lt\\\/#\\\/schema\\\/person\\\/7b79c1eab13a88fc1ed4dc6626a57f98\"},\"headline\":\"Min\u0117jome Vilniaus \u012fk\u016br\u0117jo, Lietuvos did\u017eiojo kunigaik\u0161\u010dio Gedimino, dien\u0105\",\"datePublished\":\"2016-10-04T07:05:41+00:00\",\"dateModified\":\"2018-04-19T06:51:10+00:00\",\"mainEntityOfPage\":{\"@id\":\"https:\\\/\\\/vsmc.lt\\\/?p=2253\"},\"wordCount\":110,\"publisher\":{\"@id\":\"https:\\\/\\\/vsmc.lt\\\/#organization\"},\"image\":{\"@id\":\"https:\\\/\\\/vsmc.lt\\\/?p=2253#primaryimage\"},\"thumbnailUrl\":\"http:\\\/\\\/vsmc.lt\\\/wp-content\\\/uploads\\\/2016\\\/10\\\/04\\\/akmuo-203x360.jpg\",\"articleSection\":[\"Naujienos\"],\"inLanguage\":\"lt-LT\"},{\"@type\":\"WebPage\",\"@id\":\"https:\\\/\\\/vsmc.lt\\\/?p=2253\",\"url\":\"https:\\\/\\\/vsmc.lt\\\/?p=2253\",\"name\":\"Min\u0117jome Vilniaus \u012fk\u016br\u0117jo, Lietuvos did\u017eiojo kunigaik\u0161\u010dio Gedimino, dien\u0105 Vilniaus suaugusi\u0173j\u0173 mokymo centras - Vilniaus suaugusi\u0173j\u0173 mokymo centras\",\"isPartOf\":{\"@id\":\"https:\\\/\\\/vsmc.lt\\\/#website\"},\"primaryImageOfPage\":{\"@id\":\"https:\\\/\\\/vsmc.lt\\\/?p=2253#primaryimage\"},\"image\":{\"@id\":\"https:\\\/\\\/vsmc.lt\\\/?p=2253#primaryimage\"},\"thumbnailUrl\":\"http:\\\/\\\/vsmc.lt\\\/wp-content\\\/uploads\\\/2016\\\/10\\\/04\\\/akmuo-203x360.jpg\",\"datePublished\":\"2016-10-04T07:05:41+00:00\",\"dateModified\":\"2018-04-19T06:51:10+00:00\",\"description\":\"Min\u0117jome Vilniaus \u012fk\u016br\u0117jo, Lietuvos did\u017eiojo kunigaik\u0161\u010dio Gedimino, dien\u0105 Vilniaus suaugusi\u0173j\u0173 mokymo centras\",\"breadcrumb\":{\"@id\":\"https:\\\/\\\/vsmc.lt\\\/?p=2253#breadcrumb\"},\"inLanguage\":\"lt-LT\",\"potentialAction\":[{\"@type\":\"ReadAction\",\"target\":[\"https:\\\/\\\/vsmc.lt\\\/?p=2253\"]}]},{\"@type\":\"ImageObject\",\"inLanguage\":\"lt-LT\",\"@id\":\"https:\\\/\\\/vsmc.lt\\\/?p=2253#primaryimage\",\"url\":\"http:\\\/\\\/vsmc.lt\\\/wp-content\\\/uploads\\\/2016\\\/10\\\/04\\\/akmuo-203x360.jpg\",\"contentUrl\":\"http:\\\/\\\/vsmc.lt\\\/wp-content\\\/uploads\\\/2016\\\/10\\\/04\\\/akmuo-203x360.jpg\"},{\"@type\":\"BreadcrumbList\",\"@id\":\"https:\\\/\\\/vsmc.lt\\\/?p=2253#breadcrumb\",\"itemListElement\":[{\"@type\":\"ListItem\",\"position\":1,\"name\":\"Home\",\"item\":\"https:\\\/\\\/vsmc.lt\\\/\"},{\"@type\":\"ListItem\",\"position\":2,\"name\":\"Min\u0117jome Vilniaus \u012fk\u016br\u0117jo, Lietuvos did\u017eiojo kunigaik\u0161\u010dio Gedimino, dien\u0105\"}]},{\"@type\":\"WebSite\",\"@id\":\"https:\\\/\\\/vsmc.lt\\\/#website\",\"url\":\"https:\\\/\\\/vsmc.lt\\\/\",\"name\":\"Vilniaus suaugusi\u0173j\u0173 mokymo centras\",\"description\":\"VSMC\",\"publisher\":{\"@id\":\"https:\\\/\\\/vsmc.lt\\\/#organization\"},\"alternateName\":\"VSMC\",\"potentialAction\":[{\"@type\":\"SearchAction\",\"target\":{\"@type\":\"EntryPoint\",\"urlTemplate\":\"https:\\\/\\\/vsmc.lt\\\/?s={search_term_string}\"},\"query-input\":{\"@type\":\"PropertyValueSpecification\",\"valueRequired\":true,\"valueName\":\"search_term_string\"}}],\"inLanguage\":\"lt-LT\"},{\"@type\":\"Organization\",\"@id\":\"https:\\\/\\\/vsmc.lt\\\/#organization\",\"name\":\"Vilniaus suaugusi\u0173j\u0173 mokymo centras\",\"alternateName\":\"VSMC\",\"url\":\"https:\\\/\\\/vsmc.lt\\\/\",\"logo\":{\"@type\":\"ImageObject\",\"inLanguage\":\"lt-LT\",\"@id\":\"https:\\\/\\\/vsmc.lt\\\/#\\\/schema\\\/logo\\\/image\\\/\",\"url\":\"https:\\\/\\\/vsmc.lt\\\/wp-content\\\/uploads\\\/2016\\\/11\\\/15\\\/logo.png\",\"contentUrl\":\"https:\\\/\\\/vsmc.lt\\\/wp-content\\\/uploads\\\/2016\\\/11\\\/15\\\/logo.png\",\"width\":96,\"height\":121,\"caption\":\"Vilniaus suaugusi\u0173j\u0173 mokymo centras\"},\"image\":{\"@id\":\"https:\\\/\\\/vsmc.lt\\\/#\\\/schema\\\/logo\\\/image\\\/\"},\"sameAs\":[\"https:\\\/\\\/www.facebook.com\\\/p\\\/Vilniaus-suaugusij-mokymo-centras-VSMC-gimnazija-100034428106674\\\/\"]},{\"@type\":\"Person\",\"@id\":\"https:\\\/\\\/vsmc.lt\\\/#\\\/schema\\\/person\\\/7b79c1eab13a88fc1ed4dc6626a57f98\",\"name\":\"Birut\u0117 Kubilinskien\u0117\",\"image\":{\"@type\":\"ImageObject\",\"inLanguage\":\"lt-LT\",\"@id\":\"https:\\\/\\\/secure.gravatar.com\\\/avatar\\\/de3432602f9f0edd7dc9006aceaad7e2a3227ca56f4f6d9e4b2e2ee05a11e793?s=96&d=mm&r=g\",\"url\":\"https:\\\/\\\/secure.gravatar.com\\\/avatar\\\/de3432602f9f0edd7dc9006aceaad7e2a3227ca56f4f6d9e4b2e2ee05a11e793?s=96&d=mm&r=g\",\"contentUrl\":\"https:\\\/\\\/secure.gravatar.com\\\/avatar\\\/de3432602f9f0edd7dc9006aceaad7e2a3227ca56f4f6d9e4b2e2ee05a11e793?s=96&d=mm&r=g\",\"caption\":\"Birut\u0117 Kubilinskien\u0117\"},\"url\":\"https:\\\/\\\/vsmc.lt\\\/?author=5\"}]}<\/script>\n<!-- \/ Yoast SEO plugin. -->","yoast_head_json":{"title":"Min\u0117jome Vilniaus \u012fk\u016br\u0117jo, Lietuvos did\u017eiojo kunigaik\u0161\u010dio Gedimino, dien\u0105 Vilniaus suaugusi\u0173j\u0173 mokymo centras  - Vilniaus suaugusi\u0173j\u0173 mokymo centras","description":"Min\u0117jome Vilniaus \u012fk\u016br\u0117jo, Lietuvos did\u017eiojo kunigaik\u0161\u010dio Gedimino, dien\u0105 Vilniaus suaugusi\u0173j\u0173 mokymo centras","robots":{"index":"index","follow":"follow","max-snippet":"max-snippet:-1","max-image-preview":"max-image-preview:large","max-video-preview":"max-video-preview:-1"},"canonical":"https:\/\/vsmc.lt\/?p=2253","og_locale":"lt_LT","og_type":"article","og_title":"Min\u0117jome Vilniaus \u012fk\u016br\u0117jo, Lietuvos did\u017eiojo kunigaik\u0161\u010dio Gedimino, dien\u0105 Vilniaus suaugusi\u0173j\u0173 mokymo centras  - Vilniaus suaugusi\u0173j\u0173 mokymo centras","og_description":"Min\u0117jome Vilniaus \u012fk\u016br\u0117jo, Lietuvos did\u017eiojo kunigaik\u0161\u010dio Gedimino, dien\u0105 Vilniaus suaugusi\u0173j\u0173 mokymo centras","og_url":"https:\/\/vsmc.lt\/?p=2253","og_site_name":"Vilniaus suaugusi\u0173j\u0173 mokymo centras","article_publisher":"https:\/\/www.facebook.com\/p\/Vilniaus-suaugusij-mokymo-centras-VSMC-gimnazija-100034428106674\/","article_published_time":"2016-10-04T07:05:41+00:00","article_modified_time":"2018-04-19T06:51:10+00:00","og_image":[{"url":"http:\/\/vsmc.lt\/wp-content\/uploads\/2016\/10\/04\/akmuo-203x360.jpg","type":"","width":"","height":""}],"author":"Birut\u0117 Kubilinskien\u0117","twitter_card":"summary_large_image","twitter_misc":{"Written by":"Birut\u0117 Kubilinskien\u0117"},"schema":{"@context":"https:\/\/schema.org","@graph":[{"@type":"Article","@id":"https:\/\/vsmc.lt\/?p=2253#article","isPartOf":{"@id":"https:\/\/vsmc.lt\/?p=2253"},"author":{"name":"Birut\u0117 Kubilinskien\u0117","@id":"https:\/\/vsmc.lt\/#\/schema\/person\/7b79c1eab13a88fc1ed4dc6626a57f98"},"headline":"Min\u0117jome Vilniaus \u012fk\u016br\u0117jo, Lietuvos did\u017eiojo kunigaik\u0161\u010dio Gedimino, dien\u0105","datePublished":"2016-10-04T07:05:41+00:00","dateModified":"2018-04-19T06:51:10+00:00","mainEntityOfPage":{"@id":"https:\/\/vsmc.lt\/?p=2253"},"wordCount":110,"publisher":{"@id":"https:\/\/vsmc.lt\/#organization"},"image":{"@id":"https:\/\/vsmc.lt\/?p=2253#primaryimage"},"thumbnailUrl":"http:\/\/vsmc.lt\/wp-content\/uploads\/2016\/10\/04\/akmuo-203x360.jpg","articleSection":["Naujienos"],"inLanguage":"lt-LT"},{"@type":"WebPage","@id":"https:\/\/vsmc.lt\/?p=2253","url":"https:\/\/vsmc.lt\/?p=2253","name":"Min\u0117jome Vilniaus \u012fk\u016br\u0117jo, Lietuvos did\u017eiojo kunigaik\u0161\u010dio Gedimino, dien\u0105 Vilniaus suaugusi\u0173j\u0173 mokymo centras - Vilniaus suaugusi\u0173j\u0173 mokymo centras","isPartOf":{"@id":"https:\/\/vsmc.lt\/#website"},"primaryImageOfPage":{"@id":"https:\/\/vsmc.lt\/?p=2253#primaryimage"},"image":{"@id":"https:\/\/vsmc.lt\/?p=2253#primaryimage"},"thumbnailUrl":"http:\/\/vsmc.lt\/wp-content\/uploads\/2016\/10\/04\/akmuo-203x360.jpg","datePublished":"2016-10-04T07:05:41+00:00","dateModified":"2018-04-19T06:51:10+00:00","description":"Min\u0117jome Vilniaus \u012fk\u016br\u0117jo, Lietuvos did\u017eiojo kunigaik\u0161\u010dio Gedimino, dien\u0105 Vilniaus suaugusi\u0173j\u0173 mokymo centras","breadcrumb":{"@id":"https:\/\/vsmc.lt\/?p=2253#breadcrumb"},"inLanguage":"lt-LT","potentialAction":[{"@type":"ReadAction","target":["https:\/\/vsmc.lt\/?p=2253"]}]},{"@type":"ImageObject","inLanguage":"lt-LT","@id":"https:\/\/vsmc.lt\/?p=2253#primaryimage","url":"http:\/\/vsmc.lt\/wp-content\/uploads\/2016\/10\/04\/akmuo-203x360.jpg","contentUrl":"http:\/\/vsmc.lt\/wp-content\/uploads\/2016\/10\/04\/akmuo-203x360.jpg"},{"@type":"BreadcrumbList","@id":"https:\/\/vsmc.lt\/?p=2253#breadcrumb","itemListElement":[{"@type":"ListItem","position":1,"name":"Home","item":"https:\/\/vsmc.lt\/"},{"@type":"ListItem","position":2,"name":"Min\u0117jome Vilniaus \u012fk\u016br\u0117jo, Lietuvos did\u017eiojo kunigaik\u0161\u010dio Gedimino, dien\u0105"}]},{"@type":"WebSite","@id":"https:\/\/vsmc.lt\/#website","url":"https:\/\/vsmc.lt\/","name":"Vilniaus suaugusi\u0173j\u0173 mokymo centras","description":"VSMC","publisher":{"@id":"https:\/\/vsmc.lt\/#organization"},"alternateName":"VSMC","potentialAction":[{"@type":"SearchAction","target":{"@type":"EntryPoint","urlTemplate":"https:\/\/vsmc.lt\/?s={search_term_string}"},"query-input":{"@type":"PropertyValueSpecification","valueRequired":true,"valueName":"search_term_string"}}],"inLanguage":"lt-LT"},{"@type":"Organization","@id":"https:\/\/vsmc.lt\/#organization","name":"Vilniaus suaugusi\u0173j\u0173 mokymo centras","alternateName":"VSMC","url":"https:\/\/vsmc.lt\/","logo":{"@type":"ImageObject","inLanguage":"lt-LT","@id":"https:\/\/vsmc.lt\/#\/schema\/logo\/image\/","url":"https:\/\/vsmc.lt\/wp-content\/uploads\/2016\/11\/15\/logo.png","contentUrl":"https:\/\/vsmc.lt\/wp-content\/uploads\/2016\/11\/15\/logo.png","width":96,"height":121,"caption":"Vilniaus suaugusi\u0173j\u0173 mokymo centras"},"image":{"@id":"https:\/\/vsmc.lt\/#\/schema\/logo\/image\/"},"sameAs":["https:\/\/www.facebook.com\/p\/Vilniaus-suaugusij-mokymo-centras-VSMC-gimnazija-100034428106674\/"]},{"@type":"Person","@id":"https:\/\/vsmc.lt\/#\/schema\/person\/7b79c1eab13a88fc1ed4dc6626a57f98","name":"Birut\u0117 Kubilinskien\u0117","image":{"@type":"ImageObject","inLanguage":"lt-LT","@id":"https:\/\/secure.gravatar.com\/avatar\/de3432602f9f0edd7dc9006aceaad7e2a3227ca56f4f6d9e4b2e2ee05a11e793?s=96&d=mm&r=g","url":"https:\/\/secure.gravatar.com\/avatar\/de3432602f9f0edd7dc9006aceaad7e2a3227ca56f4f6d9e4b2e2ee05a11e793?s=96&d=mm&r=g","contentUrl":"https:\/\/secure.gravatar.com\/avatar\/de3432602f9f0edd7dc9006aceaad7e2a3227ca56f4f6d9e4b2e2ee05a11e793?s=96&d=mm&r=g","caption":"Birut\u0117 Kubilinskien\u0117"},"url":"https:\/\/vsmc.lt\/?author=5"}]}},"_links":{"self":[{"href":"https:\/\/vsmc.lt\/index.php?rest_route=\/wp\/v2\/posts\/2253","targetHints":{"allow":["GET"]}}],"collection":[{"href":"https:\/\/vsmc.lt\/index.php?rest_route=\/wp\/v2\/posts"}],"about":[{"href":"https:\/\/vsmc.lt\/index.php?rest_route=\/wp\/v2\/types\/post"}],"author":[{"embeddable":true,"href":"https:\/\/vsmc.lt\/index.php?rest_route=\/wp\/v2\/users\/5"}],"replies":[{"embeddable":true,"href":"https:\/\/vsmc.lt\/index.php?rest_route=%2Fwp%2Fv2%2Fcomments&post=2253"}],"version-history":[{"count":4,"href":"https:\/\/vsmc.lt\/index.php?rest_route=\/wp\/v2\/posts\/2253\/revisions"}],"predecessor-version":[{"id":2260,"href":"https:\/\/vsmc.lt\/index.php?rest_route=\/wp\/v2\/posts\/2253\/revisions\/2260"}],"wp:attachment":[{"href":"https:\/\/vsmc.lt\/index.php?rest_route=%2Fwp%2Fv2%2Fmedia&parent=2253"}],"wp:term":[{"taxonomy":"category","embeddable":true,"href":"https:\/\/vsmc.lt\/index.php?rest_route=%2Fwp%2Fv2%2Fcategories&post=2253"},{"taxonomy":"post_tag","embeddable":true,"href":"https:\/\/vsmc.lt\/index.php?rest_route=%2Fwp%2Fv2%2Ftags&post=2253"}],"curies":[{"name":"wp","href":"https:\/\/api.w.org\/{rel}","templated":true}]}}