{"id":2328,"date":"2016-10-26T17:17:55","date_gmt":"2016-10-26T14:17:55","guid":{"rendered":"http:\/\/vsmc.lt\/?p=2328"},"modified":"2018-04-19T09:50:41","modified_gmt":"2018-04-19T06:50:41","slug":"erasmus-ka1-projekto-mobilumo-dalyviu-patirties-sklaida","status":"publish","type":"post","link":"https:\/\/vsmc.lt\/?p=2328","title":{"rendered":"Erasmus+ KA1 projekto mobilumo dalyvi\u0173 patirties sklaida"},"content":{"rendered":"<p><img loading=\"lazy\" decoding=\"async\" class=\"alignnone size-full wp-image-2428\" src=\"https:\/\/vsmc.lt\/wp-content\/uploads\/2016\/10\/26\/logotipai-KA1.png\" alt=\"logotipai-ka1\" width=\"630\" height=\"139\" srcset=\"https:\/\/vsmc.lt\/wp-content\/uploads\/2016\/10\/26\/logotipai-KA1.png 630w, https:\/\/vsmc.lt\/wp-content\/uploads\/2016\/10\/26\/logotipai-KA1-450x99.png 450w\" sizes=\"auto, (max-width: 630px) 100vw, 630px\" \/>Erasmus+KA1 projekto \u201eProfesini\u0173 komunikacijos kompetencij\u0173 tobulinimas ple\u010diant organizacijos \u012fvaizd\u012f\u201c dalyviai t\u0119sia mokymus: pirmasis seminaras vyko 2016 m. rugpj\u016b\u010dio 22-27 d. mokym\u0173 institute ETI, Maltoje (dalyvavo VSMC angl\u0173 kalbos mokytoja Ana Tym\u010diuk ir matematikos mokytoja Jelena Aleknien\u0117); antrasis seminaras vyko 2016 m. spalio 9-15 d. mokym\u0173 centre ILC, Kipre (dalyvavo VSMC lietuvi\u0173 kalbos mokytoja Vilma Markevi\u010di\u016bt\u0117 ir angl\u0173 kalbos mokytojas Vladimiras Vdovi\u010denko).<\/p>\n<p>Antrajame mobilume dalyviai susipa\u017eino su kou\u010dingo metodika ir prakti\u0161kai (dirbdami grup\u0117se\/diskutuodami\/reflektuodami ir kt.) mok\u0117si taikyti savo profesin\u0117je veikloje:<\/p>\n<ul>\n<li>siek\u0117 geriau suvokti kou\u010dingo s\u0105vok\u0105, galim\u0105 naud\u0105 ir kaip \u0161is metodas gali b\u016bti taikomas \u0161vietimo kontekste (padedant besimokantiesiems formuluoti tikslus, didinant j\u0173 mokymosi motyvacij\u0105);<\/li>\n<li>susipa\u017eino su \u012frankiais (tiksl\u0173 formulavimas ir \u012fgyvendinimas, atvir\u0173 ir stipri\u0173 klausim\u0173 formulavimas, efektyvus klausimas ir kt.), kurie gali b\u016bti taikomi formaliojo ir neformaliojo \u0161vietimo kontekste, siekiant sustiprinti mokini\u0173 pasiekimus ir pedagog\u0173 pasitenkinim\u0105 darbu;<\/li>\n<li>mok\u0117si, kaip geriau suprasti komunikacijos proces\u0105 ir sugeb\u0117ti bendrauti gilesniame lygmenyje, \u012fvertinti empatijos svarb\u0105 ir i\u0161mokti valdyti nuotaik\u0173 kait\u0105 bei pad\u0117ti besimokantiesiems valdyti emocines b\u016bsenas;<\/li>\n<li>mok\u0117si, kaip sudaryti pasitik\u0117jim\u0105 skatinan\u010di\u0105\/palanki\u0105\/k\u016brybi\u0161k\u0105 mokymosi aplink\u0105;<\/li>\n<li>analizavo savo veikl\u0105 ir i\u0161skyr\u0117 jau naudojamus kou\u010dingo aspektus, mok\u0117si juos prapl\u0117sti ir s\u0105moningai naudoti kaip d\u0117stymo stiliaus dal\u012f;<\/li>\n<li>lavino pasitik\u0117jim\u0105 savimi, jog geba i\u0161kelti suaugusiems mokiniams i\u0161\u0161\u016bkius, kuri\u0173 \u012fveikimas padeda atrasti nauj\u0173 \u012fg\u016bd\u017ei\u0173 ir geb\u0117jim\u0173;<\/li>\n<li>suprato motyvacijos mechanizmus ir geb\u0117s motyvuoti save ir savo besimokan\u010diuosius;<\/li>\n<li>komunikavimas su kit\u0173 \u0161ali\u0173 dalyviais prapl\u0117t\u0117 kult\u016brin\u012f ir socialin\u012f dialog\u0105;<\/li>\n<li>diskusija apie \u0161iuo metu Europoje i\u0161kilusius migracijos socialinius ir kult\u016brinius i\u0161\u0161\u016bkius, pad\u0117jo atrasti bendr\u0173 problem\u0173 sprendimo b\u016bd\u0173, vyko gerosios patirties sklaida.<\/li>\n<\/ul>\n<p>\u0160i\u0173 mokym\u0173 tematika, dalyvi\u0173 \u012fgytos \u017einios ir patirtis bus perduota VSMC mokytojams ir \u0161alies\/miesto \u0161viet\u0117jams kaip galimyb\u0117 ar \u012frankis, pad\u0117siantis tobulinti organizacijos bendruomen\u0117s nari\u0173 veikl\u0105: mokytoj\u0173 pamokas, mokini\u0173 mokymosi galimybes ir motyvacij\u0105 ir t.t. Juk investuojant \u012f bendruomen\u0117s nari\u0173 kompetencij\u0173 ir \u012fg\u016bd\u017ei\u0173 pl\u0117tr\u0105, ger\u0117ja m\u016bs\u0173 gimnazijos veiklos rodikliai, kei\u010diasi organizacijos \u012fvaizdis.<\/p>\n<p>\u0160is projektas finansuojamas remiant Europos Komisijai. \u0160is k\u016brinys atspindi tik autoriaus po\u017ei\u016br\u012f, tod\u0117l Komisija negali b\u016bti laikoma atsakinga u\u017e bet kok\u012f jame pateikiamos informacijos naudojim\u0105.<\/p>\n<p>Pareng\u0117 lietuvi\u0173 kalbos ir literat\u016bros mokytoja metodinink\u0117 Vilma Markevi\u010di\u016bt\u0117<\/p>\n<p><img loading=\"lazy\" decoding=\"async\" class=\"alignnone wp-image-2329\" src=\"https:\/\/vsmc.lt\/wp-content\/uploads\/2016\/10\/26\/kipras-2-2-640x360.jpg\" alt=\"kipras-2-2\" width=\"402\" height=\"226\" srcset=\"https:\/\/vsmc.lt\/wp-content\/uploads\/2016\/10\/26\/kipras-2-2-640x360.jpg 640w, https:\/\/vsmc.lt\/wp-content\/uploads\/2016\/10\/26\/kipras-2-2-768x432.jpg 768w, https:\/\/vsmc.lt\/wp-content\/uploads\/2016\/10\/26\/kipras-2-2-1280x720.jpg 1280w, https:\/\/vsmc.lt\/wp-content\/uploads\/2016\/10\/26\/kipras-2-2-950x534.jpg 950w, https:\/\/vsmc.lt\/wp-content\/uploads\/2016\/10\/26\/kipras-2-2-450x253.jpg 450w\" sizes=\"auto, (max-width: 402px) 100vw, 402px\" \/><\/p>\n<p><img loading=\"lazy\" decoding=\"async\" class=\"alignnone wp-image-2332\" src=\"https:\/\/vsmc.lt\/wp-content\/uploads\/2016\/10\/26\/kipras-4-1-480x360.jpg\" alt=\"kipras-4-1\" width=\"404\" height=\"303\" srcset=\"https:\/\/vsmc.lt\/wp-content\/uploads\/2016\/10\/26\/kipras-4-1-480x360.jpg 480w, https:\/\/vsmc.lt\/wp-content\/uploads\/2016\/10\/26\/kipras-4-1-768x576.jpg 768w, https:\/\/vsmc.lt\/wp-content\/uploads\/2016\/10\/26\/kipras-4-1-960x720.jpg 960w, https:\/\/vsmc.lt\/wp-content\/uploads\/2016\/10\/26\/kipras-4-1-950x713.jpg 950w, https:\/\/vsmc.lt\/wp-content\/uploads\/2016\/10\/26\/kipras-4-1-450x338.jpg 450w\" sizes=\"auto, (max-width: 404px) 100vw, 404px\" \/><\/p>\n<p><img loading=\"lazy\" decoding=\"async\" class=\"alignnone wp-image-2331\" src=\"https:\/\/vsmc.lt\/wp-content\/uploads\/2016\/10\/26\/kipras-2-1-480x360.jpg\" alt=\"kipras-2-1\" width=\"405\" height=\"304\" srcset=\"https:\/\/vsmc.lt\/wp-content\/uploads\/2016\/10\/26\/kipras-2-1-480x360.jpg 480w, https:\/\/vsmc.lt\/wp-content\/uploads\/2016\/10\/26\/kipras-2-1-768x576.jpg 768w, https:\/\/vsmc.lt\/wp-content\/uploads\/2016\/10\/26\/kipras-2-1-960x720.jpg 960w, https:\/\/vsmc.lt\/wp-content\/uploads\/2016\/10\/26\/kipras-2-1-950x713.jpg 950w, https:\/\/vsmc.lt\/wp-content\/uploads\/2016\/10\/26\/kipras-2-1-450x338.jpg 450w\" sizes=\"auto, (max-width: 405px) 100vw, 405px\" \/><\/p>\n","protected":false},"excerpt":{"rendered":"<p>Erasmus+KA1 projekto \u201eProfesini\u0173 komunikacijos kompetencij\u0173 tobulinimas ple\u010diant organizacijos \u012fvaizd\u012f\u201c dalyviai t\u0119sia mokymus: pirmasis seminaras vyko 2016 m. rugpj\u016b\u010dio 22-27 d. mokym\u0173 institute ETI, Maltoje (dalyvavo VSMC angl\u0173 kalbos mokytoja Ana Tym\u010diuk ir matematikos mokytoja Jelena Aleknien\u0117); antrasis seminaras vyko 2016 m. spalio 9-15 d. mokym\u0173 centre ILC, Kipre (dalyvavo VSMC lietuvi\u0173 kalbos mokytoja Vilma Markevi\u010di\u016bt\u0117 [&hellip;]<\/p>\n","protected":false},"author":1,"featured_media":0,"comment_status":"closed","ping_status":"closed","sticky":false,"template":"","format":"standard","meta":{"footnotes":""},"categories":[1],"tags":[],"class_list":["post-2328","post","type-post","status-publish","format-standard","hentry","category-naujienos"],"yoast_head":"<!-- This site is optimized with the Yoast SEO plugin v27.5 - https:\/\/yoast.com\/product\/yoast-seo-wordpress\/ -->\n<title>Erasmus+ KA1 projekto mobilumo dalyvi\u0173 patirties sklaida Vilniaus suaugusi\u0173j\u0173 mokymo centras  - Vilniaus suaugusi\u0173j\u0173 mokymo centras<\/title>\n<meta name=\"description\" content=\"Erasmus+ KA1 projekto mobilumo dalyvi\u0173 patirties sklaida Vilniaus suaugusi\u0173j\u0173 mokymo centras\" \/>\n<meta name=\"robots\" content=\"index, follow, max-snippet:-1, max-image-preview:large, max-video-preview:-1\" \/>\n<link rel=\"canonical\" href=\"https:\/\/vsmc.lt\/?p=2328\" \/>\n<meta property=\"og:locale\" content=\"lt_LT\" \/>\n<meta property=\"og:type\" content=\"article\" \/>\n<meta property=\"og:title\" content=\"Erasmus+ KA1 projekto mobilumo dalyvi\u0173 patirties sklaida Vilniaus suaugusi\u0173j\u0173 mokymo centras  - Vilniaus suaugusi\u0173j\u0173 mokymo centras\" \/>\n<meta property=\"og:description\" content=\"Erasmus+ KA1 projekto mobilumo dalyvi\u0173 patirties sklaida Vilniaus suaugusi\u0173j\u0173 mokymo centras\" \/>\n<meta property=\"og:url\" content=\"https:\/\/vsmc.lt\/?p=2328\" \/>\n<meta property=\"og:site_name\" content=\"Vilniaus suaugusi\u0173j\u0173 mokymo centras\" \/>\n<meta property=\"article:publisher\" content=\"https:\/\/www.facebook.com\/p\/Vilniaus-suaugusij-mokymo-centras-VSMC-gimnazija-100034428106674\/\" \/>\n<meta property=\"article:published_time\" content=\"2016-10-26T14:17:55+00:00\" \/>\n<meta property=\"article:modified_time\" content=\"2018-04-19T06:50:41+00:00\" \/>\n<meta property=\"og:image\" content=\"http:\/\/vsmc.lt\/wp-content\/uploads\/2016\/10\/26\/logotipai-KA1.png\" \/>\n<meta name=\"author\" content=\"vsmc\" \/>\n<meta name=\"twitter:card\" content=\"summary_large_image\" \/>\n<meta name=\"twitter:label1\" content=\"Written by\" \/>\n\t<meta name=\"twitter:data1\" content=\"vsmc\" \/>\n\t<meta name=\"twitter:label2\" content=\"Est. reading time\" \/>\n\t<meta name=\"twitter:data2\" content=\"2 minut\u0117s\" \/>\n<script type=\"application\/ld+json\" class=\"yoast-schema-graph\">{\"@context\":\"https:\\\/\\\/schema.org\",\"@graph\":[{\"@type\":\"Article\",\"@id\":\"https:\\\/\\\/vsmc.lt\\\/?p=2328#article\",\"isPartOf\":{\"@id\":\"https:\\\/\\\/vsmc.lt\\\/?p=2328\"},\"author\":{\"name\":\"vsmc\",\"@id\":\"https:\\\/\\\/vsmc.lt\\\/#\\\/schema\\\/person\\\/f908112af7b3b7eb0f58e68efc84ed3b\"},\"headline\":\"Erasmus+ KA1 projekto mobilumo dalyvi\u0173 patirties sklaida\",\"datePublished\":\"2016-10-26T14:17:55+00:00\",\"dateModified\":\"2018-04-19T06:50:41+00:00\",\"mainEntityOfPage\":{\"@id\":\"https:\\\/\\\/vsmc.lt\\\/?p=2328\"},\"wordCount\":408,\"publisher\":{\"@id\":\"https:\\\/\\\/vsmc.lt\\\/#organization\"},\"image\":{\"@id\":\"https:\\\/\\\/vsmc.lt\\\/?p=2328#primaryimage\"},\"thumbnailUrl\":\"http:\\\/\\\/vsmc.lt\\\/wp-content\\\/uploads\\\/2016\\\/10\\\/26\\\/logotipai-KA1.png\",\"articleSection\":[\"Naujienos\"],\"inLanguage\":\"lt-LT\"},{\"@type\":\"WebPage\",\"@id\":\"https:\\\/\\\/vsmc.lt\\\/?p=2328\",\"url\":\"https:\\\/\\\/vsmc.lt\\\/?p=2328\",\"name\":\"Erasmus+ KA1 projekto mobilumo dalyvi\u0173 patirties sklaida Vilniaus suaugusi\u0173j\u0173 mokymo centras - Vilniaus suaugusi\u0173j\u0173 mokymo centras\",\"isPartOf\":{\"@id\":\"https:\\\/\\\/vsmc.lt\\\/#website\"},\"primaryImageOfPage\":{\"@id\":\"https:\\\/\\\/vsmc.lt\\\/?p=2328#primaryimage\"},\"image\":{\"@id\":\"https:\\\/\\\/vsmc.lt\\\/?p=2328#primaryimage\"},\"thumbnailUrl\":\"http:\\\/\\\/vsmc.lt\\\/wp-content\\\/uploads\\\/2016\\\/10\\\/26\\\/logotipai-KA1.png\",\"datePublished\":\"2016-10-26T14:17:55+00:00\",\"dateModified\":\"2018-04-19T06:50:41+00:00\",\"description\":\"Erasmus+ KA1 projekto mobilumo dalyvi\u0173 patirties sklaida Vilniaus suaugusi\u0173j\u0173 mokymo centras\",\"breadcrumb\":{\"@id\":\"https:\\\/\\\/vsmc.lt\\\/?p=2328#breadcrumb\"},\"inLanguage\":\"lt-LT\",\"potentialAction\":[{\"@type\":\"ReadAction\",\"target\":[\"https:\\\/\\\/vsmc.lt\\\/?p=2328\"]}]},{\"@type\":\"ImageObject\",\"inLanguage\":\"lt-LT\",\"@id\":\"https:\\\/\\\/vsmc.lt\\\/?p=2328#primaryimage\",\"url\":\"http:\\\/\\\/vsmc.lt\\\/wp-content\\\/uploads\\\/2016\\\/10\\\/26\\\/logotipai-KA1.png\",\"contentUrl\":\"http:\\\/\\\/vsmc.lt\\\/wp-content\\\/uploads\\\/2016\\\/10\\\/26\\\/logotipai-KA1.png\"},{\"@type\":\"BreadcrumbList\",\"@id\":\"https:\\\/\\\/vsmc.lt\\\/?p=2328#breadcrumb\",\"itemListElement\":[{\"@type\":\"ListItem\",\"position\":1,\"name\":\"Home\",\"item\":\"https:\\\/\\\/vsmc.lt\\\/\"},{\"@type\":\"ListItem\",\"position\":2,\"name\":\"Erasmus+ KA1 projekto mobilumo dalyvi\u0173 patirties sklaida\"}]},{\"@type\":\"WebSite\",\"@id\":\"https:\\\/\\\/vsmc.lt\\\/#website\",\"url\":\"https:\\\/\\\/vsmc.lt\\\/\",\"name\":\"Vilniaus suaugusi\u0173j\u0173 mokymo centras\",\"description\":\"VSMC\",\"publisher\":{\"@id\":\"https:\\\/\\\/vsmc.lt\\\/#organization\"},\"alternateName\":\"VSMC\",\"potentialAction\":[{\"@type\":\"SearchAction\",\"target\":{\"@type\":\"EntryPoint\",\"urlTemplate\":\"https:\\\/\\\/vsmc.lt\\\/?s={search_term_string}\"},\"query-input\":{\"@type\":\"PropertyValueSpecification\",\"valueRequired\":true,\"valueName\":\"search_term_string\"}}],\"inLanguage\":\"lt-LT\"},{\"@type\":\"Organization\",\"@id\":\"https:\\\/\\\/vsmc.lt\\\/#organization\",\"name\":\"Vilniaus suaugusi\u0173j\u0173 mokymo centras\",\"alternateName\":\"VSMC\",\"url\":\"https:\\\/\\\/vsmc.lt\\\/\",\"logo\":{\"@type\":\"ImageObject\",\"inLanguage\":\"lt-LT\",\"@id\":\"https:\\\/\\\/vsmc.lt\\\/#\\\/schema\\\/logo\\\/image\\\/\",\"url\":\"https:\\\/\\\/vsmc.lt\\\/wp-content\\\/uploads\\\/2016\\\/11\\\/15\\\/logo.png\",\"contentUrl\":\"https:\\\/\\\/vsmc.lt\\\/wp-content\\\/uploads\\\/2016\\\/11\\\/15\\\/logo.png\",\"width\":96,\"height\":121,\"caption\":\"Vilniaus suaugusi\u0173j\u0173 mokymo centras\"},\"image\":{\"@id\":\"https:\\\/\\\/vsmc.lt\\\/#\\\/schema\\\/logo\\\/image\\\/\"},\"sameAs\":[\"https:\\\/\\\/www.facebook.com\\\/p\\\/Vilniaus-suaugusij-mokymo-centras-VSMC-gimnazija-100034428106674\\\/\"]},{\"@type\":\"Person\",\"@id\":\"https:\\\/\\\/vsmc.lt\\\/#\\\/schema\\\/person\\\/f908112af7b3b7eb0f58e68efc84ed3b\",\"name\":\"vsmc\",\"image\":{\"@type\":\"ImageObject\",\"inLanguage\":\"lt-LT\",\"@id\":\"https:\\\/\\\/secure.gravatar.com\\\/avatar\\\/c98f8cf094a0c3815db557f5d303882682ae3622ba8eff672c992e55217b1a89?s=96&d=mm&r=g\",\"url\":\"https:\\\/\\\/secure.gravatar.com\\\/avatar\\\/c98f8cf094a0c3815db557f5d303882682ae3622ba8eff672c992e55217b1a89?s=96&d=mm&r=g\",\"contentUrl\":\"https:\\\/\\\/secure.gravatar.com\\\/avatar\\\/c98f8cf094a0c3815db557f5d303882682ae3622ba8eff672c992e55217b1a89?s=96&d=mm&r=g\",\"caption\":\"vsmc\"},\"url\":\"https:\\\/\\\/vsmc.lt\\\/?author=1\"}]}<\/script>\n<!-- \/ Yoast SEO plugin. -->","yoast_head_json":{"title":"Erasmus+ KA1 projekto mobilumo dalyvi\u0173 patirties sklaida Vilniaus suaugusi\u0173j\u0173 mokymo centras  - Vilniaus suaugusi\u0173j\u0173 mokymo centras","description":"Erasmus+ KA1 projekto mobilumo dalyvi\u0173 patirties sklaida Vilniaus suaugusi\u0173j\u0173 mokymo centras","robots":{"index":"index","follow":"follow","max-snippet":"max-snippet:-1","max-image-preview":"max-image-preview:large","max-video-preview":"max-video-preview:-1"},"canonical":"https:\/\/vsmc.lt\/?p=2328","og_locale":"lt_LT","og_type":"article","og_title":"Erasmus+ KA1 projekto mobilumo dalyvi\u0173 patirties sklaida Vilniaus suaugusi\u0173j\u0173 mokymo centras  - Vilniaus suaugusi\u0173j\u0173 mokymo centras","og_description":"Erasmus+ KA1 projekto mobilumo dalyvi\u0173 patirties sklaida Vilniaus suaugusi\u0173j\u0173 mokymo centras","og_url":"https:\/\/vsmc.lt\/?p=2328","og_site_name":"Vilniaus suaugusi\u0173j\u0173 mokymo centras","article_publisher":"https:\/\/www.facebook.com\/p\/Vilniaus-suaugusij-mokymo-centras-VSMC-gimnazija-100034428106674\/","article_published_time":"2016-10-26T14:17:55+00:00","article_modified_time":"2018-04-19T06:50:41+00:00","og_image":[{"url":"http:\/\/vsmc.lt\/wp-content\/uploads\/2016\/10\/26\/logotipai-KA1.png","type":"","width":"","height":""}],"author":"vsmc","twitter_card":"summary_large_image","twitter_misc":{"Written by":"vsmc","Est. reading time":"2 minut\u0117s"},"schema":{"@context":"https:\/\/schema.org","@graph":[{"@type":"Article","@id":"https:\/\/vsmc.lt\/?p=2328#article","isPartOf":{"@id":"https:\/\/vsmc.lt\/?p=2328"},"author":{"name":"vsmc","@id":"https:\/\/vsmc.lt\/#\/schema\/person\/f908112af7b3b7eb0f58e68efc84ed3b"},"headline":"Erasmus+ KA1 projekto mobilumo dalyvi\u0173 patirties sklaida","datePublished":"2016-10-26T14:17:55+00:00","dateModified":"2018-04-19T06:50:41+00:00","mainEntityOfPage":{"@id":"https:\/\/vsmc.lt\/?p=2328"},"wordCount":408,"publisher":{"@id":"https:\/\/vsmc.lt\/#organization"},"image":{"@id":"https:\/\/vsmc.lt\/?p=2328#primaryimage"},"thumbnailUrl":"http:\/\/vsmc.lt\/wp-content\/uploads\/2016\/10\/26\/logotipai-KA1.png","articleSection":["Naujienos"],"inLanguage":"lt-LT"},{"@type":"WebPage","@id":"https:\/\/vsmc.lt\/?p=2328","url":"https:\/\/vsmc.lt\/?p=2328","name":"Erasmus+ KA1 projekto mobilumo dalyvi\u0173 patirties sklaida Vilniaus suaugusi\u0173j\u0173 mokymo centras - Vilniaus suaugusi\u0173j\u0173 mokymo centras","isPartOf":{"@id":"https:\/\/vsmc.lt\/#website"},"primaryImageOfPage":{"@id":"https:\/\/vsmc.lt\/?p=2328#primaryimage"},"image":{"@id":"https:\/\/vsmc.lt\/?p=2328#primaryimage"},"thumbnailUrl":"http:\/\/vsmc.lt\/wp-content\/uploads\/2016\/10\/26\/logotipai-KA1.png","datePublished":"2016-10-26T14:17:55+00:00","dateModified":"2018-04-19T06:50:41+00:00","description":"Erasmus+ KA1 projekto mobilumo dalyvi\u0173 patirties sklaida Vilniaus suaugusi\u0173j\u0173 mokymo centras","breadcrumb":{"@id":"https:\/\/vsmc.lt\/?p=2328#breadcrumb"},"inLanguage":"lt-LT","potentialAction":[{"@type":"ReadAction","target":["https:\/\/vsmc.lt\/?p=2328"]}]},{"@type":"ImageObject","inLanguage":"lt-LT","@id":"https:\/\/vsmc.lt\/?p=2328#primaryimage","url":"http:\/\/vsmc.lt\/wp-content\/uploads\/2016\/10\/26\/logotipai-KA1.png","contentUrl":"http:\/\/vsmc.lt\/wp-content\/uploads\/2016\/10\/26\/logotipai-KA1.png"},{"@type":"BreadcrumbList","@id":"https:\/\/vsmc.lt\/?p=2328#breadcrumb","itemListElement":[{"@type":"ListItem","position":1,"name":"Home","item":"https:\/\/vsmc.lt\/"},{"@type":"ListItem","position":2,"name":"Erasmus+ KA1 projekto mobilumo dalyvi\u0173 patirties sklaida"}]},{"@type":"WebSite","@id":"https:\/\/vsmc.lt\/#website","url":"https:\/\/vsmc.lt\/","name":"Vilniaus suaugusi\u0173j\u0173 mokymo centras","description":"VSMC","publisher":{"@id":"https:\/\/vsmc.lt\/#organization"},"alternateName":"VSMC","potentialAction":[{"@type":"SearchAction","target":{"@type":"EntryPoint","urlTemplate":"https:\/\/vsmc.lt\/?s={search_term_string}"},"query-input":{"@type":"PropertyValueSpecification","valueRequired":true,"valueName":"search_term_string"}}],"inLanguage":"lt-LT"},{"@type":"Organization","@id":"https:\/\/vsmc.lt\/#organization","name":"Vilniaus suaugusi\u0173j\u0173 mokymo centras","alternateName":"VSMC","url":"https:\/\/vsmc.lt\/","logo":{"@type":"ImageObject","inLanguage":"lt-LT","@id":"https:\/\/vsmc.lt\/#\/schema\/logo\/image\/","url":"https:\/\/vsmc.lt\/wp-content\/uploads\/2016\/11\/15\/logo.png","contentUrl":"https:\/\/vsmc.lt\/wp-content\/uploads\/2016\/11\/15\/logo.png","width":96,"height":121,"caption":"Vilniaus suaugusi\u0173j\u0173 mokymo centras"},"image":{"@id":"https:\/\/vsmc.lt\/#\/schema\/logo\/image\/"},"sameAs":["https:\/\/www.facebook.com\/p\/Vilniaus-suaugusij-mokymo-centras-VSMC-gimnazija-100034428106674\/"]},{"@type":"Person","@id":"https:\/\/vsmc.lt\/#\/schema\/person\/f908112af7b3b7eb0f58e68efc84ed3b","name":"vsmc","image":{"@type":"ImageObject","inLanguage":"lt-LT","@id":"https:\/\/secure.gravatar.com\/avatar\/c98f8cf094a0c3815db557f5d303882682ae3622ba8eff672c992e55217b1a89?s=96&d=mm&r=g","url":"https:\/\/secure.gravatar.com\/avatar\/c98f8cf094a0c3815db557f5d303882682ae3622ba8eff672c992e55217b1a89?s=96&d=mm&r=g","contentUrl":"https:\/\/secure.gravatar.com\/avatar\/c98f8cf094a0c3815db557f5d303882682ae3622ba8eff672c992e55217b1a89?s=96&d=mm&r=g","caption":"vsmc"},"url":"https:\/\/vsmc.lt\/?author=1"}]}},"_links":{"self":[{"href":"https:\/\/vsmc.lt\/index.php?rest_route=\/wp\/v2\/posts\/2328","targetHints":{"allow":["GET"]}}],"collection":[{"href":"https:\/\/vsmc.lt\/index.php?rest_route=\/wp\/v2\/posts"}],"about":[{"href":"https:\/\/vsmc.lt\/index.php?rest_route=\/wp\/v2\/types\/post"}],"author":[{"embeddable":true,"href":"https:\/\/vsmc.lt\/index.php?rest_route=\/wp\/v2\/users\/1"}],"replies":[{"embeddable":true,"href":"https:\/\/vsmc.lt\/index.php?rest_route=%2Fwp%2Fv2%2Fcomments&post=2328"}],"version-history":[{"count":6,"href":"https:\/\/vsmc.lt\/index.php?rest_route=\/wp\/v2\/posts\/2328\/revisions"}],"predecessor-version":[{"id":2430,"href":"https:\/\/vsmc.lt\/index.php?rest_route=\/wp\/v2\/posts\/2328\/revisions\/2430"}],"wp:attachment":[{"href":"https:\/\/vsmc.lt\/index.php?rest_route=%2Fwp%2Fv2%2Fmedia&parent=2328"}],"wp:term":[{"taxonomy":"category","embeddable":true,"href":"https:\/\/vsmc.lt\/index.php?rest_route=%2Fwp%2Fv2%2Fcategories&post=2328"},{"taxonomy":"post_tag","embeddable":true,"href":"https:\/\/vsmc.lt\/index.php?rest_route=%2Fwp%2Fv2%2Ftags&post=2328"}],"curies":[{"name":"wp","href":"https:\/\/api.w.org\/{rel}","templated":true}]}}