{"id":2454,"date":"2016-11-15T15:00:56","date_gmt":"2016-11-15T12:00:56","guid":{"rendered":"http:\/\/vsmc.lt\/?p=2454"},"modified":"2018-04-19T09:49:40","modified_gmt":"2018-04-19T06:49:40","slug":"pradejome-suaugusiuju-svietimo-savaite","status":"publish","type":"post","link":"https:\/\/vsmc.lt\/?p=2454","title":{"rendered":"Prad\u0117jome Suaugusi\u0173j\u0173 \u0161vietimo savait\u0119!"},"content":{"rendered":"<p>&nbsp;<\/p>\n<p><em><img loading=\"lazy\" decoding=\"async\" class=\"alignnone size-full wp-image-2455\" src=\"https:\/\/vsmc.lt\/wp-content\/uploads\/2016\/11\/15\/LS\u0160A.gif\" alt=\"lssa\" width=\"160\" height=\"100\" \/>\u00a0\u00a0\u00a0\u00a0\u00a0\u00a0\u00a0\u00a0 <img loading=\"lazy\" decoding=\"async\" class=\"alignnone size-full wp-image-2456\" src=\"https:\/\/vsmc.lt\/wp-content\/uploads\/2016\/11\/15\/sss_logo_1.jpg\" alt=\"sss_logo_1\" width=\"100\" height=\"100\" \/> \u00a0 \u00a0 \u00a0 \u00a0<img loading=\"lazy\" decoding=\"async\" class=\"alignnone size-full wp-image-2470\" src=\"https:\/\/vsmc.lt\/wp-content\/uploads\/2016\/11\/15\/logo.png\" alt=\"logo\" width=\"96\" height=\"121\" \/><\/em><\/p>\n<p><em>Kokia spalva reik\u0117t\u0173 pie\u0161ti laim\u0119?<br \/>\nBalta \u2013 jei pie\u0161i angelo sparnus,<br \/>\nJuoda pie\u0161i nakties \u017evaig\u017ed\u0117t\u0105 dang\u0173,<br \/>\nO ro\u017eine \u2013 svajones ir sapnus.<\/em><\/p>\n<p><em>Visom spalvom gali nupie\u0161ti laim\u0119,<\/em><br \/>\n<em> Jei laim\u0119 mato akys ir \u0161irdis&#8230;<\/em><\/p>\n<p><em>\u00a0\u00a0\u00a0\u00a0\u00a0\u00a0\u00a0\u00a0\u00a0\u00a0\u00a0\u00a0\u00a0\u00a0\u00a0\u00a0\u00a0\u00a0\u00a0\u00a0\u00a0\u00a0\u00a0\u00a0\u00a0\u00a0\u00a0\u00a0\u00a0\u00a0\u00a0\u00a0 K\u0119stutis Bleikaitis<\/em><\/p>\n<p>2016 m. lapkri\u010dio 14-20 dienomis vyksta jau septynioliktoji suaugusi\u0173j\u0173 mokymosi savait\u0117. \u0160iais metais jos reng\u0117jai kvie\u010dia pa\u017evelgti \u012f mokym\u0105si kitomis akimis, atrasti \u012fvairiaspalv\u012f pasaul\u012f, susirinkus kartu dalintis spalvotais atradimais.<\/p>\n<p>Lapkri\u010dio 14-\u0105j\u0105, pirmadien\u012f, gimnazijoje surengta suaugusi\u0173j\u0173 \u0161vietimo savait\u0117s rengini\u0173 ciklo I dalis. J\u0105 prad\u0117jo suaugusi\u0173j\u0173 \u0161vietimo ekspertas, ilgametis Lietuvos suaugusi\u0173j\u0173 \u0161vietimo asociacijos prezidentas Ar\u016bnas B\u0117k\u0161ta seminaru Vilniaus miesto ir regiono suaugusi\u0173j\u0173 \u0161viet\u0117jams \u201eMokymosi spalvos\u201c. Seminaro dalyviai, pasidalij\u0119 \u012f grupes, diskutavo apie \u012fvairi\u0173 spalv\u0173 reik\u0161mes, apib\u016bdino mokymosi spalvas. Padar\u0117me i\u0161vad\u0105, kad juodas mokymasis asocijuojasi su sunkiu darbu, pilkas \u2013 nuoboduliu ir kasdienybe, raudonas rei\u0161kia aistr\u0105 mokytis, \u017ealias, geltonas \u2013 energij\u0105 ir ry\u017et\u0105, m\u0117lynas \u2013 tiksl\u0173 siekim\u0105. Seminaro pabaigoje mintis apibendrinome sutar\u0119, jog mokymasis \u2013 spalvingas procesas, kuo daugiau jame spalv\u0173 \u2013 tuo jis \u012fdomesnis ir patrauklesnis.<\/p>\n<p>Spalvos \u2013 tai siel\u0105 lie\u010diantys pir\u0161tai, kaskart u\u017egaunantys vis kit\u0105 styg\u0105&#8230; Tad po seminaro gimnazijos bendruomen\u0119 ir sve\u010dius mokiniai pakviet\u0117 \u012f k\u016brybin\u0119 popiet\u0119 \u201ePo vienu stogu \u2013 daugiataut\u0117s mokymosi spalvos\u201c. Skamb\u0117jusios dainos ir eil\u0117ra\u0161\u010di\u0173 posmai i\u0161 tikr\u0173j\u0173 suvirpino ne vieno klausytojo sielos stygas, privert\u0117 susim\u0105styti, kokios spalvos jo gyvenime yra daugiausiai, kod\u0117l linksmos ir li\u016bdnos, saul\u0117tos ir apsiniaukusios, tingios ir darbingos dienos b\u016bna skirting\u0173 spalv\u0173. Gal taip yra tod\u0117l, jog \u017emogaus gyvenimas susij\u0119s su gamtos ciklais, o gal tod\u0117l, kad dangi\u0161koji Verp\u0117ja \u012f jo gyvenimo si\u016bl\u0105 \u012fverpia vis skirting\u0105 spalv\u0105&#8230; Mintimis \u0161\u012fkart nesidalijome \u2013 kiekvienas band\u0117me atrasti sav\u0105j\u012f atsakym\u0105&#8230;<\/p>\n<p>Vieno teisingo atsakymo ir negali b\u016bti, kaip ir \u017emogaus gyvenimas negali b\u016bti vienspalvis \u2013 jis tikrai yra spalvotas!<\/p>\n<p>&nbsp;<\/p>\n<p>Pareng\u0117 lietuvi\u0173 kalbos vyresnioji mokytoja Oksana Aleknavi\u010dius<\/p>\n<p><img loading=\"lazy\" decoding=\"async\" class=\"alignnone size-medium wp-image-2457\" src=\"https:\/\/vsmc.lt\/wp-content\/uploads\/2016\/11\/15\/DSC_0005-202x360.jpg\" alt=\"dsc_0005\" width=\"202\" height=\"360\" srcset=\"https:\/\/vsmc.lt\/wp-content\/uploads\/2016\/11\/15\/DSC_0005-202x360.jpg 202w, https:\/\/vsmc.lt\/wp-content\/uploads\/2016\/11\/15\/DSC_0005-768x1366.jpg 768w, https:\/\/vsmc.lt\/wp-content\/uploads\/2016\/11\/15\/DSC_0005-405x720.jpg 405w, https:\/\/vsmc.lt\/wp-content\/uploads\/2016\/11\/15\/DSC_0005-950x1690.jpg 950w, https:\/\/vsmc.lt\/wp-content\/uploads\/2016\/11\/15\/DSC_0005-450x800.jpg 450w\" sizes=\"auto, (max-width: 202px) 100vw, 202px\" \/> <img loading=\"lazy\" decoding=\"async\" class=\"alignnone wp-image-2458\" src=\"https:\/\/vsmc.lt\/wp-content\/uploads\/2016\/11\/15\/DSC_0010-640x360.jpg\" alt=\"dsc_0010\" width=\"478\" height=\"269\" srcset=\"https:\/\/vsmc.lt\/wp-content\/uploads\/2016\/11\/15\/DSC_0010-640x360.jpg 640w, https:\/\/vsmc.lt\/wp-content\/uploads\/2016\/11\/15\/DSC_0010-768x432.jpg 768w, https:\/\/vsmc.lt\/wp-content\/uploads\/2016\/11\/15\/DSC_0010-1280x720.jpg 1280w, https:\/\/vsmc.lt\/wp-content\/uploads\/2016\/11\/15\/DSC_0010-950x534.jpg 950w, https:\/\/vsmc.lt\/wp-content\/uploads\/2016\/11\/15\/DSC_0010-450x253.jpg 450w\" sizes=\"auto, (max-width: 478px) 100vw, 478px\" \/>\u00a0 <img loading=\"lazy\" decoding=\"async\" class=\"alignnone wp-image-2460\" src=\"https:\/\/vsmc.lt\/wp-content\/uploads\/2016\/11\/15\/DSC_0019-640x360.jpg\" alt=\"dsc_0019\" width=\"478\" height=\"269\" srcset=\"https:\/\/vsmc.lt\/wp-content\/uploads\/2016\/11\/15\/DSC_0019-640x360.jpg 640w, https:\/\/vsmc.lt\/wp-content\/uploads\/2016\/11\/15\/DSC_0019-768x432.jpg 768w, https:\/\/vsmc.lt\/wp-content\/uploads\/2016\/11\/15\/DSC_0019-1280x720.jpg 1280w, https:\/\/vsmc.lt\/wp-content\/uploads\/2016\/11\/15\/DSC_0019-950x534.jpg 950w, https:\/\/vsmc.lt\/wp-content\/uploads\/2016\/11\/15\/DSC_0019-450x253.jpg 450w\" sizes=\"auto, (max-width: 478px) 100vw, 478px\" \/><img loading=\"lazy\" decoding=\"async\" class=\"alignnone size-medium wp-image-2466\" src=\"https:\/\/vsmc.lt\/wp-content\/uploads\/2016\/11\/15\/DSC_0024-202x360.jpg\" alt=\"dsc_0024\" width=\"202\" height=\"360\" srcset=\"https:\/\/vsmc.lt\/wp-content\/uploads\/2016\/11\/15\/DSC_0024-202x360.jpg 202w, https:\/\/vsmc.lt\/wp-content\/uploads\/2016\/11\/15\/DSC_0024-768x1366.jpg 768w, https:\/\/vsmc.lt\/wp-content\/uploads\/2016\/11\/15\/DSC_0024-405x720.jpg 405w, https:\/\/vsmc.lt\/wp-content\/uploads\/2016\/11\/15\/DSC_0024-950x1690.jpg 950w, https:\/\/vsmc.lt\/wp-content\/uploads\/2016\/11\/15\/DSC_0024-450x800.jpg 450w\" sizes=\"auto, (max-width: 202px) 100vw, 202px\" \/> <img loading=\"lazy\" decoding=\"async\" class=\"alignnone wp-image-2461\" src=\"https:\/\/vsmc.lt\/wp-content\/uploads\/2016\/11\/15\/DSC_0034-640x360.jpg\" alt=\"dsc_0034\" width=\"470\" height=\"264\" srcset=\"https:\/\/vsmc.lt\/wp-content\/uploads\/2016\/11\/15\/DSC_0034-640x360.jpg 640w, https:\/\/vsmc.lt\/wp-content\/uploads\/2016\/11\/15\/DSC_0034-768x432.jpg 768w, https:\/\/vsmc.lt\/wp-content\/uploads\/2016\/11\/15\/DSC_0034-1280x720.jpg 1280w, https:\/\/vsmc.lt\/wp-content\/uploads\/2016\/11\/15\/DSC_0034-950x534.jpg 950w, https:\/\/vsmc.lt\/wp-content\/uploads\/2016\/11\/15\/DSC_0034-450x253.jpg 450w\" sizes=\"auto, (max-width: 470px) 100vw, 470px\" \/> <img loading=\"lazy\" decoding=\"async\" class=\"alignnone wp-image-2462\" src=\"https:\/\/vsmc.lt\/wp-content\/uploads\/2016\/11\/15\/DSC_0041-640x360.jpg\" alt=\"dsc_0041\" width=\"472\" height=\"265\" srcset=\"https:\/\/vsmc.lt\/wp-content\/uploads\/2016\/11\/15\/DSC_0041-640x360.jpg 640w, https:\/\/vsmc.lt\/wp-content\/uploads\/2016\/11\/15\/DSC_0041-768x432.jpg 768w, https:\/\/vsmc.lt\/wp-content\/uploads\/2016\/11\/15\/DSC_0041-1280x720.jpg 1280w, https:\/\/vsmc.lt\/wp-content\/uploads\/2016\/11\/15\/DSC_0041-950x534.jpg 950w, https:\/\/vsmc.lt\/wp-content\/uploads\/2016\/11\/15\/DSC_0041-450x253.jpg 450w\" sizes=\"auto, (max-width: 472px) 100vw, 472px\" \/>\u00a0\u00a0 <img loading=\"lazy\" decoding=\"async\" class=\"alignnone wp-image-2465\" src=\"https:\/\/vsmc.lt\/wp-content\/uploads\/2016\/11\/15\/DSC_0049-640x360.jpg\" alt=\"dsc_0049\" width=\"471\" height=\"265\" srcset=\"https:\/\/vsmc.lt\/wp-content\/uploads\/2016\/11\/15\/DSC_0049-640x360.jpg 640w, https:\/\/vsmc.lt\/wp-content\/uploads\/2016\/11\/15\/DSC_0049-768x432.jpg 768w, https:\/\/vsmc.lt\/wp-content\/uploads\/2016\/11\/15\/DSC_0049-1280x720.jpg 1280w, https:\/\/vsmc.lt\/wp-content\/uploads\/2016\/11\/15\/DSC_0049-950x534.jpg 950w, https:\/\/vsmc.lt\/wp-content\/uploads\/2016\/11\/15\/DSC_0049-450x253.jpg 450w\" sizes=\"auto, (max-width: 471px) 100vw, 471px\" \/><\/p>\n","protected":false},"excerpt":{"rendered":"<p>&nbsp; \u00a0\u00a0\u00a0\u00a0\u00a0\u00a0\u00a0\u00a0 \u00a0 \u00a0 \u00a0 \u00a0 Kokia spalva reik\u0117t\u0173 pie\u0161ti laim\u0119? Balta \u2013 jei pie\u0161i angelo sparnus, Juoda pie\u0161i nakties \u017evaig\u017ed\u0117t\u0105 dang\u0173, O ro\u017eine \u2013 svajones ir sapnus. Visom spalvom gali nupie\u0161ti laim\u0119, Jei laim\u0119 mato akys ir \u0161irdis&#8230; \u00a0\u00a0\u00a0\u00a0\u00a0\u00a0\u00a0\u00a0\u00a0\u00a0\u00a0\u00a0\u00a0\u00a0\u00a0\u00a0\u00a0\u00a0\u00a0\u00a0\u00a0\u00a0\u00a0\u00a0\u00a0\u00a0\u00a0\u00a0\u00a0\u00a0\u00a0\u00a0 K\u0119stutis Bleikaitis 2016 m. lapkri\u010dio 14-20 dienomis vyksta jau septynioliktoji suaugusi\u0173j\u0173 mokymosi savait\u0117. \u0160iais metais [&hellip;]<\/p>\n","protected":false},"author":1,"featured_media":0,"comment_status":"closed","ping_status":"closed","sticky":false,"template":"","format":"standard","meta":{"footnotes":""},"categories":[1],"tags":[],"class_list":["post-2454","post","type-post","status-publish","format-standard","hentry","category-naujienos"],"yoast_head":"<!-- This site is optimized with the Yoast SEO plugin v27.5 - https:\/\/yoast.com\/product\/yoast-seo-wordpress\/ -->\n<title>Prad\u0117jome Suaugusi\u0173j\u0173 \u0161vietimo savait\u0119! Vilniaus suaugusi\u0173j\u0173 mokymo centras  - Vilniaus suaugusi\u0173j\u0173 mokymo centras<\/title>\n<meta name=\"description\" content=\"Prad\u0117jome Suaugusi\u0173j\u0173 \u0161vietimo savait\u0119! Vilniaus suaugusi\u0173j\u0173 mokymo centras\" \/>\n<meta name=\"robots\" content=\"index, follow, max-snippet:-1, max-image-preview:large, max-video-preview:-1\" \/>\n<link rel=\"canonical\" href=\"https:\/\/vsmc.lt\/?p=2454\" \/>\n<meta property=\"og:locale\" content=\"lt_LT\" \/>\n<meta property=\"og:type\" content=\"article\" \/>\n<meta property=\"og:title\" content=\"Prad\u0117jome Suaugusi\u0173j\u0173 \u0161vietimo savait\u0119! Vilniaus suaugusi\u0173j\u0173 mokymo centras  - Vilniaus suaugusi\u0173j\u0173 mokymo centras\" \/>\n<meta property=\"og:description\" content=\"Prad\u0117jome Suaugusi\u0173j\u0173 \u0161vietimo savait\u0119! Vilniaus suaugusi\u0173j\u0173 mokymo centras\" \/>\n<meta property=\"og:url\" content=\"https:\/\/vsmc.lt\/?p=2454\" \/>\n<meta property=\"og:site_name\" content=\"Vilniaus suaugusi\u0173j\u0173 mokymo centras\" \/>\n<meta property=\"article:publisher\" content=\"https:\/\/www.facebook.com\/p\/Vilniaus-suaugusij-mokymo-centras-VSMC-gimnazija-100034428106674\/\" \/>\n<meta property=\"article:published_time\" content=\"2016-11-15T12:00:56+00:00\" \/>\n<meta property=\"article:modified_time\" content=\"2018-04-19T06:49:40+00:00\" \/>\n<meta property=\"og:image\" content=\"http:\/\/vsmc.lt\/wp-content\/uploads\/2016\/11\/15\/sss_logo_1.jpg\" \/>\n<meta name=\"author\" content=\"vsmc\" \/>\n<meta name=\"twitter:card\" content=\"summary_large_image\" \/>\n<meta name=\"twitter:label1\" content=\"Written by\" \/>\n\t<meta name=\"twitter:data1\" content=\"vsmc\" \/>\n\t<meta name=\"twitter:label2\" content=\"Est. reading time\" \/>\n\t<meta name=\"twitter:data2\" content=\"2 minut\u0117s\" \/>\n<script type=\"application\/ld+json\" class=\"yoast-schema-graph\">{\"@context\":\"https:\\\/\\\/schema.org\",\"@graph\":[{\"@type\":\"Article\",\"@id\":\"https:\\\/\\\/vsmc.lt\\\/?p=2454#article\",\"isPartOf\":{\"@id\":\"https:\\\/\\\/vsmc.lt\\\/?p=2454\"},\"author\":{\"name\":\"vsmc\",\"@id\":\"https:\\\/\\\/vsmc.lt\\\/#\\\/schema\\\/person\\\/f908112af7b3b7eb0f58e68efc84ed3b\"},\"headline\":\"Prad\u0117jome Suaugusi\u0173j\u0173 \u0161vietimo savait\u0119!\",\"datePublished\":\"2016-11-15T12:00:56+00:00\",\"dateModified\":\"2018-04-19T06:49:40+00:00\",\"mainEntityOfPage\":{\"@id\":\"https:\\\/\\\/vsmc.lt\\\/?p=2454\"},\"wordCount\":335,\"publisher\":{\"@id\":\"https:\\\/\\\/vsmc.lt\\\/#organization\"},\"image\":{\"@id\":\"https:\\\/\\\/vsmc.lt\\\/?p=2454#primaryimage\"},\"thumbnailUrl\":\"http:\\\/\\\/vsmc.lt\\\/wp-content\\\/uploads\\\/2016\\\/11\\\/15\\\/sss_logo_1.jpg\",\"articleSection\":[\"Naujienos\"],\"inLanguage\":\"lt-LT\"},{\"@type\":\"WebPage\",\"@id\":\"https:\\\/\\\/vsmc.lt\\\/?p=2454\",\"url\":\"https:\\\/\\\/vsmc.lt\\\/?p=2454\",\"name\":\"Prad\u0117jome Suaugusi\u0173j\u0173 \u0161vietimo savait\u0119! Vilniaus suaugusi\u0173j\u0173 mokymo centras - Vilniaus suaugusi\u0173j\u0173 mokymo centras\",\"isPartOf\":{\"@id\":\"https:\\\/\\\/vsmc.lt\\\/#website\"},\"primaryImageOfPage\":{\"@id\":\"https:\\\/\\\/vsmc.lt\\\/?p=2454#primaryimage\"},\"image\":{\"@id\":\"https:\\\/\\\/vsmc.lt\\\/?p=2454#primaryimage\"},\"thumbnailUrl\":\"http:\\\/\\\/vsmc.lt\\\/wp-content\\\/uploads\\\/2016\\\/11\\\/15\\\/sss_logo_1.jpg\",\"datePublished\":\"2016-11-15T12:00:56+00:00\",\"dateModified\":\"2018-04-19T06:49:40+00:00\",\"description\":\"Prad\u0117jome Suaugusi\u0173j\u0173 \u0161vietimo savait\u0119! Vilniaus suaugusi\u0173j\u0173 mokymo centras\",\"breadcrumb\":{\"@id\":\"https:\\\/\\\/vsmc.lt\\\/?p=2454#breadcrumb\"},\"inLanguage\":\"lt-LT\",\"potentialAction\":[{\"@type\":\"ReadAction\",\"target\":[\"https:\\\/\\\/vsmc.lt\\\/?p=2454\"]}]},{\"@type\":\"ImageObject\",\"inLanguage\":\"lt-LT\",\"@id\":\"https:\\\/\\\/vsmc.lt\\\/?p=2454#primaryimage\",\"url\":\"http:\\\/\\\/vsmc.lt\\\/wp-content\\\/uploads\\\/2016\\\/11\\\/15\\\/sss_logo_1.jpg\",\"contentUrl\":\"http:\\\/\\\/vsmc.lt\\\/wp-content\\\/uploads\\\/2016\\\/11\\\/15\\\/sss_logo_1.jpg\"},{\"@type\":\"BreadcrumbList\",\"@id\":\"https:\\\/\\\/vsmc.lt\\\/?p=2454#breadcrumb\",\"itemListElement\":[{\"@type\":\"ListItem\",\"position\":1,\"name\":\"Home\",\"item\":\"https:\\\/\\\/vsmc.lt\\\/\"},{\"@type\":\"ListItem\",\"position\":2,\"name\":\"Prad\u0117jome Suaugusi\u0173j\u0173 \u0161vietimo savait\u0119!\"}]},{\"@type\":\"WebSite\",\"@id\":\"https:\\\/\\\/vsmc.lt\\\/#website\",\"url\":\"https:\\\/\\\/vsmc.lt\\\/\",\"name\":\"Vilniaus suaugusi\u0173j\u0173 mokymo centras\",\"description\":\"VSMC\",\"publisher\":{\"@id\":\"https:\\\/\\\/vsmc.lt\\\/#organization\"},\"alternateName\":\"VSMC\",\"potentialAction\":[{\"@type\":\"SearchAction\",\"target\":{\"@type\":\"EntryPoint\",\"urlTemplate\":\"https:\\\/\\\/vsmc.lt\\\/?s={search_term_string}\"},\"query-input\":{\"@type\":\"PropertyValueSpecification\",\"valueRequired\":true,\"valueName\":\"search_term_string\"}}],\"inLanguage\":\"lt-LT\"},{\"@type\":\"Organization\",\"@id\":\"https:\\\/\\\/vsmc.lt\\\/#organization\",\"name\":\"Vilniaus suaugusi\u0173j\u0173 mokymo centras\",\"alternateName\":\"VSMC\",\"url\":\"https:\\\/\\\/vsmc.lt\\\/\",\"logo\":{\"@type\":\"ImageObject\",\"inLanguage\":\"lt-LT\",\"@id\":\"https:\\\/\\\/vsmc.lt\\\/#\\\/schema\\\/logo\\\/image\\\/\",\"url\":\"https:\\\/\\\/vsmc.lt\\\/wp-content\\\/uploads\\\/2016\\\/11\\\/15\\\/logo.png\",\"contentUrl\":\"https:\\\/\\\/vsmc.lt\\\/wp-content\\\/uploads\\\/2016\\\/11\\\/15\\\/logo.png\",\"width\":96,\"height\":121,\"caption\":\"Vilniaus suaugusi\u0173j\u0173 mokymo centras\"},\"image\":{\"@id\":\"https:\\\/\\\/vsmc.lt\\\/#\\\/schema\\\/logo\\\/image\\\/\"},\"sameAs\":[\"https:\\\/\\\/www.facebook.com\\\/p\\\/Vilniaus-suaugusij-mokymo-centras-VSMC-gimnazija-100034428106674\\\/\"]},{\"@type\":\"Person\",\"@id\":\"https:\\\/\\\/vsmc.lt\\\/#\\\/schema\\\/person\\\/f908112af7b3b7eb0f58e68efc84ed3b\",\"name\":\"vsmc\",\"image\":{\"@type\":\"ImageObject\",\"inLanguage\":\"lt-LT\",\"@id\":\"https:\\\/\\\/secure.gravatar.com\\\/avatar\\\/c98f8cf094a0c3815db557f5d303882682ae3622ba8eff672c992e55217b1a89?s=96&d=mm&r=g\",\"url\":\"https:\\\/\\\/secure.gravatar.com\\\/avatar\\\/c98f8cf094a0c3815db557f5d303882682ae3622ba8eff672c992e55217b1a89?s=96&d=mm&r=g\",\"contentUrl\":\"https:\\\/\\\/secure.gravatar.com\\\/avatar\\\/c98f8cf094a0c3815db557f5d303882682ae3622ba8eff672c992e55217b1a89?s=96&d=mm&r=g\",\"caption\":\"vsmc\"},\"url\":\"https:\\\/\\\/vsmc.lt\\\/?author=1\"}]}<\/script>\n<!-- \/ Yoast SEO plugin. -->","yoast_head_json":{"title":"Prad\u0117jome Suaugusi\u0173j\u0173 \u0161vietimo savait\u0119! Vilniaus suaugusi\u0173j\u0173 mokymo centras  - Vilniaus suaugusi\u0173j\u0173 mokymo centras","description":"Prad\u0117jome Suaugusi\u0173j\u0173 \u0161vietimo savait\u0119! Vilniaus suaugusi\u0173j\u0173 mokymo centras","robots":{"index":"index","follow":"follow","max-snippet":"max-snippet:-1","max-image-preview":"max-image-preview:large","max-video-preview":"max-video-preview:-1"},"canonical":"https:\/\/vsmc.lt\/?p=2454","og_locale":"lt_LT","og_type":"article","og_title":"Prad\u0117jome Suaugusi\u0173j\u0173 \u0161vietimo savait\u0119! Vilniaus suaugusi\u0173j\u0173 mokymo centras  - Vilniaus suaugusi\u0173j\u0173 mokymo centras","og_description":"Prad\u0117jome Suaugusi\u0173j\u0173 \u0161vietimo savait\u0119! Vilniaus suaugusi\u0173j\u0173 mokymo centras","og_url":"https:\/\/vsmc.lt\/?p=2454","og_site_name":"Vilniaus suaugusi\u0173j\u0173 mokymo centras","article_publisher":"https:\/\/www.facebook.com\/p\/Vilniaus-suaugusij-mokymo-centras-VSMC-gimnazija-100034428106674\/","article_published_time":"2016-11-15T12:00:56+00:00","article_modified_time":"2018-04-19T06:49:40+00:00","og_image":[{"url":"http:\/\/vsmc.lt\/wp-content\/uploads\/2016\/11\/15\/sss_logo_1.jpg","type":"","width":"","height":""}],"author":"vsmc","twitter_card":"summary_large_image","twitter_misc":{"Written by":"vsmc","Est. reading time":"2 minut\u0117s"},"schema":{"@context":"https:\/\/schema.org","@graph":[{"@type":"Article","@id":"https:\/\/vsmc.lt\/?p=2454#article","isPartOf":{"@id":"https:\/\/vsmc.lt\/?p=2454"},"author":{"name":"vsmc","@id":"https:\/\/vsmc.lt\/#\/schema\/person\/f908112af7b3b7eb0f58e68efc84ed3b"},"headline":"Prad\u0117jome Suaugusi\u0173j\u0173 \u0161vietimo savait\u0119!","datePublished":"2016-11-15T12:00:56+00:00","dateModified":"2018-04-19T06:49:40+00:00","mainEntityOfPage":{"@id":"https:\/\/vsmc.lt\/?p=2454"},"wordCount":335,"publisher":{"@id":"https:\/\/vsmc.lt\/#organization"},"image":{"@id":"https:\/\/vsmc.lt\/?p=2454#primaryimage"},"thumbnailUrl":"http:\/\/vsmc.lt\/wp-content\/uploads\/2016\/11\/15\/sss_logo_1.jpg","articleSection":["Naujienos"],"inLanguage":"lt-LT"},{"@type":"WebPage","@id":"https:\/\/vsmc.lt\/?p=2454","url":"https:\/\/vsmc.lt\/?p=2454","name":"Prad\u0117jome Suaugusi\u0173j\u0173 \u0161vietimo savait\u0119! Vilniaus suaugusi\u0173j\u0173 mokymo centras - Vilniaus suaugusi\u0173j\u0173 mokymo centras","isPartOf":{"@id":"https:\/\/vsmc.lt\/#website"},"primaryImageOfPage":{"@id":"https:\/\/vsmc.lt\/?p=2454#primaryimage"},"image":{"@id":"https:\/\/vsmc.lt\/?p=2454#primaryimage"},"thumbnailUrl":"http:\/\/vsmc.lt\/wp-content\/uploads\/2016\/11\/15\/sss_logo_1.jpg","datePublished":"2016-11-15T12:00:56+00:00","dateModified":"2018-04-19T06:49:40+00:00","description":"Prad\u0117jome Suaugusi\u0173j\u0173 \u0161vietimo savait\u0119! Vilniaus suaugusi\u0173j\u0173 mokymo centras","breadcrumb":{"@id":"https:\/\/vsmc.lt\/?p=2454#breadcrumb"},"inLanguage":"lt-LT","potentialAction":[{"@type":"ReadAction","target":["https:\/\/vsmc.lt\/?p=2454"]}]},{"@type":"ImageObject","inLanguage":"lt-LT","@id":"https:\/\/vsmc.lt\/?p=2454#primaryimage","url":"http:\/\/vsmc.lt\/wp-content\/uploads\/2016\/11\/15\/sss_logo_1.jpg","contentUrl":"http:\/\/vsmc.lt\/wp-content\/uploads\/2016\/11\/15\/sss_logo_1.jpg"},{"@type":"BreadcrumbList","@id":"https:\/\/vsmc.lt\/?p=2454#breadcrumb","itemListElement":[{"@type":"ListItem","position":1,"name":"Home","item":"https:\/\/vsmc.lt\/"},{"@type":"ListItem","position":2,"name":"Prad\u0117jome Suaugusi\u0173j\u0173 \u0161vietimo savait\u0119!"}]},{"@type":"WebSite","@id":"https:\/\/vsmc.lt\/#website","url":"https:\/\/vsmc.lt\/","name":"Vilniaus suaugusi\u0173j\u0173 mokymo centras","description":"VSMC","publisher":{"@id":"https:\/\/vsmc.lt\/#organization"},"alternateName":"VSMC","potentialAction":[{"@type":"SearchAction","target":{"@type":"EntryPoint","urlTemplate":"https:\/\/vsmc.lt\/?s={search_term_string}"},"query-input":{"@type":"PropertyValueSpecification","valueRequired":true,"valueName":"search_term_string"}}],"inLanguage":"lt-LT"},{"@type":"Organization","@id":"https:\/\/vsmc.lt\/#organization","name":"Vilniaus suaugusi\u0173j\u0173 mokymo centras","alternateName":"VSMC","url":"https:\/\/vsmc.lt\/","logo":{"@type":"ImageObject","inLanguage":"lt-LT","@id":"https:\/\/vsmc.lt\/#\/schema\/logo\/image\/","url":"https:\/\/vsmc.lt\/wp-content\/uploads\/2016\/11\/15\/logo.png","contentUrl":"https:\/\/vsmc.lt\/wp-content\/uploads\/2016\/11\/15\/logo.png","width":96,"height":121,"caption":"Vilniaus suaugusi\u0173j\u0173 mokymo centras"},"image":{"@id":"https:\/\/vsmc.lt\/#\/schema\/logo\/image\/"},"sameAs":["https:\/\/www.facebook.com\/p\/Vilniaus-suaugusij-mokymo-centras-VSMC-gimnazija-100034428106674\/"]},{"@type":"Person","@id":"https:\/\/vsmc.lt\/#\/schema\/person\/f908112af7b3b7eb0f58e68efc84ed3b","name":"vsmc","image":{"@type":"ImageObject","inLanguage":"lt-LT","@id":"https:\/\/secure.gravatar.com\/avatar\/c98f8cf094a0c3815db557f5d303882682ae3622ba8eff672c992e55217b1a89?s=96&d=mm&r=g","url":"https:\/\/secure.gravatar.com\/avatar\/c98f8cf094a0c3815db557f5d303882682ae3622ba8eff672c992e55217b1a89?s=96&d=mm&r=g","contentUrl":"https:\/\/secure.gravatar.com\/avatar\/c98f8cf094a0c3815db557f5d303882682ae3622ba8eff672c992e55217b1a89?s=96&d=mm&r=g","caption":"vsmc"},"url":"https:\/\/vsmc.lt\/?author=1"}]}},"_links":{"self":[{"href":"https:\/\/vsmc.lt\/index.php?rest_route=\/wp\/v2\/posts\/2454","targetHints":{"allow":["GET"]}}],"collection":[{"href":"https:\/\/vsmc.lt\/index.php?rest_route=\/wp\/v2\/posts"}],"about":[{"href":"https:\/\/vsmc.lt\/index.php?rest_route=\/wp\/v2\/types\/post"}],"author":[{"embeddable":true,"href":"https:\/\/vsmc.lt\/index.php?rest_route=\/wp\/v2\/users\/1"}],"replies":[{"embeddable":true,"href":"https:\/\/vsmc.lt\/index.php?rest_route=%2Fwp%2Fv2%2Fcomments&post=2454"}],"version-history":[{"count":4,"href":"https:\/\/vsmc.lt\/index.php?rest_route=\/wp\/v2\/posts\/2454\/revisions"}],"predecessor-version":[{"id":2471,"href":"https:\/\/vsmc.lt\/index.php?rest_route=\/wp\/v2\/posts\/2454\/revisions\/2471"}],"wp:attachment":[{"href":"https:\/\/vsmc.lt\/index.php?rest_route=%2Fwp%2Fv2%2Fmedia&parent=2454"}],"wp:term":[{"taxonomy":"category","embeddable":true,"href":"https:\/\/vsmc.lt\/index.php?rest_route=%2Fwp%2Fv2%2Fcategories&post=2454"},{"taxonomy":"post_tag","embeddable":true,"href":"https:\/\/vsmc.lt\/index.php?rest_route=%2Fwp%2Fv2%2Ftags&post=2454"}],"curies":[{"name":"wp","href":"https:\/\/api.w.org\/{rel}","templated":true}]}}