{"id":2556,"date":"2016-11-29T13:40:21","date_gmt":"2016-11-29T10:40:21","guid":{"rendered":"http:\/\/vsmc.lt\/?p=2556"},"modified":"2018-04-19T09:49:39","modified_gmt":"2018-04-19T06:49:39","slug":"gimnazijos-mokinys-tarp-kurybiniu-darbu-konkurso-mokytis-niekada-nevelu-laureatu","status":"publish","type":"post","link":"https:\/\/vsmc.lt\/?p=2556","title":{"rendered":"Gimnazijos mokinys \u2013 tarp k\u016brybini\u0173 darb\u0173 konkurso  \u201eMokytis niekada nev\u0117lu\u201c laureat\u0173"},"content":{"rendered":"<p>2016 m. lapkri\u010dio 14-20 dienomis vyko septynioliktoji suaugusi\u0173j\u0173 mokymosi savait\u0117. Savait\u0117s tema &#8211; mokymosi spalvos. Kaip ir kasmet, joje aktyviai dalyvavo m\u016bs\u0173 gimnazija.<\/p>\n<p>Be VSMC organizuojam\u0173 rengini\u0173, apie kuriuos savo svetain\u0117je informacij\u0105 skelb\u0117me kiek anks\u010diau, centro mokiniai dalyvavo ir kit\u0173 Lietuvos suaugusi\u0173j\u0173 \u0161vietimo institucij\u0173 renginiuose. Vienas i\u0161 j\u0173 \u2013 \u0160iauli\u0173 suaugusi\u0173j\u0173 mokyklos organizuojamas k\u016brybini\u0173 darb\u0173 konkursas \u201eMokytis niekada nev\u0117lu\u201c.<\/p>\n<p>IV C klas\u0117s mokinys Jurij Takun buvo \u012fvertintas u\u017e daugiaspalv\u0119 suaugusi\u0173j\u0173 mokymosi interpretacij\u0105 ir tapo konkurso laureatu. Mokin\u012f konsultavo lietuvi\u0173 kalbos vyresnioji mokytoja Oksana Aleknavi\u010dius ir matematikos, informacini\u0173 technologij\u0173 mokytoja metodinink\u0117 Jelena Aleknien\u0117.<\/p>\n<p>Pareng\u0117 matematikos, informacini\u0173 technologij\u0173 mokytoja metodinink\u0117 Jelena Aleknien\u0117<\/p>\n<p><img loading=\"lazy\" decoding=\"async\" class=\"alignnone size-medium wp-image-2558\" src=\"https:\/\/vsmc.lt\/wp-content\/uploads\/2016\/12\/20\/takun-264x360.png\" alt=\"\" width=\"264\" height=\"360\" srcset=\"https:\/\/vsmc.lt\/wp-content\/uploads\/2016\/12\/20\/takun-264x360.png 264w, https:\/\/vsmc.lt\/wp-content\/uploads\/2016\/12\/20\/takun-450x614.png 450w, https:\/\/vsmc.lt\/wp-content\/uploads\/2016\/12\/20\/takun.png 514w\" sizes=\"auto, (max-width: 264px) 100vw, 264px\" \/><\/p>\n<p>&nbsp;<\/p>\n","protected":false},"excerpt":{"rendered":"<p>2016 m. lapkri\u010dio 14-20 dienomis vyko septynioliktoji suaugusi\u0173j\u0173 mokymosi savait\u0117. Savait\u0117s tema &#8211; mokymosi spalvos. Kaip ir kasmet, joje aktyviai dalyvavo m\u016bs\u0173 gimnazija. Be VSMC organizuojam\u0173 rengini\u0173, apie kuriuos savo svetain\u0117je informacij\u0105 skelb\u0117me kiek anks\u010diau, centro mokiniai dalyvavo ir kit\u0173 Lietuvos suaugusi\u0173j\u0173 \u0161vietimo institucij\u0173 renginiuose. Vienas i\u0161 j\u0173 \u2013 \u0160iauli\u0173 suaugusi\u0173j\u0173 mokyklos organizuojamas k\u016brybini\u0173 darb\u0173 [&hellip;]<\/p>\n","protected":false},"author":1,"featured_media":0,"comment_status":"closed","ping_status":"closed","sticky":false,"template":"","format":"standard","meta":{"footnotes":""},"categories":[1],"tags":[],"class_list":["post-2556","post","type-post","status-publish","format-standard","hentry","category-naujienos"],"yoast_head":"<!-- This site is optimized with the Yoast SEO plugin v27.5 - https:\/\/yoast.com\/product\/yoast-seo-wordpress\/ -->\n<title>Gimnazijos mokinys \u2013 tarp k\u016brybini\u0173 darb\u0173 konkurso \u201eMokytis niekada nev\u0117lu\u201c laureat\u0173 Vilniaus suaugusi\u0173j\u0173 mokymo centras  - Vilniaus suaugusi\u0173j\u0173 mokymo centras<\/title>\n<meta name=\"description\" content=\"Gimnazijos mokinys \u2013 tarp k\u016brybini\u0173 darb\u0173 konkurso \u201eMokytis niekada nev\u0117lu\u201c laureat\u0173 Vilniaus suaugusi\u0173j\u0173 mokymo centras\" \/>\n<meta name=\"robots\" content=\"index, follow, max-snippet:-1, max-image-preview:large, max-video-preview:-1\" \/>\n<link rel=\"canonical\" href=\"https:\/\/vsmc.lt\/?p=2556\" \/>\n<meta property=\"og:locale\" content=\"lt_LT\" \/>\n<meta property=\"og:type\" content=\"article\" \/>\n<meta property=\"og:title\" content=\"Gimnazijos mokinys \u2013 tarp k\u016brybini\u0173 darb\u0173 konkurso \u201eMokytis niekada nev\u0117lu\u201c laureat\u0173 Vilniaus suaugusi\u0173j\u0173 mokymo centras  - Vilniaus suaugusi\u0173j\u0173 mokymo centras\" \/>\n<meta property=\"og:description\" content=\"Gimnazijos mokinys \u2013 tarp k\u016brybini\u0173 darb\u0173 konkurso \u201eMokytis niekada nev\u0117lu\u201c laureat\u0173 Vilniaus suaugusi\u0173j\u0173 mokymo centras\" \/>\n<meta property=\"og:url\" content=\"https:\/\/vsmc.lt\/?p=2556\" \/>\n<meta property=\"og:site_name\" content=\"Vilniaus suaugusi\u0173j\u0173 mokymo centras\" \/>\n<meta property=\"article:publisher\" content=\"https:\/\/www.facebook.com\/p\/Vilniaus-suaugusij-mokymo-centras-VSMC-gimnazija-100034428106674\/\" \/>\n<meta property=\"article:published_time\" content=\"2016-11-29T10:40:21+00:00\" \/>\n<meta property=\"article:modified_time\" content=\"2018-04-19T06:49:39+00:00\" \/>\n<meta property=\"og:image\" content=\"http:\/\/vsmc.lt\/wp-content\/uploads\/2016\/12\/20\/takun-264x360.png\" \/>\n<meta name=\"author\" content=\"vsmc\" \/>\n<meta name=\"twitter:card\" content=\"summary_large_image\" \/>\n<meta name=\"twitter:label1\" content=\"Written by\" \/>\n\t<meta name=\"twitter:data1\" content=\"vsmc\" \/>\n\t<meta name=\"twitter:label2\" content=\"Est. reading time\" \/>\n\t<meta name=\"twitter:data2\" content=\"1 minut\u0117\" \/>\n<script type=\"application\/ld+json\" class=\"yoast-schema-graph\">{\"@context\":\"https:\\\/\\\/schema.org\",\"@graph\":[{\"@type\":\"Article\",\"@id\":\"https:\\\/\\\/vsmc.lt\\\/?p=2556#article\",\"isPartOf\":{\"@id\":\"https:\\\/\\\/vsmc.lt\\\/?p=2556\"},\"author\":{\"name\":\"vsmc\",\"@id\":\"https:\\\/\\\/vsmc.lt\\\/#\\\/schema\\\/person\\\/f908112af7b3b7eb0f58e68efc84ed3b\"},\"headline\":\"Gimnazijos mokinys \u2013 tarp k\u016brybini\u0173 darb\u0173 konkurso \u201eMokytis niekada nev\u0117lu\u201c laureat\u0173\",\"datePublished\":\"2016-11-29T10:40:21+00:00\",\"dateModified\":\"2018-04-19T06:49:39+00:00\",\"mainEntityOfPage\":{\"@id\":\"https:\\\/\\\/vsmc.lt\\\/?p=2556\"},\"wordCount\":125,\"publisher\":{\"@id\":\"https:\\\/\\\/vsmc.lt\\\/#organization\"},\"image\":{\"@id\":\"https:\\\/\\\/vsmc.lt\\\/?p=2556#primaryimage\"},\"thumbnailUrl\":\"http:\\\/\\\/vsmc.lt\\\/wp-content\\\/uploads\\\/2016\\\/12\\\/20\\\/takun-264x360.png\",\"articleSection\":[\"Naujienos\"],\"inLanguage\":\"lt-LT\"},{\"@type\":\"WebPage\",\"@id\":\"https:\\\/\\\/vsmc.lt\\\/?p=2556\",\"url\":\"https:\\\/\\\/vsmc.lt\\\/?p=2556\",\"name\":\"Gimnazijos mokinys \u2013 tarp k\u016brybini\u0173 darb\u0173 konkurso \u201eMokytis niekada nev\u0117lu\u201c laureat\u0173 Vilniaus suaugusi\u0173j\u0173 mokymo centras - Vilniaus suaugusi\u0173j\u0173 mokymo centras\",\"isPartOf\":{\"@id\":\"https:\\\/\\\/vsmc.lt\\\/#website\"},\"primaryImageOfPage\":{\"@id\":\"https:\\\/\\\/vsmc.lt\\\/?p=2556#primaryimage\"},\"image\":{\"@id\":\"https:\\\/\\\/vsmc.lt\\\/?p=2556#primaryimage\"},\"thumbnailUrl\":\"http:\\\/\\\/vsmc.lt\\\/wp-content\\\/uploads\\\/2016\\\/12\\\/20\\\/takun-264x360.png\",\"datePublished\":\"2016-11-29T10:40:21+00:00\",\"dateModified\":\"2018-04-19T06:49:39+00:00\",\"description\":\"Gimnazijos mokinys \u2013 tarp k\u016brybini\u0173 darb\u0173 konkurso \u201eMokytis niekada nev\u0117lu\u201c laureat\u0173 Vilniaus suaugusi\u0173j\u0173 mokymo centras\",\"breadcrumb\":{\"@id\":\"https:\\\/\\\/vsmc.lt\\\/?p=2556#breadcrumb\"},\"inLanguage\":\"lt-LT\",\"potentialAction\":[{\"@type\":\"ReadAction\",\"target\":[\"https:\\\/\\\/vsmc.lt\\\/?p=2556\"]}]},{\"@type\":\"ImageObject\",\"inLanguage\":\"lt-LT\",\"@id\":\"https:\\\/\\\/vsmc.lt\\\/?p=2556#primaryimage\",\"url\":\"http:\\\/\\\/vsmc.lt\\\/wp-content\\\/uploads\\\/2016\\\/12\\\/20\\\/takun-264x360.png\",\"contentUrl\":\"http:\\\/\\\/vsmc.lt\\\/wp-content\\\/uploads\\\/2016\\\/12\\\/20\\\/takun-264x360.png\"},{\"@type\":\"BreadcrumbList\",\"@id\":\"https:\\\/\\\/vsmc.lt\\\/?p=2556#breadcrumb\",\"itemListElement\":[{\"@type\":\"ListItem\",\"position\":1,\"name\":\"Home\",\"item\":\"https:\\\/\\\/vsmc.lt\\\/\"},{\"@type\":\"ListItem\",\"position\":2,\"name\":\"Gimnazijos mokinys \u2013 tarp k\u016brybini\u0173 darb\u0173 konkurso \u201eMokytis niekada nev\u0117lu\u201c laureat\u0173\"}]},{\"@type\":\"WebSite\",\"@id\":\"https:\\\/\\\/vsmc.lt\\\/#website\",\"url\":\"https:\\\/\\\/vsmc.lt\\\/\",\"name\":\"Vilniaus suaugusi\u0173j\u0173 mokymo centras\",\"description\":\"VSMC\",\"publisher\":{\"@id\":\"https:\\\/\\\/vsmc.lt\\\/#organization\"},\"alternateName\":\"VSMC\",\"potentialAction\":[{\"@type\":\"SearchAction\",\"target\":{\"@type\":\"EntryPoint\",\"urlTemplate\":\"https:\\\/\\\/vsmc.lt\\\/?s={search_term_string}\"},\"query-input\":{\"@type\":\"PropertyValueSpecification\",\"valueRequired\":true,\"valueName\":\"search_term_string\"}}],\"inLanguage\":\"lt-LT\"},{\"@type\":\"Organization\",\"@id\":\"https:\\\/\\\/vsmc.lt\\\/#organization\",\"name\":\"Vilniaus suaugusi\u0173j\u0173 mokymo centras\",\"alternateName\":\"VSMC\",\"url\":\"https:\\\/\\\/vsmc.lt\\\/\",\"logo\":{\"@type\":\"ImageObject\",\"inLanguage\":\"lt-LT\",\"@id\":\"https:\\\/\\\/vsmc.lt\\\/#\\\/schema\\\/logo\\\/image\\\/\",\"url\":\"https:\\\/\\\/vsmc.lt\\\/wp-content\\\/uploads\\\/2016\\\/11\\\/15\\\/logo.png\",\"contentUrl\":\"https:\\\/\\\/vsmc.lt\\\/wp-content\\\/uploads\\\/2016\\\/11\\\/15\\\/logo.png\",\"width\":96,\"height\":121,\"caption\":\"Vilniaus suaugusi\u0173j\u0173 mokymo centras\"},\"image\":{\"@id\":\"https:\\\/\\\/vsmc.lt\\\/#\\\/schema\\\/logo\\\/image\\\/\"},\"sameAs\":[\"https:\\\/\\\/www.facebook.com\\\/p\\\/Vilniaus-suaugusij-mokymo-centras-VSMC-gimnazija-100034428106674\\\/\"]},{\"@type\":\"Person\",\"@id\":\"https:\\\/\\\/vsmc.lt\\\/#\\\/schema\\\/person\\\/f908112af7b3b7eb0f58e68efc84ed3b\",\"name\":\"vsmc\",\"image\":{\"@type\":\"ImageObject\",\"inLanguage\":\"lt-LT\",\"@id\":\"https:\\\/\\\/secure.gravatar.com\\\/avatar\\\/c98f8cf094a0c3815db557f5d303882682ae3622ba8eff672c992e55217b1a89?s=96&d=mm&r=g\",\"url\":\"https:\\\/\\\/secure.gravatar.com\\\/avatar\\\/c98f8cf094a0c3815db557f5d303882682ae3622ba8eff672c992e55217b1a89?s=96&d=mm&r=g\",\"contentUrl\":\"https:\\\/\\\/secure.gravatar.com\\\/avatar\\\/c98f8cf094a0c3815db557f5d303882682ae3622ba8eff672c992e55217b1a89?s=96&d=mm&r=g\",\"caption\":\"vsmc\"},\"url\":\"https:\\\/\\\/vsmc.lt\\\/?author=1\"}]}<\/script>\n<!-- \/ Yoast SEO plugin. -->","yoast_head_json":{"title":"Gimnazijos mokinys \u2013 tarp k\u016brybini\u0173 darb\u0173 konkurso \u201eMokytis niekada nev\u0117lu\u201c laureat\u0173 Vilniaus suaugusi\u0173j\u0173 mokymo centras  - Vilniaus suaugusi\u0173j\u0173 mokymo centras","description":"Gimnazijos mokinys \u2013 tarp k\u016brybini\u0173 darb\u0173 konkurso \u201eMokytis niekada nev\u0117lu\u201c laureat\u0173 Vilniaus suaugusi\u0173j\u0173 mokymo centras","robots":{"index":"index","follow":"follow","max-snippet":"max-snippet:-1","max-image-preview":"max-image-preview:large","max-video-preview":"max-video-preview:-1"},"canonical":"https:\/\/vsmc.lt\/?p=2556","og_locale":"lt_LT","og_type":"article","og_title":"Gimnazijos mokinys \u2013 tarp k\u016brybini\u0173 darb\u0173 konkurso \u201eMokytis niekada nev\u0117lu\u201c laureat\u0173 Vilniaus suaugusi\u0173j\u0173 mokymo centras  - Vilniaus suaugusi\u0173j\u0173 mokymo centras","og_description":"Gimnazijos mokinys \u2013 tarp k\u016brybini\u0173 darb\u0173 konkurso \u201eMokytis niekada nev\u0117lu\u201c laureat\u0173 Vilniaus suaugusi\u0173j\u0173 mokymo centras","og_url":"https:\/\/vsmc.lt\/?p=2556","og_site_name":"Vilniaus suaugusi\u0173j\u0173 mokymo centras","article_publisher":"https:\/\/www.facebook.com\/p\/Vilniaus-suaugusij-mokymo-centras-VSMC-gimnazija-100034428106674\/","article_published_time":"2016-11-29T10:40:21+00:00","article_modified_time":"2018-04-19T06:49:39+00:00","og_image":[{"url":"http:\/\/vsmc.lt\/wp-content\/uploads\/2016\/12\/20\/takun-264x360.png","type":"","width":"","height":""}],"author":"vsmc","twitter_card":"summary_large_image","twitter_misc":{"Written by":"vsmc","Est. reading time":"1 minut\u0117"},"schema":{"@context":"https:\/\/schema.org","@graph":[{"@type":"Article","@id":"https:\/\/vsmc.lt\/?p=2556#article","isPartOf":{"@id":"https:\/\/vsmc.lt\/?p=2556"},"author":{"name":"vsmc","@id":"https:\/\/vsmc.lt\/#\/schema\/person\/f908112af7b3b7eb0f58e68efc84ed3b"},"headline":"Gimnazijos mokinys \u2013 tarp k\u016brybini\u0173 darb\u0173 konkurso \u201eMokytis niekada nev\u0117lu\u201c laureat\u0173","datePublished":"2016-11-29T10:40:21+00:00","dateModified":"2018-04-19T06:49:39+00:00","mainEntityOfPage":{"@id":"https:\/\/vsmc.lt\/?p=2556"},"wordCount":125,"publisher":{"@id":"https:\/\/vsmc.lt\/#organization"},"image":{"@id":"https:\/\/vsmc.lt\/?p=2556#primaryimage"},"thumbnailUrl":"http:\/\/vsmc.lt\/wp-content\/uploads\/2016\/12\/20\/takun-264x360.png","articleSection":["Naujienos"],"inLanguage":"lt-LT"},{"@type":"WebPage","@id":"https:\/\/vsmc.lt\/?p=2556","url":"https:\/\/vsmc.lt\/?p=2556","name":"Gimnazijos mokinys \u2013 tarp k\u016brybini\u0173 darb\u0173 konkurso \u201eMokytis niekada nev\u0117lu\u201c laureat\u0173 Vilniaus suaugusi\u0173j\u0173 mokymo centras - Vilniaus suaugusi\u0173j\u0173 mokymo centras","isPartOf":{"@id":"https:\/\/vsmc.lt\/#website"},"primaryImageOfPage":{"@id":"https:\/\/vsmc.lt\/?p=2556#primaryimage"},"image":{"@id":"https:\/\/vsmc.lt\/?p=2556#primaryimage"},"thumbnailUrl":"http:\/\/vsmc.lt\/wp-content\/uploads\/2016\/12\/20\/takun-264x360.png","datePublished":"2016-11-29T10:40:21+00:00","dateModified":"2018-04-19T06:49:39+00:00","description":"Gimnazijos mokinys \u2013 tarp k\u016brybini\u0173 darb\u0173 konkurso \u201eMokytis niekada nev\u0117lu\u201c laureat\u0173 Vilniaus suaugusi\u0173j\u0173 mokymo centras","breadcrumb":{"@id":"https:\/\/vsmc.lt\/?p=2556#breadcrumb"},"inLanguage":"lt-LT","potentialAction":[{"@type":"ReadAction","target":["https:\/\/vsmc.lt\/?p=2556"]}]},{"@type":"ImageObject","inLanguage":"lt-LT","@id":"https:\/\/vsmc.lt\/?p=2556#primaryimage","url":"http:\/\/vsmc.lt\/wp-content\/uploads\/2016\/12\/20\/takun-264x360.png","contentUrl":"http:\/\/vsmc.lt\/wp-content\/uploads\/2016\/12\/20\/takun-264x360.png"},{"@type":"BreadcrumbList","@id":"https:\/\/vsmc.lt\/?p=2556#breadcrumb","itemListElement":[{"@type":"ListItem","position":1,"name":"Home","item":"https:\/\/vsmc.lt\/"},{"@type":"ListItem","position":2,"name":"Gimnazijos mokinys \u2013 tarp k\u016brybini\u0173 darb\u0173 konkurso \u201eMokytis niekada nev\u0117lu\u201c laureat\u0173"}]},{"@type":"WebSite","@id":"https:\/\/vsmc.lt\/#website","url":"https:\/\/vsmc.lt\/","name":"Vilniaus suaugusi\u0173j\u0173 mokymo centras","description":"VSMC","publisher":{"@id":"https:\/\/vsmc.lt\/#organization"},"alternateName":"VSMC","potentialAction":[{"@type":"SearchAction","target":{"@type":"EntryPoint","urlTemplate":"https:\/\/vsmc.lt\/?s={search_term_string}"},"query-input":{"@type":"PropertyValueSpecification","valueRequired":true,"valueName":"search_term_string"}}],"inLanguage":"lt-LT"},{"@type":"Organization","@id":"https:\/\/vsmc.lt\/#organization","name":"Vilniaus suaugusi\u0173j\u0173 mokymo centras","alternateName":"VSMC","url":"https:\/\/vsmc.lt\/","logo":{"@type":"ImageObject","inLanguage":"lt-LT","@id":"https:\/\/vsmc.lt\/#\/schema\/logo\/image\/","url":"https:\/\/vsmc.lt\/wp-content\/uploads\/2016\/11\/15\/logo.png","contentUrl":"https:\/\/vsmc.lt\/wp-content\/uploads\/2016\/11\/15\/logo.png","width":96,"height":121,"caption":"Vilniaus suaugusi\u0173j\u0173 mokymo centras"},"image":{"@id":"https:\/\/vsmc.lt\/#\/schema\/logo\/image\/"},"sameAs":["https:\/\/www.facebook.com\/p\/Vilniaus-suaugusij-mokymo-centras-VSMC-gimnazija-100034428106674\/"]},{"@type":"Person","@id":"https:\/\/vsmc.lt\/#\/schema\/person\/f908112af7b3b7eb0f58e68efc84ed3b","name":"vsmc","image":{"@type":"ImageObject","inLanguage":"lt-LT","@id":"https:\/\/secure.gravatar.com\/avatar\/c98f8cf094a0c3815db557f5d303882682ae3622ba8eff672c992e55217b1a89?s=96&d=mm&r=g","url":"https:\/\/secure.gravatar.com\/avatar\/c98f8cf094a0c3815db557f5d303882682ae3622ba8eff672c992e55217b1a89?s=96&d=mm&r=g","contentUrl":"https:\/\/secure.gravatar.com\/avatar\/c98f8cf094a0c3815db557f5d303882682ae3622ba8eff672c992e55217b1a89?s=96&d=mm&r=g","caption":"vsmc"},"url":"https:\/\/vsmc.lt\/?author=1"}]}},"_links":{"self":[{"href":"https:\/\/vsmc.lt\/index.php?rest_route=\/wp\/v2\/posts\/2556","targetHints":{"allow":["GET"]}}],"collection":[{"href":"https:\/\/vsmc.lt\/index.php?rest_route=\/wp\/v2\/posts"}],"about":[{"href":"https:\/\/vsmc.lt\/index.php?rest_route=\/wp\/v2\/types\/post"}],"author":[{"embeddable":true,"href":"https:\/\/vsmc.lt\/index.php?rest_route=\/wp\/v2\/users\/1"}],"replies":[{"embeddable":true,"href":"https:\/\/vsmc.lt\/index.php?rest_route=%2Fwp%2Fv2%2Fcomments&post=2556"}],"version-history":[{"count":1,"href":"https:\/\/vsmc.lt\/index.php?rest_route=\/wp\/v2\/posts\/2556\/revisions"}],"predecessor-version":[{"id":2559,"href":"https:\/\/vsmc.lt\/index.php?rest_route=\/wp\/v2\/posts\/2556\/revisions\/2559"}],"wp:attachment":[{"href":"https:\/\/vsmc.lt\/index.php?rest_route=%2Fwp%2Fv2%2Fmedia&parent=2556"}],"wp:term":[{"taxonomy":"category","embeddable":true,"href":"https:\/\/vsmc.lt\/index.php?rest_route=%2Fwp%2Fv2%2Fcategories&post=2556"},{"taxonomy":"post_tag","embeddable":true,"href":"https:\/\/vsmc.lt\/index.php?rest_route=%2Fwp%2Fv2%2Ftags&post=2556"}],"curies":[{"name":"wp","href":"https:\/\/api.w.org\/{rel}","templated":true}]}}