{"id":2576,"date":"2016-12-23T14:30:25","date_gmt":"2016-12-23T11:30:25","guid":{"rendered":"http:\/\/vsmc.lt\/?p=2576"},"modified":"2018-04-19T09:49:38","modified_gmt":"2018-04-19T06:49:38","slug":"gimnazija-aplanke-tikras-kaledu-senelis","status":"publish","type":"post","link":"https:\/\/vsmc.lt\/?p=2576","title":{"rendered":"Gimnazij\u0105 aplank\u0117 tikras Kal\u0117d\u0173 senelis!"},"content":{"rendered":"<p>\u201eVien\u0105 \u017eiemos vakar\u0105 danguje, ant did\u017eiulio i\u0161sip\u016btusio kamuolinio debesio, s\u0117d\u0117jo du angelai&#8230;\u201c, -V. V. Lansbergio pasakos \u017eod\u017eiais prasid\u0117jo paslaptingas \u0160v. Kal\u0117d\u0173 renginys patiems ma\u017eiausiems m\u016bs\u0173 bendruomen\u0117s nariams. Mokini\u0173 ir mokytoj\u0173 vaikai ir j\u0173 t\u0117veliai \u017eaid\u0117 lietuvi\u0173 liaudies \u017eaidimus, d\u016bko kartu su angeliukais (II a ir III b klasi\u0173 mokiniais). Senelis \u012fd\u0117miai klaus\u0117si kiekvieno vaiko \u012f aus\u012f \u0161nib\u017edam\u0173 paslap\u010di\u0173, nedr\u0105siai deklamuojam\u0173 eil\u0117ra\u0161tuk\u0173, \u017eavingai atliekam\u0173 daineli\u0173 ir \u0161oki\u0173. Atsid\u0117kodamas sve\u010dias i\u0161 \u0160iaur\u0117s padovanojo po sald\u017ei\u0105 dovan\u0117l\u0119. Visi kartu giedodami kal\u0117dines giesmes atsisveikinome su Seneliu iki kit\u0173 met\u0173\u2026<\/p>\n<p><img loading=\"lazy\" decoding=\"async\" class=\"alignnone size-medium wp-image-2578\" src=\"https:\/\/vsmc.lt\/wp-content\/uploads\/2016\/12\/23\/DSC08857-480x360.jpg\" alt=\"\" width=\"480\" height=\"360\" srcset=\"https:\/\/vsmc.lt\/wp-content\/uploads\/2016\/12\/23\/DSC08857-480x360.jpg 480w, https:\/\/vsmc.lt\/wp-content\/uploads\/2016\/12\/23\/DSC08857-768x576.jpg 768w, https:\/\/vsmc.lt\/wp-content\/uploads\/2016\/12\/23\/DSC08857-960x720.jpg 960w, https:\/\/vsmc.lt\/wp-content\/uploads\/2016\/12\/23\/DSC08857-950x713.jpg 950w, https:\/\/vsmc.lt\/wp-content\/uploads\/2016\/12\/23\/DSC08857-450x338.jpg 450w\" sizes=\"auto, (max-width: 480px) 100vw, 480px\" \/><img loading=\"lazy\" decoding=\"async\" class=\"alignnone size-medium wp-image-2581\" src=\"https:\/\/vsmc.lt\/wp-content\/uploads\/2016\/12\/23\/DSC08862-480x360.jpg\" alt=\"\" width=\"480\" height=\"360\" srcset=\"https:\/\/vsmc.lt\/wp-content\/uploads\/2016\/12\/23\/DSC08862-480x360.jpg 480w, https:\/\/vsmc.lt\/wp-content\/uploads\/2016\/12\/23\/DSC08862-768x576.jpg 768w, https:\/\/vsmc.lt\/wp-content\/uploads\/2016\/12\/23\/DSC08862-960x720.jpg 960w, https:\/\/vsmc.lt\/wp-content\/uploads\/2016\/12\/23\/DSC08862-950x713.jpg 950w, https:\/\/vsmc.lt\/wp-content\/uploads\/2016\/12\/23\/DSC08862-450x338.jpg 450w\" sizes=\"auto, (max-width: 480px) 100vw, 480px\" \/><\/p>\n<p>&nbsp;<\/p>\n<p>Pareng\u0117 lietuvi\u0173 kalbos mokytoja metodinink\u0117 Vilma Markevi\u010di\u016bt\u0117<\/p>\n","protected":false},"excerpt":{"rendered":"<p>\u201eVien\u0105 \u017eiemos vakar\u0105 danguje, ant did\u017eiulio i\u0161sip\u016btusio kamuolinio debesio, s\u0117d\u0117jo du angelai&#8230;\u201c, -V. V. Lansbergio pasakos \u017eod\u017eiais prasid\u0117jo paslaptingas \u0160v. Kal\u0117d\u0173 renginys patiems ma\u017eiausiems m\u016bs\u0173 bendruomen\u0117s nariams. Mokini\u0173 ir mokytoj\u0173 vaikai ir j\u0173 t\u0117veliai \u017eaid\u0117 lietuvi\u0173 liaudies \u017eaidimus, d\u016bko kartu su angeliukais (II a ir III b klasi\u0173 mokiniais). Senelis \u012fd\u0117miai klaus\u0117si kiekvieno vaiko \u012f [&hellip;]<\/p>\n","protected":false},"author":5,"featured_media":0,"comment_status":"closed","ping_status":"closed","sticky":false,"template":"","format":"standard","meta":{"footnotes":""},"categories":[1],"tags":[],"class_list":["post-2576","post","type-post","status-publish","format-standard","hentry","category-naujienos"],"yoast_head":"<!-- This site is optimized with the Yoast SEO plugin v27.5 - https:\/\/yoast.com\/product\/yoast-seo-wordpress\/ -->\n<title>Gimnazij\u0105 aplank\u0117 tikras Kal\u0117d\u0173 senelis! Vilniaus suaugusi\u0173j\u0173 mokymo centras  - Vilniaus suaugusi\u0173j\u0173 mokymo centras<\/title>\n<meta name=\"description\" content=\"Gimnazij\u0105 aplank\u0117 tikras Kal\u0117d\u0173 senelis! Vilniaus suaugusi\u0173j\u0173 mokymo centras\" \/>\n<meta name=\"robots\" content=\"index, follow, max-snippet:-1, max-image-preview:large, max-video-preview:-1\" \/>\n<link rel=\"canonical\" href=\"https:\/\/vsmc.lt\/?p=2576\" \/>\n<meta property=\"og:locale\" content=\"lt_LT\" \/>\n<meta property=\"og:type\" content=\"article\" \/>\n<meta property=\"og:title\" content=\"Gimnazij\u0105 aplank\u0117 tikras Kal\u0117d\u0173 senelis! Vilniaus suaugusi\u0173j\u0173 mokymo centras  - Vilniaus suaugusi\u0173j\u0173 mokymo centras\" \/>\n<meta property=\"og:description\" content=\"Gimnazij\u0105 aplank\u0117 tikras Kal\u0117d\u0173 senelis! Vilniaus suaugusi\u0173j\u0173 mokymo centras\" \/>\n<meta property=\"og:url\" content=\"https:\/\/vsmc.lt\/?p=2576\" \/>\n<meta property=\"og:site_name\" content=\"Vilniaus suaugusi\u0173j\u0173 mokymo centras\" \/>\n<meta property=\"article:publisher\" content=\"https:\/\/www.facebook.com\/p\/Vilniaus-suaugusij-mokymo-centras-VSMC-gimnazija-100034428106674\/\" \/>\n<meta property=\"article:published_time\" content=\"2016-12-23T11:30:25+00:00\" \/>\n<meta property=\"article:modified_time\" content=\"2018-04-19T06:49:38+00:00\" \/>\n<meta property=\"og:image\" content=\"http:\/\/vsmc.lt\/wp-content\/uploads\/2016\/12\/23\/DSC08857-480x360.jpg\" \/>\n<meta name=\"author\" content=\"Birut\u0117 Kubilinskien\u0117\" \/>\n<meta name=\"twitter:card\" content=\"summary_large_image\" \/>\n<meta name=\"twitter:label1\" content=\"Written by\" \/>\n\t<meta name=\"twitter:data1\" content=\"Birut\u0117 Kubilinskien\u0117\" \/>\n\t<meta name=\"twitter:label2\" content=\"Est. reading time\" \/>\n\t<meta name=\"twitter:data2\" content=\"1 minut\u0117\" \/>\n<script type=\"application\/ld+json\" class=\"yoast-schema-graph\">{\"@context\":\"https:\\\/\\\/schema.org\",\"@graph\":[{\"@type\":\"Article\",\"@id\":\"https:\\\/\\\/vsmc.lt\\\/?p=2576#article\",\"isPartOf\":{\"@id\":\"https:\\\/\\\/vsmc.lt\\\/?p=2576\"},\"author\":{\"name\":\"Birut\u0117 Kubilinskien\u0117\",\"@id\":\"https:\\\/\\\/vsmc.lt\\\/#\\\/schema\\\/person\\\/7b79c1eab13a88fc1ed4dc6626a57f98\"},\"headline\":\"Gimnazij\u0105 aplank\u0117 tikras Kal\u0117d\u0173 senelis!\",\"datePublished\":\"2016-12-23T11:30:25+00:00\",\"dateModified\":\"2018-04-19T06:49:38+00:00\",\"mainEntityOfPage\":{\"@id\":\"https:\\\/\\\/vsmc.lt\\\/?p=2576\"},\"wordCount\":126,\"publisher\":{\"@id\":\"https:\\\/\\\/vsmc.lt\\\/#organization\"},\"image\":{\"@id\":\"https:\\\/\\\/vsmc.lt\\\/?p=2576#primaryimage\"},\"thumbnailUrl\":\"http:\\\/\\\/vsmc.lt\\\/wp-content\\\/uploads\\\/2016\\\/12\\\/23\\\/DSC08857-480x360.jpg\",\"articleSection\":[\"Naujienos\"],\"inLanguage\":\"lt-LT\"},{\"@type\":\"WebPage\",\"@id\":\"https:\\\/\\\/vsmc.lt\\\/?p=2576\",\"url\":\"https:\\\/\\\/vsmc.lt\\\/?p=2576\",\"name\":\"Gimnazij\u0105 aplank\u0117 tikras Kal\u0117d\u0173 senelis! Vilniaus suaugusi\u0173j\u0173 mokymo centras - Vilniaus suaugusi\u0173j\u0173 mokymo centras\",\"isPartOf\":{\"@id\":\"https:\\\/\\\/vsmc.lt\\\/#website\"},\"primaryImageOfPage\":{\"@id\":\"https:\\\/\\\/vsmc.lt\\\/?p=2576#primaryimage\"},\"image\":{\"@id\":\"https:\\\/\\\/vsmc.lt\\\/?p=2576#primaryimage\"},\"thumbnailUrl\":\"http:\\\/\\\/vsmc.lt\\\/wp-content\\\/uploads\\\/2016\\\/12\\\/23\\\/DSC08857-480x360.jpg\",\"datePublished\":\"2016-12-23T11:30:25+00:00\",\"dateModified\":\"2018-04-19T06:49:38+00:00\",\"description\":\"Gimnazij\u0105 aplank\u0117 tikras Kal\u0117d\u0173 senelis! Vilniaus suaugusi\u0173j\u0173 mokymo centras\",\"breadcrumb\":{\"@id\":\"https:\\\/\\\/vsmc.lt\\\/?p=2576#breadcrumb\"},\"inLanguage\":\"lt-LT\",\"potentialAction\":[{\"@type\":\"ReadAction\",\"target\":[\"https:\\\/\\\/vsmc.lt\\\/?p=2576\"]}]},{\"@type\":\"ImageObject\",\"inLanguage\":\"lt-LT\",\"@id\":\"https:\\\/\\\/vsmc.lt\\\/?p=2576#primaryimage\",\"url\":\"http:\\\/\\\/vsmc.lt\\\/wp-content\\\/uploads\\\/2016\\\/12\\\/23\\\/DSC08857-480x360.jpg\",\"contentUrl\":\"http:\\\/\\\/vsmc.lt\\\/wp-content\\\/uploads\\\/2016\\\/12\\\/23\\\/DSC08857-480x360.jpg\"},{\"@type\":\"BreadcrumbList\",\"@id\":\"https:\\\/\\\/vsmc.lt\\\/?p=2576#breadcrumb\",\"itemListElement\":[{\"@type\":\"ListItem\",\"position\":1,\"name\":\"Home\",\"item\":\"https:\\\/\\\/vsmc.lt\\\/\"},{\"@type\":\"ListItem\",\"position\":2,\"name\":\"Gimnazij\u0105 aplank\u0117 tikras Kal\u0117d\u0173 senelis!\"}]},{\"@type\":\"WebSite\",\"@id\":\"https:\\\/\\\/vsmc.lt\\\/#website\",\"url\":\"https:\\\/\\\/vsmc.lt\\\/\",\"name\":\"Vilniaus suaugusi\u0173j\u0173 mokymo centras\",\"description\":\"VSMC\",\"publisher\":{\"@id\":\"https:\\\/\\\/vsmc.lt\\\/#organization\"},\"alternateName\":\"VSMC\",\"potentialAction\":[{\"@type\":\"SearchAction\",\"target\":{\"@type\":\"EntryPoint\",\"urlTemplate\":\"https:\\\/\\\/vsmc.lt\\\/?s={search_term_string}\"},\"query-input\":{\"@type\":\"PropertyValueSpecification\",\"valueRequired\":true,\"valueName\":\"search_term_string\"}}],\"inLanguage\":\"lt-LT\"},{\"@type\":\"Organization\",\"@id\":\"https:\\\/\\\/vsmc.lt\\\/#organization\",\"name\":\"Vilniaus suaugusi\u0173j\u0173 mokymo centras\",\"alternateName\":\"VSMC\",\"url\":\"https:\\\/\\\/vsmc.lt\\\/\",\"logo\":{\"@type\":\"ImageObject\",\"inLanguage\":\"lt-LT\",\"@id\":\"https:\\\/\\\/vsmc.lt\\\/#\\\/schema\\\/logo\\\/image\\\/\",\"url\":\"https:\\\/\\\/vsmc.lt\\\/wp-content\\\/uploads\\\/2016\\\/11\\\/15\\\/logo.png\",\"contentUrl\":\"https:\\\/\\\/vsmc.lt\\\/wp-content\\\/uploads\\\/2016\\\/11\\\/15\\\/logo.png\",\"width\":96,\"height\":121,\"caption\":\"Vilniaus suaugusi\u0173j\u0173 mokymo centras\"},\"image\":{\"@id\":\"https:\\\/\\\/vsmc.lt\\\/#\\\/schema\\\/logo\\\/image\\\/\"},\"sameAs\":[\"https:\\\/\\\/www.facebook.com\\\/p\\\/Vilniaus-suaugusij-mokymo-centras-VSMC-gimnazija-100034428106674\\\/\"]},{\"@type\":\"Person\",\"@id\":\"https:\\\/\\\/vsmc.lt\\\/#\\\/schema\\\/person\\\/7b79c1eab13a88fc1ed4dc6626a57f98\",\"name\":\"Birut\u0117 Kubilinskien\u0117\",\"image\":{\"@type\":\"ImageObject\",\"inLanguage\":\"lt-LT\",\"@id\":\"https:\\\/\\\/secure.gravatar.com\\\/avatar\\\/de3432602f9f0edd7dc9006aceaad7e2a3227ca56f4f6d9e4b2e2ee05a11e793?s=96&d=mm&r=g\",\"url\":\"https:\\\/\\\/secure.gravatar.com\\\/avatar\\\/de3432602f9f0edd7dc9006aceaad7e2a3227ca56f4f6d9e4b2e2ee05a11e793?s=96&d=mm&r=g\",\"contentUrl\":\"https:\\\/\\\/secure.gravatar.com\\\/avatar\\\/de3432602f9f0edd7dc9006aceaad7e2a3227ca56f4f6d9e4b2e2ee05a11e793?s=96&d=mm&r=g\",\"caption\":\"Birut\u0117 Kubilinskien\u0117\"},\"url\":\"https:\\\/\\\/vsmc.lt\\\/?author=5\"}]}<\/script>\n<!-- \/ Yoast SEO plugin. -->","yoast_head_json":{"title":"Gimnazij\u0105 aplank\u0117 tikras Kal\u0117d\u0173 senelis! Vilniaus suaugusi\u0173j\u0173 mokymo centras  - Vilniaus suaugusi\u0173j\u0173 mokymo centras","description":"Gimnazij\u0105 aplank\u0117 tikras Kal\u0117d\u0173 senelis! Vilniaus suaugusi\u0173j\u0173 mokymo centras","robots":{"index":"index","follow":"follow","max-snippet":"max-snippet:-1","max-image-preview":"max-image-preview:large","max-video-preview":"max-video-preview:-1"},"canonical":"https:\/\/vsmc.lt\/?p=2576","og_locale":"lt_LT","og_type":"article","og_title":"Gimnazij\u0105 aplank\u0117 tikras Kal\u0117d\u0173 senelis! Vilniaus suaugusi\u0173j\u0173 mokymo centras  - Vilniaus suaugusi\u0173j\u0173 mokymo centras","og_description":"Gimnazij\u0105 aplank\u0117 tikras Kal\u0117d\u0173 senelis! Vilniaus suaugusi\u0173j\u0173 mokymo centras","og_url":"https:\/\/vsmc.lt\/?p=2576","og_site_name":"Vilniaus suaugusi\u0173j\u0173 mokymo centras","article_publisher":"https:\/\/www.facebook.com\/p\/Vilniaus-suaugusij-mokymo-centras-VSMC-gimnazija-100034428106674\/","article_published_time":"2016-12-23T11:30:25+00:00","article_modified_time":"2018-04-19T06:49:38+00:00","og_image":[{"url":"http:\/\/vsmc.lt\/wp-content\/uploads\/2016\/12\/23\/DSC08857-480x360.jpg","type":"","width":"","height":""}],"author":"Birut\u0117 Kubilinskien\u0117","twitter_card":"summary_large_image","twitter_misc":{"Written by":"Birut\u0117 Kubilinskien\u0117","Est. reading time":"1 minut\u0117"},"schema":{"@context":"https:\/\/schema.org","@graph":[{"@type":"Article","@id":"https:\/\/vsmc.lt\/?p=2576#article","isPartOf":{"@id":"https:\/\/vsmc.lt\/?p=2576"},"author":{"name":"Birut\u0117 Kubilinskien\u0117","@id":"https:\/\/vsmc.lt\/#\/schema\/person\/7b79c1eab13a88fc1ed4dc6626a57f98"},"headline":"Gimnazij\u0105 aplank\u0117 tikras Kal\u0117d\u0173 senelis!","datePublished":"2016-12-23T11:30:25+00:00","dateModified":"2018-04-19T06:49:38+00:00","mainEntityOfPage":{"@id":"https:\/\/vsmc.lt\/?p=2576"},"wordCount":126,"publisher":{"@id":"https:\/\/vsmc.lt\/#organization"},"image":{"@id":"https:\/\/vsmc.lt\/?p=2576#primaryimage"},"thumbnailUrl":"http:\/\/vsmc.lt\/wp-content\/uploads\/2016\/12\/23\/DSC08857-480x360.jpg","articleSection":["Naujienos"],"inLanguage":"lt-LT"},{"@type":"WebPage","@id":"https:\/\/vsmc.lt\/?p=2576","url":"https:\/\/vsmc.lt\/?p=2576","name":"Gimnazij\u0105 aplank\u0117 tikras Kal\u0117d\u0173 senelis! Vilniaus suaugusi\u0173j\u0173 mokymo centras - Vilniaus suaugusi\u0173j\u0173 mokymo centras","isPartOf":{"@id":"https:\/\/vsmc.lt\/#website"},"primaryImageOfPage":{"@id":"https:\/\/vsmc.lt\/?p=2576#primaryimage"},"image":{"@id":"https:\/\/vsmc.lt\/?p=2576#primaryimage"},"thumbnailUrl":"http:\/\/vsmc.lt\/wp-content\/uploads\/2016\/12\/23\/DSC08857-480x360.jpg","datePublished":"2016-12-23T11:30:25+00:00","dateModified":"2018-04-19T06:49:38+00:00","description":"Gimnazij\u0105 aplank\u0117 tikras Kal\u0117d\u0173 senelis! Vilniaus suaugusi\u0173j\u0173 mokymo centras","breadcrumb":{"@id":"https:\/\/vsmc.lt\/?p=2576#breadcrumb"},"inLanguage":"lt-LT","potentialAction":[{"@type":"ReadAction","target":["https:\/\/vsmc.lt\/?p=2576"]}]},{"@type":"ImageObject","inLanguage":"lt-LT","@id":"https:\/\/vsmc.lt\/?p=2576#primaryimage","url":"http:\/\/vsmc.lt\/wp-content\/uploads\/2016\/12\/23\/DSC08857-480x360.jpg","contentUrl":"http:\/\/vsmc.lt\/wp-content\/uploads\/2016\/12\/23\/DSC08857-480x360.jpg"},{"@type":"BreadcrumbList","@id":"https:\/\/vsmc.lt\/?p=2576#breadcrumb","itemListElement":[{"@type":"ListItem","position":1,"name":"Home","item":"https:\/\/vsmc.lt\/"},{"@type":"ListItem","position":2,"name":"Gimnazij\u0105 aplank\u0117 tikras Kal\u0117d\u0173 senelis!"}]},{"@type":"WebSite","@id":"https:\/\/vsmc.lt\/#website","url":"https:\/\/vsmc.lt\/","name":"Vilniaus suaugusi\u0173j\u0173 mokymo centras","description":"VSMC","publisher":{"@id":"https:\/\/vsmc.lt\/#organization"},"alternateName":"VSMC","potentialAction":[{"@type":"SearchAction","target":{"@type":"EntryPoint","urlTemplate":"https:\/\/vsmc.lt\/?s={search_term_string}"},"query-input":{"@type":"PropertyValueSpecification","valueRequired":true,"valueName":"search_term_string"}}],"inLanguage":"lt-LT"},{"@type":"Organization","@id":"https:\/\/vsmc.lt\/#organization","name":"Vilniaus suaugusi\u0173j\u0173 mokymo centras","alternateName":"VSMC","url":"https:\/\/vsmc.lt\/","logo":{"@type":"ImageObject","inLanguage":"lt-LT","@id":"https:\/\/vsmc.lt\/#\/schema\/logo\/image\/","url":"https:\/\/vsmc.lt\/wp-content\/uploads\/2016\/11\/15\/logo.png","contentUrl":"https:\/\/vsmc.lt\/wp-content\/uploads\/2016\/11\/15\/logo.png","width":96,"height":121,"caption":"Vilniaus suaugusi\u0173j\u0173 mokymo centras"},"image":{"@id":"https:\/\/vsmc.lt\/#\/schema\/logo\/image\/"},"sameAs":["https:\/\/www.facebook.com\/p\/Vilniaus-suaugusij-mokymo-centras-VSMC-gimnazija-100034428106674\/"]},{"@type":"Person","@id":"https:\/\/vsmc.lt\/#\/schema\/person\/7b79c1eab13a88fc1ed4dc6626a57f98","name":"Birut\u0117 Kubilinskien\u0117","image":{"@type":"ImageObject","inLanguage":"lt-LT","@id":"https:\/\/secure.gravatar.com\/avatar\/de3432602f9f0edd7dc9006aceaad7e2a3227ca56f4f6d9e4b2e2ee05a11e793?s=96&d=mm&r=g","url":"https:\/\/secure.gravatar.com\/avatar\/de3432602f9f0edd7dc9006aceaad7e2a3227ca56f4f6d9e4b2e2ee05a11e793?s=96&d=mm&r=g","contentUrl":"https:\/\/secure.gravatar.com\/avatar\/de3432602f9f0edd7dc9006aceaad7e2a3227ca56f4f6d9e4b2e2ee05a11e793?s=96&d=mm&r=g","caption":"Birut\u0117 Kubilinskien\u0117"},"url":"https:\/\/vsmc.lt\/?author=5"}]}},"_links":{"self":[{"href":"https:\/\/vsmc.lt\/index.php?rest_route=\/wp\/v2\/posts\/2576","targetHints":{"allow":["GET"]}}],"collection":[{"href":"https:\/\/vsmc.lt\/index.php?rest_route=\/wp\/v2\/posts"}],"about":[{"href":"https:\/\/vsmc.lt\/index.php?rest_route=\/wp\/v2\/types\/post"}],"author":[{"embeddable":true,"href":"https:\/\/vsmc.lt\/index.php?rest_route=\/wp\/v2\/users\/5"}],"replies":[{"embeddable":true,"href":"https:\/\/vsmc.lt\/index.php?rest_route=%2Fwp%2Fv2%2Fcomments&post=2576"}],"version-history":[{"count":3,"href":"https:\/\/vsmc.lt\/index.php?rest_route=\/wp\/v2\/posts\/2576\/revisions"}],"predecessor-version":[{"id":2583,"href":"https:\/\/vsmc.lt\/index.php?rest_route=\/wp\/v2\/posts\/2576\/revisions\/2583"}],"wp:attachment":[{"href":"https:\/\/vsmc.lt\/index.php?rest_route=%2Fwp%2Fv2%2Fmedia&parent=2576"}],"wp:term":[{"taxonomy":"category","embeddable":true,"href":"https:\/\/vsmc.lt\/index.php?rest_route=%2Fwp%2Fv2%2Fcategories&post=2576"},{"taxonomy":"post_tag","embeddable":true,"href":"https:\/\/vsmc.lt\/index.php?rest_route=%2Fwp%2Fv2%2Ftags&post=2576"}],"curies":[{"name":"wp","href":"https:\/\/api.w.org\/{rel}","templated":true}]}}