{"id":2612,"date":"2017-01-13T15:05:12","date_gmt":"2017-01-13T12:05:12","guid":{"rendered":"http:\/\/vsmc.lt\/?p=2612"},"modified":"2018-04-19T09:49:38","modified_gmt":"2018-04-19T06:49:38","slug":"laisves-gyneju-dienos-minejimas-vilniaus-suaugusiuju-mokymo-centre","status":"publish","type":"post","link":"https:\/\/vsmc.lt\/?p=2612","title":{"rendered":"Laisv\u0117s gyn\u0117j\u0173 dienos min\u0117jimas Vilniaus suaugusi\u0173j\u0173 mokymo centre"},"content":{"rendered":"<p>Sausio 12-\u0105j\u0105, kaip ir kasmet, m\u016bs\u0173 centro bendruomen\u0117 min\u0117jo Laisv\u0117s gyn\u0117j\u0173 dien\u0105. 17.35-18.20 val. mokiniai ir mokytojai dalyvavo pilietin\u0117je akcijoje \u201eAtmintis gyva, nes liudija\u201c. Prie kiekvieno lango de\u0161im\u010diai minu\u010di\u0173, u\u017egesinus \u0161viesas, buvo u\u017edegtos atminimo \u017evak\u0117s ir taip pagerbti \u017euvusieji u\u017e Lietuvos laisv\u0119. Prie plazdan\u010di\u0173 liepsneli\u0173 mokytojai su mokiniais prisimin\u0117 1991 m. sausio \u012fvykius, kuomet Lietuvos \u017emon\u0117s susivienij\u0119 apgyn\u0117 savo nepriklausomyb\u0119.<\/p>\n<p>Nuo 18.25 val. pos\u0117d\u017ei\u0173 sal\u0117je vyko atvira integruota istorijos-pilieti\u0161kumo pagrind\u0173 pamoka-min\u0117jimas, skirtas Sausio 13-osios \u012fvyki\u0173 26-osioms metin\u0117ms. Kartu su m\u016bs\u0173 bendruomene pamokoje dalyvavo garbus sve\u010dias \u2013 Lietuvos kariuomen\u0117s k\u016br\u0117j\u0173 savanori\u0173 s\u0105jungos Vilniaus apskrities skyriaus narys, divizijos kapitonas, Vy\u010dio kry\u017eiaus ordino kavalierius Juozas Bar\u0161kietis. Pamok\u0105 ved\u0117 IV kl. mokin\u0117s Gintar\u0117 Andrejevait\u0117 ir Laura \u017diupsnyt\u0117. Min\u0117jimas prasid\u0117jo Lietuvos himnu. Sustojusieji tylos minute pagerb\u0117 \u017euvusi\u0173j\u0173 u\u017e laisv\u0119 gyn\u0117j\u0173 atminim\u0105. V\u0117liau sve\u010dias pasidalijo prisiminimais apie i\u0161gyvenimus, patirtus tragi\u0161komis ir didingomis sausio dienomis. Juozas Bar\u0161kietis prisimin\u0117, kaip dalyvavo LR Seimo gynyboje. Jis buvo atsakingas u\u017e LR Seimo r\u016bsi\u0173 saugum\u0105, vadovavo evakuacijos tunelio statybai. Pasak sve\u010dio, nepriklausomybei apginti buvo sutelktos visos Lietuvos \u017emoni\u0173 j\u0117gos, tik\u0117jimas laisve ir tiesa, kit\u0173 taut\u0173 palaikymas. Juozas Bar\u0161kietis pabr\u0117\u017e\u0117: \u201emes \u0161iai kovai buvome pasiruo\u0161\u0119, nes nesitik\u0117jome, kad tik su dainomis ir v\u0117liavomis pasieksime laisv\u0119. \u017dinojome apie susidorojimus su protestuoti i\u0161dr\u012fsusiais \u017emon\u0117mis \u012fvairiose SSRS vietose. Laisv\u0117 nebuvo dovanota, j\u0105 reik\u0117jo i\u0161sikovoti, ji pareikalavo auk\u0173\u201c.<\/p>\n<p>Po renginio II-IV klasi\u0173 mokiniai, lydimi istorijos mokytojos metodinink\u0117s An\u017eelos Jablonskait\u0117s, dail\u0117s mokytojos metodinink\u0117s Jon\u0117s Paulauskien\u0117s ir bibliotekos-informacinio centro ved\u0117jos Jolantos Lik\u0161ien\u0117s, lank\u0117si LR Seime, ten ap\u017ei\u016br\u0117jo parod\u0105 \u201eLaisv\u0117s gynimas 1990-1991 metais\u201c ir dalyvavo S\u0105j\u016bd\u017eio valandoje Nepriklausomyb\u0117s aik\u0161t\u0117je.<\/p>\n<p>Stov\u0117dami prie lau\u017eo klaus\u0117m\u0117s Auk\u0161\u010diausiosios Tarybos pirmininko V. Landsbergio ir kit\u0173 \u017emoni\u0173 prisiminim\u0173 apie Sausio 13-osios \u012fvykius. Profesoriaus teigimu, sovietams nepavyko \u012fgyvendinti savo u\u017ema\u010di\u0173, nes nugal\u0117jo \u017emoni\u0173, nei\u0161sigandusi\u0173 sm\u016bgi\u0173, v\u0117liau kulk\u0173, o galiausiai ir tank\u0173, dr\u0105sa ir stipryb\u0117.<\/p>\n<p>Istorijos mokytoja metodinink\u0117 An\u017eela Jablonskait\u0117<\/p>\n<p><img loading=\"lazy\" decoding=\"async\" class=\"alignnone wp-image-2615\" src=\"https:\/\/vsmc.lt\/wp-content\/uploads\/2017\/01\/18\/Sausio-13-2-480x360.jpg\" alt=\"\" width=\"336\" height=\"252\" srcset=\"https:\/\/vsmc.lt\/wp-content\/uploads\/2017\/01\/18\/Sausio-13-2-480x360.jpg 480w, https:\/\/vsmc.lt\/wp-content\/uploads\/2017\/01\/18\/Sausio-13-2-768x576.jpg 768w, https:\/\/vsmc.lt\/wp-content\/uploads\/2017\/01\/18\/Sausio-13-2-960x720.jpg 960w, https:\/\/vsmc.lt\/wp-content\/uploads\/2017\/01\/18\/Sausio-13-2-950x713.jpg 950w, https:\/\/vsmc.lt\/wp-content\/uploads\/2017\/01\/18\/Sausio-13-2-450x338.jpg 450w, https:\/\/vsmc.lt\/wp-content\/uploads\/2017\/01\/18\/Sausio-13-2.jpg 2000w\" sizes=\"auto, (max-width: 336px) 100vw, 336px\" \/>\u00a0<img loading=\"lazy\" decoding=\"async\" class=\"alignnone wp-image-2613\" src=\"https:\/\/vsmc.lt\/wp-content\/uploads\/2017\/01\/18\/Sausio-13-1-270x360.jpg\" alt=\"\" width=\"188\" height=\"251\" srcset=\"https:\/\/vsmc.lt\/wp-content\/uploads\/2017\/01\/18\/Sausio-13-1-270x360.jpg 270w, https:\/\/vsmc.lt\/wp-content\/uploads\/2017\/01\/18\/Sausio-13-1-768x1024.jpg 768w, https:\/\/vsmc.lt\/wp-content\/uploads\/2017\/01\/18\/Sausio-13-1-540x720.jpg 540w, https:\/\/vsmc.lt\/wp-content\/uploads\/2017\/01\/18\/Sausio-13-1-950x1267.jpg 950w, https:\/\/vsmc.lt\/wp-content\/uploads\/2017\/01\/18\/Sausio-13-1-450x600.jpg 450w, https:\/\/vsmc.lt\/wp-content\/uploads\/2017\/01\/18\/Sausio-13-1.jpg 1500w\" sizes=\"auto, (max-width: 188px) 100vw, 188px\" \/><\/p>\n","protected":false},"excerpt":{"rendered":"<p>Sausio 12-\u0105j\u0105, kaip ir kasmet, m\u016bs\u0173 centro bendruomen\u0117 min\u0117jo Laisv\u0117s gyn\u0117j\u0173 dien\u0105. 17.35-18.20 val. mokiniai ir mokytojai dalyvavo pilietin\u0117je akcijoje \u201eAtmintis gyva, nes liudija\u201c. Prie kiekvieno lango de\u0161im\u010diai minu\u010di\u0173, u\u017egesinus \u0161viesas, buvo u\u017edegtos atminimo \u017evak\u0117s ir taip pagerbti \u017euvusieji u\u017e Lietuvos laisv\u0119. Prie plazdan\u010di\u0173 liepsneli\u0173 mokytojai su mokiniais prisimin\u0117 1991 m. sausio \u012fvykius, kuomet Lietuvos [&hellip;]<\/p>\n","protected":false},"author":1,"featured_media":0,"comment_status":"closed","ping_status":"closed","sticky":false,"template":"","format":"standard","meta":{"footnotes":""},"categories":[1],"tags":[],"class_list":["post-2612","post","type-post","status-publish","format-standard","hentry","category-naujienos"],"yoast_head":"<!-- This site is optimized with the Yoast SEO plugin v27.5 - https:\/\/yoast.com\/product\/yoast-seo-wordpress\/ -->\n<title>Laisv\u0117s gyn\u0117j\u0173 dienos min\u0117jimas Vilniaus suaugusi\u0173j\u0173 mokymo centre Vilniaus suaugusi\u0173j\u0173 mokymo centras  - Vilniaus suaugusi\u0173j\u0173 mokymo centras<\/title>\n<meta name=\"description\" content=\"Laisv\u0117s gyn\u0117j\u0173 dienos min\u0117jimas Vilniaus suaugusi\u0173j\u0173 mokymo centre Vilniaus suaugusi\u0173j\u0173 mokymo centras\" \/>\n<meta name=\"robots\" content=\"index, follow, max-snippet:-1, max-image-preview:large, max-video-preview:-1\" \/>\n<link rel=\"canonical\" href=\"https:\/\/vsmc.lt\/?p=2612\" \/>\n<meta property=\"og:locale\" content=\"lt_LT\" \/>\n<meta property=\"og:type\" content=\"article\" \/>\n<meta property=\"og:title\" content=\"Laisv\u0117s gyn\u0117j\u0173 dienos min\u0117jimas Vilniaus suaugusi\u0173j\u0173 mokymo centre Vilniaus suaugusi\u0173j\u0173 mokymo centras  - Vilniaus suaugusi\u0173j\u0173 mokymo centras\" \/>\n<meta property=\"og:description\" content=\"Laisv\u0117s gyn\u0117j\u0173 dienos min\u0117jimas Vilniaus suaugusi\u0173j\u0173 mokymo centre Vilniaus suaugusi\u0173j\u0173 mokymo centras\" \/>\n<meta property=\"og:url\" content=\"https:\/\/vsmc.lt\/?p=2612\" \/>\n<meta property=\"og:site_name\" content=\"Vilniaus suaugusi\u0173j\u0173 mokymo centras\" \/>\n<meta property=\"article:publisher\" content=\"https:\/\/www.facebook.com\/p\/Vilniaus-suaugusij-mokymo-centras-VSMC-gimnazija-100034428106674\/\" \/>\n<meta property=\"article:published_time\" content=\"2017-01-13T12:05:12+00:00\" \/>\n<meta property=\"article:modified_time\" content=\"2018-04-19T06:49:38+00:00\" \/>\n<meta property=\"og:image\" content=\"http:\/\/vsmc.lt\/wp-content\/uploads\/2017\/01\/18\/Sausio-13-2-480x360.jpg\" \/>\n<meta name=\"author\" content=\"vsmc\" \/>\n<meta name=\"twitter:card\" content=\"summary_large_image\" \/>\n<meta name=\"twitter:label1\" content=\"Written by\" \/>\n\t<meta name=\"twitter:data1\" content=\"vsmc\" \/>\n\t<meta name=\"twitter:label2\" content=\"Est. reading time\" \/>\n\t<meta name=\"twitter:data2\" content=\"2 minut\u0117s\" \/>\n<script type=\"application\/ld+json\" class=\"yoast-schema-graph\">{\"@context\":\"https:\\\/\\\/schema.org\",\"@graph\":[{\"@type\":\"Article\",\"@id\":\"https:\\\/\\\/vsmc.lt\\\/?p=2612#article\",\"isPartOf\":{\"@id\":\"https:\\\/\\\/vsmc.lt\\\/?p=2612\"},\"author\":{\"name\":\"vsmc\",\"@id\":\"https:\\\/\\\/vsmc.lt\\\/#\\\/schema\\\/person\\\/f908112af7b3b7eb0f58e68efc84ed3b\"},\"headline\":\"Laisv\u0117s gyn\u0117j\u0173 dienos min\u0117jimas Vilniaus suaugusi\u0173j\u0173 mokymo centre\",\"datePublished\":\"2017-01-13T12:05:12+00:00\",\"dateModified\":\"2018-04-19T06:49:38+00:00\",\"mainEntityOfPage\":{\"@id\":\"https:\\\/\\\/vsmc.lt\\\/?p=2612\"},\"wordCount\":387,\"publisher\":{\"@id\":\"https:\\\/\\\/vsmc.lt\\\/#organization\"},\"image\":{\"@id\":\"https:\\\/\\\/vsmc.lt\\\/?p=2612#primaryimage\"},\"thumbnailUrl\":\"http:\\\/\\\/vsmc.lt\\\/wp-content\\\/uploads\\\/2017\\\/01\\\/18\\\/Sausio-13-2-480x360.jpg\",\"articleSection\":[\"Naujienos\"],\"inLanguage\":\"lt-LT\"},{\"@type\":\"WebPage\",\"@id\":\"https:\\\/\\\/vsmc.lt\\\/?p=2612\",\"url\":\"https:\\\/\\\/vsmc.lt\\\/?p=2612\",\"name\":\"Laisv\u0117s gyn\u0117j\u0173 dienos min\u0117jimas Vilniaus suaugusi\u0173j\u0173 mokymo centre Vilniaus suaugusi\u0173j\u0173 mokymo centras - Vilniaus suaugusi\u0173j\u0173 mokymo centras\",\"isPartOf\":{\"@id\":\"https:\\\/\\\/vsmc.lt\\\/#website\"},\"primaryImageOfPage\":{\"@id\":\"https:\\\/\\\/vsmc.lt\\\/?p=2612#primaryimage\"},\"image\":{\"@id\":\"https:\\\/\\\/vsmc.lt\\\/?p=2612#primaryimage\"},\"thumbnailUrl\":\"http:\\\/\\\/vsmc.lt\\\/wp-content\\\/uploads\\\/2017\\\/01\\\/18\\\/Sausio-13-2-480x360.jpg\",\"datePublished\":\"2017-01-13T12:05:12+00:00\",\"dateModified\":\"2018-04-19T06:49:38+00:00\",\"description\":\"Laisv\u0117s gyn\u0117j\u0173 dienos min\u0117jimas Vilniaus suaugusi\u0173j\u0173 mokymo centre Vilniaus suaugusi\u0173j\u0173 mokymo centras\",\"breadcrumb\":{\"@id\":\"https:\\\/\\\/vsmc.lt\\\/?p=2612#breadcrumb\"},\"inLanguage\":\"lt-LT\",\"potentialAction\":[{\"@type\":\"ReadAction\",\"target\":[\"https:\\\/\\\/vsmc.lt\\\/?p=2612\"]}]},{\"@type\":\"ImageObject\",\"inLanguage\":\"lt-LT\",\"@id\":\"https:\\\/\\\/vsmc.lt\\\/?p=2612#primaryimage\",\"url\":\"http:\\\/\\\/vsmc.lt\\\/wp-content\\\/uploads\\\/2017\\\/01\\\/18\\\/Sausio-13-2-480x360.jpg\",\"contentUrl\":\"http:\\\/\\\/vsmc.lt\\\/wp-content\\\/uploads\\\/2017\\\/01\\\/18\\\/Sausio-13-2-480x360.jpg\"},{\"@type\":\"BreadcrumbList\",\"@id\":\"https:\\\/\\\/vsmc.lt\\\/?p=2612#breadcrumb\",\"itemListElement\":[{\"@type\":\"ListItem\",\"position\":1,\"name\":\"Home\",\"item\":\"https:\\\/\\\/vsmc.lt\\\/\"},{\"@type\":\"ListItem\",\"position\":2,\"name\":\"Laisv\u0117s gyn\u0117j\u0173 dienos min\u0117jimas Vilniaus suaugusi\u0173j\u0173 mokymo centre\"}]},{\"@type\":\"WebSite\",\"@id\":\"https:\\\/\\\/vsmc.lt\\\/#website\",\"url\":\"https:\\\/\\\/vsmc.lt\\\/\",\"name\":\"Vilniaus suaugusi\u0173j\u0173 mokymo centras\",\"description\":\"VSMC\",\"publisher\":{\"@id\":\"https:\\\/\\\/vsmc.lt\\\/#organization\"},\"alternateName\":\"VSMC\",\"potentialAction\":[{\"@type\":\"SearchAction\",\"target\":{\"@type\":\"EntryPoint\",\"urlTemplate\":\"https:\\\/\\\/vsmc.lt\\\/?s={search_term_string}\"},\"query-input\":{\"@type\":\"PropertyValueSpecification\",\"valueRequired\":true,\"valueName\":\"search_term_string\"}}],\"inLanguage\":\"lt-LT\"},{\"@type\":\"Organization\",\"@id\":\"https:\\\/\\\/vsmc.lt\\\/#organization\",\"name\":\"Vilniaus suaugusi\u0173j\u0173 mokymo centras\",\"alternateName\":\"VSMC\",\"url\":\"https:\\\/\\\/vsmc.lt\\\/\",\"logo\":{\"@type\":\"ImageObject\",\"inLanguage\":\"lt-LT\",\"@id\":\"https:\\\/\\\/vsmc.lt\\\/#\\\/schema\\\/logo\\\/image\\\/\",\"url\":\"https:\\\/\\\/vsmc.lt\\\/wp-content\\\/uploads\\\/2016\\\/11\\\/15\\\/logo.png\",\"contentUrl\":\"https:\\\/\\\/vsmc.lt\\\/wp-content\\\/uploads\\\/2016\\\/11\\\/15\\\/logo.png\",\"width\":96,\"height\":121,\"caption\":\"Vilniaus suaugusi\u0173j\u0173 mokymo centras\"},\"image\":{\"@id\":\"https:\\\/\\\/vsmc.lt\\\/#\\\/schema\\\/logo\\\/image\\\/\"},\"sameAs\":[\"https:\\\/\\\/www.facebook.com\\\/p\\\/Vilniaus-suaugusij-mokymo-centras-VSMC-gimnazija-100034428106674\\\/\"]},{\"@type\":\"Person\",\"@id\":\"https:\\\/\\\/vsmc.lt\\\/#\\\/schema\\\/person\\\/f908112af7b3b7eb0f58e68efc84ed3b\",\"name\":\"vsmc\",\"image\":{\"@type\":\"ImageObject\",\"inLanguage\":\"lt-LT\",\"@id\":\"https:\\\/\\\/secure.gravatar.com\\\/avatar\\\/c98f8cf094a0c3815db557f5d303882682ae3622ba8eff672c992e55217b1a89?s=96&d=mm&r=g\",\"url\":\"https:\\\/\\\/secure.gravatar.com\\\/avatar\\\/c98f8cf094a0c3815db557f5d303882682ae3622ba8eff672c992e55217b1a89?s=96&d=mm&r=g\",\"contentUrl\":\"https:\\\/\\\/secure.gravatar.com\\\/avatar\\\/c98f8cf094a0c3815db557f5d303882682ae3622ba8eff672c992e55217b1a89?s=96&d=mm&r=g\",\"caption\":\"vsmc\"},\"url\":\"https:\\\/\\\/vsmc.lt\\\/?author=1\"}]}<\/script>\n<!-- \/ Yoast SEO plugin. -->","yoast_head_json":{"title":"Laisv\u0117s gyn\u0117j\u0173 dienos min\u0117jimas Vilniaus suaugusi\u0173j\u0173 mokymo centre Vilniaus suaugusi\u0173j\u0173 mokymo centras  - Vilniaus suaugusi\u0173j\u0173 mokymo centras","description":"Laisv\u0117s gyn\u0117j\u0173 dienos min\u0117jimas Vilniaus suaugusi\u0173j\u0173 mokymo centre Vilniaus suaugusi\u0173j\u0173 mokymo centras","robots":{"index":"index","follow":"follow","max-snippet":"max-snippet:-1","max-image-preview":"max-image-preview:large","max-video-preview":"max-video-preview:-1"},"canonical":"https:\/\/vsmc.lt\/?p=2612","og_locale":"lt_LT","og_type":"article","og_title":"Laisv\u0117s gyn\u0117j\u0173 dienos min\u0117jimas Vilniaus suaugusi\u0173j\u0173 mokymo centre Vilniaus suaugusi\u0173j\u0173 mokymo centras  - Vilniaus suaugusi\u0173j\u0173 mokymo centras","og_description":"Laisv\u0117s gyn\u0117j\u0173 dienos min\u0117jimas Vilniaus suaugusi\u0173j\u0173 mokymo centre Vilniaus suaugusi\u0173j\u0173 mokymo centras","og_url":"https:\/\/vsmc.lt\/?p=2612","og_site_name":"Vilniaus suaugusi\u0173j\u0173 mokymo centras","article_publisher":"https:\/\/www.facebook.com\/p\/Vilniaus-suaugusij-mokymo-centras-VSMC-gimnazija-100034428106674\/","article_published_time":"2017-01-13T12:05:12+00:00","article_modified_time":"2018-04-19T06:49:38+00:00","og_image":[{"url":"http:\/\/vsmc.lt\/wp-content\/uploads\/2017\/01\/18\/Sausio-13-2-480x360.jpg","type":"","width":"","height":""}],"author":"vsmc","twitter_card":"summary_large_image","twitter_misc":{"Written by":"vsmc","Est. reading time":"2 minut\u0117s"},"schema":{"@context":"https:\/\/schema.org","@graph":[{"@type":"Article","@id":"https:\/\/vsmc.lt\/?p=2612#article","isPartOf":{"@id":"https:\/\/vsmc.lt\/?p=2612"},"author":{"name":"vsmc","@id":"https:\/\/vsmc.lt\/#\/schema\/person\/f908112af7b3b7eb0f58e68efc84ed3b"},"headline":"Laisv\u0117s gyn\u0117j\u0173 dienos min\u0117jimas Vilniaus suaugusi\u0173j\u0173 mokymo centre","datePublished":"2017-01-13T12:05:12+00:00","dateModified":"2018-04-19T06:49:38+00:00","mainEntityOfPage":{"@id":"https:\/\/vsmc.lt\/?p=2612"},"wordCount":387,"publisher":{"@id":"https:\/\/vsmc.lt\/#organization"},"image":{"@id":"https:\/\/vsmc.lt\/?p=2612#primaryimage"},"thumbnailUrl":"http:\/\/vsmc.lt\/wp-content\/uploads\/2017\/01\/18\/Sausio-13-2-480x360.jpg","articleSection":["Naujienos"],"inLanguage":"lt-LT"},{"@type":"WebPage","@id":"https:\/\/vsmc.lt\/?p=2612","url":"https:\/\/vsmc.lt\/?p=2612","name":"Laisv\u0117s gyn\u0117j\u0173 dienos min\u0117jimas Vilniaus suaugusi\u0173j\u0173 mokymo centre Vilniaus suaugusi\u0173j\u0173 mokymo centras - Vilniaus suaugusi\u0173j\u0173 mokymo centras","isPartOf":{"@id":"https:\/\/vsmc.lt\/#website"},"primaryImageOfPage":{"@id":"https:\/\/vsmc.lt\/?p=2612#primaryimage"},"image":{"@id":"https:\/\/vsmc.lt\/?p=2612#primaryimage"},"thumbnailUrl":"http:\/\/vsmc.lt\/wp-content\/uploads\/2017\/01\/18\/Sausio-13-2-480x360.jpg","datePublished":"2017-01-13T12:05:12+00:00","dateModified":"2018-04-19T06:49:38+00:00","description":"Laisv\u0117s gyn\u0117j\u0173 dienos min\u0117jimas Vilniaus suaugusi\u0173j\u0173 mokymo centre Vilniaus suaugusi\u0173j\u0173 mokymo centras","breadcrumb":{"@id":"https:\/\/vsmc.lt\/?p=2612#breadcrumb"},"inLanguage":"lt-LT","potentialAction":[{"@type":"ReadAction","target":["https:\/\/vsmc.lt\/?p=2612"]}]},{"@type":"ImageObject","inLanguage":"lt-LT","@id":"https:\/\/vsmc.lt\/?p=2612#primaryimage","url":"http:\/\/vsmc.lt\/wp-content\/uploads\/2017\/01\/18\/Sausio-13-2-480x360.jpg","contentUrl":"http:\/\/vsmc.lt\/wp-content\/uploads\/2017\/01\/18\/Sausio-13-2-480x360.jpg"},{"@type":"BreadcrumbList","@id":"https:\/\/vsmc.lt\/?p=2612#breadcrumb","itemListElement":[{"@type":"ListItem","position":1,"name":"Home","item":"https:\/\/vsmc.lt\/"},{"@type":"ListItem","position":2,"name":"Laisv\u0117s gyn\u0117j\u0173 dienos min\u0117jimas Vilniaus suaugusi\u0173j\u0173 mokymo centre"}]},{"@type":"WebSite","@id":"https:\/\/vsmc.lt\/#website","url":"https:\/\/vsmc.lt\/","name":"Vilniaus suaugusi\u0173j\u0173 mokymo centras","description":"VSMC","publisher":{"@id":"https:\/\/vsmc.lt\/#organization"},"alternateName":"VSMC","potentialAction":[{"@type":"SearchAction","target":{"@type":"EntryPoint","urlTemplate":"https:\/\/vsmc.lt\/?s={search_term_string}"},"query-input":{"@type":"PropertyValueSpecification","valueRequired":true,"valueName":"search_term_string"}}],"inLanguage":"lt-LT"},{"@type":"Organization","@id":"https:\/\/vsmc.lt\/#organization","name":"Vilniaus suaugusi\u0173j\u0173 mokymo centras","alternateName":"VSMC","url":"https:\/\/vsmc.lt\/","logo":{"@type":"ImageObject","inLanguage":"lt-LT","@id":"https:\/\/vsmc.lt\/#\/schema\/logo\/image\/","url":"https:\/\/vsmc.lt\/wp-content\/uploads\/2016\/11\/15\/logo.png","contentUrl":"https:\/\/vsmc.lt\/wp-content\/uploads\/2016\/11\/15\/logo.png","width":96,"height":121,"caption":"Vilniaus suaugusi\u0173j\u0173 mokymo centras"},"image":{"@id":"https:\/\/vsmc.lt\/#\/schema\/logo\/image\/"},"sameAs":["https:\/\/www.facebook.com\/p\/Vilniaus-suaugusij-mokymo-centras-VSMC-gimnazija-100034428106674\/"]},{"@type":"Person","@id":"https:\/\/vsmc.lt\/#\/schema\/person\/f908112af7b3b7eb0f58e68efc84ed3b","name":"vsmc","image":{"@type":"ImageObject","inLanguage":"lt-LT","@id":"https:\/\/secure.gravatar.com\/avatar\/c98f8cf094a0c3815db557f5d303882682ae3622ba8eff672c992e55217b1a89?s=96&d=mm&r=g","url":"https:\/\/secure.gravatar.com\/avatar\/c98f8cf094a0c3815db557f5d303882682ae3622ba8eff672c992e55217b1a89?s=96&d=mm&r=g","contentUrl":"https:\/\/secure.gravatar.com\/avatar\/c98f8cf094a0c3815db557f5d303882682ae3622ba8eff672c992e55217b1a89?s=96&d=mm&r=g","caption":"vsmc"},"url":"https:\/\/vsmc.lt\/?author=1"}]}},"_links":{"self":[{"href":"https:\/\/vsmc.lt\/index.php?rest_route=\/wp\/v2\/posts\/2612","targetHints":{"allow":["GET"]}}],"collection":[{"href":"https:\/\/vsmc.lt\/index.php?rest_route=\/wp\/v2\/posts"}],"about":[{"href":"https:\/\/vsmc.lt\/index.php?rest_route=\/wp\/v2\/types\/post"}],"author":[{"embeddable":true,"href":"https:\/\/vsmc.lt\/index.php?rest_route=\/wp\/v2\/users\/1"}],"replies":[{"embeddable":true,"href":"https:\/\/vsmc.lt\/index.php?rest_route=%2Fwp%2Fv2%2Fcomments&post=2612"}],"version-history":[{"count":3,"href":"https:\/\/vsmc.lt\/index.php?rest_route=\/wp\/v2\/posts\/2612\/revisions"}],"predecessor-version":[{"id":2619,"href":"https:\/\/vsmc.lt\/index.php?rest_route=\/wp\/v2\/posts\/2612\/revisions\/2619"}],"wp:attachment":[{"href":"https:\/\/vsmc.lt\/index.php?rest_route=%2Fwp%2Fv2%2Fmedia&parent=2612"}],"wp:term":[{"taxonomy":"category","embeddable":true,"href":"https:\/\/vsmc.lt\/index.php?rest_route=%2Fwp%2Fv2%2Fcategories&post=2612"},{"taxonomy":"post_tag","embeddable":true,"href":"https:\/\/vsmc.lt\/index.php?rest_route=%2Fwp%2Fv2%2Ftags&post=2612"}],"curies":[{"name":"wp","href":"https:\/\/api.w.org\/{rel}","templated":true}]}}