{"id":2809,"date":"2017-04-28T09:47:08","date_gmt":"2017-04-28T06:47:08","guid":{"rendered":"http:\/\/vsmc.lt\/?p=2809"},"modified":"2018-06-08T17:07:12","modified_gmt":"2018-06-08T14:07:12","slug":"susitikimas-su-vilniaus-arkivyskupijos-carito-uzsienieciu-integracijos-programos-vadove","status":"publish","type":"post","link":"https:\/\/vsmc.lt\/?p=2809","title":{"rendered":"Susitikimas su Vilniaus arkivyskupijos \u201eCarito\u201c  U\u017esienie\u010di\u0173 integracijos programos vadove"},"content":{"rendered":"<p>Vilniaus suaugusi\u0173j\u0173 mokymo centras (VSMC) 2016-2018 m. m. \u012fgyvendina Erasmus + KA2 projekt\u0105 \u201eInformacija ir \u0161vietimo med\u017eiaga pab\u0117g\u0117liams ir imigrantams\u201c. Siekiant suprasti pab\u0117g\u0117li\u0173 integracijos proces\u0105, i\u0161\u0161\u016bkius, su kuriais susiduria \u012fvairios priiman\u010dios \u0161alies institucijos ir pab\u0117g\u0117liai, 2017 m. baland\u017eio 25 d. gimnazijoje organizuotas susitikimas su Vilniaus arkivyskupijos \u201eCarito\u201c U\u017esienie\u010di\u0173 integracijos programos vadove. Ji pristat\u0117 programos veikl\u0105.<\/p>\n<p>U\u017esienie\u010di\u0173 integracijos programos tikslas \u2013 pad\u0117ti atvyk\u0117liams \u010dia \u012fsikurti, pritapti ir gyventi kokybi\u0161kai. \u201e\u012esivaizduokite, kad vien\u0105 ryt\u0105 atsik\u0117l\u0119 ir i\u0161\u0117j\u0119 \u012f darb\u0105 gr\u012f\u017e\u0119 randate namus subombarduotus \u2013 \u0161iuos i\u0161gyvenimus patyr\u0119 \u017emon\u0117s atvyksta \u012f Lietuv\u0105\u201c, \u00a0\u2013 pasakojo programos vadov\u0117.<\/p>\n<p>Paklausta, ar lietuviai ir \u0161alis yra pasiruo\u0161\u0119 priimti pab\u0117g\u0117lius, vadov\u0117 teig\u0117, kad po\u017ei\u016bris \u012f juos da\u017eniausiai yra neigiamas. Mes da\u017enai susiduriame su stereotipais galvodami apie pab\u0117g\u0117lius ir lygindami juos su migrantais, kurie atvyko \u012f \u0161al\u012f tik d\u0117l ekonomini\u0173 paskat\u0173. Be to, pinigin\u0117s i\u0161mokos ir s\u0105lygos gyventi ir integruotis pab\u0117g\u0117liams n\u0117ra tokios, koki\u0173 jie tik\u0117josi, tod\u0117l daugelis atvyk\u0117li\u0173 nusivilia patek\u0119 \u012f Lietuv\u0105.<\/p>\n<p>Lektor\u0117 primin\u0117, kad lietuviai Pirmojo ir Antrojo karo metais yra buv\u0119 pab\u0117g\u0117liais ir trauk\u0117si \u012f JAV, Argentin\u0105 ar \u012f kitas \u0161alis. Tos \u0161alys juos priglaud\u0117 ir i\u0161gelb\u0117jo. Tod\u0117l reik\u0117t\u0173 suprasti, kad valstyb\u0117 tur\u0117t\u0173 r\u016bpintis pab\u0117g\u0117liais taip pat, kaip ir savo pilie\u010diais. \u201eCarito\u201c atstov\u0117s teigimu, \u0161alys, i\u0161 kuri\u0173 atvyksta \u017emon\u0117s, yra Baltarusija, Rusija, Ukraina, Afganistanas, \u010ce\u010d\u0117nija, Sirija. Dauguma savo \u0161alyse yra persekiojami d\u0117l religini\u0173 ar politini\u0173 prie\u017eas\u010di\u0173, j\u0173 gyvybei gresia pavojus.<\/p>\n<p>Kiekvienas i\u0161 m\u016bs\u0173 gali pad\u0117ti \u0161iems \u017emon\u0117ms integruotis. Vie\u0161nia sak\u0117, kad labai svarbu, kad bendruomen\u0117, kurioje siekia \u012fsikurti atvyk\u0117liai, b\u016bt\u0173 pakanti, stengt\u0173si pa\u017einti \u017emog\u0173 ir jo \u0161eim\u0105, nesivadovaut\u0173 stereotipais, ir pakviet\u0117 visus norin\u010dius atvykti savanoriauti.<\/p>\n<p>\u012e Lietuv\u0105 i\u0161 viso tur\u0117t\u0173 b\u016bti perkelti 1105 pab\u0117g\u0117liai.<\/p>\n<p>Pareng\u0117 lietuvi\u0173 kalbos vyresnioji mokytoja Oksana Aleknavi\u010dius<\/p>\n<figure id=\"attachment_2813\" aria-describedby=\"caption-attachment-2813\" style=\"width: 480px\" class=\"wp-caption alignnone\"><img loading=\"lazy\" decoding=\"async\" class=\"size-medium wp-image-2813\" src=\"https:\/\/vsmc.lt\/wp-content\/uploads\/2017\/04\/28\/IMG_20170425_173852-480x360.jpg\" alt=\"\" width=\"480\" height=\"360\" srcset=\"https:\/\/vsmc.lt\/wp-content\/uploads\/2017\/04\/28\/IMG_20170425_173852-480x360.jpg 480w, https:\/\/vsmc.lt\/wp-content\/uploads\/2017\/04\/28\/IMG_20170425_173852-768x576.jpg 768w, https:\/\/vsmc.lt\/wp-content\/uploads\/2017\/04\/28\/IMG_20170425_173852-960x720.jpg 960w, https:\/\/vsmc.lt\/wp-content\/uploads\/2017\/04\/28\/IMG_20170425_173852-950x713.jpg 950w, https:\/\/vsmc.lt\/wp-content\/uploads\/2017\/04\/28\/IMG_20170425_173852-450x338.jpg 450w\" sizes=\"auto, (max-width: 480px) 100vw, 480px\" \/><figcaption id=\"caption-attachment-2813\" class=\"wp-caption-text\">cof<\/figcaption><\/figure>\n<figure id=\"attachment_2814\" aria-describedby=\"caption-attachment-2814\" style=\"width: 480px\" class=\"wp-caption alignnone\"><img loading=\"lazy\" decoding=\"async\" class=\"size-medium wp-image-2814\" src=\"https:\/\/vsmc.lt\/wp-content\/uploads\/2017\/04\/28\/IMG_20170425_181900-480x360.jpg\" alt=\"\" width=\"480\" height=\"360\" srcset=\"https:\/\/vsmc.lt\/wp-content\/uploads\/2017\/04\/28\/IMG_20170425_181900-480x360.jpg 480w, https:\/\/vsmc.lt\/wp-content\/uploads\/2017\/04\/28\/IMG_20170425_181900-768x576.jpg 768w, https:\/\/vsmc.lt\/wp-content\/uploads\/2017\/04\/28\/IMG_20170425_181900-960x720.jpg 960w, https:\/\/vsmc.lt\/wp-content\/uploads\/2017\/04\/28\/IMG_20170425_181900-950x713.jpg 950w, https:\/\/vsmc.lt\/wp-content\/uploads\/2017\/04\/28\/IMG_20170425_181900-450x338.jpg 450w\" sizes=\"auto, (max-width: 480px) 100vw, 480px\" \/><figcaption id=\"caption-attachment-2814\" class=\"wp-caption-text\">dig<\/figcaption><\/figure>\n","protected":false},"excerpt":{"rendered":"<p>Vilniaus suaugusi\u0173j\u0173 mokymo centras (VSMC) 2016-2018 m. m. \u012fgyvendina Erasmus + KA2 projekt\u0105 \u201eInformacija ir \u0161vietimo med\u017eiaga pab\u0117g\u0117liams ir imigrantams\u201c. Siekiant suprasti pab\u0117g\u0117li\u0173 integracijos proces\u0105, i\u0161\u0161\u016bkius, su kuriais susiduria \u012fvairios priiman\u010dios \u0161alies institucijos ir pab\u0117g\u0117liai, 2017 m. baland\u017eio 25 d. gimnazijoje organizuotas susitikimas su Vilniaus arkivyskupijos \u201eCarito\u201c U\u017esienie\u010di\u0173 integracijos programos vadove. Ji pristat\u0117 programos veikl\u0105. [&hellip;]<\/p>\n","protected":false},"author":1,"featured_media":0,"comment_status":"closed","ping_status":"closed","sticky":false,"template":"","format":"standard","meta":{"footnotes":""},"categories":[1],"tags":[],"class_list":["post-2809","post","type-post","status-publish","format-standard","hentry","category-naujienos"],"yoast_head":"<!-- This site is optimized with the Yoast SEO plugin v27.5 - https:\/\/yoast.com\/product\/yoast-seo-wordpress\/ -->\n<title>Susitikimas su Vilniaus arkivyskupijos \u201eCarito\u201c U\u017esienie\u010di\u0173 integracijos programos vadove Vilniaus suaugusi\u0173j\u0173 mokymo centras  - Vilniaus suaugusi\u0173j\u0173 mokymo centras<\/title>\n<meta name=\"description\" content=\"Susitikimas su Vilniaus arkivyskupijos \u201eCarito\u201c U\u017esienie\u010di\u0173 integracijos programos vadove Vilniaus suaugusi\u0173j\u0173 mokymo centras\" \/>\n<meta name=\"robots\" content=\"index, follow, max-snippet:-1, max-image-preview:large, max-video-preview:-1\" \/>\n<link rel=\"canonical\" href=\"https:\/\/vsmc.lt\/?p=2809\" \/>\n<meta property=\"og:locale\" content=\"lt_LT\" \/>\n<meta property=\"og:type\" content=\"article\" \/>\n<meta property=\"og:title\" content=\"Susitikimas su Vilniaus arkivyskupijos \u201eCarito\u201c U\u017esienie\u010di\u0173 integracijos programos vadove Vilniaus suaugusi\u0173j\u0173 mokymo centras  - Vilniaus suaugusi\u0173j\u0173 mokymo centras\" \/>\n<meta property=\"og:description\" content=\"Susitikimas su Vilniaus arkivyskupijos \u201eCarito\u201c U\u017esienie\u010di\u0173 integracijos programos vadove Vilniaus suaugusi\u0173j\u0173 mokymo centras\" \/>\n<meta property=\"og:url\" content=\"https:\/\/vsmc.lt\/?p=2809\" \/>\n<meta property=\"og:site_name\" content=\"Vilniaus suaugusi\u0173j\u0173 mokymo centras\" \/>\n<meta property=\"article:publisher\" content=\"https:\/\/www.facebook.com\/p\/Vilniaus-suaugusij-mokymo-centras-VSMC-gimnazija-100034428106674\/\" \/>\n<meta property=\"article:published_time\" content=\"2017-04-28T06:47:08+00:00\" \/>\n<meta property=\"article:modified_time\" content=\"2018-06-08T14:07:12+00:00\" \/>\n<meta property=\"og:image\" content=\"http:\/\/vsmc.lt\/wp-content\/uploads\/2017\/04\/28\/IMG_20170425_173852-480x360.jpg\" \/>\n<meta name=\"author\" content=\"vsmc\" \/>\n<meta name=\"twitter:card\" content=\"summary_large_image\" \/>\n<meta name=\"twitter:label1\" content=\"Written by\" \/>\n\t<meta name=\"twitter:data1\" content=\"vsmc\" \/>\n\t<meta name=\"twitter:label2\" content=\"Est. reading time\" \/>\n\t<meta name=\"twitter:data2\" content=\"2 minut\u0117s\" \/>\n<script type=\"application\/ld+json\" class=\"yoast-schema-graph\">{\"@context\":\"https:\\\/\\\/schema.org\",\"@graph\":[{\"@type\":\"Article\",\"@id\":\"https:\\\/\\\/vsmc.lt\\\/?p=2809#article\",\"isPartOf\":{\"@id\":\"https:\\\/\\\/vsmc.lt\\\/?p=2809\"},\"author\":{\"name\":\"vsmc\",\"@id\":\"https:\\\/\\\/vsmc.lt\\\/#\\\/schema\\\/person\\\/f908112af7b3b7eb0f58e68efc84ed3b\"},\"headline\":\"Susitikimas su Vilniaus arkivyskupijos \u201eCarito\u201c U\u017esienie\u010di\u0173 integracijos programos vadove\",\"datePublished\":\"2017-04-28T06:47:08+00:00\",\"dateModified\":\"2018-06-08T14:07:12+00:00\",\"mainEntityOfPage\":{\"@id\":\"https:\\\/\\\/vsmc.lt\\\/?p=2809\"},\"wordCount\":359,\"publisher\":{\"@id\":\"https:\\\/\\\/vsmc.lt\\\/#organization\"},\"image\":{\"@id\":\"https:\\\/\\\/vsmc.lt\\\/?p=2809#primaryimage\"},\"thumbnailUrl\":\"http:\\\/\\\/vsmc.lt\\\/wp-content\\\/uploads\\\/2017\\\/04\\\/28\\\/IMG_20170425_173852-480x360.jpg\",\"articleSection\":[\"Naujienos\"],\"inLanguage\":\"lt-LT\"},{\"@type\":\"WebPage\",\"@id\":\"https:\\\/\\\/vsmc.lt\\\/?p=2809\",\"url\":\"https:\\\/\\\/vsmc.lt\\\/?p=2809\",\"name\":\"Susitikimas su Vilniaus arkivyskupijos \u201eCarito\u201c U\u017esienie\u010di\u0173 integracijos programos vadove Vilniaus suaugusi\u0173j\u0173 mokymo centras - Vilniaus suaugusi\u0173j\u0173 mokymo centras\",\"isPartOf\":{\"@id\":\"https:\\\/\\\/vsmc.lt\\\/#website\"},\"primaryImageOfPage\":{\"@id\":\"https:\\\/\\\/vsmc.lt\\\/?p=2809#primaryimage\"},\"image\":{\"@id\":\"https:\\\/\\\/vsmc.lt\\\/?p=2809#primaryimage\"},\"thumbnailUrl\":\"http:\\\/\\\/vsmc.lt\\\/wp-content\\\/uploads\\\/2017\\\/04\\\/28\\\/IMG_20170425_173852-480x360.jpg\",\"datePublished\":\"2017-04-28T06:47:08+00:00\",\"dateModified\":\"2018-06-08T14:07:12+00:00\",\"description\":\"Susitikimas su Vilniaus arkivyskupijos \u201eCarito\u201c U\u017esienie\u010di\u0173 integracijos programos vadove Vilniaus suaugusi\u0173j\u0173 mokymo centras\",\"breadcrumb\":{\"@id\":\"https:\\\/\\\/vsmc.lt\\\/?p=2809#breadcrumb\"},\"inLanguage\":\"lt-LT\",\"potentialAction\":[{\"@type\":\"ReadAction\",\"target\":[\"https:\\\/\\\/vsmc.lt\\\/?p=2809\"]}]},{\"@type\":\"ImageObject\",\"inLanguage\":\"lt-LT\",\"@id\":\"https:\\\/\\\/vsmc.lt\\\/?p=2809#primaryimage\",\"url\":\"http:\\\/\\\/vsmc.lt\\\/wp-content\\\/uploads\\\/2017\\\/04\\\/28\\\/IMG_20170425_173852-480x360.jpg\",\"contentUrl\":\"http:\\\/\\\/vsmc.lt\\\/wp-content\\\/uploads\\\/2017\\\/04\\\/28\\\/IMG_20170425_173852-480x360.jpg\"},{\"@type\":\"BreadcrumbList\",\"@id\":\"https:\\\/\\\/vsmc.lt\\\/?p=2809#breadcrumb\",\"itemListElement\":[{\"@type\":\"ListItem\",\"position\":1,\"name\":\"Home\",\"item\":\"https:\\\/\\\/vsmc.lt\\\/\"},{\"@type\":\"ListItem\",\"position\":2,\"name\":\"Susitikimas su Vilniaus arkivyskupijos \u201eCarito\u201c U\u017esienie\u010di\u0173 integracijos programos vadove\"}]},{\"@type\":\"WebSite\",\"@id\":\"https:\\\/\\\/vsmc.lt\\\/#website\",\"url\":\"https:\\\/\\\/vsmc.lt\\\/\",\"name\":\"Vilniaus suaugusi\u0173j\u0173 mokymo centras\",\"description\":\"VSMC\",\"publisher\":{\"@id\":\"https:\\\/\\\/vsmc.lt\\\/#organization\"},\"alternateName\":\"VSMC\",\"potentialAction\":[{\"@type\":\"SearchAction\",\"target\":{\"@type\":\"EntryPoint\",\"urlTemplate\":\"https:\\\/\\\/vsmc.lt\\\/?s={search_term_string}\"},\"query-input\":{\"@type\":\"PropertyValueSpecification\",\"valueRequired\":true,\"valueName\":\"search_term_string\"}}],\"inLanguage\":\"lt-LT\"},{\"@type\":\"Organization\",\"@id\":\"https:\\\/\\\/vsmc.lt\\\/#organization\",\"name\":\"Vilniaus suaugusi\u0173j\u0173 mokymo centras\",\"alternateName\":\"VSMC\",\"url\":\"https:\\\/\\\/vsmc.lt\\\/\",\"logo\":{\"@type\":\"ImageObject\",\"inLanguage\":\"lt-LT\",\"@id\":\"https:\\\/\\\/vsmc.lt\\\/#\\\/schema\\\/logo\\\/image\\\/\",\"url\":\"https:\\\/\\\/vsmc.lt\\\/wp-content\\\/uploads\\\/2016\\\/11\\\/15\\\/logo.png\",\"contentUrl\":\"https:\\\/\\\/vsmc.lt\\\/wp-content\\\/uploads\\\/2016\\\/11\\\/15\\\/logo.png\",\"width\":96,\"height\":121,\"caption\":\"Vilniaus suaugusi\u0173j\u0173 mokymo centras\"},\"image\":{\"@id\":\"https:\\\/\\\/vsmc.lt\\\/#\\\/schema\\\/logo\\\/image\\\/\"},\"sameAs\":[\"https:\\\/\\\/www.facebook.com\\\/p\\\/Vilniaus-suaugusij-mokymo-centras-VSMC-gimnazija-100034428106674\\\/\"]},{\"@type\":\"Person\",\"@id\":\"https:\\\/\\\/vsmc.lt\\\/#\\\/schema\\\/person\\\/f908112af7b3b7eb0f58e68efc84ed3b\",\"name\":\"vsmc\",\"image\":{\"@type\":\"ImageObject\",\"inLanguage\":\"lt-LT\",\"@id\":\"https:\\\/\\\/secure.gravatar.com\\\/avatar\\\/c98f8cf094a0c3815db557f5d303882682ae3622ba8eff672c992e55217b1a89?s=96&d=mm&r=g\",\"url\":\"https:\\\/\\\/secure.gravatar.com\\\/avatar\\\/c98f8cf094a0c3815db557f5d303882682ae3622ba8eff672c992e55217b1a89?s=96&d=mm&r=g\",\"contentUrl\":\"https:\\\/\\\/secure.gravatar.com\\\/avatar\\\/c98f8cf094a0c3815db557f5d303882682ae3622ba8eff672c992e55217b1a89?s=96&d=mm&r=g\",\"caption\":\"vsmc\"},\"url\":\"https:\\\/\\\/vsmc.lt\\\/?author=1\"}]}<\/script>\n<!-- \/ Yoast SEO plugin. -->","yoast_head_json":{"title":"Susitikimas su Vilniaus arkivyskupijos \u201eCarito\u201c U\u017esienie\u010di\u0173 integracijos programos vadove Vilniaus suaugusi\u0173j\u0173 mokymo centras  - Vilniaus suaugusi\u0173j\u0173 mokymo centras","description":"Susitikimas su Vilniaus arkivyskupijos \u201eCarito\u201c U\u017esienie\u010di\u0173 integracijos programos vadove Vilniaus suaugusi\u0173j\u0173 mokymo centras","robots":{"index":"index","follow":"follow","max-snippet":"max-snippet:-1","max-image-preview":"max-image-preview:large","max-video-preview":"max-video-preview:-1"},"canonical":"https:\/\/vsmc.lt\/?p=2809","og_locale":"lt_LT","og_type":"article","og_title":"Susitikimas su Vilniaus arkivyskupijos \u201eCarito\u201c U\u017esienie\u010di\u0173 integracijos programos vadove Vilniaus suaugusi\u0173j\u0173 mokymo centras  - Vilniaus suaugusi\u0173j\u0173 mokymo centras","og_description":"Susitikimas su Vilniaus arkivyskupijos \u201eCarito\u201c U\u017esienie\u010di\u0173 integracijos programos vadove Vilniaus suaugusi\u0173j\u0173 mokymo centras","og_url":"https:\/\/vsmc.lt\/?p=2809","og_site_name":"Vilniaus suaugusi\u0173j\u0173 mokymo centras","article_publisher":"https:\/\/www.facebook.com\/p\/Vilniaus-suaugusij-mokymo-centras-VSMC-gimnazija-100034428106674\/","article_published_time":"2017-04-28T06:47:08+00:00","article_modified_time":"2018-06-08T14:07:12+00:00","og_image":[{"url":"http:\/\/vsmc.lt\/wp-content\/uploads\/2017\/04\/28\/IMG_20170425_173852-480x360.jpg","type":"","width":"","height":""}],"author":"vsmc","twitter_card":"summary_large_image","twitter_misc":{"Written by":"vsmc","Est. reading time":"2 minut\u0117s"},"schema":{"@context":"https:\/\/schema.org","@graph":[{"@type":"Article","@id":"https:\/\/vsmc.lt\/?p=2809#article","isPartOf":{"@id":"https:\/\/vsmc.lt\/?p=2809"},"author":{"name":"vsmc","@id":"https:\/\/vsmc.lt\/#\/schema\/person\/f908112af7b3b7eb0f58e68efc84ed3b"},"headline":"Susitikimas su Vilniaus arkivyskupijos \u201eCarito\u201c U\u017esienie\u010di\u0173 integracijos programos vadove","datePublished":"2017-04-28T06:47:08+00:00","dateModified":"2018-06-08T14:07:12+00:00","mainEntityOfPage":{"@id":"https:\/\/vsmc.lt\/?p=2809"},"wordCount":359,"publisher":{"@id":"https:\/\/vsmc.lt\/#organization"},"image":{"@id":"https:\/\/vsmc.lt\/?p=2809#primaryimage"},"thumbnailUrl":"http:\/\/vsmc.lt\/wp-content\/uploads\/2017\/04\/28\/IMG_20170425_173852-480x360.jpg","articleSection":["Naujienos"],"inLanguage":"lt-LT"},{"@type":"WebPage","@id":"https:\/\/vsmc.lt\/?p=2809","url":"https:\/\/vsmc.lt\/?p=2809","name":"Susitikimas su Vilniaus arkivyskupijos \u201eCarito\u201c U\u017esienie\u010di\u0173 integracijos programos vadove Vilniaus suaugusi\u0173j\u0173 mokymo centras - Vilniaus suaugusi\u0173j\u0173 mokymo centras","isPartOf":{"@id":"https:\/\/vsmc.lt\/#website"},"primaryImageOfPage":{"@id":"https:\/\/vsmc.lt\/?p=2809#primaryimage"},"image":{"@id":"https:\/\/vsmc.lt\/?p=2809#primaryimage"},"thumbnailUrl":"http:\/\/vsmc.lt\/wp-content\/uploads\/2017\/04\/28\/IMG_20170425_173852-480x360.jpg","datePublished":"2017-04-28T06:47:08+00:00","dateModified":"2018-06-08T14:07:12+00:00","description":"Susitikimas su Vilniaus arkivyskupijos \u201eCarito\u201c U\u017esienie\u010di\u0173 integracijos programos vadove Vilniaus suaugusi\u0173j\u0173 mokymo centras","breadcrumb":{"@id":"https:\/\/vsmc.lt\/?p=2809#breadcrumb"},"inLanguage":"lt-LT","potentialAction":[{"@type":"ReadAction","target":["https:\/\/vsmc.lt\/?p=2809"]}]},{"@type":"ImageObject","inLanguage":"lt-LT","@id":"https:\/\/vsmc.lt\/?p=2809#primaryimage","url":"http:\/\/vsmc.lt\/wp-content\/uploads\/2017\/04\/28\/IMG_20170425_173852-480x360.jpg","contentUrl":"http:\/\/vsmc.lt\/wp-content\/uploads\/2017\/04\/28\/IMG_20170425_173852-480x360.jpg"},{"@type":"BreadcrumbList","@id":"https:\/\/vsmc.lt\/?p=2809#breadcrumb","itemListElement":[{"@type":"ListItem","position":1,"name":"Home","item":"https:\/\/vsmc.lt\/"},{"@type":"ListItem","position":2,"name":"Susitikimas su Vilniaus arkivyskupijos \u201eCarito\u201c U\u017esienie\u010di\u0173 integracijos programos vadove"}]},{"@type":"WebSite","@id":"https:\/\/vsmc.lt\/#website","url":"https:\/\/vsmc.lt\/","name":"Vilniaus suaugusi\u0173j\u0173 mokymo centras","description":"VSMC","publisher":{"@id":"https:\/\/vsmc.lt\/#organization"},"alternateName":"VSMC","potentialAction":[{"@type":"SearchAction","target":{"@type":"EntryPoint","urlTemplate":"https:\/\/vsmc.lt\/?s={search_term_string}"},"query-input":{"@type":"PropertyValueSpecification","valueRequired":true,"valueName":"search_term_string"}}],"inLanguage":"lt-LT"},{"@type":"Organization","@id":"https:\/\/vsmc.lt\/#organization","name":"Vilniaus suaugusi\u0173j\u0173 mokymo centras","alternateName":"VSMC","url":"https:\/\/vsmc.lt\/","logo":{"@type":"ImageObject","inLanguage":"lt-LT","@id":"https:\/\/vsmc.lt\/#\/schema\/logo\/image\/","url":"https:\/\/vsmc.lt\/wp-content\/uploads\/2016\/11\/15\/logo.png","contentUrl":"https:\/\/vsmc.lt\/wp-content\/uploads\/2016\/11\/15\/logo.png","width":96,"height":121,"caption":"Vilniaus suaugusi\u0173j\u0173 mokymo centras"},"image":{"@id":"https:\/\/vsmc.lt\/#\/schema\/logo\/image\/"},"sameAs":["https:\/\/www.facebook.com\/p\/Vilniaus-suaugusij-mokymo-centras-VSMC-gimnazija-100034428106674\/"]},{"@type":"Person","@id":"https:\/\/vsmc.lt\/#\/schema\/person\/f908112af7b3b7eb0f58e68efc84ed3b","name":"vsmc","image":{"@type":"ImageObject","inLanguage":"lt-LT","@id":"https:\/\/secure.gravatar.com\/avatar\/c98f8cf094a0c3815db557f5d303882682ae3622ba8eff672c992e55217b1a89?s=96&d=mm&r=g","url":"https:\/\/secure.gravatar.com\/avatar\/c98f8cf094a0c3815db557f5d303882682ae3622ba8eff672c992e55217b1a89?s=96&d=mm&r=g","contentUrl":"https:\/\/secure.gravatar.com\/avatar\/c98f8cf094a0c3815db557f5d303882682ae3622ba8eff672c992e55217b1a89?s=96&d=mm&r=g","caption":"vsmc"},"url":"https:\/\/vsmc.lt\/?author=1"}]}},"_links":{"self":[{"href":"https:\/\/vsmc.lt\/index.php?rest_route=\/wp\/v2\/posts\/2809","targetHints":{"allow":["GET"]}}],"collection":[{"href":"https:\/\/vsmc.lt\/index.php?rest_route=\/wp\/v2\/posts"}],"about":[{"href":"https:\/\/vsmc.lt\/index.php?rest_route=\/wp\/v2\/types\/post"}],"author":[{"embeddable":true,"href":"https:\/\/vsmc.lt\/index.php?rest_route=\/wp\/v2\/users\/1"}],"replies":[{"embeddable":true,"href":"https:\/\/vsmc.lt\/index.php?rest_route=%2Fwp%2Fv2%2Fcomments&post=2809"}],"version-history":[{"count":7,"href":"https:\/\/vsmc.lt\/index.php?rest_route=\/wp\/v2\/posts\/2809\/revisions"}],"predecessor-version":[{"id":4581,"href":"https:\/\/vsmc.lt\/index.php?rest_route=\/wp\/v2\/posts\/2809\/revisions\/4581"}],"wp:attachment":[{"href":"https:\/\/vsmc.lt\/index.php?rest_route=%2Fwp%2Fv2%2Fmedia&parent=2809"}],"wp:term":[{"taxonomy":"category","embeddable":true,"href":"https:\/\/vsmc.lt\/index.php?rest_route=%2Fwp%2Fv2%2Fcategories&post=2809"},{"taxonomy":"post_tag","embeddable":true,"href":"https:\/\/vsmc.lt\/index.php?rest_route=%2Fwp%2Fv2%2Ftags&post=2809"}],"curies":[{"name":"wp","href":"https:\/\/api.w.org\/{rel}","templated":true}]}}