{"id":2817,"date":"2017-04-24T14:33:28","date_gmt":"2017-04-24T11:33:28","guid":{"rendered":"http:\/\/vsmc.lt\/?p=2817"},"modified":"2018-04-19T09:49:35","modified_gmt":"2018-04-19T06:49:35","slug":"dalyvavimas-lr-seime-vykusioje-konferencijoje-visuomenes-mediju-rastingumas-saugios-valstybes-salyga","status":"publish","type":"post","link":"https:\/\/vsmc.lt\/?p=2817","title":{"rendered":"Dalyvavimas LR Seime vykusioje konferencijoje \u201eVisuomen\u0117s medij\u0173 ra\u0161tingumas \u2013 saugios valstyb\u0117s s\u0105lyga\u201c"},"content":{"rendered":"<p>\u0160. m. baland\u017eio 21 d. Vilniaus suaugusi\u0173j\u0173 mokymo centro atstov\u0117 skyriaus ved\u0117ja Jolanta Makovska dalyvavo konferencijoje \u201eVisuomen\u0117s medij\u0173 ra\u0161tingumas \u2013 saugios valstyb\u0117s s\u0105lyga\u201c Seime.<\/p>\n<p>Konferencijos tikslas \u2013 aktualizuoti visuomen\u0117s medij\u0173 ra\u0161tingumo svarb\u0105 nacionalinio saugumo kontekste ir ie\u0161koti b\u016bd\u0173 derinti tarpusavyje skirting\u0173 sri\u010di\u0173 vykdomas \u012fvairi\u0173 visuomen\u0117s grupi\u0173 medij\u0173 ra\u0161tingumo ugdymo veiklas.<\/p>\n<p>Konferencijos prad\u017eioje sveikinimo \u017eod\u012f tar\u0117 Lietuvos Respublikos \u0161vietimo ir mokslo ministr\u0117 Jurgita Petrauskien\u0117, Lietuvos Respublikos Seimo \u0160vietimo ir mokslo komiteto pirmininkas Eugenijus Jovai\u0161a ir \u0160iaur\u0117s ministr\u0173 tarybos biuro Lietuvoje direktoriaus pavaduotojas \u0160ar\u016bnas Radvilavi\u010dius. Lektoriai \u2013 \u012fvairi\u0173 institucij\u0173 ir organizacij\u0173 atstovai \u2013 savo pristatymuose kalb\u0117jo apie informacinio, medij\u0173 ir skaitmeninio ra\u0161tingumo svarb\u0105 \u0161iuolaikin\u0117je visuomen\u0117je, \u0161vietimo srities ind\u0117l\u012f \u012f medij\u0173 ra\u0161tingumo ugdym\u0105 ir Lietuvos nacionalin\u012f saugum\u0105 informacin\u0117je erdv\u0117je.<\/p>\n<p>Konferencijos pabaigoje vyko aktyvi diskusija, kurios metu dalyviai aptar\u0117 tarpinstitucinio bendradarbiavimo pastiprinimo galimybes, kad medij\u0173 ra\u0161tingumas tapt\u0173 pasiekiamas visiems visuomen\u0117s nariams.<\/p>\n<p>Pareng\u0117 Humanitarini\u0173 ir socialini\u0173 moksl\u0173 skyriaus ved\u0117ja Jolanta Makovska<\/p>\n<p>&nbsp;<\/p>\n","protected":false},"excerpt":{"rendered":"<p>\u0160. m. baland\u017eio 21 d. Vilniaus suaugusi\u0173j\u0173 mokymo centro atstov\u0117 skyriaus ved\u0117ja Jolanta Makovska dalyvavo konferencijoje \u201eVisuomen\u0117s medij\u0173 ra\u0161tingumas \u2013 saugios valstyb\u0117s s\u0105lyga\u201c Seime. Konferencijos tikslas \u2013 aktualizuoti visuomen\u0117s medij\u0173 ra\u0161tingumo svarb\u0105 nacionalinio saugumo kontekste ir ie\u0161koti b\u016bd\u0173 derinti tarpusavyje skirting\u0173 sri\u010di\u0173 vykdomas \u012fvairi\u0173 visuomen\u0117s grupi\u0173 medij\u0173 ra\u0161tingumo ugdymo veiklas. Konferencijos prad\u017eioje sveikinimo \u017eod\u012f tar\u0117 [&hellip;]<\/p>\n","protected":false},"author":1,"featured_media":0,"comment_status":"closed","ping_status":"closed","sticky":false,"template":"","format":"standard","meta":{"footnotes":""},"categories":[1],"tags":[],"class_list":["post-2817","post","type-post","status-publish","format-standard","hentry","category-naujienos"],"yoast_head":"<!-- This site is optimized with the Yoast SEO plugin v27.5 - https:\/\/yoast.com\/product\/yoast-seo-wordpress\/ -->\n<title>Dalyvavimas LR Seime vykusioje konferencijoje \u201eVisuomen\u0117s medij\u0173 ra\u0161tingumas \u2013 saugios valstyb\u0117s s\u0105lyga\u201c Vilniaus suaugusi\u0173j\u0173 mokymo centras  - Vilniaus suaugusi\u0173j\u0173 mokymo centras<\/title>\n<meta name=\"description\" content=\"Dalyvavimas LR Seime vykusioje konferencijoje \u201eVisuomen\u0117s medij\u0173 ra\u0161tingumas \u2013 saugios valstyb\u0117s s\u0105lyga\u201c Vilniaus suaugusi\u0173j\u0173 mokymo centras\" \/>\n<meta name=\"robots\" content=\"index, follow, max-snippet:-1, max-image-preview:large, max-video-preview:-1\" \/>\n<link rel=\"canonical\" href=\"https:\/\/vsmc.lt\/?p=2817\" \/>\n<meta property=\"og:locale\" content=\"lt_LT\" \/>\n<meta property=\"og:type\" content=\"article\" \/>\n<meta property=\"og:title\" content=\"Dalyvavimas LR Seime vykusioje konferencijoje \u201eVisuomen\u0117s medij\u0173 ra\u0161tingumas \u2013 saugios valstyb\u0117s s\u0105lyga\u201c Vilniaus suaugusi\u0173j\u0173 mokymo centras  - Vilniaus suaugusi\u0173j\u0173 mokymo centras\" \/>\n<meta property=\"og:description\" content=\"Dalyvavimas LR Seime vykusioje konferencijoje \u201eVisuomen\u0117s medij\u0173 ra\u0161tingumas \u2013 saugios valstyb\u0117s s\u0105lyga\u201c Vilniaus suaugusi\u0173j\u0173 mokymo centras\" \/>\n<meta property=\"og:url\" content=\"https:\/\/vsmc.lt\/?p=2817\" \/>\n<meta property=\"og:site_name\" content=\"Vilniaus suaugusi\u0173j\u0173 mokymo centras\" \/>\n<meta property=\"article:publisher\" content=\"https:\/\/www.facebook.com\/p\/Vilniaus-suaugusij-mokymo-centras-VSMC-gimnazija-100034428106674\/\" \/>\n<meta property=\"article:published_time\" content=\"2017-04-24T11:33:28+00:00\" \/>\n<meta property=\"article:modified_time\" content=\"2018-04-19T06:49:35+00:00\" \/>\n<meta property=\"og:image\" content=\"https:\/\/vsmc.lt\/wp-content\/uploads\/2018\/05\/03\/VSMC_PASTATAS_1-1.jpg\" \/>\n\t<meta property=\"og:image:width\" content=\"1500\" \/>\n\t<meta property=\"og:image:height\" content=\"925\" \/>\n\t<meta property=\"og:image:type\" content=\"image\/jpeg\" \/>\n<meta name=\"author\" content=\"vsmc\" \/>\n<meta name=\"twitter:card\" content=\"summary_large_image\" \/>\n<meta name=\"twitter:label1\" content=\"Written by\" \/>\n\t<meta name=\"twitter:data1\" content=\"vsmc\" \/>\n\t<meta name=\"twitter:label2\" content=\"Est. reading time\" \/>\n\t<meta name=\"twitter:data2\" content=\"1 minut\u0117\" \/>\n<script type=\"application\/ld+json\" class=\"yoast-schema-graph\">{\"@context\":\"https:\\\/\\\/schema.org\",\"@graph\":[{\"@type\":\"Article\",\"@id\":\"https:\\\/\\\/vsmc.lt\\\/?p=2817#article\",\"isPartOf\":{\"@id\":\"https:\\\/\\\/vsmc.lt\\\/?p=2817\"},\"author\":{\"name\":\"vsmc\",\"@id\":\"https:\\\/\\\/vsmc.lt\\\/#\\\/schema\\\/person\\\/f908112af7b3b7eb0f58e68efc84ed3b\"},\"headline\":\"Dalyvavimas LR Seime vykusioje konferencijoje \u201eVisuomen\u0117s medij\u0173 ra\u0161tingumas \u2013 saugios valstyb\u0117s s\u0105lyga\u201c\",\"datePublished\":\"2017-04-24T11:33:28+00:00\",\"dateModified\":\"2018-04-19T06:49:35+00:00\",\"mainEntityOfPage\":{\"@id\":\"https:\\\/\\\/vsmc.lt\\\/?p=2817\"},\"wordCount\":185,\"publisher\":{\"@id\":\"https:\\\/\\\/vsmc.lt\\\/#organization\"},\"articleSection\":[\"Naujienos\"],\"inLanguage\":\"lt-LT\"},{\"@type\":\"WebPage\",\"@id\":\"https:\\\/\\\/vsmc.lt\\\/?p=2817\",\"url\":\"https:\\\/\\\/vsmc.lt\\\/?p=2817\",\"name\":\"Dalyvavimas LR Seime vykusioje konferencijoje \u201eVisuomen\u0117s medij\u0173 ra\u0161tingumas \u2013 saugios valstyb\u0117s s\u0105lyga\u201c Vilniaus suaugusi\u0173j\u0173 mokymo centras - Vilniaus suaugusi\u0173j\u0173 mokymo centras\",\"isPartOf\":{\"@id\":\"https:\\\/\\\/vsmc.lt\\\/#website\"},\"datePublished\":\"2017-04-24T11:33:28+00:00\",\"dateModified\":\"2018-04-19T06:49:35+00:00\",\"description\":\"Dalyvavimas LR Seime vykusioje konferencijoje \u201eVisuomen\u0117s medij\u0173 ra\u0161tingumas \u2013 saugios valstyb\u0117s s\u0105lyga\u201c Vilniaus suaugusi\u0173j\u0173 mokymo centras\",\"breadcrumb\":{\"@id\":\"https:\\\/\\\/vsmc.lt\\\/?p=2817#breadcrumb\"},\"inLanguage\":\"lt-LT\",\"potentialAction\":[{\"@type\":\"ReadAction\",\"target\":[\"https:\\\/\\\/vsmc.lt\\\/?p=2817\"]}]},{\"@type\":\"BreadcrumbList\",\"@id\":\"https:\\\/\\\/vsmc.lt\\\/?p=2817#breadcrumb\",\"itemListElement\":[{\"@type\":\"ListItem\",\"position\":1,\"name\":\"Home\",\"item\":\"https:\\\/\\\/vsmc.lt\\\/\"},{\"@type\":\"ListItem\",\"position\":2,\"name\":\"Dalyvavimas LR Seime vykusioje konferencijoje \u201eVisuomen\u0117s medij\u0173 ra\u0161tingumas \u2013 saugios valstyb\u0117s s\u0105lyga\u201c\"}]},{\"@type\":\"WebSite\",\"@id\":\"https:\\\/\\\/vsmc.lt\\\/#website\",\"url\":\"https:\\\/\\\/vsmc.lt\\\/\",\"name\":\"Vilniaus suaugusi\u0173j\u0173 mokymo centras\",\"description\":\"VSMC\",\"publisher\":{\"@id\":\"https:\\\/\\\/vsmc.lt\\\/#organization\"},\"alternateName\":\"VSMC\",\"potentialAction\":[{\"@type\":\"SearchAction\",\"target\":{\"@type\":\"EntryPoint\",\"urlTemplate\":\"https:\\\/\\\/vsmc.lt\\\/?s={search_term_string}\"},\"query-input\":{\"@type\":\"PropertyValueSpecification\",\"valueRequired\":true,\"valueName\":\"search_term_string\"}}],\"inLanguage\":\"lt-LT\"},{\"@type\":\"Organization\",\"@id\":\"https:\\\/\\\/vsmc.lt\\\/#organization\",\"name\":\"Vilniaus suaugusi\u0173j\u0173 mokymo centras\",\"alternateName\":\"VSMC\",\"url\":\"https:\\\/\\\/vsmc.lt\\\/\",\"logo\":{\"@type\":\"ImageObject\",\"inLanguage\":\"lt-LT\",\"@id\":\"https:\\\/\\\/vsmc.lt\\\/#\\\/schema\\\/logo\\\/image\\\/\",\"url\":\"https:\\\/\\\/vsmc.lt\\\/wp-content\\\/uploads\\\/2016\\\/11\\\/15\\\/logo.png\",\"contentUrl\":\"https:\\\/\\\/vsmc.lt\\\/wp-content\\\/uploads\\\/2016\\\/11\\\/15\\\/logo.png\",\"width\":96,\"height\":121,\"caption\":\"Vilniaus suaugusi\u0173j\u0173 mokymo centras\"},\"image\":{\"@id\":\"https:\\\/\\\/vsmc.lt\\\/#\\\/schema\\\/logo\\\/image\\\/\"},\"sameAs\":[\"https:\\\/\\\/www.facebook.com\\\/p\\\/Vilniaus-suaugusij-mokymo-centras-VSMC-gimnazija-100034428106674\\\/\"]},{\"@type\":\"Person\",\"@id\":\"https:\\\/\\\/vsmc.lt\\\/#\\\/schema\\\/person\\\/f908112af7b3b7eb0f58e68efc84ed3b\",\"name\":\"vsmc\",\"image\":{\"@type\":\"ImageObject\",\"inLanguage\":\"lt-LT\",\"@id\":\"https:\\\/\\\/secure.gravatar.com\\\/avatar\\\/c98f8cf094a0c3815db557f5d303882682ae3622ba8eff672c992e55217b1a89?s=96&d=mm&r=g\",\"url\":\"https:\\\/\\\/secure.gravatar.com\\\/avatar\\\/c98f8cf094a0c3815db557f5d303882682ae3622ba8eff672c992e55217b1a89?s=96&d=mm&r=g\",\"contentUrl\":\"https:\\\/\\\/secure.gravatar.com\\\/avatar\\\/c98f8cf094a0c3815db557f5d303882682ae3622ba8eff672c992e55217b1a89?s=96&d=mm&r=g\",\"caption\":\"vsmc\"},\"url\":\"https:\\\/\\\/vsmc.lt\\\/?author=1\"}]}<\/script>\n<!-- \/ Yoast SEO plugin. -->","yoast_head_json":{"title":"Dalyvavimas LR Seime vykusioje konferencijoje \u201eVisuomen\u0117s medij\u0173 ra\u0161tingumas \u2013 saugios valstyb\u0117s s\u0105lyga\u201c Vilniaus suaugusi\u0173j\u0173 mokymo centras  - Vilniaus suaugusi\u0173j\u0173 mokymo centras","description":"Dalyvavimas LR Seime vykusioje konferencijoje \u201eVisuomen\u0117s medij\u0173 ra\u0161tingumas \u2013 saugios valstyb\u0117s s\u0105lyga\u201c Vilniaus suaugusi\u0173j\u0173 mokymo centras","robots":{"index":"index","follow":"follow","max-snippet":"max-snippet:-1","max-image-preview":"max-image-preview:large","max-video-preview":"max-video-preview:-1"},"canonical":"https:\/\/vsmc.lt\/?p=2817","og_locale":"lt_LT","og_type":"article","og_title":"Dalyvavimas LR Seime vykusioje konferencijoje \u201eVisuomen\u0117s medij\u0173 ra\u0161tingumas \u2013 saugios valstyb\u0117s s\u0105lyga\u201c Vilniaus suaugusi\u0173j\u0173 mokymo centras  - Vilniaus suaugusi\u0173j\u0173 mokymo centras","og_description":"Dalyvavimas LR Seime vykusioje konferencijoje \u201eVisuomen\u0117s medij\u0173 ra\u0161tingumas \u2013 saugios valstyb\u0117s s\u0105lyga\u201c Vilniaus suaugusi\u0173j\u0173 mokymo centras","og_url":"https:\/\/vsmc.lt\/?p=2817","og_site_name":"Vilniaus suaugusi\u0173j\u0173 mokymo centras","article_publisher":"https:\/\/www.facebook.com\/p\/Vilniaus-suaugusij-mokymo-centras-VSMC-gimnazija-100034428106674\/","article_published_time":"2017-04-24T11:33:28+00:00","article_modified_time":"2018-04-19T06:49:35+00:00","og_image":[{"width":1500,"height":925,"url":"https:\/\/vsmc.lt\/wp-content\/uploads\/2018\/05\/03\/VSMC_PASTATAS_1-1.jpg","type":"image\/jpeg"}],"author":"vsmc","twitter_card":"summary_large_image","twitter_misc":{"Written by":"vsmc","Est. reading time":"1 minut\u0117"},"schema":{"@context":"https:\/\/schema.org","@graph":[{"@type":"Article","@id":"https:\/\/vsmc.lt\/?p=2817#article","isPartOf":{"@id":"https:\/\/vsmc.lt\/?p=2817"},"author":{"name":"vsmc","@id":"https:\/\/vsmc.lt\/#\/schema\/person\/f908112af7b3b7eb0f58e68efc84ed3b"},"headline":"Dalyvavimas LR Seime vykusioje konferencijoje \u201eVisuomen\u0117s medij\u0173 ra\u0161tingumas \u2013 saugios valstyb\u0117s s\u0105lyga\u201c","datePublished":"2017-04-24T11:33:28+00:00","dateModified":"2018-04-19T06:49:35+00:00","mainEntityOfPage":{"@id":"https:\/\/vsmc.lt\/?p=2817"},"wordCount":185,"publisher":{"@id":"https:\/\/vsmc.lt\/#organization"},"articleSection":["Naujienos"],"inLanguage":"lt-LT"},{"@type":"WebPage","@id":"https:\/\/vsmc.lt\/?p=2817","url":"https:\/\/vsmc.lt\/?p=2817","name":"Dalyvavimas LR Seime vykusioje konferencijoje \u201eVisuomen\u0117s medij\u0173 ra\u0161tingumas \u2013 saugios valstyb\u0117s s\u0105lyga\u201c Vilniaus suaugusi\u0173j\u0173 mokymo centras - Vilniaus suaugusi\u0173j\u0173 mokymo centras","isPartOf":{"@id":"https:\/\/vsmc.lt\/#website"},"datePublished":"2017-04-24T11:33:28+00:00","dateModified":"2018-04-19T06:49:35+00:00","description":"Dalyvavimas LR Seime vykusioje konferencijoje \u201eVisuomen\u0117s medij\u0173 ra\u0161tingumas \u2013 saugios valstyb\u0117s s\u0105lyga\u201c Vilniaus suaugusi\u0173j\u0173 mokymo centras","breadcrumb":{"@id":"https:\/\/vsmc.lt\/?p=2817#breadcrumb"},"inLanguage":"lt-LT","potentialAction":[{"@type":"ReadAction","target":["https:\/\/vsmc.lt\/?p=2817"]}]},{"@type":"BreadcrumbList","@id":"https:\/\/vsmc.lt\/?p=2817#breadcrumb","itemListElement":[{"@type":"ListItem","position":1,"name":"Home","item":"https:\/\/vsmc.lt\/"},{"@type":"ListItem","position":2,"name":"Dalyvavimas LR Seime vykusioje konferencijoje \u201eVisuomen\u0117s medij\u0173 ra\u0161tingumas \u2013 saugios valstyb\u0117s s\u0105lyga\u201c"}]},{"@type":"WebSite","@id":"https:\/\/vsmc.lt\/#website","url":"https:\/\/vsmc.lt\/","name":"Vilniaus suaugusi\u0173j\u0173 mokymo centras","description":"VSMC","publisher":{"@id":"https:\/\/vsmc.lt\/#organization"},"alternateName":"VSMC","potentialAction":[{"@type":"SearchAction","target":{"@type":"EntryPoint","urlTemplate":"https:\/\/vsmc.lt\/?s={search_term_string}"},"query-input":{"@type":"PropertyValueSpecification","valueRequired":true,"valueName":"search_term_string"}}],"inLanguage":"lt-LT"},{"@type":"Organization","@id":"https:\/\/vsmc.lt\/#organization","name":"Vilniaus suaugusi\u0173j\u0173 mokymo centras","alternateName":"VSMC","url":"https:\/\/vsmc.lt\/","logo":{"@type":"ImageObject","inLanguage":"lt-LT","@id":"https:\/\/vsmc.lt\/#\/schema\/logo\/image\/","url":"https:\/\/vsmc.lt\/wp-content\/uploads\/2016\/11\/15\/logo.png","contentUrl":"https:\/\/vsmc.lt\/wp-content\/uploads\/2016\/11\/15\/logo.png","width":96,"height":121,"caption":"Vilniaus suaugusi\u0173j\u0173 mokymo centras"},"image":{"@id":"https:\/\/vsmc.lt\/#\/schema\/logo\/image\/"},"sameAs":["https:\/\/www.facebook.com\/p\/Vilniaus-suaugusij-mokymo-centras-VSMC-gimnazija-100034428106674\/"]},{"@type":"Person","@id":"https:\/\/vsmc.lt\/#\/schema\/person\/f908112af7b3b7eb0f58e68efc84ed3b","name":"vsmc","image":{"@type":"ImageObject","inLanguage":"lt-LT","@id":"https:\/\/secure.gravatar.com\/avatar\/c98f8cf094a0c3815db557f5d303882682ae3622ba8eff672c992e55217b1a89?s=96&d=mm&r=g","url":"https:\/\/secure.gravatar.com\/avatar\/c98f8cf094a0c3815db557f5d303882682ae3622ba8eff672c992e55217b1a89?s=96&d=mm&r=g","contentUrl":"https:\/\/secure.gravatar.com\/avatar\/c98f8cf094a0c3815db557f5d303882682ae3622ba8eff672c992e55217b1a89?s=96&d=mm&r=g","caption":"vsmc"},"url":"https:\/\/vsmc.lt\/?author=1"}]}},"_links":{"self":[{"href":"https:\/\/vsmc.lt\/index.php?rest_route=\/wp\/v2\/posts\/2817","targetHints":{"allow":["GET"]}}],"collection":[{"href":"https:\/\/vsmc.lt\/index.php?rest_route=\/wp\/v2\/posts"}],"about":[{"href":"https:\/\/vsmc.lt\/index.php?rest_route=\/wp\/v2\/types\/post"}],"author":[{"embeddable":true,"href":"https:\/\/vsmc.lt\/index.php?rest_route=\/wp\/v2\/users\/1"}],"replies":[{"embeddable":true,"href":"https:\/\/vsmc.lt\/index.php?rest_route=%2Fwp%2Fv2%2Fcomments&post=2817"}],"version-history":[{"count":1,"href":"https:\/\/vsmc.lt\/index.php?rest_route=\/wp\/v2\/posts\/2817\/revisions"}],"predecessor-version":[{"id":2818,"href":"https:\/\/vsmc.lt\/index.php?rest_route=\/wp\/v2\/posts\/2817\/revisions\/2818"}],"wp:attachment":[{"href":"https:\/\/vsmc.lt\/index.php?rest_route=%2Fwp%2Fv2%2Fmedia&parent=2817"}],"wp:term":[{"taxonomy":"category","embeddable":true,"href":"https:\/\/vsmc.lt\/index.php?rest_route=%2Fwp%2Fv2%2Fcategories&post=2817"},{"taxonomy":"post_tag","embeddable":true,"href":"https:\/\/vsmc.lt\/index.php?rest_route=%2Fwp%2Fv2%2Ftags&post=2817"}],"curies":[{"name":"wp","href":"https:\/\/api.w.org\/{rel}","templated":true}]}}