{"id":2909,"date":"2017-06-09T18:31:27","date_gmt":"2017-06-09T15:31:27","guid":{"rendered":"http:\/\/vsmc.lt\/?p=2909"},"modified":"2018-04-19T09:53:52","modified_gmt":"2018-04-19T06:53:52","slug":"paminejome-erasmus-programos-30-ies-metu-jubilieju","status":"publish","type":"post","link":"https:\/\/vsmc.lt\/?p=2909","title":{"rendered":"Pamin\u0117jome \u201eErasmus+\u201c programos 30-ies met\u0173 jubiliej\u0173"},"content":{"rendered":"<p>Bir\u017eelio 4 dien\u0105 gimnazijos mokiniai ir mokytojai susirinko \u0160vietimo main\u0173\u00a0 paramos fondo kieme. Fondas, bendradarbiaudamas su <a href=\"https:\/\/ec.europa.eu\/lithuania\/home_lt\">Europos Komisijos atstovybe Lietuvoje<\/a> ir <a href=\"http:\/\/jtba.lt\/\">Jaunimo tarptautinio bendradarbiavimo agent\u016bra<\/a>,\u00a0 sub\u016br\u0117 700 b\u0117gik\u0173 komand\u0105, kuri dalyvavo sostin\u0117je vykusiame <a href=\"http:\/\/werunvilnius.lt\/en\/\">DNB | NIKE \u201eWe Run Vilnius\u201c b\u0117gime<\/a>.<\/p>\n<p>Tarp b\u0117gik\u0173 buvo ir VSMC bendruomen\u0117s nariai: gimnazijos mokytoja Ana Tym\u010diuk, IV-\u0173 klasi\u0173 mokiniai Daniel, Gintar\u0117, Edgaras ir I-os klas\u0117s mokiniai \u00a0u\u017esienie\u010diai Nelli, Ivanas,\u00a0 Danyl su \u017emona Sandra, Jevgenij, besimokantys VSMC lietuvi\u0173 valstybin\u0117s kalbos. Kiti gimnazijos bendruomen\u0117s nariai ir artimieji sub\u016br\u0117 b\u0117gik\u0173 palaikymo\u00a0 komand\u0105.<\/p>\n<p>M\u016bs\u0173 gimnazijos atstovai dalyvavo 5 km b\u0117gime, kuris buvo skirtas pamin\u0117ti \u201eErasmus+\u201c\u00a0 programos 30-ies met\u0173 jubiliej\u0173 kartu su visa Europa.<\/p>\n<p>Gimnazija nuolat dalyvauja programos \u201eErasmus+\u201c veikloje, tod\u0117l ir buvo pakviesta prisijungti prie \u201eErasmus+\u201c komandos, did\u017eiausios per vis\u0105 \u201eWe run\u201c istorij\u0105.<\/p>\n<p>&nbsp;<\/p>\n<p>Pareng\u0117 lietuvi\u0173 kalbos ir literat\u016bros vyresn. mokytoja Oksana Aleknavi\u010dius<img loading=\"lazy\" decoding=\"async\" class=\"alignnone size-full wp-image-2911\" src=\"https:\/\/vsmc.lt\/wp-content\/uploads\/2017\/06\/09\/We-run1-2.jpg\" alt=\"\" width=\"1366\" height=\"768\" srcset=\"https:\/\/vsmc.lt\/wp-content\/uploads\/2017\/06\/09\/We-run1-2.jpg 1366w, https:\/\/vsmc.lt\/wp-content\/uploads\/2017\/06\/09\/We-run1-2-640x360.jpg 640w, https:\/\/vsmc.lt\/wp-content\/uploads\/2017\/06\/09\/We-run1-2-768x432.jpg 768w, https:\/\/vsmc.lt\/wp-content\/uploads\/2017\/06\/09\/We-run1-2-1280x720.jpg 1280w, https:\/\/vsmc.lt\/wp-content\/uploads\/2017\/06\/09\/We-run1-2-950x534.jpg 950w, https:\/\/vsmc.lt\/wp-content\/uploads\/2017\/06\/09\/We-run1-2-450x253.jpg 450w\" sizes=\"auto, (max-width: 1366px) 100vw, 1366px\" \/><\/p>\n<p>&nbsp;<\/p>\n","protected":false},"excerpt":{"rendered":"<p>Bir\u017eelio 4 dien\u0105 gimnazijos mokiniai ir mokytojai susirinko \u0160vietimo main\u0173\u00a0 paramos fondo kieme. Fondas, bendradarbiaudamas su Europos Komisijos atstovybe Lietuvoje ir Jaunimo tarptautinio bendradarbiavimo agent\u016bra,\u00a0 sub\u016br\u0117 700 b\u0117gik\u0173 komand\u0105, kuri dalyvavo sostin\u0117je vykusiame DNB | NIKE \u201eWe Run Vilnius\u201c b\u0117gime. Tarp b\u0117gik\u0173 buvo ir VSMC bendruomen\u0117s nariai: gimnazijos mokytoja Ana Tym\u010diuk, IV-\u0173 klasi\u0173 mokiniai Daniel, [&hellip;]<\/p>\n","protected":false},"author":1,"featured_media":0,"comment_status":"closed","ping_status":"closed","sticky":false,"template":"","format":"standard","meta":{"footnotes":""},"categories":[27,1],"tags":[29],"class_list":["post-2909","post","type-post","status-publish","format-standard","hentry","category-erasmus-ka2","category-naujienos","tag-erasmus-ka2"],"yoast_head":"<!-- This site is optimized with the Yoast SEO plugin v27.5 - https:\/\/yoast.com\/product\/yoast-seo-wordpress\/ -->\n<title>Pamin\u0117jome \u201eErasmus+\u201c programos 30-ies met\u0173 jubiliej\u0173 Vilniaus suaugusi\u0173j\u0173 mokymo centras  - Vilniaus suaugusi\u0173j\u0173 mokymo centras<\/title>\n<meta name=\"description\" content=\"Pamin\u0117jome \u201eErasmus+\u201c programos 30-ies met\u0173 jubiliej\u0173 Vilniaus suaugusi\u0173j\u0173 mokymo centras\" \/>\n<meta name=\"robots\" content=\"index, follow, max-snippet:-1, max-image-preview:large, max-video-preview:-1\" \/>\n<link rel=\"canonical\" href=\"https:\/\/vsmc.lt\/?p=2909\" \/>\n<meta property=\"og:locale\" content=\"lt_LT\" \/>\n<meta property=\"og:type\" content=\"article\" \/>\n<meta property=\"og:title\" content=\"Pamin\u0117jome \u201eErasmus+\u201c programos 30-ies met\u0173 jubiliej\u0173 Vilniaus suaugusi\u0173j\u0173 mokymo centras  - Vilniaus suaugusi\u0173j\u0173 mokymo centras\" \/>\n<meta property=\"og:description\" content=\"Pamin\u0117jome \u201eErasmus+\u201c programos 30-ies met\u0173 jubiliej\u0173 Vilniaus suaugusi\u0173j\u0173 mokymo centras\" \/>\n<meta property=\"og:url\" content=\"https:\/\/vsmc.lt\/?p=2909\" \/>\n<meta property=\"og:site_name\" content=\"Vilniaus suaugusi\u0173j\u0173 mokymo centras\" \/>\n<meta property=\"article:publisher\" content=\"https:\/\/www.facebook.com\/p\/Vilniaus-suaugusij-mokymo-centras-VSMC-gimnazija-100034428106674\/\" \/>\n<meta property=\"article:published_time\" content=\"2017-06-09T15:31:27+00:00\" \/>\n<meta property=\"article:modified_time\" content=\"2018-04-19T06:53:52+00:00\" \/>\n<meta property=\"og:image\" content=\"http:\/\/vsmc.lt\/wp-content\/uploads\/2017\/06\/09\/We-run1-2.jpg\" \/>\n<meta name=\"author\" content=\"vsmc\" \/>\n<meta name=\"twitter:card\" content=\"summary_large_image\" \/>\n<meta name=\"twitter:label1\" content=\"Written by\" \/>\n\t<meta name=\"twitter:data1\" content=\"vsmc\" \/>\n\t<meta name=\"twitter:label2\" content=\"Est. reading time\" \/>\n\t<meta name=\"twitter:data2\" content=\"1 minut\u0117\" \/>\n<script type=\"application\/ld+json\" class=\"yoast-schema-graph\">{\"@context\":\"https:\\\/\\\/schema.org\",\"@graph\":[{\"@type\":\"Article\",\"@id\":\"https:\\\/\\\/vsmc.lt\\\/?p=2909#article\",\"isPartOf\":{\"@id\":\"https:\\\/\\\/vsmc.lt\\\/?p=2909\"},\"author\":{\"name\":\"vsmc\",\"@id\":\"https:\\\/\\\/vsmc.lt\\\/#\\\/schema\\\/person\\\/f908112af7b3b7eb0f58e68efc84ed3b\"},\"headline\":\"Pamin\u0117jome \u201eErasmus+\u201c programos 30-ies met\u0173 jubiliej\u0173\",\"datePublished\":\"2017-06-09T15:31:27+00:00\",\"dateModified\":\"2018-04-19T06:53:52+00:00\",\"mainEntityOfPage\":{\"@id\":\"https:\\\/\\\/vsmc.lt\\\/?p=2909\"},\"wordCount\":161,\"publisher\":{\"@id\":\"https:\\\/\\\/vsmc.lt\\\/#organization\"},\"image\":{\"@id\":\"https:\\\/\\\/vsmc.lt\\\/?p=2909#primaryimage\"},\"thumbnailUrl\":\"http:\\\/\\\/vsmc.lt\\\/wp-content\\\/uploads\\\/2017\\\/06\\\/09\\\/We-run1-2.jpg\",\"keywords\":[\"Erasmus+ KA2\"],\"articleSection\":[\"ERASMUS+ KA2\",\"Naujienos\"],\"inLanguage\":\"lt-LT\"},{\"@type\":\"WebPage\",\"@id\":\"https:\\\/\\\/vsmc.lt\\\/?p=2909\",\"url\":\"https:\\\/\\\/vsmc.lt\\\/?p=2909\",\"name\":\"Pamin\u0117jome \u201eErasmus+\u201c programos 30-ies met\u0173 jubiliej\u0173 Vilniaus suaugusi\u0173j\u0173 mokymo centras - Vilniaus suaugusi\u0173j\u0173 mokymo centras\",\"isPartOf\":{\"@id\":\"https:\\\/\\\/vsmc.lt\\\/#website\"},\"primaryImageOfPage\":{\"@id\":\"https:\\\/\\\/vsmc.lt\\\/?p=2909#primaryimage\"},\"image\":{\"@id\":\"https:\\\/\\\/vsmc.lt\\\/?p=2909#primaryimage\"},\"thumbnailUrl\":\"http:\\\/\\\/vsmc.lt\\\/wp-content\\\/uploads\\\/2017\\\/06\\\/09\\\/We-run1-2.jpg\",\"datePublished\":\"2017-06-09T15:31:27+00:00\",\"dateModified\":\"2018-04-19T06:53:52+00:00\",\"description\":\"Pamin\u0117jome \u201eErasmus+\u201c programos 30-ies met\u0173 jubiliej\u0173 Vilniaus suaugusi\u0173j\u0173 mokymo centras\",\"breadcrumb\":{\"@id\":\"https:\\\/\\\/vsmc.lt\\\/?p=2909#breadcrumb\"},\"inLanguage\":\"lt-LT\",\"potentialAction\":[{\"@type\":\"ReadAction\",\"target\":[\"https:\\\/\\\/vsmc.lt\\\/?p=2909\"]}]},{\"@type\":\"ImageObject\",\"inLanguage\":\"lt-LT\",\"@id\":\"https:\\\/\\\/vsmc.lt\\\/?p=2909#primaryimage\",\"url\":\"http:\\\/\\\/vsmc.lt\\\/wp-content\\\/uploads\\\/2017\\\/06\\\/09\\\/We-run1-2.jpg\",\"contentUrl\":\"http:\\\/\\\/vsmc.lt\\\/wp-content\\\/uploads\\\/2017\\\/06\\\/09\\\/We-run1-2.jpg\"},{\"@type\":\"BreadcrumbList\",\"@id\":\"https:\\\/\\\/vsmc.lt\\\/?p=2909#breadcrumb\",\"itemListElement\":[{\"@type\":\"ListItem\",\"position\":1,\"name\":\"Home\",\"item\":\"https:\\\/\\\/vsmc.lt\\\/\"},{\"@type\":\"ListItem\",\"position\":2,\"name\":\"Pamin\u0117jome \u201eErasmus+\u201c programos 30-ies met\u0173 jubiliej\u0173\"}]},{\"@type\":\"WebSite\",\"@id\":\"https:\\\/\\\/vsmc.lt\\\/#website\",\"url\":\"https:\\\/\\\/vsmc.lt\\\/\",\"name\":\"Vilniaus suaugusi\u0173j\u0173 mokymo centras\",\"description\":\"VSMC\",\"publisher\":{\"@id\":\"https:\\\/\\\/vsmc.lt\\\/#organization\"},\"alternateName\":\"VSMC\",\"potentialAction\":[{\"@type\":\"SearchAction\",\"target\":{\"@type\":\"EntryPoint\",\"urlTemplate\":\"https:\\\/\\\/vsmc.lt\\\/?s={search_term_string}\"},\"query-input\":{\"@type\":\"PropertyValueSpecification\",\"valueRequired\":true,\"valueName\":\"search_term_string\"}}],\"inLanguage\":\"lt-LT\"},{\"@type\":\"Organization\",\"@id\":\"https:\\\/\\\/vsmc.lt\\\/#organization\",\"name\":\"Vilniaus suaugusi\u0173j\u0173 mokymo centras\",\"alternateName\":\"VSMC\",\"url\":\"https:\\\/\\\/vsmc.lt\\\/\",\"logo\":{\"@type\":\"ImageObject\",\"inLanguage\":\"lt-LT\",\"@id\":\"https:\\\/\\\/vsmc.lt\\\/#\\\/schema\\\/logo\\\/image\\\/\",\"url\":\"https:\\\/\\\/vsmc.lt\\\/wp-content\\\/uploads\\\/2016\\\/11\\\/15\\\/logo.png\",\"contentUrl\":\"https:\\\/\\\/vsmc.lt\\\/wp-content\\\/uploads\\\/2016\\\/11\\\/15\\\/logo.png\",\"width\":96,\"height\":121,\"caption\":\"Vilniaus suaugusi\u0173j\u0173 mokymo centras\"},\"image\":{\"@id\":\"https:\\\/\\\/vsmc.lt\\\/#\\\/schema\\\/logo\\\/image\\\/\"},\"sameAs\":[\"https:\\\/\\\/www.facebook.com\\\/p\\\/Vilniaus-suaugusij-mokymo-centras-VSMC-gimnazija-100034428106674\\\/\"]},{\"@type\":\"Person\",\"@id\":\"https:\\\/\\\/vsmc.lt\\\/#\\\/schema\\\/person\\\/f908112af7b3b7eb0f58e68efc84ed3b\",\"name\":\"vsmc\",\"image\":{\"@type\":\"ImageObject\",\"inLanguage\":\"lt-LT\",\"@id\":\"https:\\\/\\\/secure.gravatar.com\\\/avatar\\\/c98f8cf094a0c3815db557f5d303882682ae3622ba8eff672c992e55217b1a89?s=96&d=mm&r=g\",\"url\":\"https:\\\/\\\/secure.gravatar.com\\\/avatar\\\/c98f8cf094a0c3815db557f5d303882682ae3622ba8eff672c992e55217b1a89?s=96&d=mm&r=g\",\"contentUrl\":\"https:\\\/\\\/secure.gravatar.com\\\/avatar\\\/c98f8cf094a0c3815db557f5d303882682ae3622ba8eff672c992e55217b1a89?s=96&d=mm&r=g\",\"caption\":\"vsmc\"},\"url\":\"https:\\\/\\\/vsmc.lt\\\/?author=1\"}]}<\/script>\n<!-- \/ Yoast SEO plugin. -->","yoast_head_json":{"title":"Pamin\u0117jome \u201eErasmus+\u201c programos 30-ies met\u0173 jubiliej\u0173 Vilniaus suaugusi\u0173j\u0173 mokymo centras  - Vilniaus suaugusi\u0173j\u0173 mokymo centras","description":"Pamin\u0117jome \u201eErasmus+\u201c programos 30-ies met\u0173 jubiliej\u0173 Vilniaus suaugusi\u0173j\u0173 mokymo centras","robots":{"index":"index","follow":"follow","max-snippet":"max-snippet:-1","max-image-preview":"max-image-preview:large","max-video-preview":"max-video-preview:-1"},"canonical":"https:\/\/vsmc.lt\/?p=2909","og_locale":"lt_LT","og_type":"article","og_title":"Pamin\u0117jome \u201eErasmus+\u201c programos 30-ies met\u0173 jubiliej\u0173 Vilniaus suaugusi\u0173j\u0173 mokymo centras  - Vilniaus suaugusi\u0173j\u0173 mokymo centras","og_description":"Pamin\u0117jome \u201eErasmus+\u201c programos 30-ies met\u0173 jubiliej\u0173 Vilniaus suaugusi\u0173j\u0173 mokymo centras","og_url":"https:\/\/vsmc.lt\/?p=2909","og_site_name":"Vilniaus suaugusi\u0173j\u0173 mokymo centras","article_publisher":"https:\/\/www.facebook.com\/p\/Vilniaus-suaugusij-mokymo-centras-VSMC-gimnazija-100034428106674\/","article_published_time":"2017-06-09T15:31:27+00:00","article_modified_time":"2018-04-19T06:53:52+00:00","og_image":[{"url":"http:\/\/vsmc.lt\/wp-content\/uploads\/2017\/06\/09\/We-run1-2.jpg","type":"","width":"","height":""}],"author":"vsmc","twitter_card":"summary_large_image","twitter_misc":{"Written by":"vsmc","Est. reading time":"1 minut\u0117"},"schema":{"@context":"https:\/\/schema.org","@graph":[{"@type":"Article","@id":"https:\/\/vsmc.lt\/?p=2909#article","isPartOf":{"@id":"https:\/\/vsmc.lt\/?p=2909"},"author":{"name":"vsmc","@id":"https:\/\/vsmc.lt\/#\/schema\/person\/f908112af7b3b7eb0f58e68efc84ed3b"},"headline":"Pamin\u0117jome \u201eErasmus+\u201c programos 30-ies met\u0173 jubiliej\u0173","datePublished":"2017-06-09T15:31:27+00:00","dateModified":"2018-04-19T06:53:52+00:00","mainEntityOfPage":{"@id":"https:\/\/vsmc.lt\/?p=2909"},"wordCount":161,"publisher":{"@id":"https:\/\/vsmc.lt\/#organization"},"image":{"@id":"https:\/\/vsmc.lt\/?p=2909#primaryimage"},"thumbnailUrl":"http:\/\/vsmc.lt\/wp-content\/uploads\/2017\/06\/09\/We-run1-2.jpg","keywords":["Erasmus+ KA2"],"articleSection":["ERASMUS+ KA2","Naujienos"],"inLanguage":"lt-LT"},{"@type":"WebPage","@id":"https:\/\/vsmc.lt\/?p=2909","url":"https:\/\/vsmc.lt\/?p=2909","name":"Pamin\u0117jome \u201eErasmus+\u201c programos 30-ies met\u0173 jubiliej\u0173 Vilniaus suaugusi\u0173j\u0173 mokymo centras - Vilniaus suaugusi\u0173j\u0173 mokymo centras","isPartOf":{"@id":"https:\/\/vsmc.lt\/#website"},"primaryImageOfPage":{"@id":"https:\/\/vsmc.lt\/?p=2909#primaryimage"},"image":{"@id":"https:\/\/vsmc.lt\/?p=2909#primaryimage"},"thumbnailUrl":"http:\/\/vsmc.lt\/wp-content\/uploads\/2017\/06\/09\/We-run1-2.jpg","datePublished":"2017-06-09T15:31:27+00:00","dateModified":"2018-04-19T06:53:52+00:00","description":"Pamin\u0117jome \u201eErasmus+\u201c programos 30-ies met\u0173 jubiliej\u0173 Vilniaus suaugusi\u0173j\u0173 mokymo centras","breadcrumb":{"@id":"https:\/\/vsmc.lt\/?p=2909#breadcrumb"},"inLanguage":"lt-LT","potentialAction":[{"@type":"ReadAction","target":["https:\/\/vsmc.lt\/?p=2909"]}]},{"@type":"ImageObject","inLanguage":"lt-LT","@id":"https:\/\/vsmc.lt\/?p=2909#primaryimage","url":"http:\/\/vsmc.lt\/wp-content\/uploads\/2017\/06\/09\/We-run1-2.jpg","contentUrl":"http:\/\/vsmc.lt\/wp-content\/uploads\/2017\/06\/09\/We-run1-2.jpg"},{"@type":"BreadcrumbList","@id":"https:\/\/vsmc.lt\/?p=2909#breadcrumb","itemListElement":[{"@type":"ListItem","position":1,"name":"Home","item":"https:\/\/vsmc.lt\/"},{"@type":"ListItem","position":2,"name":"Pamin\u0117jome \u201eErasmus+\u201c programos 30-ies met\u0173 jubiliej\u0173"}]},{"@type":"WebSite","@id":"https:\/\/vsmc.lt\/#website","url":"https:\/\/vsmc.lt\/","name":"Vilniaus suaugusi\u0173j\u0173 mokymo centras","description":"VSMC","publisher":{"@id":"https:\/\/vsmc.lt\/#organization"},"alternateName":"VSMC","potentialAction":[{"@type":"SearchAction","target":{"@type":"EntryPoint","urlTemplate":"https:\/\/vsmc.lt\/?s={search_term_string}"},"query-input":{"@type":"PropertyValueSpecification","valueRequired":true,"valueName":"search_term_string"}}],"inLanguage":"lt-LT"},{"@type":"Organization","@id":"https:\/\/vsmc.lt\/#organization","name":"Vilniaus suaugusi\u0173j\u0173 mokymo centras","alternateName":"VSMC","url":"https:\/\/vsmc.lt\/","logo":{"@type":"ImageObject","inLanguage":"lt-LT","@id":"https:\/\/vsmc.lt\/#\/schema\/logo\/image\/","url":"https:\/\/vsmc.lt\/wp-content\/uploads\/2016\/11\/15\/logo.png","contentUrl":"https:\/\/vsmc.lt\/wp-content\/uploads\/2016\/11\/15\/logo.png","width":96,"height":121,"caption":"Vilniaus suaugusi\u0173j\u0173 mokymo centras"},"image":{"@id":"https:\/\/vsmc.lt\/#\/schema\/logo\/image\/"},"sameAs":["https:\/\/www.facebook.com\/p\/Vilniaus-suaugusij-mokymo-centras-VSMC-gimnazija-100034428106674\/"]},{"@type":"Person","@id":"https:\/\/vsmc.lt\/#\/schema\/person\/f908112af7b3b7eb0f58e68efc84ed3b","name":"vsmc","image":{"@type":"ImageObject","inLanguage":"lt-LT","@id":"https:\/\/secure.gravatar.com\/avatar\/c98f8cf094a0c3815db557f5d303882682ae3622ba8eff672c992e55217b1a89?s=96&d=mm&r=g","url":"https:\/\/secure.gravatar.com\/avatar\/c98f8cf094a0c3815db557f5d303882682ae3622ba8eff672c992e55217b1a89?s=96&d=mm&r=g","contentUrl":"https:\/\/secure.gravatar.com\/avatar\/c98f8cf094a0c3815db557f5d303882682ae3622ba8eff672c992e55217b1a89?s=96&d=mm&r=g","caption":"vsmc"},"url":"https:\/\/vsmc.lt\/?author=1"}]}},"_links":{"self":[{"href":"https:\/\/vsmc.lt\/index.php?rest_route=\/wp\/v2\/posts\/2909","targetHints":{"allow":["GET"]}}],"collection":[{"href":"https:\/\/vsmc.lt\/index.php?rest_route=\/wp\/v2\/posts"}],"about":[{"href":"https:\/\/vsmc.lt\/index.php?rest_route=\/wp\/v2\/types\/post"}],"author":[{"embeddable":true,"href":"https:\/\/vsmc.lt\/index.php?rest_route=\/wp\/v2\/users\/1"}],"replies":[{"embeddable":true,"href":"https:\/\/vsmc.lt\/index.php?rest_route=%2Fwp%2Fv2%2Fcomments&post=2909"}],"version-history":[{"count":2,"href":"https:\/\/vsmc.lt\/index.php?rest_route=\/wp\/v2\/posts\/2909\/revisions"}],"predecessor-version":[{"id":2912,"href":"https:\/\/vsmc.lt\/index.php?rest_route=\/wp\/v2\/posts\/2909\/revisions\/2912"}],"wp:attachment":[{"href":"https:\/\/vsmc.lt\/index.php?rest_route=%2Fwp%2Fv2%2Fmedia&parent=2909"}],"wp:term":[{"taxonomy":"category","embeddable":true,"href":"https:\/\/vsmc.lt\/index.php?rest_route=%2Fwp%2Fv2%2Fcategories&post=2909"},{"taxonomy":"post_tag","embeddable":true,"href":"https:\/\/vsmc.lt\/index.php?rest_route=%2Fwp%2Fv2%2Ftags&post=2909"}],"curies":[{"name":"wp","href":"https:\/\/api.w.org\/{rel}","templated":true}]}}