{"id":3090,"date":"2017-09-22T12:50:41","date_gmt":"2017-09-22T09:50:41","guid":{"rendered":"http:\/\/vsmc.lt\/?p=3090"},"modified":"2018-04-19T09:49:33","modified_gmt":"2018-04-19T06:49:33","slug":"lietuvos-zydu-genocido-atminimo-dienos-minejimas","status":"publish","type":"post","link":"https:\/\/vsmc.lt\/?p=3090","title":{"rendered":"Lietuvos \u017eyd\u0173 genocido atminimo dienos min\u0117jimas"},"content":{"rendered":"<p>Prisimenant 76-\u0105sias Lietuvos \u017eyd\u0173 genocido metines, rugs\u0117jo 20 d., III-IV gimnazijos klasi\u0173 mokiniai kartu su istorijos mokytoja An\u017eela Jablonskaite ir etikos bei geografijos mokytoja Ilona Mikul\u0117niene  dalyvavo pilietin\u0117je akcijoje \u201eVardai\u201c.<br \/>\nAkcija organizuota prie \u201eAtminimo akmens\u201c, skirto tarpukario kulinarei Faniai Lewando ir jos vyrui Lazar Lewando (Vilniuje, Vokie\u010di\u0173 g. 14). Vidurdien\u012f Holokausto auk\u0173 vardus skait\u0117 \u017dmogaus teisi\u0173 organizacij\u0173 koalicijos nariai. V\u0117liau prisid\u0117ti prie min\u0117jimo ir skaityti gal\u0117jo kiekvienas, norintis pagerbti \u017euvusius. Kiekvienas akcijoje dalyvaujantis \u017emogus perskait\u0117 po tris puslapius  Holokausto auk\u0173 vard\u0173 ir pavard\u017ei\u0173. V\u0117liau istorijos mokytoja papasakojo mokiniams tragi\u0161k\u0105 Vilniaus geto istorij\u0105.<br \/>\nMokini\u0173 nuomone, b\u016btent toks Holokausto auk\u0173 min\u0117jimas padeda labai asmeni\u0161kai pajusti tragedijos mast\u0105. I\u0161tarti \u017emoni\u0173 vardai parod\u0117, kad  \u017eudyti ne tik pavieniai asmenys, bet ir i\u0161tisos  \u0161eimos. Tad statistika, kad Antrojo pasaulinio karo metais sunaikinta 90% i\u0161 220 t\u016bkstan\u010di\u0173 Lietuvoje gyvenusi\u0173 \u017eyd\u0173, pradeda reik\u0161ti ne tik skai\u010dius. \u0160is vard\u0173 skaitymas \u2013 tai asmenin\u0117 atminimo ir bendrai i\u0161gyvenamos tragedijos i\u0161rai\u0161ka.<br \/>\n<img loading=\"lazy\" decoding=\"async\" src=\"https:\/\/vsmc.lt\/wp-content\/uploads\/2017\/09\/22\/IMG_20170920_134814_HDR-640x360.jpg\" alt=\"\" width=\"640\" height=\"360\" class=\"alignnone size-medium wp-image-3094\" srcset=\"https:\/\/vsmc.lt\/wp-content\/uploads\/2017\/09\/22\/IMG_20170920_134814_HDR-640x360.jpg 640w, https:\/\/vsmc.lt\/wp-content\/uploads\/2017\/09\/22\/IMG_20170920_134814_HDR-768x432.jpg 768w, https:\/\/vsmc.lt\/wp-content\/uploads\/2017\/09\/22\/IMG_20170920_134814_HDR-1280x720.jpg 1280w, https:\/\/vsmc.lt\/wp-content\/uploads\/2017\/09\/22\/IMG_20170920_134814_HDR-950x534.jpg 950w, https:\/\/vsmc.lt\/wp-content\/uploads\/2017\/09\/22\/IMG_20170920_134814_HDR-450x253.jpg 450w\" sizes=\"auto, (max-width: 640px) 100vw, 640px\" \/><img loading=\"lazy\" decoding=\"async\" src=\"https:\/\/vsmc.lt\/wp-content\/uploads\/2017\/09\/22\/IMG_20170920_140336_HDR-640x360.jpg\" alt=\"\" width=\"640\" height=\"360\" class=\"alignnone size-medium wp-image-3098\" srcset=\"https:\/\/vsmc.lt\/wp-content\/uploads\/2017\/09\/22\/IMG_20170920_140336_HDR-640x360.jpg 640w, https:\/\/vsmc.lt\/wp-content\/uploads\/2017\/09\/22\/IMG_20170920_140336_HDR-768x432.jpg 768w, https:\/\/vsmc.lt\/wp-content\/uploads\/2017\/09\/22\/IMG_20170920_140336_HDR-1280x720.jpg 1280w, https:\/\/vsmc.lt\/wp-content\/uploads\/2017\/09\/22\/IMG_20170920_140336_HDR-950x534.jpg 950w, https:\/\/vsmc.lt\/wp-content\/uploads\/2017\/09\/22\/IMG_20170920_140336_HDR-450x253.jpg 450w\" sizes=\"auto, (max-width: 640px) 100vw, 640px\" \/><img loading=\"lazy\" decoding=\"async\" src=\"https:\/\/vsmc.lt\/wp-content\/uploads\/2017\/09\/22\/IMG_20170920_140411_HDR-640x360.jpg\" alt=\"\" width=\"640\" height=\"360\" class=\"alignnone size-medium wp-image-3096\" srcset=\"https:\/\/vsmc.lt\/wp-content\/uploads\/2017\/09\/22\/IMG_20170920_140411_HDR-640x360.jpg 640w, https:\/\/vsmc.lt\/wp-content\/uploads\/2017\/09\/22\/IMG_20170920_140411_HDR-768x432.jpg 768w, https:\/\/vsmc.lt\/wp-content\/uploads\/2017\/09\/22\/IMG_20170920_140411_HDR-1280x720.jpg 1280w, https:\/\/vsmc.lt\/wp-content\/uploads\/2017\/09\/22\/IMG_20170920_140411_HDR-950x534.jpg 950w, https:\/\/vsmc.lt\/wp-content\/uploads\/2017\/09\/22\/IMG_20170920_140411_HDR-450x253.jpg 450w\" sizes=\"auto, (max-width: 640px) 100vw, 640px\" \/><img loading=\"lazy\" decoding=\"async\" src=\"https:\/\/vsmc.lt\/wp-content\/uploads\/2017\/09\/22\/IMG_20170920_140942_HDR-640x360.jpg\" alt=\"\" width=\"640\" height=\"360\" class=\"alignnone size-medium wp-image-3097\" srcset=\"https:\/\/vsmc.lt\/wp-content\/uploads\/2017\/09\/22\/IMG_20170920_140942_HDR-640x360.jpg 640w, https:\/\/vsmc.lt\/wp-content\/uploads\/2017\/09\/22\/IMG_20170920_140942_HDR-768x432.jpg 768w, https:\/\/vsmc.lt\/wp-content\/uploads\/2017\/09\/22\/IMG_20170920_140942_HDR-1280x720.jpg 1280w, https:\/\/vsmc.lt\/wp-content\/uploads\/2017\/09\/22\/IMG_20170920_140942_HDR-950x534.jpg 950w, https:\/\/vsmc.lt\/wp-content\/uploads\/2017\/09\/22\/IMG_20170920_140942_HDR-450x253.jpg 450w\" sizes=\"auto, (max-width: 640px) 100vw, 640px\" \/><br \/>\nPareng\u0117 istorijos mokytoja metodinink\u0117 An\u017eela Jablonskait\u0117<\/p>\n","protected":false},"excerpt":{"rendered":"<p>Prisimenant 76-\u0105sias Lietuvos \u017eyd\u0173 genocido metines, rugs\u0117jo 20 d., III-IV gimnazijos klasi\u0173 mokiniai kartu su istorijos mokytoja An\u017eela Jablonskaite ir etikos bei geografijos mokytoja Ilona Mikul\u0117niene dalyvavo pilietin\u0117je akcijoje \u201eVardai\u201c. Akcija organizuota prie \u201eAtminimo akmens\u201c, skirto tarpukario kulinarei Faniai Lewando ir jos vyrui Lazar Lewando (Vilniuje, Vokie\u010di\u0173 g. 14). Vidurdien\u012f Holokausto auk\u0173 vardus skait\u0117 \u017dmogaus [&hellip;]<\/p>\n","protected":false},"author":1,"featured_media":0,"comment_status":"closed","ping_status":"closed","sticky":false,"template":"","format":"standard","meta":{"footnotes":""},"categories":[1],"tags":[],"class_list":["post-3090","post","type-post","status-publish","format-standard","hentry","category-naujienos"],"yoast_head":"<!-- This site is optimized with the Yoast SEO plugin v27.5 - https:\/\/yoast.com\/product\/yoast-seo-wordpress\/ -->\n<title>Lietuvos \u017eyd\u0173 genocido atminimo dienos min\u0117jimas Vilniaus suaugusi\u0173j\u0173 mokymo centras  - Vilniaus suaugusi\u0173j\u0173 mokymo centras<\/title>\n<meta name=\"description\" content=\"Lietuvos \u017eyd\u0173 genocido atminimo dienos min\u0117jimas Vilniaus suaugusi\u0173j\u0173 mokymo centras\" \/>\n<meta name=\"robots\" content=\"index, follow, max-snippet:-1, max-image-preview:large, max-video-preview:-1\" \/>\n<link rel=\"canonical\" href=\"https:\/\/vsmc.lt\/?p=3090\" \/>\n<meta property=\"og:locale\" content=\"lt_LT\" \/>\n<meta property=\"og:type\" content=\"article\" \/>\n<meta property=\"og:title\" content=\"Lietuvos \u017eyd\u0173 genocido atminimo dienos min\u0117jimas Vilniaus suaugusi\u0173j\u0173 mokymo centras  - Vilniaus suaugusi\u0173j\u0173 mokymo centras\" \/>\n<meta property=\"og:description\" content=\"Lietuvos \u017eyd\u0173 genocido atminimo dienos min\u0117jimas Vilniaus suaugusi\u0173j\u0173 mokymo centras\" \/>\n<meta property=\"og:url\" content=\"https:\/\/vsmc.lt\/?p=3090\" \/>\n<meta property=\"og:site_name\" content=\"Vilniaus suaugusi\u0173j\u0173 mokymo centras\" \/>\n<meta property=\"article:publisher\" content=\"https:\/\/www.facebook.com\/p\/Vilniaus-suaugusij-mokymo-centras-VSMC-gimnazija-100034428106674\/\" \/>\n<meta property=\"article:published_time\" content=\"2017-09-22T09:50:41+00:00\" \/>\n<meta property=\"article:modified_time\" content=\"2018-04-19T06:49:33+00:00\" \/>\n<meta property=\"og:image\" content=\"http:\/\/vsmc.lt\/wp-content\/uploads\/2017\/09\/22\/IMG_20170920_134814_HDR-640x360.jpg\" \/>\n<meta name=\"author\" content=\"vsmc\" \/>\n<meta name=\"twitter:card\" content=\"summary_large_image\" \/>\n<meta name=\"twitter:label1\" content=\"Written by\" \/>\n\t<meta name=\"twitter:data1\" content=\"vsmc\" \/>\n\t<meta name=\"twitter:label2\" content=\"Est. reading time\" \/>\n\t<meta name=\"twitter:data2\" content=\"1 minut\u0117\" \/>\n<script type=\"application\/ld+json\" class=\"yoast-schema-graph\">{\"@context\":\"https:\\\/\\\/schema.org\",\"@graph\":[{\"@type\":\"Article\",\"@id\":\"https:\\\/\\\/vsmc.lt\\\/?p=3090#article\",\"isPartOf\":{\"@id\":\"https:\\\/\\\/vsmc.lt\\\/?p=3090\"},\"author\":{\"name\":\"vsmc\",\"@id\":\"https:\\\/\\\/vsmc.lt\\\/#\\\/schema\\\/person\\\/f908112af7b3b7eb0f58e68efc84ed3b\"},\"headline\":\"Lietuvos \u017eyd\u0173 genocido atminimo dienos min\u0117jimas\",\"datePublished\":\"2017-09-22T09:50:41+00:00\",\"dateModified\":\"2018-04-19T06:49:33+00:00\",\"mainEntityOfPage\":{\"@id\":\"https:\\\/\\\/vsmc.lt\\\/?p=3090\"},\"wordCount\":185,\"publisher\":{\"@id\":\"https:\\\/\\\/vsmc.lt\\\/#organization\"},\"image\":{\"@id\":\"https:\\\/\\\/vsmc.lt\\\/?p=3090#primaryimage\"},\"thumbnailUrl\":\"http:\\\/\\\/vsmc.lt\\\/wp-content\\\/uploads\\\/2017\\\/09\\\/22\\\/IMG_20170920_134814_HDR-640x360.jpg\",\"articleSection\":[\"Naujienos\"],\"inLanguage\":\"lt-LT\"},{\"@type\":\"WebPage\",\"@id\":\"https:\\\/\\\/vsmc.lt\\\/?p=3090\",\"url\":\"https:\\\/\\\/vsmc.lt\\\/?p=3090\",\"name\":\"Lietuvos \u017eyd\u0173 genocido atminimo dienos min\u0117jimas Vilniaus suaugusi\u0173j\u0173 mokymo centras - Vilniaus suaugusi\u0173j\u0173 mokymo centras\",\"isPartOf\":{\"@id\":\"https:\\\/\\\/vsmc.lt\\\/#website\"},\"primaryImageOfPage\":{\"@id\":\"https:\\\/\\\/vsmc.lt\\\/?p=3090#primaryimage\"},\"image\":{\"@id\":\"https:\\\/\\\/vsmc.lt\\\/?p=3090#primaryimage\"},\"thumbnailUrl\":\"http:\\\/\\\/vsmc.lt\\\/wp-content\\\/uploads\\\/2017\\\/09\\\/22\\\/IMG_20170920_134814_HDR-640x360.jpg\",\"datePublished\":\"2017-09-22T09:50:41+00:00\",\"dateModified\":\"2018-04-19T06:49:33+00:00\",\"description\":\"Lietuvos \u017eyd\u0173 genocido atminimo dienos min\u0117jimas Vilniaus suaugusi\u0173j\u0173 mokymo centras\",\"breadcrumb\":{\"@id\":\"https:\\\/\\\/vsmc.lt\\\/?p=3090#breadcrumb\"},\"inLanguage\":\"lt-LT\",\"potentialAction\":[{\"@type\":\"ReadAction\",\"target\":[\"https:\\\/\\\/vsmc.lt\\\/?p=3090\"]}]},{\"@type\":\"ImageObject\",\"inLanguage\":\"lt-LT\",\"@id\":\"https:\\\/\\\/vsmc.lt\\\/?p=3090#primaryimage\",\"url\":\"http:\\\/\\\/vsmc.lt\\\/wp-content\\\/uploads\\\/2017\\\/09\\\/22\\\/IMG_20170920_134814_HDR-640x360.jpg\",\"contentUrl\":\"http:\\\/\\\/vsmc.lt\\\/wp-content\\\/uploads\\\/2017\\\/09\\\/22\\\/IMG_20170920_134814_HDR-640x360.jpg\"},{\"@type\":\"BreadcrumbList\",\"@id\":\"https:\\\/\\\/vsmc.lt\\\/?p=3090#breadcrumb\",\"itemListElement\":[{\"@type\":\"ListItem\",\"position\":1,\"name\":\"Home\",\"item\":\"https:\\\/\\\/vsmc.lt\\\/\"},{\"@type\":\"ListItem\",\"position\":2,\"name\":\"Lietuvos \u017eyd\u0173 genocido atminimo dienos min\u0117jimas\"}]},{\"@type\":\"WebSite\",\"@id\":\"https:\\\/\\\/vsmc.lt\\\/#website\",\"url\":\"https:\\\/\\\/vsmc.lt\\\/\",\"name\":\"Vilniaus suaugusi\u0173j\u0173 mokymo centras\",\"description\":\"VSMC\",\"publisher\":{\"@id\":\"https:\\\/\\\/vsmc.lt\\\/#organization\"},\"alternateName\":\"VSMC\",\"potentialAction\":[{\"@type\":\"SearchAction\",\"target\":{\"@type\":\"EntryPoint\",\"urlTemplate\":\"https:\\\/\\\/vsmc.lt\\\/?s={search_term_string}\"},\"query-input\":{\"@type\":\"PropertyValueSpecification\",\"valueRequired\":true,\"valueName\":\"search_term_string\"}}],\"inLanguage\":\"lt-LT\"},{\"@type\":\"Organization\",\"@id\":\"https:\\\/\\\/vsmc.lt\\\/#organization\",\"name\":\"Vilniaus suaugusi\u0173j\u0173 mokymo centras\",\"alternateName\":\"VSMC\",\"url\":\"https:\\\/\\\/vsmc.lt\\\/\",\"logo\":{\"@type\":\"ImageObject\",\"inLanguage\":\"lt-LT\",\"@id\":\"https:\\\/\\\/vsmc.lt\\\/#\\\/schema\\\/logo\\\/image\\\/\",\"url\":\"https:\\\/\\\/vsmc.lt\\\/wp-content\\\/uploads\\\/2016\\\/11\\\/15\\\/logo.png\",\"contentUrl\":\"https:\\\/\\\/vsmc.lt\\\/wp-content\\\/uploads\\\/2016\\\/11\\\/15\\\/logo.png\",\"width\":96,\"height\":121,\"caption\":\"Vilniaus suaugusi\u0173j\u0173 mokymo centras\"},\"image\":{\"@id\":\"https:\\\/\\\/vsmc.lt\\\/#\\\/schema\\\/logo\\\/image\\\/\"},\"sameAs\":[\"https:\\\/\\\/www.facebook.com\\\/p\\\/Vilniaus-suaugusij-mokymo-centras-VSMC-gimnazija-100034428106674\\\/\"]},{\"@type\":\"Person\",\"@id\":\"https:\\\/\\\/vsmc.lt\\\/#\\\/schema\\\/person\\\/f908112af7b3b7eb0f58e68efc84ed3b\",\"name\":\"vsmc\",\"image\":{\"@type\":\"ImageObject\",\"inLanguage\":\"lt-LT\",\"@id\":\"https:\\\/\\\/secure.gravatar.com\\\/avatar\\\/c98f8cf094a0c3815db557f5d303882682ae3622ba8eff672c992e55217b1a89?s=96&d=mm&r=g\",\"url\":\"https:\\\/\\\/secure.gravatar.com\\\/avatar\\\/c98f8cf094a0c3815db557f5d303882682ae3622ba8eff672c992e55217b1a89?s=96&d=mm&r=g\",\"contentUrl\":\"https:\\\/\\\/secure.gravatar.com\\\/avatar\\\/c98f8cf094a0c3815db557f5d303882682ae3622ba8eff672c992e55217b1a89?s=96&d=mm&r=g\",\"caption\":\"vsmc\"},\"url\":\"https:\\\/\\\/vsmc.lt\\\/?author=1\"}]}<\/script>\n<!-- \/ Yoast SEO plugin. -->","yoast_head_json":{"title":"Lietuvos \u017eyd\u0173 genocido atminimo dienos min\u0117jimas Vilniaus suaugusi\u0173j\u0173 mokymo centras  - Vilniaus suaugusi\u0173j\u0173 mokymo centras","description":"Lietuvos \u017eyd\u0173 genocido atminimo dienos min\u0117jimas Vilniaus suaugusi\u0173j\u0173 mokymo centras","robots":{"index":"index","follow":"follow","max-snippet":"max-snippet:-1","max-image-preview":"max-image-preview:large","max-video-preview":"max-video-preview:-1"},"canonical":"https:\/\/vsmc.lt\/?p=3090","og_locale":"lt_LT","og_type":"article","og_title":"Lietuvos \u017eyd\u0173 genocido atminimo dienos min\u0117jimas Vilniaus suaugusi\u0173j\u0173 mokymo centras  - Vilniaus suaugusi\u0173j\u0173 mokymo centras","og_description":"Lietuvos \u017eyd\u0173 genocido atminimo dienos min\u0117jimas Vilniaus suaugusi\u0173j\u0173 mokymo centras","og_url":"https:\/\/vsmc.lt\/?p=3090","og_site_name":"Vilniaus suaugusi\u0173j\u0173 mokymo centras","article_publisher":"https:\/\/www.facebook.com\/p\/Vilniaus-suaugusij-mokymo-centras-VSMC-gimnazija-100034428106674\/","article_published_time":"2017-09-22T09:50:41+00:00","article_modified_time":"2018-04-19T06:49:33+00:00","og_image":[{"url":"http:\/\/vsmc.lt\/wp-content\/uploads\/2017\/09\/22\/IMG_20170920_134814_HDR-640x360.jpg","type":"","width":"","height":""}],"author":"vsmc","twitter_card":"summary_large_image","twitter_misc":{"Written by":"vsmc","Est. reading time":"1 minut\u0117"},"schema":{"@context":"https:\/\/schema.org","@graph":[{"@type":"Article","@id":"https:\/\/vsmc.lt\/?p=3090#article","isPartOf":{"@id":"https:\/\/vsmc.lt\/?p=3090"},"author":{"name":"vsmc","@id":"https:\/\/vsmc.lt\/#\/schema\/person\/f908112af7b3b7eb0f58e68efc84ed3b"},"headline":"Lietuvos \u017eyd\u0173 genocido atminimo dienos min\u0117jimas","datePublished":"2017-09-22T09:50:41+00:00","dateModified":"2018-04-19T06:49:33+00:00","mainEntityOfPage":{"@id":"https:\/\/vsmc.lt\/?p=3090"},"wordCount":185,"publisher":{"@id":"https:\/\/vsmc.lt\/#organization"},"image":{"@id":"https:\/\/vsmc.lt\/?p=3090#primaryimage"},"thumbnailUrl":"http:\/\/vsmc.lt\/wp-content\/uploads\/2017\/09\/22\/IMG_20170920_134814_HDR-640x360.jpg","articleSection":["Naujienos"],"inLanguage":"lt-LT"},{"@type":"WebPage","@id":"https:\/\/vsmc.lt\/?p=3090","url":"https:\/\/vsmc.lt\/?p=3090","name":"Lietuvos \u017eyd\u0173 genocido atminimo dienos min\u0117jimas Vilniaus suaugusi\u0173j\u0173 mokymo centras - Vilniaus suaugusi\u0173j\u0173 mokymo centras","isPartOf":{"@id":"https:\/\/vsmc.lt\/#website"},"primaryImageOfPage":{"@id":"https:\/\/vsmc.lt\/?p=3090#primaryimage"},"image":{"@id":"https:\/\/vsmc.lt\/?p=3090#primaryimage"},"thumbnailUrl":"http:\/\/vsmc.lt\/wp-content\/uploads\/2017\/09\/22\/IMG_20170920_134814_HDR-640x360.jpg","datePublished":"2017-09-22T09:50:41+00:00","dateModified":"2018-04-19T06:49:33+00:00","description":"Lietuvos \u017eyd\u0173 genocido atminimo dienos min\u0117jimas Vilniaus suaugusi\u0173j\u0173 mokymo centras","breadcrumb":{"@id":"https:\/\/vsmc.lt\/?p=3090#breadcrumb"},"inLanguage":"lt-LT","potentialAction":[{"@type":"ReadAction","target":["https:\/\/vsmc.lt\/?p=3090"]}]},{"@type":"ImageObject","inLanguage":"lt-LT","@id":"https:\/\/vsmc.lt\/?p=3090#primaryimage","url":"http:\/\/vsmc.lt\/wp-content\/uploads\/2017\/09\/22\/IMG_20170920_134814_HDR-640x360.jpg","contentUrl":"http:\/\/vsmc.lt\/wp-content\/uploads\/2017\/09\/22\/IMG_20170920_134814_HDR-640x360.jpg"},{"@type":"BreadcrumbList","@id":"https:\/\/vsmc.lt\/?p=3090#breadcrumb","itemListElement":[{"@type":"ListItem","position":1,"name":"Home","item":"https:\/\/vsmc.lt\/"},{"@type":"ListItem","position":2,"name":"Lietuvos \u017eyd\u0173 genocido atminimo dienos min\u0117jimas"}]},{"@type":"WebSite","@id":"https:\/\/vsmc.lt\/#website","url":"https:\/\/vsmc.lt\/","name":"Vilniaus suaugusi\u0173j\u0173 mokymo centras","description":"VSMC","publisher":{"@id":"https:\/\/vsmc.lt\/#organization"},"alternateName":"VSMC","potentialAction":[{"@type":"SearchAction","target":{"@type":"EntryPoint","urlTemplate":"https:\/\/vsmc.lt\/?s={search_term_string}"},"query-input":{"@type":"PropertyValueSpecification","valueRequired":true,"valueName":"search_term_string"}}],"inLanguage":"lt-LT"},{"@type":"Organization","@id":"https:\/\/vsmc.lt\/#organization","name":"Vilniaus suaugusi\u0173j\u0173 mokymo centras","alternateName":"VSMC","url":"https:\/\/vsmc.lt\/","logo":{"@type":"ImageObject","inLanguage":"lt-LT","@id":"https:\/\/vsmc.lt\/#\/schema\/logo\/image\/","url":"https:\/\/vsmc.lt\/wp-content\/uploads\/2016\/11\/15\/logo.png","contentUrl":"https:\/\/vsmc.lt\/wp-content\/uploads\/2016\/11\/15\/logo.png","width":96,"height":121,"caption":"Vilniaus suaugusi\u0173j\u0173 mokymo centras"},"image":{"@id":"https:\/\/vsmc.lt\/#\/schema\/logo\/image\/"},"sameAs":["https:\/\/www.facebook.com\/p\/Vilniaus-suaugusij-mokymo-centras-VSMC-gimnazija-100034428106674\/"]},{"@type":"Person","@id":"https:\/\/vsmc.lt\/#\/schema\/person\/f908112af7b3b7eb0f58e68efc84ed3b","name":"vsmc","image":{"@type":"ImageObject","inLanguage":"lt-LT","@id":"https:\/\/secure.gravatar.com\/avatar\/c98f8cf094a0c3815db557f5d303882682ae3622ba8eff672c992e55217b1a89?s=96&d=mm&r=g","url":"https:\/\/secure.gravatar.com\/avatar\/c98f8cf094a0c3815db557f5d303882682ae3622ba8eff672c992e55217b1a89?s=96&d=mm&r=g","contentUrl":"https:\/\/secure.gravatar.com\/avatar\/c98f8cf094a0c3815db557f5d303882682ae3622ba8eff672c992e55217b1a89?s=96&d=mm&r=g","caption":"vsmc"},"url":"https:\/\/vsmc.lt\/?author=1"}]}},"_links":{"self":[{"href":"https:\/\/vsmc.lt\/index.php?rest_route=\/wp\/v2\/posts\/3090","targetHints":{"allow":["GET"]}}],"collection":[{"href":"https:\/\/vsmc.lt\/index.php?rest_route=\/wp\/v2\/posts"}],"about":[{"href":"https:\/\/vsmc.lt\/index.php?rest_route=\/wp\/v2\/types\/post"}],"author":[{"embeddable":true,"href":"https:\/\/vsmc.lt\/index.php?rest_route=\/wp\/v2\/users\/1"}],"replies":[{"embeddable":true,"href":"https:\/\/vsmc.lt\/index.php?rest_route=%2Fwp%2Fv2%2Fcomments&post=3090"}],"version-history":[{"count":5,"href":"https:\/\/vsmc.lt\/index.php?rest_route=\/wp\/v2\/posts\/3090\/revisions"}],"predecessor-version":[{"id":3099,"href":"https:\/\/vsmc.lt\/index.php?rest_route=\/wp\/v2\/posts\/3090\/revisions\/3099"}],"wp:attachment":[{"href":"https:\/\/vsmc.lt\/index.php?rest_route=%2Fwp%2Fv2%2Fmedia&parent=3090"}],"wp:term":[{"taxonomy":"category","embeddable":true,"href":"https:\/\/vsmc.lt\/index.php?rest_route=%2Fwp%2Fv2%2Fcategories&post=3090"},{"taxonomy":"post_tag","embeddable":true,"href":"https:\/\/vsmc.lt\/index.php?rest_route=%2Fwp%2Fv2%2Ftags&post=3090"}],"curies":[{"name":"wp","href":"https:\/\/api.w.org\/{rel}","templated":true}]}}