{"id":3231,"date":"2017-10-25T15:28:54","date_gmt":"2017-10-25T12:28:54","guid":{"rendered":"http:\/\/vsmc.lt\/?p=3231"},"modified":"2018-04-19T09:49:32","modified_gmt":"2018-04-19T06:49:32","slug":"2017-m-suaugusiuju-mokymosi-savaite-mokymosi-galia-ir-zavesys-kvieciame-i-bendra-vilniaus-suaugusiuju-bendrojo-ugdymo-instituciju-rengini","status":"publish","type":"post","link":"https:\/\/vsmc.lt\/?p=3231","title":{"rendered":"2017 m. suaugusi\u0173j\u0173 mokymosi savait\u0117 \u201eMokymosi galia ir \u017eavesys\u201c .  Kvie\u010diame \u012f bendr\u0105 Vilniaus suaugusi\u0173j\u0173 bendrojo ugdymo institucij\u0173 rengin\u012f."},"content":{"rendered":"<p><a href=\"https:\/\/vsmc.lt\/wp-content\/uploads\/2017\/10\/25\/Bendras_Vilniaus_m._suaug._mokyklu_renginys_2017_programa.pdf\">Bendras Vilniaus m. suaug. mokyklu renginys 2017 programa<\/a><\/p>\n<p><img loading=\"lazy\" decoding=\"async\" class=\"alignnone size-full wp-image-3240\" src=\"https:\/\/vsmc.lt\/wp-content\/uploads\/2017\/10\/25\/MGIZ_Bendras.png\" alt=\"\" width=\"1182\" height=\"228\" srcset=\"https:\/\/vsmc.lt\/wp-content\/uploads\/2017\/10\/25\/MGIZ_Bendras.png 1182w, https:\/\/vsmc.lt\/wp-content\/uploads\/2017\/10\/25\/MGIZ_Bendras-640x123.png 640w, https:\/\/vsmc.lt\/wp-content\/uploads\/2017\/10\/25\/MGIZ_Bendras-768x148.png 768w, https:\/\/vsmc.lt\/wp-content\/uploads\/2017\/10\/25\/MGIZ_Bendras-950x183.png 950w, https:\/\/vsmc.lt\/wp-content\/uploads\/2017\/10\/25\/MGIZ_Bendras-450x87.png 450w\" sizes=\"auto, (max-width: 1182px) 100vw, 1182px\" \/><\/p>\n<p style=\"text-align: center;\">Vilniaus miesto suaugusi\u0173j\u0173 mokykl\u0173 k\u016brybin\u0117s dirbtuv\u0117s<br \/>\n<strong>\u201eMokymosi galia ir \u017eavesys\u201c<\/strong><br \/>\n2017 m. lapkri\u010dio 21 d.<br \/>\nVilniaus Gabriel\u0117s Petkevi\u010dait\u0117s-Bit\u0117s suaugusi\u0173j\u0173 mokymosi centras, Kauno g . 43, Vilnius<br \/>\n<strong>PROGRAMA<\/strong><\/p>\n<p>17:30 \u2013 18:00 Registracija<\/p>\n<p>18:00 \u2013 18:30 Vilniaus m. suaugusi\u0173j\u0173 mokykl\u0173 prisistatymai (Akt\u0173 sal\u0117)<\/p>\n<p>18:30 \u2013 19:30 K\u016brybin\u0117s dirbtuv\u0117s:<\/p>\n<p style=\"padding-left: 90px;\"><strong>Dirbtuv\u0117s \u201eSnaig\u0117\u201c<\/strong> (vadov\u0117 Vilniaus \u201eVarpo\u201c suaugusi\u0173j\u0173 gimnazijos muzikos vyresnioji mokytoja, etikos mokytoja metodinink\u0117 Jolita Rancovien\u0117) (301 kab.)<\/p>\n<p style=\"padding-left: 90px;\"><strong>Dirbtuv\u0117s \u201eVytin\u0117s juostos ritmu\u201c<\/strong> (vadov\u0117 Vilniaus \u201e\u017didinio\u201c suaugusi\u0173j\u0173<br \/>\ngimnazijos muzikos ir etnin\u0117s kult\u016bros mokytoja metodinink\u0117 Loreta Lichtarovi\u010dien\u0117) (Akt\u0173 sal\u0117)<\/p>\n<p style=\"padding-left: 90px;\"><strong>Marmuravimo dirbtuv\u0117s<\/strong> (vadov\u0117 Vilniaus Gabriel\u0117s Petkevi\u010dait\u0117s-Bit\u0117s suaugusi\u0173j\u0173 mokymo centro technologij\u0173 mokytoja Stas\u0117 Jurkevi\u010dien\u0117 (211 kab.)<\/p>\n<p style=\"padding-left: 90px;\"><strong>Dirbtuv\u0117s \u201eEil\u0117ra\u0161\u010dio mozaika\u201c<\/strong> (vadov\u0117 Vilniaus suaugusi\u0173j\u0173 mokymo centro dail\u0117s mokytoja metodinink\u0117 Jon\u0117 Paulauskien\u0117 ir etikos mokytoja metodinink\u0117 Ilona Mikul\u0117nien\u0117) (201 kab.)<\/p>\n<p>19:30 \u2013 19:50 K\u016brybini\u0173 dirbtuvi\u0173 rezultat\u0173 pristatymas (Akt\u0173 sal\u0117)<\/p>\n<p>19:50 \u2013 20:15 Vakaron\u0117 (Akt\u0173 sal\u0117)<\/p>\n<p>Renginio sve\u010di\u0173 pra\u0161ome u\u017esiregistruoti: <a href=\"https:\/\/docs.google.com\/forms\/d\/e\/1FAIpQLSeSTheLIaxnkFojVS5-c5oZN3jLm0Pqtf9wDBTbanKnm2sRMw\/viewform\">registracija<\/a><br \/>\nRenginio koordinatorius:<br \/>\nVilniaus \u201e\u017didinio\u201c suaugusi\u0173j\u0173 gimnazijos Humanitarini\u0173 ir socialini\u0173 moksl\u0173 skyriaus ved\u0117jas Edvinas \u0160imulynas, el. pa\u0161tas: <a href=\"mailto:edvinas.simulynas@gmail.com\">edvinas.simulynas@gmail.com<\/a>, tel.: +37060561648.<\/p>\n","protected":false},"excerpt":{"rendered":"<p>Bendras Vilniaus m. suaug. mokyklu renginys 2017 programa Vilniaus miesto suaugusi\u0173j\u0173 mokykl\u0173 k\u016brybin\u0117s dirbtuv\u0117s \u201eMokymosi galia ir \u017eavesys\u201c 2017 m. lapkri\u010dio 21 d. Vilniaus Gabriel\u0117s Petkevi\u010dait\u0117s-Bit\u0117s suaugusi\u0173j\u0173 mokymosi centras, Kauno g . 43, Vilnius PROGRAMA 17:30 \u2013 18:00 Registracija 18:00 \u2013 18:30 Vilniaus m. suaugusi\u0173j\u0173 mokykl\u0173 prisistatymai (Akt\u0173 sal\u0117) 18:30 \u2013 19:30 K\u016brybin\u0117s dirbtuv\u0117s: Dirbtuv\u0117s [&hellip;]<\/p>\n","protected":false},"author":5,"featured_media":0,"comment_status":"closed","ping_status":"closed","sticky":false,"template":"","format":"standard","meta":{"footnotes":""},"categories":[1],"tags":[],"class_list":["post-3231","post","type-post","status-publish","format-standard","hentry","category-naujienos"],"yoast_head":"<!-- This site is optimized with the Yoast SEO plugin v27.5 - https:\/\/yoast.com\/product\/yoast-seo-wordpress\/ -->\n<title>2017 m. suaugusi\u0173j\u0173 mokymosi savait\u0117 \u201eMokymosi galia ir \u017eavesys\u201c . Kvie\u010diame \u012f bendr\u0105 Vilniaus suaugusi\u0173j\u0173 bendrojo ugdymo institucij\u0173 rengin\u012f. Vilniaus suaugusi\u0173j\u0173 mokymo centras  - Vilniaus suaugusi\u0173j\u0173 mokymo centras<\/title>\n<meta name=\"description\" content=\"2017 m. suaugusi\u0173j\u0173 mokymosi savait\u0117 \u201eMokymosi galia ir \u017eavesys\u201c . Kvie\u010diame \u012f bendr\u0105 Vilniaus suaugusi\u0173j\u0173 bendrojo ugdymo institucij\u0173 rengin\u012f. Vilniaus suaugusi\u0173j\u0173 mokymo centras\" \/>\n<meta name=\"robots\" content=\"index, follow, max-snippet:-1, max-image-preview:large, max-video-preview:-1\" \/>\n<link rel=\"canonical\" href=\"https:\/\/vsmc.lt\/?p=3231\" \/>\n<meta property=\"og:locale\" content=\"lt_LT\" \/>\n<meta property=\"og:type\" content=\"article\" \/>\n<meta property=\"og:title\" content=\"2017 m. suaugusi\u0173j\u0173 mokymosi savait\u0117 \u201eMokymosi galia ir \u017eavesys\u201c . Kvie\u010diame \u012f bendr\u0105 Vilniaus suaugusi\u0173j\u0173 bendrojo ugdymo institucij\u0173 rengin\u012f. Vilniaus suaugusi\u0173j\u0173 mokymo centras  - Vilniaus suaugusi\u0173j\u0173 mokymo centras\" \/>\n<meta property=\"og:description\" content=\"2017 m. suaugusi\u0173j\u0173 mokymosi savait\u0117 \u201eMokymosi galia ir \u017eavesys\u201c . Kvie\u010diame \u012f bendr\u0105 Vilniaus suaugusi\u0173j\u0173 bendrojo ugdymo institucij\u0173 rengin\u012f. Vilniaus suaugusi\u0173j\u0173 mokymo centras\" \/>\n<meta property=\"og:url\" content=\"https:\/\/vsmc.lt\/?p=3231\" \/>\n<meta property=\"og:site_name\" content=\"Vilniaus suaugusi\u0173j\u0173 mokymo centras\" \/>\n<meta property=\"article:publisher\" content=\"https:\/\/www.facebook.com\/p\/Vilniaus-suaugusij-mokymo-centras-VSMC-gimnazija-100034428106674\/\" \/>\n<meta property=\"article:published_time\" content=\"2017-10-25T12:28:54+00:00\" \/>\n<meta property=\"article:modified_time\" content=\"2018-04-19T06:49:32+00:00\" \/>\n<meta property=\"og:image\" content=\"http:\/\/vsmc.lt\/wp-content\/uploads\/2017\/10\/25\/MGIZ_Bendras.png\" \/>\n<meta name=\"author\" content=\"Birut\u0117 Kubilinskien\u0117\" \/>\n<meta name=\"twitter:card\" content=\"summary_large_image\" \/>\n<meta name=\"twitter:label1\" content=\"Written by\" \/>\n\t<meta name=\"twitter:data1\" content=\"Birut\u0117 Kubilinskien\u0117\" \/>\n\t<meta name=\"twitter:label2\" content=\"Est. reading time\" \/>\n\t<meta name=\"twitter:data2\" content=\"1 minut\u0117\" \/>\n<script type=\"application\/ld+json\" class=\"yoast-schema-graph\">{\"@context\":\"https:\\\/\\\/schema.org\",\"@graph\":[{\"@type\":\"Article\",\"@id\":\"https:\\\/\\\/vsmc.lt\\\/?p=3231#article\",\"isPartOf\":{\"@id\":\"https:\\\/\\\/vsmc.lt\\\/?p=3231\"},\"author\":{\"name\":\"Birut\u0117 Kubilinskien\u0117\",\"@id\":\"https:\\\/\\\/vsmc.lt\\\/#\\\/schema\\\/person\\\/7b79c1eab13a88fc1ed4dc6626a57f98\"},\"headline\":\"2017 m. suaugusi\u0173j\u0173 mokymosi savait\u0117 \u201eMokymosi galia ir \u017eavesys\u201c . Kvie\u010diame \u012f bendr\u0105 Vilniaus suaugusi\u0173j\u0173 bendrojo ugdymo institucij\u0173 rengin\u012f.\",\"datePublished\":\"2017-10-25T12:28:54+00:00\",\"dateModified\":\"2018-04-19T06:49:32+00:00\",\"mainEntityOfPage\":{\"@id\":\"https:\\\/\\\/vsmc.lt\\\/?p=3231\"},\"wordCount\":205,\"publisher\":{\"@id\":\"https:\\\/\\\/vsmc.lt\\\/#organization\"},\"image\":{\"@id\":\"https:\\\/\\\/vsmc.lt\\\/?p=3231#primaryimage\"},\"thumbnailUrl\":\"http:\\\/\\\/vsmc.lt\\\/wp-content\\\/uploads\\\/2017\\\/10\\\/25\\\/MGIZ_Bendras.png\",\"articleSection\":[\"Naujienos\"],\"inLanguage\":\"lt-LT\"},{\"@type\":\"WebPage\",\"@id\":\"https:\\\/\\\/vsmc.lt\\\/?p=3231\",\"url\":\"https:\\\/\\\/vsmc.lt\\\/?p=3231\",\"name\":\"2017 m. suaugusi\u0173j\u0173 mokymosi savait\u0117 \u201eMokymosi galia ir \u017eavesys\u201c . Kvie\u010diame \u012f bendr\u0105 Vilniaus suaugusi\u0173j\u0173 bendrojo ugdymo institucij\u0173 rengin\u012f. Vilniaus suaugusi\u0173j\u0173 mokymo centras - Vilniaus suaugusi\u0173j\u0173 mokymo centras\",\"isPartOf\":{\"@id\":\"https:\\\/\\\/vsmc.lt\\\/#website\"},\"primaryImageOfPage\":{\"@id\":\"https:\\\/\\\/vsmc.lt\\\/?p=3231#primaryimage\"},\"image\":{\"@id\":\"https:\\\/\\\/vsmc.lt\\\/?p=3231#primaryimage\"},\"thumbnailUrl\":\"http:\\\/\\\/vsmc.lt\\\/wp-content\\\/uploads\\\/2017\\\/10\\\/25\\\/MGIZ_Bendras.png\",\"datePublished\":\"2017-10-25T12:28:54+00:00\",\"dateModified\":\"2018-04-19T06:49:32+00:00\",\"description\":\"2017 m. suaugusi\u0173j\u0173 mokymosi savait\u0117 \u201eMokymosi galia ir \u017eavesys\u201c . Kvie\u010diame \u012f bendr\u0105 Vilniaus suaugusi\u0173j\u0173 bendrojo ugdymo institucij\u0173 rengin\u012f. Vilniaus suaugusi\u0173j\u0173 mokymo centras\",\"breadcrumb\":{\"@id\":\"https:\\\/\\\/vsmc.lt\\\/?p=3231#breadcrumb\"},\"inLanguage\":\"lt-LT\",\"potentialAction\":[{\"@type\":\"ReadAction\",\"target\":[\"https:\\\/\\\/vsmc.lt\\\/?p=3231\"]}]},{\"@type\":\"ImageObject\",\"inLanguage\":\"lt-LT\",\"@id\":\"https:\\\/\\\/vsmc.lt\\\/?p=3231#primaryimage\",\"url\":\"http:\\\/\\\/vsmc.lt\\\/wp-content\\\/uploads\\\/2017\\\/10\\\/25\\\/MGIZ_Bendras.png\",\"contentUrl\":\"http:\\\/\\\/vsmc.lt\\\/wp-content\\\/uploads\\\/2017\\\/10\\\/25\\\/MGIZ_Bendras.png\"},{\"@type\":\"BreadcrumbList\",\"@id\":\"https:\\\/\\\/vsmc.lt\\\/?p=3231#breadcrumb\",\"itemListElement\":[{\"@type\":\"ListItem\",\"position\":1,\"name\":\"Home\",\"item\":\"https:\\\/\\\/vsmc.lt\\\/\"},{\"@type\":\"ListItem\",\"position\":2,\"name\":\"2017 m. suaugusi\u0173j\u0173 mokymosi savait\u0117 \u201eMokymosi galia ir \u017eavesys\u201c . Kvie\u010diame \u012f bendr\u0105 Vilniaus suaugusi\u0173j\u0173 bendrojo ugdymo institucij\u0173 rengin\u012f.\"}]},{\"@type\":\"WebSite\",\"@id\":\"https:\\\/\\\/vsmc.lt\\\/#website\",\"url\":\"https:\\\/\\\/vsmc.lt\\\/\",\"name\":\"Vilniaus suaugusi\u0173j\u0173 mokymo centras\",\"description\":\"VSMC\",\"publisher\":{\"@id\":\"https:\\\/\\\/vsmc.lt\\\/#organization\"},\"alternateName\":\"VSMC\",\"potentialAction\":[{\"@type\":\"SearchAction\",\"target\":{\"@type\":\"EntryPoint\",\"urlTemplate\":\"https:\\\/\\\/vsmc.lt\\\/?s={search_term_string}\"},\"query-input\":{\"@type\":\"PropertyValueSpecification\",\"valueRequired\":true,\"valueName\":\"search_term_string\"}}],\"inLanguage\":\"lt-LT\"},{\"@type\":\"Organization\",\"@id\":\"https:\\\/\\\/vsmc.lt\\\/#organization\",\"name\":\"Vilniaus suaugusi\u0173j\u0173 mokymo centras\",\"alternateName\":\"VSMC\",\"url\":\"https:\\\/\\\/vsmc.lt\\\/\",\"logo\":{\"@type\":\"ImageObject\",\"inLanguage\":\"lt-LT\",\"@id\":\"https:\\\/\\\/vsmc.lt\\\/#\\\/schema\\\/logo\\\/image\\\/\",\"url\":\"https:\\\/\\\/vsmc.lt\\\/wp-content\\\/uploads\\\/2016\\\/11\\\/15\\\/logo.png\",\"contentUrl\":\"https:\\\/\\\/vsmc.lt\\\/wp-content\\\/uploads\\\/2016\\\/11\\\/15\\\/logo.png\",\"width\":96,\"height\":121,\"caption\":\"Vilniaus suaugusi\u0173j\u0173 mokymo centras\"},\"image\":{\"@id\":\"https:\\\/\\\/vsmc.lt\\\/#\\\/schema\\\/logo\\\/image\\\/\"},\"sameAs\":[\"https:\\\/\\\/www.facebook.com\\\/p\\\/Vilniaus-suaugusij-mokymo-centras-VSMC-gimnazija-100034428106674\\\/\"]},{\"@type\":\"Person\",\"@id\":\"https:\\\/\\\/vsmc.lt\\\/#\\\/schema\\\/person\\\/7b79c1eab13a88fc1ed4dc6626a57f98\",\"name\":\"Birut\u0117 Kubilinskien\u0117\",\"image\":{\"@type\":\"ImageObject\",\"inLanguage\":\"lt-LT\",\"@id\":\"https:\\\/\\\/secure.gravatar.com\\\/avatar\\\/de3432602f9f0edd7dc9006aceaad7e2a3227ca56f4f6d9e4b2e2ee05a11e793?s=96&d=mm&r=g\",\"url\":\"https:\\\/\\\/secure.gravatar.com\\\/avatar\\\/de3432602f9f0edd7dc9006aceaad7e2a3227ca56f4f6d9e4b2e2ee05a11e793?s=96&d=mm&r=g\",\"contentUrl\":\"https:\\\/\\\/secure.gravatar.com\\\/avatar\\\/de3432602f9f0edd7dc9006aceaad7e2a3227ca56f4f6d9e4b2e2ee05a11e793?s=96&d=mm&r=g\",\"caption\":\"Birut\u0117 Kubilinskien\u0117\"},\"url\":\"https:\\\/\\\/vsmc.lt\\\/?author=5\"}]}<\/script>\n<!-- \/ Yoast SEO plugin. -->","yoast_head_json":{"title":"2017 m. suaugusi\u0173j\u0173 mokymosi savait\u0117 \u201eMokymosi galia ir \u017eavesys\u201c . Kvie\u010diame \u012f bendr\u0105 Vilniaus suaugusi\u0173j\u0173 bendrojo ugdymo institucij\u0173 rengin\u012f. Vilniaus suaugusi\u0173j\u0173 mokymo centras  - Vilniaus suaugusi\u0173j\u0173 mokymo centras","description":"2017 m. suaugusi\u0173j\u0173 mokymosi savait\u0117 \u201eMokymosi galia ir \u017eavesys\u201c . Kvie\u010diame \u012f bendr\u0105 Vilniaus suaugusi\u0173j\u0173 bendrojo ugdymo institucij\u0173 rengin\u012f. Vilniaus suaugusi\u0173j\u0173 mokymo centras","robots":{"index":"index","follow":"follow","max-snippet":"max-snippet:-1","max-image-preview":"max-image-preview:large","max-video-preview":"max-video-preview:-1"},"canonical":"https:\/\/vsmc.lt\/?p=3231","og_locale":"lt_LT","og_type":"article","og_title":"2017 m. suaugusi\u0173j\u0173 mokymosi savait\u0117 \u201eMokymosi galia ir \u017eavesys\u201c . Kvie\u010diame \u012f bendr\u0105 Vilniaus suaugusi\u0173j\u0173 bendrojo ugdymo institucij\u0173 rengin\u012f. Vilniaus suaugusi\u0173j\u0173 mokymo centras  - Vilniaus suaugusi\u0173j\u0173 mokymo centras","og_description":"2017 m. suaugusi\u0173j\u0173 mokymosi savait\u0117 \u201eMokymosi galia ir \u017eavesys\u201c . Kvie\u010diame \u012f bendr\u0105 Vilniaus suaugusi\u0173j\u0173 bendrojo ugdymo institucij\u0173 rengin\u012f. Vilniaus suaugusi\u0173j\u0173 mokymo centras","og_url":"https:\/\/vsmc.lt\/?p=3231","og_site_name":"Vilniaus suaugusi\u0173j\u0173 mokymo centras","article_publisher":"https:\/\/www.facebook.com\/p\/Vilniaus-suaugusij-mokymo-centras-VSMC-gimnazija-100034428106674\/","article_published_time":"2017-10-25T12:28:54+00:00","article_modified_time":"2018-04-19T06:49:32+00:00","og_image":[{"url":"http:\/\/vsmc.lt\/wp-content\/uploads\/2017\/10\/25\/MGIZ_Bendras.png","type":"","width":"","height":""}],"author":"Birut\u0117 Kubilinskien\u0117","twitter_card":"summary_large_image","twitter_misc":{"Written by":"Birut\u0117 Kubilinskien\u0117","Est. reading time":"1 minut\u0117"},"schema":{"@context":"https:\/\/schema.org","@graph":[{"@type":"Article","@id":"https:\/\/vsmc.lt\/?p=3231#article","isPartOf":{"@id":"https:\/\/vsmc.lt\/?p=3231"},"author":{"name":"Birut\u0117 Kubilinskien\u0117","@id":"https:\/\/vsmc.lt\/#\/schema\/person\/7b79c1eab13a88fc1ed4dc6626a57f98"},"headline":"2017 m. suaugusi\u0173j\u0173 mokymosi savait\u0117 \u201eMokymosi galia ir \u017eavesys\u201c . Kvie\u010diame \u012f bendr\u0105 Vilniaus suaugusi\u0173j\u0173 bendrojo ugdymo institucij\u0173 rengin\u012f.","datePublished":"2017-10-25T12:28:54+00:00","dateModified":"2018-04-19T06:49:32+00:00","mainEntityOfPage":{"@id":"https:\/\/vsmc.lt\/?p=3231"},"wordCount":205,"publisher":{"@id":"https:\/\/vsmc.lt\/#organization"},"image":{"@id":"https:\/\/vsmc.lt\/?p=3231#primaryimage"},"thumbnailUrl":"http:\/\/vsmc.lt\/wp-content\/uploads\/2017\/10\/25\/MGIZ_Bendras.png","articleSection":["Naujienos"],"inLanguage":"lt-LT"},{"@type":"WebPage","@id":"https:\/\/vsmc.lt\/?p=3231","url":"https:\/\/vsmc.lt\/?p=3231","name":"2017 m. suaugusi\u0173j\u0173 mokymosi savait\u0117 \u201eMokymosi galia ir \u017eavesys\u201c . Kvie\u010diame \u012f bendr\u0105 Vilniaus suaugusi\u0173j\u0173 bendrojo ugdymo institucij\u0173 rengin\u012f. Vilniaus suaugusi\u0173j\u0173 mokymo centras - Vilniaus suaugusi\u0173j\u0173 mokymo centras","isPartOf":{"@id":"https:\/\/vsmc.lt\/#website"},"primaryImageOfPage":{"@id":"https:\/\/vsmc.lt\/?p=3231#primaryimage"},"image":{"@id":"https:\/\/vsmc.lt\/?p=3231#primaryimage"},"thumbnailUrl":"http:\/\/vsmc.lt\/wp-content\/uploads\/2017\/10\/25\/MGIZ_Bendras.png","datePublished":"2017-10-25T12:28:54+00:00","dateModified":"2018-04-19T06:49:32+00:00","description":"2017 m. suaugusi\u0173j\u0173 mokymosi savait\u0117 \u201eMokymosi galia ir \u017eavesys\u201c . Kvie\u010diame \u012f bendr\u0105 Vilniaus suaugusi\u0173j\u0173 bendrojo ugdymo institucij\u0173 rengin\u012f. Vilniaus suaugusi\u0173j\u0173 mokymo centras","breadcrumb":{"@id":"https:\/\/vsmc.lt\/?p=3231#breadcrumb"},"inLanguage":"lt-LT","potentialAction":[{"@type":"ReadAction","target":["https:\/\/vsmc.lt\/?p=3231"]}]},{"@type":"ImageObject","inLanguage":"lt-LT","@id":"https:\/\/vsmc.lt\/?p=3231#primaryimage","url":"http:\/\/vsmc.lt\/wp-content\/uploads\/2017\/10\/25\/MGIZ_Bendras.png","contentUrl":"http:\/\/vsmc.lt\/wp-content\/uploads\/2017\/10\/25\/MGIZ_Bendras.png"},{"@type":"BreadcrumbList","@id":"https:\/\/vsmc.lt\/?p=3231#breadcrumb","itemListElement":[{"@type":"ListItem","position":1,"name":"Home","item":"https:\/\/vsmc.lt\/"},{"@type":"ListItem","position":2,"name":"2017 m. suaugusi\u0173j\u0173 mokymosi savait\u0117 \u201eMokymosi galia ir \u017eavesys\u201c . Kvie\u010diame \u012f bendr\u0105 Vilniaus suaugusi\u0173j\u0173 bendrojo ugdymo institucij\u0173 rengin\u012f."}]},{"@type":"WebSite","@id":"https:\/\/vsmc.lt\/#website","url":"https:\/\/vsmc.lt\/","name":"Vilniaus suaugusi\u0173j\u0173 mokymo centras","description":"VSMC","publisher":{"@id":"https:\/\/vsmc.lt\/#organization"},"alternateName":"VSMC","potentialAction":[{"@type":"SearchAction","target":{"@type":"EntryPoint","urlTemplate":"https:\/\/vsmc.lt\/?s={search_term_string}"},"query-input":{"@type":"PropertyValueSpecification","valueRequired":true,"valueName":"search_term_string"}}],"inLanguage":"lt-LT"},{"@type":"Organization","@id":"https:\/\/vsmc.lt\/#organization","name":"Vilniaus suaugusi\u0173j\u0173 mokymo centras","alternateName":"VSMC","url":"https:\/\/vsmc.lt\/","logo":{"@type":"ImageObject","inLanguage":"lt-LT","@id":"https:\/\/vsmc.lt\/#\/schema\/logo\/image\/","url":"https:\/\/vsmc.lt\/wp-content\/uploads\/2016\/11\/15\/logo.png","contentUrl":"https:\/\/vsmc.lt\/wp-content\/uploads\/2016\/11\/15\/logo.png","width":96,"height":121,"caption":"Vilniaus suaugusi\u0173j\u0173 mokymo centras"},"image":{"@id":"https:\/\/vsmc.lt\/#\/schema\/logo\/image\/"},"sameAs":["https:\/\/www.facebook.com\/p\/Vilniaus-suaugusij-mokymo-centras-VSMC-gimnazija-100034428106674\/"]},{"@type":"Person","@id":"https:\/\/vsmc.lt\/#\/schema\/person\/7b79c1eab13a88fc1ed4dc6626a57f98","name":"Birut\u0117 Kubilinskien\u0117","image":{"@type":"ImageObject","inLanguage":"lt-LT","@id":"https:\/\/secure.gravatar.com\/avatar\/de3432602f9f0edd7dc9006aceaad7e2a3227ca56f4f6d9e4b2e2ee05a11e793?s=96&d=mm&r=g","url":"https:\/\/secure.gravatar.com\/avatar\/de3432602f9f0edd7dc9006aceaad7e2a3227ca56f4f6d9e4b2e2ee05a11e793?s=96&d=mm&r=g","contentUrl":"https:\/\/secure.gravatar.com\/avatar\/de3432602f9f0edd7dc9006aceaad7e2a3227ca56f4f6d9e4b2e2ee05a11e793?s=96&d=mm&r=g","caption":"Birut\u0117 Kubilinskien\u0117"},"url":"https:\/\/vsmc.lt\/?author=5"}]}},"_links":{"self":[{"href":"https:\/\/vsmc.lt\/index.php?rest_route=\/wp\/v2\/posts\/3231","targetHints":{"allow":["GET"]}}],"collection":[{"href":"https:\/\/vsmc.lt\/index.php?rest_route=\/wp\/v2\/posts"}],"about":[{"href":"https:\/\/vsmc.lt\/index.php?rest_route=\/wp\/v2\/types\/post"}],"author":[{"embeddable":true,"href":"https:\/\/vsmc.lt\/index.php?rest_route=\/wp\/v2\/users\/5"}],"replies":[{"embeddable":true,"href":"https:\/\/vsmc.lt\/index.php?rest_route=%2Fwp%2Fv2%2Fcomments&post=3231"}],"version-history":[{"count":4,"href":"https:\/\/vsmc.lt\/index.php?rest_route=\/wp\/v2\/posts\/3231\/revisions"}],"predecessor-version":[{"id":3241,"href":"https:\/\/vsmc.lt\/index.php?rest_route=\/wp\/v2\/posts\/3231\/revisions\/3241"}],"wp:attachment":[{"href":"https:\/\/vsmc.lt\/index.php?rest_route=%2Fwp%2Fv2%2Fmedia&parent=3231"}],"wp:term":[{"taxonomy":"category","embeddable":true,"href":"https:\/\/vsmc.lt\/index.php?rest_route=%2Fwp%2Fv2%2Fcategories&post=3231"},{"taxonomy":"post_tag","embeddable":true,"href":"https:\/\/vsmc.lt\/index.php?rest_route=%2Fwp%2Fv2%2Ftags&post=3231"}],"curies":[{"name":"wp","href":"https:\/\/api.w.org\/{rel}","templated":true}]}}