{"id":3277,"date":"2017-10-27T12:11:22","date_gmt":"2017-10-27T09:11:22","guid":{"rendered":"http:\/\/vsmc.lt\/?p=3277"},"modified":"2018-04-19T09:49:32","modified_gmt":"2018-04-19T06:49:32","slug":"dalyvavome-tarptautineje-mokslineje-konferencijoje","status":"publish","type":"post","link":"https:\/\/vsmc.lt\/?p=3277","title":{"rendered":"Dalyvavome tarptautin\u0117je mokslin\u0117je konferencijoje"},"content":{"rendered":"<p>\u0160. m. spalio 26 d. gimnazijos IV-t\u0173 klasi\u0173 mokiniai kartu su istorijos mokytoja An\u017eela Jablonskaite, etikos mokytoja Ilona Mikul\u0117niene, lietuvi\u0173 kalbos ir literat\u016bros mokytoja Vita Budiniene ir dail\u0117s mokytoja Jone Paulauskiene dalyvavo tarptautin\u0117je mokslin\u0117je konferencijoje \u201eReformacija Lietuvoje ir jos poveikis kult\u016bros atsinaujinimui\u201c, vykusioje Valdov\u0173 r\u016bmuose.<\/p>\n<p>Konferencija skirta daugelyje Europos \u0161ali\u0173 minimam 500 met\u0173 Reformacijos jubiliejui. Reformacija \u2013 Vakar\u0173 kult\u016bros rei\u0161kinys, padar\u0119s did\u017eiul\u0119 \u012ftak\u0105 Lietuvos Did\u017eiosios Kunigaik\u0161tyst\u0117s visuomen\u0117s ir kult\u016bros raidai. Jis paskatino visapus\u012f kult\u016bros pakilim\u0105, kai daugelis i\u0161kili\u0173 asmenybi\u0173 i\u0161sak\u0117 meil\u0119 \u0160ventajam Ra\u0161tui ir gimtajai kalbai. \u0160ie \u017emon\u0117s \u017einomi ir dabar \u2013 Martynas Ma\u017evydas, Jonas Bretk\u016bnas, Abraomas Kulvietis, Kristijonas Donelaitis ir kt.<\/p>\n<p>Konferencijoje mokiniai susipa\u017eino su naujausiais Reformacijos tyrin\u0117jimais istorijos, teologijos ir literat\u016bros srityse. Taip pat steb\u0117jo konstruktyv\u0173 akademin\u012f disput\u0105, skirt\u0105 \u012fvertinti Reformacijos ir protestantizmo palikim\u0105, pamokas ir vertybes.<\/p>\n<p>Pareng\u0117 istorijos mokytoja metodinink\u0117 An\u017eela Jablonskait\u0117<\/p>\n<p><img loading=\"lazy\" decoding=\"async\" class=\"alignnone size-medium wp-image-3278\" src=\"https:\/\/vsmc.lt\/wp-content\/uploads\/2017\/11\/03\/IMG_20171026_115258-2-640x360.jpg\" alt=\"\" width=\"640\" height=\"360\" srcset=\"https:\/\/vsmc.lt\/wp-content\/uploads\/2017\/11\/03\/IMG_20171026_115258-2-640x360.jpg 640w, https:\/\/vsmc.lt\/wp-content\/uploads\/2017\/11\/03\/IMG_20171026_115258-2-768x432.jpg 768w, https:\/\/vsmc.lt\/wp-content\/uploads\/2017\/11\/03\/IMG_20171026_115258-2-1280x720.jpg 1280w, https:\/\/vsmc.lt\/wp-content\/uploads\/2017\/11\/03\/IMG_20171026_115258-2-950x534.jpg 950w, https:\/\/vsmc.lt\/wp-content\/uploads\/2017\/11\/03\/IMG_20171026_115258-2-450x253.jpg 450w\" sizes=\"auto, (max-width: 640px) 100vw, 640px\" \/><\/p>\n","protected":false},"excerpt":{"rendered":"<p>\u0160. m. spalio 26 d. gimnazijos IV-t\u0173 klasi\u0173 mokiniai kartu su istorijos mokytoja An\u017eela Jablonskaite, etikos mokytoja Ilona Mikul\u0117niene, lietuvi\u0173 kalbos ir literat\u016bros mokytoja Vita Budiniene ir dail\u0117s mokytoja Jone Paulauskiene dalyvavo tarptautin\u0117je mokslin\u0117je konferencijoje \u201eReformacija Lietuvoje ir jos poveikis kult\u016bros atsinaujinimui\u201c, vykusioje Valdov\u0173 r\u016bmuose. Konferencija skirta daugelyje Europos \u0161ali\u0173 minimam 500 met\u0173 Reformacijos jubiliejui. [&hellip;]<\/p>\n","protected":false},"author":1,"featured_media":0,"comment_status":"closed","ping_status":"closed","sticky":false,"template":"","format":"standard","meta":{"footnotes":""},"categories":[1],"tags":[],"class_list":["post-3277","post","type-post","status-publish","format-standard","hentry","category-naujienos"],"yoast_head":"<!-- This site is optimized with the Yoast SEO plugin v27.5 - https:\/\/yoast.com\/product\/yoast-seo-wordpress\/ -->\n<title>Dalyvavome tarptautin\u0117je mokslin\u0117je konferencijoje Vilniaus suaugusi\u0173j\u0173 mokymo centras  - Vilniaus suaugusi\u0173j\u0173 mokymo centras<\/title>\n<meta name=\"description\" content=\"Dalyvavome tarptautin\u0117je mokslin\u0117je konferencijoje Vilniaus suaugusi\u0173j\u0173 mokymo centras\" \/>\n<meta name=\"robots\" content=\"index, follow, max-snippet:-1, max-image-preview:large, max-video-preview:-1\" \/>\n<link rel=\"canonical\" href=\"https:\/\/vsmc.lt\/?p=3277\" \/>\n<meta property=\"og:locale\" content=\"lt_LT\" \/>\n<meta property=\"og:type\" content=\"article\" \/>\n<meta property=\"og:title\" content=\"Dalyvavome tarptautin\u0117je mokslin\u0117je konferencijoje Vilniaus suaugusi\u0173j\u0173 mokymo centras  - Vilniaus suaugusi\u0173j\u0173 mokymo centras\" \/>\n<meta property=\"og:description\" content=\"Dalyvavome tarptautin\u0117je mokslin\u0117je konferencijoje Vilniaus suaugusi\u0173j\u0173 mokymo centras\" \/>\n<meta property=\"og:url\" content=\"https:\/\/vsmc.lt\/?p=3277\" \/>\n<meta property=\"og:site_name\" content=\"Vilniaus suaugusi\u0173j\u0173 mokymo centras\" \/>\n<meta property=\"article:publisher\" content=\"https:\/\/www.facebook.com\/p\/Vilniaus-suaugusij-mokymo-centras-VSMC-gimnazija-100034428106674\/\" \/>\n<meta property=\"article:published_time\" content=\"2017-10-27T09:11:22+00:00\" \/>\n<meta property=\"article:modified_time\" content=\"2018-04-19T06:49:32+00:00\" \/>\n<meta property=\"og:image\" content=\"http:\/\/vsmc.lt\/wp-content\/uploads\/2017\/11\/03\/IMG_20171026_115258-2-640x360.jpg\" \/>\n<meta name=\"author\" content=\"vsmc\" \/>\n<meta name=\"twitter:card\" content=\"summary_large_image\" \/>\n<meta name=\"twitter:label1\" content=\"Written by\" \/>\n\t<meta name=\"twitter:data1\" content=\"vsmc\" \/>\n\t<meta name=\"twitter:label2\" content=\"Est. reading time\" \/>\n\t<meta name=\"twitter:data2\" content=\"1 minut\u0117\" \/>\n<script type=\"application\/ld+json\" class=\"yoast-schema-graph\">{\"@context\":\"https:\\\/\\\/schema.org\",\"@graph\":[{\"@type\":\"Article\",\"@id\":\"https:\\\/\\\/vsmc.lt\\\/?p=3277#article\",\"isPartOf\":{\"@id\":\"https:\\\/\\\/vsmc.lt\\\/?p=3277\"},\"author\":{\"name\":\"vsmc\",\"@id\":\"https:\\\/\\\/vsmc.lt\\\/#\\\/schema\\\/person\\\/f908112af7b3b7eb0f58e68efc84ed3b\"},\"headline\":\"Dalyvavome tarptautin\u0117je mokslin\u0117je konferencijoje\",\"datePublished\":\"2017-10-27T09:11:22+00:00\",\"dateModified\":\"2018-04-19T06:49:32+00:00\",\"mainEntityOfPage\":{\"@id\":\"https:\\\/\\\/vsmc.lt\\\/?p=3277\"},\"wordCount\":165,\"publisher\":{\"@id\":\"https:\\\/\\\/vsmc.lt\\\/#organization\"},\"image\":{\"@id\":\"https:\\\/\\\/vsmc.lt\\\/?p=3277#primaryimage\"},\"thumbnailUrl\":\"http:\\\/\\\/vsmc.lt\\\/wp-content\\\/uploads\\\/2017\\\/11\\\/03\\\/IMG_20171026_115258-2-640x360.jpg\",\"articleSection\":[\"Naujienos\"],\"inLanguage\":\"lt-LT\"},{\"@type\":\"WebPage\",\"@id\":\"https:\\\/\\\/vsmc.lt\\\/?p=3277\",\"url\":\"https:\\\/\\\/vsmc.lt\\\/?p=3277\",\"name\":\"Dalyvavome tarptautin\u0117je mokslin\u0117je konferencijoje Vilniaus suaugusi\u0173j\u0173 mokymo centras - Vilniaus suaugusi\u0173j\u0173 mokymo centras\",\"isPartOf\":{\"@id\":\"https:\\\/\\\/vsmc.lt\\\/#website\"},\"primaryImageOfPage\":{\"@id\":\"https:\\\/\\\/vsmc.lt\\\/?p=3277#primaryimage\"},\"image\":{\"@id\":\"https:\\\/\\\/vsmc.lt\\\/?p=3277#primaryimage\"},\"thumbnailUrl\":\"http:\\\/\\\/vsmc.lt\\\/wp-content\\\/uploads\\\/2017\\\/11\\\/03\\\/IMG_20171026_115258-2-640x360.jpg\",\"datePublished\":\"2017-10-27T09:11:22+00:00\",\"dateModified\":\"2018-04-19T06:49:32+00:00\",\"description\":\"Dalyvavome tarptautin\u0117je mokslin\u0117je konferencijoje Vilniaus suaugusi\u0173j\u0173 mokymo centras\",\"breadcrumb\":{\"@id\":\"https:\\\/\\\/vsmc.lt\\\/?p=3277#breadcrumb\"},\"inLanguage\":\"lt-LT\",\"potentialAction\":[{\"@type\":\"ReadAction\",\"target\":[\"https:\\\/\\\/vsmc.lt\\\/?p=3277\"]}]},{\"@type\":\"ImageObject\",\"inLanguage\":\"lt-LT\",\"@id\":\"https:\\\/\\\/vsmc.lt\\\/?p=3277#primaryimage\",\"url\":\"http:\\\/\\\/vsmc.lt\\\/wp-content\\\/uploads\\\/2017\\\/11\\\/03\\\/IMG_20171026_115258-2-640x360.jpg\",\"contentUrl\":\"http:\\\/\\\/vsmc.lt\\\/wp-content\\\/uploads\\\/2017\\\/11\\\/03\\\/IMG_20171026_115258-2-640x360.jpg\"},{\"@type\":\"BreadcrumbList\",\"@id\":\"https:\\\/\\\/vsmc.lt\\\/?p=3277#breadcrumb\",\"itemListElement\":[{\"@type\":\"ListItem\",\"position\":1,\"name\":\"Home\",\"item\":\"https:\\\/\\\/vsmc.lt\\\/\"},{\"@type\":\"ListItem\",\"position\":2,\"name\":\"Dalyvavome tarptautin\u0117je mokslin\u0117je konferencijoje\"}]},{\"@type\":\"WebSite\",\"@id\":\"https:\\\/\\\/vsmc.lt\\\/#website\",\"url\":\"https:\\\/\\\/vsmc.lt\\\/\",\"name\":\"Vilniaus suaugusi\u0173j\u0173 mokymo centras\",\"description\":\"VSMC\",\"publisher\":{\"@id\":\"https:\\\/\\\/vsmc.lt\\\/#organization\"},\"alternateName\":\"VSMC\",\"potentialAction\":[{\"@type\":\"SearchAction\",\"target\":{\"@type\":\"EntryPoint\",\"urlTemplate\":\"https:\\\/\\\/vsmc.lt\\\/?s={search_term_string}\"},\"query-input\":{\"@type\":\"PropertyValueSpecification\",\"valueRequired\":true,\"valueName\":\"search_term_string\"}}],\"inLanguage\":\"lt-LT\"},{\"@type\":\"Organization\",\"@id\":\"https:\\\/\\\/vsmc.lt\\\/#organization\",\"name\":\"Vilniaus suaugusi\u0173j\u0173 mokymo centras\",\"alternateName\":\"VSMC\",\"url\":\"https:\\\/\\\/vsmc.lt\\\/\",\"logo\":{\"@type\":\"ImageObject\",\"inLanguage\":\"lt-LT\",\"@id\":\"https:\\\/\\\/vsmc.lt\\\/#\\\/schema\\\/logo\\\/image\\\/\",\"url\":\"https:\\\/\\\/vsmc.lt\\\/wp-content\\\/uploads\\\/2016\\\/11\\\/15\\\/logo.png\",\"contentUrl\":\"https:\\\/\\\/vsmc.lt\\\/wp-content\\\/uploads\\\/2016\\\/11\\\/15\\\/logo.png\",\"width\":96,\"height\":121,\"caption\":\"Vilniaus suaugusi\u0173j\u0173 mokymo centras\"},\"image\":{\"@id\":\"https:\\\/\\\/vsmc.lt\\\/#\\\/schema\\\/logo\\\/image\\\/\"},\"sameAs\":[\"https:\\\/\\\/www.facebook.com\\\/p\\\/Vilniaus-suaugusij-mokymo-centras-VSMC-gimnazija-100034428106674\\\/\"]},{\"@type\":\"Person\",\"@id\":\"https:\\\/\\\/vsmc.lt\\\/#\\\/schema\\\/person\\\/f908112af7b3b7eb0f58e68efc84ed3b\",\"name\":\"vsmc\",\"image\":{\"@type\":\"ImageObject\",\"inLanguage\":\"lt-LT\",\"@id\":\"https:\\\/\\\/secure.gravatar.com\\\/avatar\\\/c98f8cf094a0c3815db557f5d303882682ae3622ba8eff672c992e55217b1a89?s=96&d=mm&r=g\",\"url\":\"https:\\\/\\\/secure.gravatar.com\\\/avatar\\\/c98f8cf094a0c3815db557f5d303882682ae3622ba8eff672c992e55217b1a89?s=96&d=mm&r=g\",\"contentUrl\":\"https:\\\/\\\/secure.gravatar.com\\\/avatar\\\/c98f8cf094a0c3815db557f5d303882682ae3622ba8eff672c992e55217b1a89?s=96&d=mm&r=g\",\"caption\":\"vsmc\"},\"url\":\"https:\\\/\\\/vsmc.lt\\\/?author=1\"}]}<\/script>\n<!-- \/ Yoast SEO plugin. -->","yoast_head_json":{"title":"Dalyvavome tarptautin\u0117je mokslin\u0117je konferencijoje Vilniaus suaugusi\u0173j\u0173 mokymo centras  - Vilniaus suaugusi\u0173j\u0173 mokymo centras","description":"Dalyvavome tarptautin\u0117je mokslin\u0117je konferencijoje Vilniaus suaugusi\u0173j\u0173 mokymo centras","robots":{"index":"index","follow":"follow","max-snippet":"max-snippet:-1","max-image-preview":"max-image-preview:large","max-video-preview":"max-video-preview:-1"},"canonical":"https:\/\/vsmc.lt\/?p=3277","og_locale":"lt_LT","og_type":"article","og_title":"Dalyvavome tarptautin\u0117je mokslin\u0117je konferencijoje Vilniaus suaugusi\u0173j\u0173 mokymo centras  - Vilniaus suaugusi\u0173j\u0173 mokymo centras","og_description":"Dalyvavome tarptautin\u0117je mokslin\u0117je konferencijoje Vilniaus suaugusi\u0173j\u0173 mokymo centras","og_url":"https:\/\/vsmc.lt\/?p=3277","og_site_name":"Vilniaus suaugusi\u0173j\u0173 mokymo centras","article_publisher":"https:\/\/www.facebook.com\/p\/Vilniaus-suaugusij-mokymo-centras-VSMC-gimnazija-100034428106674\/","article_published_time":"2017-10-27T09:11:22+00:00","article_modified_time":"2018-04-19T06:49:32+00:00","og_image":[{"url":"http:\/\/vsmc.lt\/wp-content\/uploads\/2017\/11\/03\/IMG_20171026_115258-2-640x360.jpg","type":"","width":"","height":""}],"author":"vsmc","twitter_card":"summary_large_image","twitter_misc":{"Written by":"vsmc","Est. reading time":"1 minut\u0117"},"schema":{"@context":"https:\/\/schema.org","@graph":[{"@type":"Article","@id":"https:\/\/vsmc.lt\/?p=3277#article","isPartOf":{"@id":"https:\/\/vsmc.lt\/?p=3277"},"author":{"name":"vsmc","@id":"https:\/\/vsmc.lt\/#\/schema\/person\/f908112af7b3b7eb0f58e68efc84ed3b"},"headline":"Dalyvavome tarptautin\u0117je mokslin\u0117je konferencijoje","datePublished":"2017-10-27T09:11:22+00:00","dateModified":"2018-04-19T06:49:32+00:00","mainEntityOfPage":{"@id":"https:\/\/vsmc.lt\/?p=3277"},"wordCount":165,"publisher":{"@id":"https:\/\/vsmc.lt\/#organization"},"image":{"@id":"https:\/\/vsmc.lt\/?p=3277#primaryimage"},"thumbnailUrl":"http:\/\/vsmc.lt\/wp-content\/uploads\/2017\/11\/03\/IMG_20171026_115258-2-640x360.jpg","articleSection":["Naujienos"],"inLanguage":"lt-LT"},{"@type":"WebPage","@id":"https:\/\/vsmc.lt\/?p=3277","url":"https:\/\/vsmc.lt\/?p=3277","name":"Dalyvavome tarptautin\u0117je mokslin\u0117je konferencijoje Vilniaus suaugusi\u0173j\u0173 mokymo centras - Vilniaus suaugusi\u0173j\u0173 mokymo centras","isPartOf":{"@id":"https:\/\/vsmc.lt\/#website"},"primaryImageOfPage":{"@id":"https:\/\/vsmc.lt\/?p=3277#primaryimage"},"image":{"@id":"https:\/\/vsmc.lt\/?p=3277#primaryimage"},"thumbnailUrl":"http:\/\/vsmc.lt\/wp-content\/uploads\/2017\/11\/03\/IMG_20171026_115258-2-640x360.jpg","datePublished":"2017-10-27T09:11:22+00:00","dateModified":"2018-04-19T06:49:32+00:00","description":"Dalyvavome tarptautin\u0117je mokslin\u0117je konferencijoje Vilniaus suaugusi\u0173j\u0173 mokymo centras","breadcrumb":{"@id":"https:\/\/vsmc.lt\/?p=3277#breadcrumb"},"inLanguage":"lt-LT","potentialAction":[{"@type":"ReadAction","target":["https:\/\/vsmc.lt\/?p=3277"]}]},{"@type":"ImageObject","inLanguage":"lt-LT","@id":"https:\/\/vsmc.lt\/?p=3277#primaryimage","url":"http:\/\/vsmc.lt\/wp-content\/uploads\/2017\/11\/03\/IMG_20171026_115258-2-640x360.jpg","contentUrl":"http:\/\/vsmc.lt\/wp-content\/uploads\/2017\/11\/03\/IMG_20171026_115258-2-640x360.jpg"},{"@type":"BreadcrumbList","@id":"https:\/\/vsmc.lt\/?p=3277#breadcrumb","itemListElement":[{"@type":"ListItem","position":1,"name":"Home","item":"https:\/\/vsmc.lt\/"},{"@type":"ListItem","position":2,"name":"Dalyvavome tarptautin\u0117je mokslin\u0117je konferencijoje"}]},{"@type":"WebSite","@id":"https:\/\/vsmc.lt\/#website","url":"https:\/\/vsmc.lt\/","name":"Vilniaus suaugusi\u0173j\u0173 mokymo centras","description":"VSMC","publisher":{"@id":"https:\/\/vsmc.lt\/#organization"},"alternateName":"VSMC","potentialAction":[{"@type":"SearchAction","target":{"@type":"EntryPoint","urlTemplate":"https:\/\/vsmc.lt\/?s={search_term_string}"},"query-input":{"@type":"PropertyValueSpecification","valueRequired":true,"valueName":"search_term_string"}}],"inLanguage":"lt-LT"},{"@type":"Organization","@id":"https:\/\/vsmc.lt\/#organization","name":"Vilniaus suaugusi\u0173j\u0173 mokymo centras","alternateName":"VSMC","url":"https:\/\/vsmc.lt\/","logo":{"@type":"ImageObject","inLanguage":"lt-LT","@id":"https:\/\/vsmc.lt\/#\/schema\/logo\/image\/","url":"https:\/\/vsmc.lt\/wp-content\/uploads\/2016\/11\/15\/logo.png","contentUrl":"https:\/\/vsmc.lt\/wp-content\/uploads\/2016\/11\/15\/logo.png","width":96,"height":121,"caption":"Vilniaus suaugusi\u0173j\u0173 mokymo centras"},"image":{"@id":"https:\/\/vsmc.lt\/#\/schema\/logo\/image\/"},"sameAs":["https:\/\/www.facebook.com\/p\/Vilniaus-suaugusij-mokymo-centras-VSMC-gimnazija-100034428106674\/"]},{"@type":"Person","@id":"https:\/\/vsmc.lt\/#\/schema\/person\/f908112af7b3b7eb0f58e68efc84ed3b","name":"vsmc","image":{"@type":"ImageObject","inLanguage":"lt-LT","@id":"https:\/\/secure.gravatar.com\/avatar\/c98f8cf094a0c3815db557f5d303882682ae3622ba8eff672c992e55217b1a89?s=96&d=mm&r=g","url":"https:\/\/secure.gravatar.com\/avatar\/c98f8cf094a0c3815db557f5d303882682ae3622ba8eff672c992e55217b1a89?s=96&d=mm&r=g","contentUrl":"https:\/\/secure.gravatar.com\/avatar\/c98f8cf094a0c3815db557f5d303882682ae3622ba8eff672c992e55217b1a89?s=96&d=mm&r=g","caption":"vsmc"},"url":"https:\/\/vsmc.lt\/?author=1"}]}},"_links":{"self":[{"href":"https:\/\/vsmc.lt\/index.php?rest_route=\/wp\/v2\/posts\/3277","targetHints":{"allow":["GET"]}}],"collection":[{"href":"https:\/\/vsmc.lt\/index.php?rest_route=\/wp\/v2\/posts"}],"about":[{"href":"https:\/\/vsmc.lt\/index.php?rest_route=\/wp\/v2\/types\/post"}],"author":[{"embeddable":true,"href":"https:\/\/vsmc.lt\/index.php?rest_route=\/wp\/v2\/users\/1"}],"replies":[{"embeddable":true,"href":"https:\/\/vsmc.lt\/index.php?rest_route=%2Fwp%2Fv2%2Fcomments&post=3277"}],"version-history":[{"count":1,"href":"https:\/\/vsmc.lt\/index.php?rest_route=\/wp\/v2\/posts\/3277\/revisions"}],"predecessor-version":[{"id":3279,"href":"https:\/\/vsmc.lt\/index.php?rest_route=\/wp\/v2\/posts\/3277\/revisions\/3279"}],"wp:attachment":[{"href":"https:\/\/vsmc.lt\/index.php?rest_route=%2Fwp%2Fv2%2Fmedia&parent=3277"}],"wp:term":[{"taxonomy":"category","embeddable":true,"href":"https:\/\/vsmc.lt\/index.php?rest_route=%2Fwp%2Fv2%2Fcategories&post=3277"},{"taxonomy":"post_tag","embeddable":true,"href":"https:\/\/vsmc.lt\/index.php?rest_route=%2Fwp%2Fv2%2Ftags&post=3277"}],"curies":[{"name":"wp","href":"https:\/\/api.w.org\/{rel}","templated":true}]}}