{"id":3311,"date":"2017-11-22T11:36:23","date_gmt":"2017-11-22T08:36:23","guid":{"rendered":"http:\/\/vsmc.lt\/?p=3311"},"modified":"2018-04-19T09:49:31","modified_gmt":"2018-04-19T06:49:31","slug":"suaugusiuju-svietimo-savaite-pradejome-projekto-reformacijai-500-pristatymu","status":"publish","type":"post","link":"https:\/\/vsmc.lt\/?p=3311","title":{"rendered":"Suaugusi\u0173j\u0173 \u0161vietimo savait\u0119 prad\u0117jome projekto \u201eReformacijai \u2013 500\u201c pristatymu"},"content":{"rendered":"<p>\u0160. m. lapkri\u010dio 20 d. VSMC pos\u0117d\u017ei\u0173 sal\u0117je vyko trumpalaikio integruoto mokyklinio istorijos, lietuvi\u0173 kalbos ir literat\u016bros, etikos ir dail\u0117s projekto \u201eReformacijai \u2013 500\u201c baigiamasis renginys. Projekte, kurio tikslas \u2013 pamin\u0117ti Reformacijos 500 met\u0173 jubiliej\u0173 ir pagilinti \u017einias apie \u0161\u012f jud\u0117jim\u0105 Vakar\u0173 Europoje ir Lietuvos Did\u017eiojoje Kunigaik\u0161tyst\u0117je, dalyvavo IV-t\u0173 klasi\u0173 mokiniai.<\/p>\n<p>Viena i\u0161 projekto dali\u0173 buvo mokini\u0173 ir istorijos mokytojos An\u017eelos Jablonskait\u0117s, etikos mokytojos Ilonos Mikul\u0117nien\u0117s, lietuvi\u0173 kalbos ir literat\u016bros mokytojos Vitos Budinien\u0117s, dail\u0117s mokytojos Jon\u0117s Paulauskien\u0117s dalyvavimas tarptautin\u0117je mokslin\u0117je konferencijoje \u201eReformacija Lietuvoje ir jos poveikis kult\u016bros atsinaujinimui\u201c, vykusioje Valdov\u0173 r\u016bmuose. Konferencijoje mokiniai susipa\u017eino su naujausiais Reformacijos tyrin\u0117jimais istorijos, teologijos ir literat\u016bros srityse.<\/p>\n<p>Projekto baigiamojo renginio metu mokiniai pristat\u0117 Reformacijos rei\u0161kin\u012f, jo reik\u0161m\u0119 Vakar\u0173 Europos ir LDK gyventojams, \u017eymiausius veik\u0117jus. Vienas i\u0161 prane\u0161im\u0173 buvo skirtas XIV a. pab. \u2013 XV a. pr. \u010cekijoje gyvenusiam teologui Janui Husui, kuris \u0161imtu met\u0173 anks\u010diau negu Martynas Liuteris \u0117m\u0117si kritikuoti katalik\u0173 ba\u017eny\u010dios dvasinink\u0173 korupcij\u0105, o \u0160vent\u0105j\u012f Ra\u0161t\u0105 mat\u0117 kaip auk\u0161\u010diausi\u0105 autoritet\u0105 tik\u0117jimo klausimais. Taip pat, vadovaujami lietuvi\u0173 kalbos ir literat\u016bros mokytojos Oksanos Aleknavi\u010dius, mokiniai pareng\u0117 literat\u016brin\u0119 kompozicij\u0105 apie XVI a. Lietuvos Did\u017eiosios Kunigaik\u0161tyst\u0117s \u0161viesuolius Martyn\u0105 Ma\u017evyd\u0105 ir Abraom\u0105 Kulviet\u012f. Renginio pabaigoje aptartas Reformacijos ir Kontrreformacijos menas Vakar\u0173 Europoje ir LDK.<\/p>\n<p>Reformacija Lietuvai atne\u0161\u0117 laisvos minties rai\u0161k\u0105, tik\u0117jimo laisv\u0119, \u012f\u017eieb\u0117 teologin\u012f disput\u0105, puosel\u0117jo \u017eod\u017eio kult\u016br\u0105, inicijavo lietuvi\u0161kos kalbos vartojim\u0105 ir sklaid\u0105, formavo ra\u0161tij\u0105. \u0160is jud\u0117jimas Lietuvai dovanojo ra\u0161ytin\u012f \u017eod\u012f, kuris pad\u0117jo i\u0161saugoti lietuvi\u0173 kalb\u0105 iki \u0161i\u0173 dien\u0173. Svarbus jis i\u0161lieka ir m\u016bs\u0173 dabartiniame gyvenime.<\/p>\n<p>Pareng\u0117 istorijos mokytoja metodinink\u0117 An\u017eela Jablonskait\u0117<\/p>\n<p><img loading=\"lazy\" decoding=\"async\" class=\"alignnone  wp-image-3328\" src=\"https:\/\/vsmc.lt\/wp-content\/uploads\/2017\/11\/22\/DSC_0011-540x360.jpg\" alt=\"\" width=\"503\" height=\"336\" srcset=\"https:\/\/vsmc.lt\/wp-content\/uploads\/2017\/11\/22\/DSC_0011-540x360.jpg 540w, https:\/\/vsmc.lt\/wp-content\/uploads\/2017\/11\/22\/DSC_0011-768x512.jpg 768w, https:\/\/vsmc.lt\/wp-content\/uploads\/2017\/11\/22\/DSC_0011-1080x720.jpg 1080w, https:\/\/vsmc.lt\/wp-content\/uploads\/2017\/11\/22\/DSC_0011-950x633.jpg 950w, https:\/\/vsmc.lt\/wp-content\/uploads\/2017\/11\/22\/DSC_0011-450x300.jpg 450w\" sizes=\"auto, (max-width: 503px) 100vw, 503px\" \/><img loading=\"lazy\" decoding=\"async\" class=\"alignnone  wp-image-3327\" src=\"https:\/\/vsmc.lt\/wp-content\/uploads\/2017\/11\/22\/DSC_0016-3-540x360.jpg\" alt=\"\" width=\"503\" height=\"335\" srcset=\"https:\/\/vsmc.lt\/wp-content\/uploads\/2017\/11\/22\/DSC_0016-3-540x360.jpg 540w, https:\/\/vsmc.lt\/wp-content\/uploads\/2017\/11\/22\/DSC_0016-3-768x512.jpg 768w, https:\/\/vsmc.lt\/wp-content\/uploads\/2017\/11\/22\/DSC_0016-3-1080x720.jpg 1080w, https:\/\/vsmc.lt\/wp-content\/uploads\/2017\/11\/22\/DSC_0016-3-950x633.jpg 950w, https:\/\/vsmc.lt\/wp-content\/uploads\/2017\/11\/22\/DSC_0016-3-450x300.jpg 450w\" sizes=\"auto, (max-width: 503px) 100vw, 503px\" \/><img loading=\"lazy\" decoding=\"async\" class=\"alignnone wp-image-3315\" src=\"https:\/\/vsmc.lt\/wp-content\/uploads\/2017\/11\/24\/DSC_0017-540x360.jpg\" alt=\"\" width=\"498\" height=\"332\" srcset=\"https:\/\/vsmc.lt\/wp-content\/uploads\/2017\/11\/24\/DSC_0017-540x360.jpg 540w, https:\/\/vsmc.lt\/wp-content\/uploads\/2017\/11\/24\/DSC_0017-768x512.jpg 768w, https:\/\/vsmc.lt\/wp-content\/uploads\/2017\/11\/24\/DSC_0017-1080x720.jpg 1080w, https:\/\/vsmc.lt\/wp-content\/uploads\/2017\/11\/24\/DSC_0017-950x633.jpg 950w, https:\/\/vsmc.lt\/wp-content\/uploads\/2017\/11\/24\/DSC_0017-450x300.jpg 450w\" sizes=\"auto, (max-width: 498px) 100vw, 498px\" \/><img loading=\"lazy\" decoding=\"async\" class=\"alignnone wp-image-3314\" src=\"https:\/\/vsmc.lt\/wp-content\/uploads\/2017\/11\/24\/DSC_0023-540x360.jpg\" alt=\"\" width=\"502\" height=\"334\" srcset=\"https:\/\/vsmc.lt\/wp-content\/uploads\/2017\/11\/24\/DSC_0023-540x360.jpg 540w, https:\/\/vsmc.lt\/wp-content\/uploads\/2017\/11\/24\/DSC_0023-768x512.jpg 768w, https:\/\/vsmc.lt\/wp-content\/uploads\/2017\/11\/24\/DSC_0023-1080x720.jpg 1080w, https:\/\/vsmc.lt\/wp-content\/uploads\/2017\/11\/24\/DSC_0023-950x633.jpg 950w, https:\/\/vsmc.lt\/wp-content\/uploads\/2017\/11\/24\/DSC_0023-450x300.jpg 450w\" sizes=\"auto, (max-width: 502px) 100vw, 502px\" \/><\/p>\n<p>&nbsp;<\/p>\n<p>&nbsp;<\/p>\n","protected":false},"excerpt":{"rendered":"<p>\u0160. m. lapkri\u010dio 20 d. VSMC pos\u0117d\u017ei\u0173 sal\u0117je vyko trumpalaikio integruoto mokyklinio istorijos, lietuvi\u0173 kalbos ir literat\u016bros, etikos ir dail\u0117s projekto \u201eReformacijai \u2013 500\u201c baigiamasis renginys. Projekte, kurio tikslas \u2013 pamin\u0117ti Reformacijos 500 met\u0173 jubiliej\u0173 ir pagilinti \u017einias apie \u0161\u012f jud\u0117jim\u0105 Vakar\u0173 Europoje ir Lietuvos Did\u017eiojoje Kunigaik\u0161tyst\u0117je, dalyvavo IV-t\u0173 klasi\u0173 mokiniai. Viena i\u0161 projekto dali\u0173 [&hellip;]<\/p>\n","protected":false},"author":1,"featured_media":0,"comment_status":"closed","ping_status":"closed","sticky":false,"template":"","format":"standard","meta":{"footnotes":""},"categories":[1],"tags":[],"class_list":["post-3311","post","type-post","status-publish","format-standard","hentry","category-naujienos"],"yoast_head":"<!-- This site is optimized with the Yoast SEO plugin v27.5 - https:\/\/yoast.com\/product\/yoast-seo-wordpress\/ -->\n<title>Suaugusi\u0173j\u0173 \u0161vietimo savait\u0119 prad\u0117jome projekto \u201eReformacijai \u2013 500\u201c pristatymu Vilniaus suaugusi\u0173j\u0173 mokymo centras  - Vilniaus suaugusi\u0173j\u0173 mokymo centras<\/title>\n<meta name=\"description\" content=\"Suaugusi\u0173j\u0173 \u0161vietimo savait\u0119 prad\u0117jome projekto \u201eReformacijai \u2013 500\u201c pristatymu Vilniaus suaugusi\u0173j\u0173 mokymo centras\" \/>\n<meta name=\"robots\" content=\"index, follow, max-snippet:-1, max-image-preview:large, max-video-preview:-1\" \/>\n<link rel=\"canonical\" href=\"https:\/\/vsmc.lt\/?p=3311\" \/>\n<meta property=\"og:locale\" content=\"lt_LT\" \/>\n<meta property=\"og:type\" content=\"article\" \/>\n<meta property=\"og:title\" content=\"Suaugusi\u0173j\u0173 \u0161vietimo savait\u0119 prad\u0117jome projekto \u201eReformacijai \u2013 500\u201c pristatymu Vilniaus suaugusi\u0173j\u0173 mokymo centras  - Vilniaus suaugusi\u0173j\u0173 mokymo centras\" \/>\n<meta property=\"og:description\" content=\"Suaugusi\u0173j\u0173 \u0161vietimo savait\u0119 prad\u0117jome projekto \u201eReformacijai \u2013 500\u201c pristatymu Vilniaus suaugusi\u0173j\u0173 mokymo centras\" \/>\n<meta property=\"og:url\" content=\"https:\/\/vsmc.lt\/?p=3311\" \/>\n<meta property=\"og:site_name\" content=\"Vilniaus suaugusi\u0173j\u0173 mokymo centras\" \/>\n<meta property=\"article:publisher\" content=\"https:\/\/www.facebook.com\/p\/Vilniaus-suaugusij-mokymo-centras-VSMC-gimnazija-100034428106674\/\" \/>\n<meta property=\"article:published_time\" content=\"2017-11-22T08:36:23+00:00\" \/>\n<meta property=\"article:modified_time\" content=\"2018-04-19T06:49:31+00:00\" \/>\n<meta property=\"og:image\" content=\"http:\/\/vsmc.lt\/wp-content\/uploads\/2017\/11\/22\/DSC_0011-540x360.jpg\" \/>\n<meta name=\"author\" content=\"vsmc\" \/>\n<meta name=\"twitter:card\" content=\"summary_large_image\" \/>\n<meta name=\"twitter:label1\" content=\"Written by\" \/>\n\t<meta name=\"twitter:data1\" content=\"vsmc\" \/>\n\t<meta name=\"twitter:label2\" content=\"Est. reading time\" \/>\n\t<meta name=\"twitter:data2\" content=\"1 minut\u0117\" \/>\n<script type=\"application\/ld+json\" class=\"yoast-schema-graph\">{\"@context\":\"https:\\\/\\\/schema.org\",\"@graph\":[{\"@type\":\"Article\",\"@id\":\"https:\\\/\\\/vsmc.lt\\\/?p=3311#article\",\"isPartOf\":{\"@id\":\"https:\\\/\\\/vsmc.lt\\\/?p=3311\"},\"author\":{\"name\":\"vsmc\",\"@id\":\"https:\\\/\\\/vsmc.lt\\\/#\\\/schema\\\/person\\\/f908112af7b3b7eb0f58e68efc84ed3b\"},\"headline\":\"Suaugusi\u0173j\u0173 \u0161vietimo savait\u0119 prad\u0117jome projekto \u201eReformacijai \u2013 500\u201c pristatymu\",\"datePublished\":\"2017-11-22T08:36:23+00:00\",\"dateModified\":\"2018-04-19T06:49:31+00:00\",\"mainEntityOfPage\":{\"@id\":\"https:\\\/\\\/vsmc.lt\\\/?p=3311\"},\"wordCount\":308,\"publisher\":{\"@id\":\"https:\\\/\\\/vsmc.lt\\\/#organization\"},\"image\":{\"@id\":\"https:\\\/\\\/vsmc.lt\\\/?p=3311#primaryimage\"},\"thumbnailUrl\":\"http:\\\/\\\/vsmc.lt\\\/wp-content\\\/uploads\\\/2017\\\/11\\\/22\\\/DSC_0011-540x360.jpg\",\"articleSection\":[\"Naujienos\"],\"inLanguage\":\"lt-LT\"},{\"@type\":\"WebPage\",\"@id\":\"https:\\\/\\\/vsmc.lt\\\/?p=3311\",\"url\":\"https:\\\/\\\/vsmc.lt\\\/?p=3311\",\"name\":\"Suaugusi\u0173j\u0173 \u0161vietimo savait\u0119 prad\u0117jome projekto \u201eReformacijai \u2013 500\u201c pristatymu Vilniaus suaugusi\u0173j\u0173 mokymo centras - Vilniaus suaugusi\u0173j\u0173 mokymo centras\",\"isPartOf\":{\"@id\":\"https:\\\/\\\/vsmc.lt\\\/#website\"},\"primaryImageOfPage\":{\"@id\":\"https:\\\/\\\/vsmc.lt\\\/?p=3311#primaryimage\"},\"image\":{\"@id\":\"https:\\\/\\\/vsmc.lt\\\/?p=3311#primaryimage\"},\"thumbnailUrl\":\"http:\\\/\\\/vsmc.lt\\\/wp-content\\\/uploads\\\/2017\\\/11\\\/22\\\/DSC_0011-540x360.jpg\",\"datePublished\":\"2017-11-22T08:36:23+00:00\",\"dateModified\":\"2018-04-19T06:49:31+00:00\",\"description\":\"Suaugusi\u0173j\u0173 \u0161vietimo savait\u0119 prad\u0117jome projekto \u201eReformacijai \u2013 500\u201c pristatymu Vilniaus suaugusi\u0173j\u0173 mokymo centras\",\"breadcrumb\":{\"@id\":\"https:\\\/\\\/vsmc.lt\\\/?p=3311#breadcrumb\"},\"inLanguage\":\"lt-LT\",\"potentialAction\":[{\"@type\":\"ReadAction\",\"target\":[\"https:\\\/\\\/vsmc.lt\\\/?p=3311\"]}]},{\"@type\":\"ImageObject\",\"inLanguage\":\"lt-LT\",\"@id\":\"https:\\\/\\\/vsmc.lt\\\/?p=3311#primaryimage\",\"url\":\"http:\\\/\\\/vsmc.lt\\\/wp-content\\\/uploads\\\/2017\\\/11\\\/22\\\/DSC_0011-540x360.jpg\",\"contentUrl\":\"http:\\\/\\\/vsmc.lt\\\/wp-content\\\/uploads\\\/2017\\\/11\\\/22\\\/DSC_0011-540x360.jpg\"},{\"@type\":\"BreadcrumbList\",\"@id\":\"https:\\\/\\\/vsmc.lt\\\/?p=3311#breadcrumb\",\"itemListElement\":[{\"@type\":\"ListItem\",\"position\":1,\"name\":\"Home\",\"item\":\"https:\\\/\\\/vsmc.lt\\\/\"},{\"@type\":\"ListItem\",\"position\":2,\"name\":\"Suaugusi\u0173j\u0173 \u0161vietimo savait\u0119 prad\u0117jome projekto \u201eReformacijai \u2013 500\u201c pristatymu\"}]},{\"@type\":\"WebSite\",\"@id\":\"https:\\\/\\\/vsmc.lt\\\/#website\",\"url\":\"https:\\\/\\\/vsmc.lt\\\/\",\"name\":\"Vilniaus suaugusi\u0173j\u0173 mokymo centras\",\"description\":\"VSMC\",\"publisher\":{\"@id\":\"https:\\\/\\\/vsmc.lt\\\/#organization\"},\"alternateName\":\"VSMC\",\"potentialAction\":[{\"@type\":\"SearchAction\",\"target\":{\"@type\":\"EntryPoint\",\"urlTemplate\":\"https:\\\/\\\/vsmc.lt\\\/?s={search_term_string}\"},\"query-input\":{\"@type\":\"PropertyValueSpecification\",\"valueRequired\":true,\"valueName\":\"search_term_string\"}}],\"inLanguage\":\"lt-LT\"},{\"@type\":\"Organization\",\"@id\":\"https:\\\/\\\/vsmc.lt\\\/#organization\",\"name\":\"Vilniaus suaugusi\u0173j\u0173 mokymo centras\",\"alternateName\":\"VSMC\",\"url\":\"https:\\\/\\\/vsmc.lt\\\/\",\"logo\":{\"@type\":\"ImageObject\",\"inLanguage\":\"lt-LT\",\"@id\":\"https:\\\/\\\/vsmc.lt\\\/#\\\/schema\\\/logo\\\/image\\\/\",\"url\":\"https:\\\/\\\/vsmc.lt\\\/wp-content\\\/uploads\\\/2016\\\/11\\\/15\\\/logo.png\",\"contentUrl\":\"https:\\\/\\\/vsmc.lt\\\/wp-content\\\/uploads\\\/2016\\\/11\\\/15\\\/logo.png\",\"width\":96,\"height\":121,\"caption\":\"Vilniaus suaugusi\u0173j\u0173 mokymo centras\"},\"image\":{\"@id\":\"https:\\\/\\\/vsmc.lt\\\/#\\\/schema\\\/logo\\\/image\\\/\"},\"sameAs\":[\"https:\\\/\\\/www.facebook.com\\\/p\\\/Vilniaus-suaugusij-mokymo-centras-VSMC-gimnazija-100034428106674\\\/\"]},{\"@type\":\"Person\",\"@id\":\"https:\\\/\\\/vsmc.lt\\\/#\\\/schema\\\/person\\\/f908112af7b3b7eb0f58e68efc84ed3b\",\"name\":\"vsmc\",\"image\":{\"@type\":\"ImageObject\",\"inLanguage\":\"lt-LT\",\"@id\":\"https:\\\/\\\/secure.gravatar.com\\\/avatar\\\/c98f8cf094a0c3815db557f5d303882682ae3622ba8eff672c992e55217b1a89?s=96&d=mm&r=g\",\"url\":\"https:\\\/\\\/secure.gravatar.com\\\/avatar\\\/c98f8cf094a0c3815db557f5d303882682ae3622ba8eff672c992e55217b1a89?s=96&d=mm&r=g\",\"contentUrl\":\"https:\\\/\\\/secure.gravatar.com\\\/avatar\\\/c98f8cf094a0c3815db557f5d303882682ae3622ba8eff672c992e55217b1a89?s=96&d=mm&r=g\",\"caption\":\"vsmc\"},\"url\":\"https:\\\/\\\/vsmc.lt\\\/?author=1\"}]}<\/script>\n<!-- \/ Yoast SEO plugin. -->","yoast_head_json":{"title":"Suaugusi\u0173j\u0173 \u0161vietimo savait\u0119 prad\u0117jome projekto \u201eReformacijai \u2013 500\u201c pristatymu Vilniaus suaugusi\u0173j\u0173 mokymo centras  - Vilniaus suaugusi\u0173j\u0173 mokymo centras","description":"Suaugusi\u0173j\u0173 \u0161vietimo savait\u0119 prad\u0117jome projekto \u201eReformacijai \u2013 500\u201c pristatymu Vilniaus suaugusi\u0173j\u0173 mokymo centras","robots":{"index":"index","follow":"follow","max-snippet":"max-snippet:-1","max-image-preview":"max-image-preview:large","max-video-preview":"max-video-preview:-1"},"canonical":"https:\/\/vsmc.lt\/?p=3311","og_locale":"lt_LT","og_type":"article","og_title":"Suaugusi\u0173j\u0173 \u0161vietimo savait\u0119 prad\u0117jome projekto \u201eReformacijai \u2013 500\u201c pristatymu Vilniaus suaugusi\u0173j\u0173 mokymo centras  - Vilniaus suaugusi\u0173j\u0173 mokymo centras","og_description":"Suaugusi\u0173j\u0173 \u0161vietimo savait\u0119 prad\u0117jome projekto \u201eReformacijai \u2013 500\u201c pristatymu Vilniaus suaugusi\u0173j\u0173 mokymo centras","og_url":"https:\/\/vsmc.lt\/?p=3311","og_site_name":"Vilniaus suaugusi\u0173j\u0173 mokymo centras","article_publisher":"https:\/\/www.facebook.com\/p\/Vilniaus-suaugusij-mokymo-centras-VSMC-gimnazija-100034428106674\/","article_published_time":"2017-11-22T08:36:23+00:00","article_modified_time":"2018-04-19T06:49:31+00:00","og_image":[{"url":"http:\/\/vsmc.lt\/wp-content\/uploads\/2017\/11\/22\/DSC_0011-540x360.jpg","type":"","width":"","height":""}],"author":"vsmc","twitter_card":"summary_large_image","twitter_misc":{"Written by":"vsmc","Est. reading time":"1 minut\u0117"},"schema":{"@context":"https:\/\/schema.org","@graph":[{"@type":"Article","@id":"https:\/\/vsmc.lt\/?p=3311#article","isPartOf":{"@id":"https:\/\/vsmc.lt\/?p=3311"},"author":{"name":"vsmc","@id":"https:\/\/vsmc.lt\/#\/schema\/person\/f908112af7b3b7eb0f58e68efc84ed3b"},"headline":"Suaugusi\u0173j\u0173 \u0161vietimo savait\u0119 prad\u0117jome projekto \u201eReformacijai \u2013 500\u201c pristatymu","datePublished":"2017-11-22T08:36:23+00:00","dateModified":"2018-04-19T06:49:31+00:00","mainEntityOfPage":{"@id":"https:\/\/vsmc.lt\/?p=3311"},"wordCount":308,"publisher":{"@id":"https:\/\/vsmc.lt\/#organization"},"image":{"@id":"https:\/\/vsmc.lt\/?p=3311#primaryimage"},"thumbnailUrl":"http:\/\/vsmc.lt\/wp-content\/uploads\/2017\/11\/22\/DSC_0011-540x360.jpg","articleSection":["Naujienos"],"inLanguage":"lt-LT"},{"@type":"WebPage","@id":"https:\/\/vsmc.lt\/?p=3311","url":"https:\/\/vsmc.lt\/?p=3311","name":"Suaugusi\u0173j\u0173 \u0161vietimo savait\u0119 prad\u0117jome projekto \u201eReformacijai \u2013 500\u201c pristatymu Vilniaus suaugusi\u0173j\u0173 mokymo centras - Vilniaus suaugusi\u0173j\u0173 mokymo centras","isPartOf":{"@id":"https:\/\/vsmc.lt\/#website"},"primaryImageOfPage":{"@id":"https:\/\/vsmc.lt\/?p=3311#primaryimage"},"image":{"@id":"https:\/\/vsmc.lt\/?p=3311#primaryimage"},"thumbnailUrl":"http:\/\/vsmc.lt\/wp-content\/uploads\/2017\/11\/22\/DSC_0011-540x360.jpg","datePublished":"2017-11-22T08:36:23+00:00","dateModified":"2018-04-19T06:49:31+00:00","description":"Suaugusi\u0173j\u0173 \u0161vietimo savait\u0119 prad\u0117jome projekto \u201eReformacijai \u2013 500\u201c pristatymu Vilniaus suaugusi\u0173j\u0173 mokymo centras","breadcrumb":{"@id":"https:\/\/vsmc.lt\/?p=3311#breadcrumb"},"inLanguage":"lt-LT","potentialAction":[{"@type":"ReadAction","target":["https:\/\/vsmc.lt\/?p=3311"]}]},{"@type":"ImageObject","inLanguage":"lt-LT","@id":"https:\/\/vsmc.lt\/?p=3311#primaryimage","url":"http:\/\/vsmc.lt\/wp-content\/uploads\/2017\/11\/22\/DSC_0011-540x360.jpg","contentUrl":"http:\/\/vsmc.lt\/wp-content\/uploads\/2017\/11\/22\/DSC_0011-540x360.jpg"},{"@type":"BreadcrumbList","@id":"https:\/\/vsmc.lt\/?p=3311#breadcrumb","itemListElement":[{"@type":"ListItem","position":1,"name":"Home","item":"https:\/\/vsmc.lt\/"},{"@type":"ListItem","position":2,"name":"Suaugusi\u0173j\u0173 \u0161vietimo savait\u0119 prad\u0117jome projekto \u201eReformacijai \u2013 500\u201c pristatymu"}]},{"@type":"WebSite","@id":"https:\/\/vsmc.lt\/#website","url":"https:\/\/vsmc.lt\/","name":"Vilniaus suaugusi\u0173j\u0173 mokymo centras","description":"VSMC","publisher":{"@id":"https:\/\/vsmc.lt\/#organization"},"alternateName":"VSMC","potentialAction":[{"@type":"SearchAction","target":{"@type":"EntryPoint","urlTemplate":"https:\/\/vsmc.lt\/?s={search_term_string}"},"query-input":{"@type":"PropertyValueSpecification","valueRequired":true,"valueName":"search_term_string"}}],"inLanguage":"lt-LT"},{"@type":"Organization","@id":"https:\/\/vsmc.lt\/#organization","name":"Vilniaus suaugusi\u0173j\u0173 mokymo centras","alternateName":"VSMC","url":"https:\/\/vsmc.lt\/","logo":{"@type":"ImageObject","inLanguage":"lt-LT","@id":"https:\/\/vsmc.lt\/#\/schema\/logo\/image\/","url":"https:\/\/vsmc.lt\/wp-content\/uploads\/2016\/11\/15\/logo.png","contentUrl":"https:\/\/vsmc.lt\/wp-content\/uploads\/2016\/11\/15\/logo.png","width":96,"height":121,"caption":"Vilniaus suaugusi\u0173j\u0173 mokymo centras"},"image":{"@id":"https:\/\/vsmc.lt\/#\/schema\/logo\/image\/"},"sameAs":["https:\/\/www.facebook.com\/p\/Vilniaus-suaugusij-mokymo-centras-VSMC-gimnazija-100034428106674\/"]},{"@type":"Person","@id":"https:\/\/vsmc.lt\/#\/schema\/person\/f908112af7b3b7eb0f58e68efc84ed3b","name":"vsmc","image":{"@type":"ImageObject","inLanguage":"lt-LT","@id":"https:\/\/secure.gravatar.com\/avatar\/c98f8cf094a0c3815db557f5d303882682ae3622ba8eff672c992e55217b1a89?s=96&d=mm&r=g","url":"https:\/\/secure.gravatar.com\/avatar\/c98f8cf094a0c3815db557f5d303882682ae3622ba8eff672c992e55217b1a89?s=96&d=mm&r=g","contentUrl":"https:\/\/secure.gravatar.com\/avatar\/c98f8cf094a0c3815db557f5d303882682ae3622ba8eff672c992e55217b1a89?s=96&d=mm&r=g","caption":"vsmc"},"url":"https:\/\/vsmc.lt\/?author=1"}]}},"_links":{"self":[{"href":"https:\/\/vsmc.lt\/index.php?rest_route=\/wp\/v2\/posts\/3311","targetHints":{"allow":["GET"]}}],"collection":[{"href":"https:\/\/vsmc.lt\/index.php?rest_route=\/wp\/v2\/posts"}],"about":[{"href":"https:\/\/vsmc.lt\/index.php?rest_route=\/wp\/v2\/types\/post"}],"author":[{"embeddable":true,"href":"https:\/\/vsmc.lt\/index.php?rest_route=\/wp\/v2\/users\/1"}],"replies":[{"embeddable":true,"href":"https:\/\/vsmc.lt\/index.php?rest_route=%2Fwp%2Fv2%2Fcomments&post=3311"}],"version-history":[{"count":6,"href":"https:\/\/vsmc.lt\/index.php?rest_route=\/wp\/v2\/posts\/3311\/revisions"}],"predecessor-version":[{"id":3329,"href":"https:\/\/vsmc.lt\/index.php?rest_route=\/wp\/v2\/posts\/3311\/revisions\/3329"}],"wp:attachment":[{"href":"https:\/\/vsmc.lt\/index.php?rest_route=%2Fwp%2Fv2%2Fmedia&parent=3311"}],"wp:term":[{"taxonomy":"category","embeddable":true,"href":"https:\/\/vsmc.lt\/index.php?rest_route=%2Fwp%2Fv2%2Fcategories&post=3311"},{"taxonomy":"post_tag","embeddable":true,"href":"https:\/\/vsmc.lt\/index.php?rest_route=%2Fwp%2Fv2%2Ftags&post=3311"}],"curies":[{"name":"wp","href":"https:\/\/api.w.org\/{rel}","templated":true}]}}