{"id":3452,"date":"2018-01-15T15:18:18","date_gmt":"2018-01-15T12:18:18","guid":{"rendered":"http:\/\/vsmc.lt\/?p=3452"},"modified":"2018-04-19T09:49:30","modified_gmt":"2018-04-19T06:49:30","slug":"paminejome-laisves-gyneju-diena","status":"publish","type":"post","link":"https:\/\/vsmc.lt\/?p=3452","title":{"rendered":"Pamin\u0117jome Laisv\u0117s gyn\u0117j\u0173 dien\u0105"},"content":{"rendered":"<p>Kaip ir kasmet, \u017evarb\u0173 sausio vakar\u0105 gimnazijoje \u012fvyko atvira integruota istorijos ir pilieti\u0161kumo pagrind\u0173 pamoka-min\u0117jimas, skirtas Sausio 13-osios \u012fvyki\u0173 27-osioms metin\u0117ms pamin\u0117ti. Pamokoje dalyvavo centro bendruomen\u0117 ir vie\u0161nia i\u0161 Lietuvos \u0161auli\u0173 s\u0105jungos Viktorija Jankauskait\u0117.<\/p>\n<p>Pamokos tikslas \u2013 pamin\u0117ti Lietuvai nepaprastai svarbi\u0105 dat\u0105. Sausio 13-oji \u2013 tai ne tik gyva atmintis apie tai, kaip vieningai susitelk\u0119, aukodamiesi \u017emon\u0117s kovojo u\u017e laisv\u0119, tai kur kas daugiau \u2013 tai jausmas \u0161irdyje, meil\u0117 Lietuvai, liudijimas, kad \u017emon\u0117s, jei reikia, gali mirti u\u017e T\u0117vyn\u0119.<\/p>\n<p>Min\u0117jim\u0105 prad\u0117jome sugiedodami Lietuvos himn\u0105, po to prasming\u0105 \u017eod\u012f tar\u0117 gimnazijos direktor\u0117.<\/p>\n<p>Istorijos mokytojai An\u017eelai Jablonskaitei priminus \u017euvusi\u0173j\u0173 vardus, susikaup\u0117me tylos minutei.<\/p>\n<p>V\u0117liau Karaliaus Mindaugo \u0161auli\u0173 10-osios rinktin\u0117s vyresn. specialist\u0117 V. Jankauskait\u0117 pasidalino mintimis apie Sausio 13-osios \u012fvyki\u0173 reik\u0161m\u0119 ir dabartinius i\u0161\u0161\u016bkius ginant ir saugant \u0161alies laisv\u0119, supa\u017eindino su \u012fvairiapuse \u0160auli\u0173 s\u0105jungos veikla.<\/p>\n<p>Pamok\u0105-min\u0117jim\u0105 \u017evaku\u010di\u0173 \u0161viesoje baig\u0117me drauge sudainav\u0119 E. Masyt\u0117s dain\u0105 \u201eLaisv\u0117\u201c. Nors turb\u016bt kiekvienas mokame jos \u017eod\u017eius, ta\u010diau jie niekada nepraras savo svarbos.<\/p>\n<p>Penktadien\u012f, sausio 12-\u0105j\u0105, neakivaizdini\u0173 III-IV klasi\u0173 mokiniai, lydimi istorijos ir pilieti\u0161kumo pagrind\u0173 mokytojos A. Jablonskait\u0117s ir etikos mokytojos Ilonos Mikul\u0117nien\u0117s dalyvavo atvir\u0173 dur\u0173 renginiuose Seime, Laisv\u0117s gyn\u0117j\u0173 dien\u0105 min\u0117jo prie atminimo lau\u017e\u0173.<\/p>\n<p>&nbsp;<\/p>\n<p>Pareng\u0117 lietuvi\u0173 kalbos ir literat\u016bros vyresnioji mokytoja Oksana Aleknavi\u010dius<\/p>\n<p><img loading=\"lazy\" decoding=\"async\" class=\"alignnone wp-image-3453\" src=\"https:\/\/vsmc.lt\/wp-content\/uploads\/2018\/01\/15\/Untitled-collage-8-360x360.jpg\" alt=\"\" width=\"444\" height=\"444\" srcset=\"https:\/\/vsmc.lt\/wp-content\/uploads\/2018\/01\/15\/Untitled-collage-8-360x360.jpg 360w, https:\/\/vsmc.lt\/wp-content\/uploads\/2018\/01\/15\/Untitled-collage-8-768x768.jpg 768w, https:\/\/vsmc.lt\/wp-content\/uploads\/2018\/01\/15\/Untitled-collage-8-720x720.jpg 720w, https:\/\/vsmc.lt\/wp-content\/uploads\/2018\/01\/15\/Untitled-collage-8-950x950.jpg 950w, https:\/\/vsmc.lt\/wp-content\/uploads\/2018\/01\/15\/Untitled-collage-8-450x450.jpg 450w, https:\/\/vsmc.lt\/wp-content\/uploads\/2018\/01\/15\/Untitled-collage-8.jpg 2000w\" sizes=\"auto, (max-width: 444px) 100vw, 444px\" \/><img loading=\"lazy\" decoding=\"async\" class=\"alignnone wp-image-3454\" src=\"https:\/\/vsmc.lt\/wp-content\/uploads\/2018\/01\/15\/DSC_0402-540x360.jpg\" alt=\"\" width=\"611\" height=\"408\" srcset=\"https:\/\/vsmc.lt\/wp-content\/uploads\/2018\/01\/15\/DSC_0402-540x360.jpg 540w, https:\/\/vsmc.lt\/wp-content\/uploads\/2018\/01\/15\/DSC_0402-768x512.jpg 768w, https:\/\/vsmc.lt\/wp-content\/uploads\/2018\/01\/15\/DSC_0402-1080x720.jpg 1080w, https:\/\/vsmc.lt\/wp-content\/uploads\/2018\/01\/15\/DSC_0402-950x633.jpg 950w, https:\/\/vsmc.lt\/wp-content\/uploads\/2018\/01\/15\/DSC_0402-450x300.jpg 450w\" sizes=\"auto, (max-width: 611px) 100vw, 611px\" \/><img loading=\"lazy\" decoding=\"async\" class=\"alignnone wp-image-3455\" src=\"https:\/\/vsmc.lt\/wp-content\/uploads\/2018\/01\/15\/DSC_0405-kop-540x360.jpg\" alt=\"\" width=\"609\" height=\"406\" srcset=\"https:\/\/vsmc.lt\/wp-content\/uploads\/2018\/01\/15\/DSC_0405-kop-540x360.jpg 540w, https:\/\/vsmc.lt\/wp-content\/uploads\/2018\/01\/15\/DSC_0405-kop-768x512.jpg 768w, https:\/\/vsmc.lt\/wp-content\/uploads\/2018\/01\/15\/DSC_0405-kop-1080x720.jpg 1080w, https:\/\/vsmc.lt\/wp-content\/uploads\/2018\/01\/15\/DSC_0405-kop-950x633.jpg 950w, https:\/\/vsmc.lt\/wp-content\/uploads\/2018\/01\/15\/DSC_0405-kop-450x300.jpg 450w\" sizes=\"auto, (max-width: 609px) 100vw, 609px\" \/><img loading=\"lazy\" decoding=\"async\" class=\"alignnone wp-image-3456\" src=\"https:\/\/vsmc.lt\/wp-content\/uploads\/2018\/01\/15\/DSC_0410-kop-540x360.jpg\" alt=\"\" width=\"607\" height=\"405\" srcset=\"https:\/\/vsmc.lt\/wp-content\/uploads\/2018\/01\/15\/DSC_0410-kop-540x360.jpg 540w, https:\/\/vsmc.lt\/wp-content\/uploads\/2018\/01\/15\/DSC_0410-kop-768x512.jpg 768w, https:\/\/vsmc.lt\/wp-content\/uploads\/2018\/01\/15\/DSC_0410-kop-1080x720.jpg 1080w, https:\/\/vsmc.lt\/wp-content\/uploads\/2018\/01\/15\/DSC_0410-kop-950x633.jpg 950w, https:\/\/vsmc.lt\/wp-content\/uploads\/2018\/01\/15\/DSC_0410-kop-450x300.jpg 450w\" sizes=\"auto, (max-width: 607px) 100vw, 607px\" \/><\/p>\n","protected":false},"excerpt":{"rendered":"<p>Kaip ir kasmet, \u017evarb\u0173 sausio vakar\u0105 gimnazijoje \u012fvyko atvira integruota istorijos ir pilieti\u0161kumo pagrind\u0173 pamoka-min\u0117jimas, skirtas Sausio 13-osios \u012fvyki\u0173 27-osioms metin\u0117ms pamin\u0117ti. Pamokoje dalyvavo centro bendruomen\u0117 ir vie\u0161nia i\u0161 Lietuvos \u0161auli\u0173 s\u0105jungos Viktorija Jankauskait\u0117. Pamokos tikslas \u2013 pamin\u0117ti Lietuvai nepaprastai svarbi\u0105 dat\u0105. Sausio 13-oji \u2013 tai ne tik gyva atmintis apie tai, kaip vieningai susitelk\u0119, [&hellip;]<\/p>\n","protected":false},"author":1,"featured_media":0,"comment_status":"closed","ping_status":"closed","sticky":false,"template":"","format":"standard","meta":{"footnotes":""},"categories":[1],"tags":[],"class_list":["post-3452","post","type-post","status-publish","format-standard","hentry","category-naujienos"],"yoast_head":"<!-- This site is optimized with the Yoast SEO plugin v27.5 - https:\/\/yoast.com\/product\/yoast-seo-wordpress\/ -->\n<title>Pamin\u0117jome Laisv\u0117s gyn\u0117j\u0173 dien\u0105 Vilniaus suaugusi\u0173j\u0173 mokymo centras  - Vilniaus suaugusi\u0173j\u0173 mokymo centras<\/title>\n<meta name=\"description\" content=\"Pamin\u0117jome Laisv\u0117s gyn\u0117j\u0173 dien\u0105 Vilniaus suaugusi\u0173j\u0173 mokymo centras\" \/>\n<meta name=\"robots\" content=\"index, follow, max-snippet:-1, max-image-preview:large, max-video-preview:-1\" \/>\n<link rel=\"canonical\" href=\"https:\/\/vsmc.lt\/?p=3452\" \/>\n<meta property=\"og:locale\" content=\"lt_LT\" \/>\n<meta property=\"og:type\" content=\"article\" \/>\n<meta property=\"og:title\" content=\"Pamin\u0117jome Laisv\u0117s gyn\u0117j\u0173 dien\u0105 Vilniaus suaugusi\u0173j\u0173 mokymo centras  - Vilniaus suaugusi\u0173j\u0173 mokymo centras\" \/>\n<meta property=\"og:description\" content=\"Pamin\u0117jome Laisv\u0117s gyn\u0117j\u0173 dien\u0105 Vilniaus suaugusi\u0173j\u0173 mokymo centras\" \/>\n<meta property=\"og:url\" content=\"https:\/\/vsmc.lt\/?p=3452\" \/>\n<meta property=\"og:site_name\" content=\"Vilniaus suaugusi\u0173j\u0173 mokymo centras\" \/>\n<meta property=\"article:publisher\" content=\"https:\/\/www.facebook.com\/p\/Vilniaus-suaugusij-mokymo-centras-VSMC-gimnazija-100034428106674\/\" \/>\n<meta property=\"article:published_time\" content=\"2018-01-15T12:18:18+00:00\" \/>\n<meta property=\"article:modified_time\" content=\"2018-04-19T06:49:30+00:00\" \/>\n<meta property=\"og:image\" content=\"http:\/\/vsmc.lt\/wp-content\/uploads\/2018\/01\/15\/Untitled-collage-8-360x360.jpg\" \/>\n<meta name=\"author\" content=\"vsmc\" \/>\n<meta name=\"twitter:card\" content=\"summary_large_image\" \/>\n<meta name=\"twitter:label1\" content=\"Written by\" \/>\n\t<meta name=\"twitter:data1\" content=\"vsmc\" \/>\n\t<meta name=\"twitter:label2\" content=\"Est. reading time\" \/>\n\t<meta name=\"twitter:data2\" content=\"1 minut\u0117\" \/>\n<script type=\"application\/ld+json\" class=\"yoast-schema-graph\">{\"@context\":\"https:\\\/\\\/schema.org\",\"@graph\":[{\"@type\":\"Article\",\"@id\":\"https:\\\/\\\/vsmc.lt\\\/?p=3452#article\",\"isPartOf\":{\"@id\":\"https:\\\/\\\/vsmc.lt\\\/?p=3452\"},\"author\":{\"name\":\"vsmc\",\"@id\":\"https:\\\/\\\/vsmc.lt\\\/#\\\/schema\\\/person\\\/f908112af7b3b7eb0f58e68efc84ed3b\"},\"headline\":\"Pamin\u0117jome Laisv\u0117s gyn\u0117j\u0173 dien\u0105\",\"datePublished\":\"2018-01-15T12:18:18+00:00\",\"dateModified\":\"2018-04-19T06:49:30+00:00\",\"mainEntityOfPage\":{\"@id\":\"https:\\\/\\\/vsmc.lt\\\/?p=3452\"},\"wordCount\":239,\"publisher\":{\"@id\":\"https:\\\/\\\/vsmc.lt\\\/#organization\"},\"image\":{\"@id\":\"https:\\\/\\\/vsmc.lt\\\/?p=3452#primaryimage\"},\"thumbnailUrl\":\"http:\\\/\\\/vsmc.lt\\\/wp-content\\\/uploads\\\/2018\\\/01\\\/15\\\/Untitled-collage-8-360x360.jpg\",\"articleSection\":[\"Naujienos\"],\"inLanguage\":\"lt-LT\"},{\"@type\":\"WebPage\",\"@id\":\"https:\\\/\\\/vsmc.lt\\\/?p=3452\",\"url\":\"https:\\\/\\\/vsmc.lt\\\/?p=3452\",\"name\":\"Pamin\u0117jome Laisv\u0117s gyn\u0117j\u0173 dien\u0105 Vilniaus suaugusi\u0173j\u0173 mokymo centras - Vilniaus suaugusi\u0173j\u0173 mokymo centras\",\"isPartOf\":{\"@id\":\"https:\\\/\\\/vsmc.lt\\\/#website\"},\"primaryImageOfPage\":{\"@id\":\"https:\\\/\\\/vsmc.lt\\\/?p=3452#primaryimage\"},\"image\":{\"@id\":\"https:\\\/\\\/vsmc.lt\\\/?p=3452#primaryimage\"},\"thumbnailUrl\":\"http:\\\/\\\/vsmc.lt\\\/wp-content\\\/uploads\\\/2018\\\/01\\\/15\\\/Untitled-collage-8-360x360.jpg\",\"datePublished\":\"2018-01-15T12:18:18+00:00\",\"dateModified\":\"2018-04-19T06:49:30+00:00\",\"description\":\"Pamin\u0117jome Laisv\u0117s gyn\u0117j\u0173 dien\u0105 Vilniaus suaugusi\u0173j\u0173 mokymo centras\",\"breadcrumb\":{\"@id\":\"https:\\\/\\\/vsmc.lt\\\/?p=3452#breadcrumb\"},\"inLanguage\":\"lt-LT\",\"potentialAction\":[{\"@type\":\"ReadAction\",\"target\":[\"https:\\\/\\\/vsmc.lt\\\/?p=3452\"]}]},{\"@type\":\"ImageObject\",\"inLanguage\":\"lt-LT\",\"@id\":\"https:\\\/\\\/vsmc.lt\\\/?p=3452#primaryimage\",\"url\":\"http:\\\/\\\/vsmc.lt\\\/wp-content\\\/uploads\\\/2018\\\/01\\\/15\\\/Untitled-collage-8-360x360.jpg\",\"contentUrl\":\"http:\\\/\\\/vsmc.lt\\\/wp-content\\\/uploads\\\/2018\\\/01\\\/15\\\/Untitled-collage-8-360x360.jpg\"},{\"@type\":\"BreadcrumbList\",\"@id\":\"https:\\\/\\\/vsmc.lt\\\/?p=3452#breadcrumb\",\"itemListElement\":[{\"@type\":\"ListItem\",\"position\":1,\"name\":\"Home\",\"item\":\"https:\\\/\\\/vsmc.lt\\\/\"},{\"@type\":\"ListItem\",\"position\":2,\"name\":\"Pamin\u0117jome Laisv\u0117s gyn\u0117j\u0173 dien\u0105\"}]},{\"@type\":\"WebSite\",\"@id\":\"https:\\\/\\\/vsmc.lt\\\/#website\",\"url\":\"https:\\\/\\\/vsmc.lt\\\/\",\"name\":\"Vilniaus suaugusi\u0173j\u0173 mokymo centras\",\"description\":\"VSMC\",\"publisher\":{\"@id\":\"https:\\\/\\\/vsmc.lt\\\/#organization\"},\"alternateName\":\"VSMC\",\"potentialAction\":[{\"@type\":\"SearchAction\",\"target\":{\"@type\":\"EntryPoint\",\"urlTemplate\":\"https:\\\/\\\/vsmc.lt\\\/?s={search_term_string}\"},\"query-input\":{\"@type\":\"PropertyValueSpecification\",\"valueRequired\":true,\"valueName\":\"search_term_string\"}}],\"inLanguage\":\"lt-LT\"},{\"@type\":\"Organization\",\"@id\":\"https:\\\/\\\/vsmc.lt\\\/#organization\",\"name\":\"Vilniaus suaugusi\u0173j\u0173 mokymo centras\",\"alternateName\":\"VSMC\",\"url\":\"https:\\\/\\\/vsmc.lt\\\/\",\"logo\":{\"@type\":\"ImageObject\",\"inLanguage\":\"lt-LT\",\"@id\":\"https:\\\/\\\/vsmc.lt\\\/#\\\/schema\\\/logo\\\/image\\\/\",\"url\":\"https:\\\/\\\/vsmc.lt\\\/wp-content\\\/uploads\\\/2016\\\/11\\\/15\\\/logo.png\",\"contentUrl\":\"https:\\\/\\\/vsmc.lt\\\/wp-content\\\/uploads\\\/2016\\\/11\\\/15\\\/logo.png\",\"width\":96,\"height\":121,\"caption\":\"Vilniaus suaugusi\u0173j\u0173 mokymo centras\"},\"image\":{\"@id\":\"https:\\\/\\\/vsmc.lt\\\/#\\\/schema\\\/logo\\\/image\\\/\"},\"sameAs\":[\"https:\\\/\\\/www.facebook.com\\\/p\\\/Vilniaus-suaugusij-mokymo-centras-VSMC-gimnazija-100034428106674\\\/\"]},{\"@type\":\"Person\",\"@id\":\"https:\\\/\\\/vsmc.lt\\\/#\\\/schema\\\/person\\\/f908112af7b3b7eb0f58e68efc84ed3b\",\"name\":\"vsmc\",\"image\":{\"@type\":\"ImageObject\",\"inLanguage\":\"lt-LT\",\"@id\":\"https:\\\/\\\/secure.gravatar.com\\\/avatar\\\/c98f8cf094a0c3815db557f5d303882682ae3622ba8eff672c992e55217b1a89?s=96&d=mm&r=g\",\"url\":\"https:\\\/\\\/secure.gravatar.com\\\/avatar\\\/c98f8cf094a0c3815db557f5d303882682ae3622ba8eff672c992e55217b1a89?s=96&d=mm&r=g\",\"contentUrl\":\"https:\\\/\\\/secure.gravatar.com\\\/avatar\\\/c98f8cf094a0c3815db557f5d303882682ae3622ba8eff672c992e55217b1a89?s=96&d=mm&r=g\",\"caption\":\"vsmc\"},\"url\":\"https:\\\/\\\/vsmc.lt\\\/?author=1\"}]}<\/script>\n<!-- \/ Yoast SEO plugin. -->","yoast_head_json":{"title":"Pamin\u0117jome Laisv\u0117s gyn\u0117j\u0173 dien\u0105 Vilniaus suaugusi\u0173j\u0173 mokymo centras  - Vilniaus suaugusi\u0173j\u0173 mokymo centras","description":"Pamin\u0117jome Laisv\u0117s gyn\u0117j\u0173 dien\u0105 Vilniaus suaugusi\u0173j\u0173 mokymo centras","robots":{"index":"index","follow":"follow","max-snippet":"max-snippet:-1","max-image-preview":"max-image-preview:large","max-video-preview":"max-video-preview:-1"},"canonical":"https:\/\/vsmc.lt\/?p=3452","og_locale":"lt_LT","og_type":"article","og_title":"Pamin\u0117jome Laisv\u0117s gyn\u0117j\u0173 dien\u0105 Vilniaus suaugusi\u0173j\u0173 mokymo centras  - Vilniaus suaugusi\u0173j\u0173 mokymo centras","og_description":"Pamin\u0117jome Laisv\u0117s gyn\u0117j\u0173 dien\u0105 Vilniaus suaugusi\u0173j\u0173 mokymo centras","og_url":"https:\/\/vsmc.lt\/?p=3452","og_site_name":"Vilniaus suaugusi\u0173j\u0173 mokymo centras","article_publisher":"https:\/\/www.facebook.com\/p\/Vilniaus-suaugusij-mokymo-centras-VSMC-gimnazija-100034428106674\/","article_published_time":"2018-01-15T12:18:18+00:00","article_modified_time":"2018-04-19T06:49:30+00:00","og_image":[{"url":"http:\/\/vsmc.lt\/wp-content\/uploads\/2018\/01\/15\/Untitled-collage-8-360x360.jpg","type":"","width":"","height":""}],"author":"vsmc","twitter_card":"summary_large_image","twitter_misc":{"Written by":"vsmc","Est. reading time":"1 minut\u0117"},"schema":{"@context":"https:\/\/schema.org","@graph":[{"@type":"Article","@id":"https:\/\/vsmc.lt\/?p=3452#article","isPartOf":{"@id":"https:\/\/vsmc.lt\/?p=3452"},"author":{"name":"vsmc","@id":"https:\/\/vsmc.lt\/#\/schema\/person\/f908112af7b3b7eb0f58e68efc84ed3b"},"headline":"Pamin\u0117jome Laisv\u0117s gyn\u0117j\u0173 dien\u0105","datePublished":"2018-01-15T12:18:18+00:00","dateModified":"2018-04-19T06:49:30+00:00","mainEntityOfPage":{"@id":"https:\/\/vsmc.lt\/?p=3452"},"wordCount":239,"publisher":{"@id":"https:\/\/vsmc.lt\/#organization"},"image":{"@id":"https:\/\/vsmc.lt\/?p=3452#primaryimage"},"thumbnailUrl":"http:\/\/vsmc.lt\/wp-content\/uploads\/2018\/01\/15\/Untitled-collage-8-360x360.jpg","articleSection":["Naujienos"],"inLanguage":"lt-LT"},{"@type":"WebPage","@id":"https:\/\/vsmc.lt\/?p=3452","url":"https:\/\/vsmc.lt\/?p=3452","name":"Pamin\u0117jome Laisv\u0117s gyn\u0117j\u0173 dien\u0105 Vilniaus suaugusi\u0173j\u0173 mokymo centras - Vilniaus suaugusi\u0173j\u0173 mokymo centras","isPartOf":{"@id":"https:\/\/vsmc.lt\/#website"},"primaryImageOfPage":{"@id":"https:\/\/vsmc.lt\/?p=3452#primaryimage"},"image":{"@id":"https:\/\/vsmc.lt\/?p=3452#primaryimage"},"thumbnailUrl":"http:\/\/vsmc.lt\/wp-content\/uploads\/2018\/01\/15\/Untitled-collage-8-360x360.jpg","datePublished":"2018-01-15T12:18:18+00:00","dateModified":"2018-04-19T06:49:30+00:00","description":"Pamin\u0117jome Laisv\u0117s gyn\u0117j\u0173 dien\u0105 Vilniaus suaugusi\u0173j\u0173 mokymo centras","breadcrumb":{"@id":"https:\/\/vsmc.lt\/?p=3452#breadcrumb"},"inLanguage":"lt-LT","potentialAction":[{"@type":"ReadAction","target":["https:\/\/vsmc.lt\/?p=3452"]}]},{"@type":"ImageObject","inLanguage":"lt-LT","@id":"https:\/\/vsmc.lt\/?p=3452#primaryimage","url":"http:\/\/vsmc.lt\/wp-content\/uploads\/2018\/01\/15\/Untitled-collage-8-360x360.jpg","contentUrl":"http:\/\/vsmc.lt\/wp-content\/uploads\/2018\/01\/15\/Untitled-collage-8-360x360.jpg"},{"@type":"BreadcrumbList","@id":"https:\/\/vsmc.lt\/?p=3452#breadcrumb","itemListElement":[{"@type":"ListItem","position":1,"name":"Home","item":"https:\/\/vsmc.lt\/"},{"@type":"ListItem","position":2,"name":"Pamin\u0117jome Laisv\u0117s gyn\u0117j\u0173 dien\u0105"}]},{"@type":"WebSite","@id":"https:\/\/vsmc.lt\/#website","url":"https:\/\/vsmc.lt\/","name":"Vilniaus suaugusi\u0173j\u0173 mokymo centras","description":"VSMC","publisher":{"@id":"https:\/\/vsmc.lt\/#organization"},"alternateName":"VSMC","potentialAction":[{"@type":"SearchAction","target":{"@type":"EntryPoint","urlTemplate":"https:\/\/vsmc.lt\/?s={search_term_string}"},"query-input":{"@type":"PropertyValueSpecification","valueRequired":true,"valueName":"search_term_string"}}],"inLanguage":"lt-LT"},{"@type":"Organization","@id":"https:\/\/vsmc.lt\/#organization","name":"Vilniaus suaugusi\u0173j\u0173 mokymo centras","alternateName":"VSMC","url":"https:\/\/vsmc.lt\/","logo":{"@type":"ImageObject","inLanguage":"lt-LT","@id":"https:\/\/vsmc.lt\/#\/schema\/logo\/image\/","url":"https:\/\/vsmc.lt\/wp-content\/uploads\/2016\/11\/15\/logo.png","contentUrl":"https:\/\/vsmc.lt\/wp-content\/uploads\/2016\/11\/15\/logo.png","width":96,"height":121,"caption":"Vilniaus suaugusi\u0173j\u0173 mokymo centras"},"image":{"@id":"https:\/\/vsmc.lt\/#\/schema\/logo\/image\/"},"sameAs":["https:\/\/www.facebook.com\/p\/Vilniaus-suaugusij-mokymo-centras-VSMC-gimnazija-100034428106674\/"]},{"@type":"Person","@id":"https:\/\/vsmc.lt\/#\/schema\/person\/f908112af7b3b7eb0f58e68efc84ed3b","name":"vsmc","image":{"@type":"ImageObject","inLanguage":"lt-LT","@id":"https:\/\/secure.gravatar.com\/avatar\/c98f8cf094a0c3815db557f5d303882682ae3622ba8eff672c992e55217b1a89?s=96&d=mm&r=g","url":"https:\/\/secure.gravatar.com\/avatar\/c98f8cf094a0c3815db557f5d303882682ae3622ba8eff672c992e55217b1a89?s=96&d=mm&r=g","contentUrl":"https:\/\/secure.gravatar.com\/avatar\/c98f8cf094a0c3815db557f5d303882682ae3622ba8eff672c992e55217b1a89?s=96&d=mm&r=g","caption":"vsmc"},"url":"https:\/\/vsmc.lt\/?author=1"}]}},"_links":{"self":[{"href":"https:\/\/vsmc.lt\/index.php?rest_route=\/wp\/v2\/posts\/3452","targetHints":{"allow":["GET"]}}],"collection":[{"href":"https:\/\/vsmc.lt\/index.php?rest_route=\/wp\/v2\/posts"}],"about":[{"href":"https:\/\/vsmc.lt\/index.php?rest_route=\/wp\/v2\/types\/post"}],"author":[{"embeddable":true,"href":"https:\/\/vsmc.lt\/index.php?rest_route=\/wp\/v2\/users\/1"}],"replies":[{"embeddable":true,"href":"https:\/\/vsmc.lt\/index.php?rest_route=%2Fwp%2Fv2%2Fcomments&post=3452"}],"version-history":[{"count":6,"href":"https:\/\/vsmc.lt\/index.php?rest_route=\/wp\/v2\/posts\/3452\/revisions"}],"predecessor-version":[{"id":3462,"href":"https:\/\/vsmc.lt\/index.php?rest_route=\/wp\/v2\/posts\/3452\/revisions\/3462"}],"wp:attachment":[{"href":"https:\/\/vsmc.lt\/index.php?rest_route=%2Fwp%2Fv2%2Fmedia&parent=3452"}],"wp:term":[{"taxonomy":"category","embeddable":true,"href":"https:\/\/vsmc.lt\/index.php?rest_route=%2Fwp%2Fv2%2Fcategories&post=3452"},{"taxonomy":"post_tag","embeddable":true,"href":"https:\/\/vsmc.lt\/index.php?rest_route=%2Fwp%2Fv2%2Ftags&post=3452"}],"curies":[{"name":"wp","href":"https:\/\/api.w.org\/{rel}","templated":true}]}}