{"id":3504,"date":"2018-02-20T13:51:04","date_gmt":"2018-02-20T10:51:04","guid":{"rendered":"http:\/\/vsmc.lt\/?p=3504"},"modified":"2018-10-03T13:21:43","modified_gmt":"2018-10-03T10:21:43","slug":"drauge-su-lietuvos-suaugusiuju-bendrojo-ugdymo-mokyklomis-sventeme-atkurtos-lietuvos-simtmeti","status":"publish","type":"post","link":"https:\/\/vsmc.lt\/?p=3504","title":{"rendered":"Drauge su Lietuvos suaugusi\u0173j\u0173 bendrojo ugdymo mokyklomis \u0161vent\u0117me atkurtos Lietuvos \u0161imtmet\u012f"},"content":{"rendered":"<p><em>Kalbu tave kaip mald\u0105, <\/em><\/p>\n<p><em>Kaip giesm\u0119 rytmetin\u0119. <\/em><\/p>\n<p><em>Geriu tave kaip sul\u0105, <\/em><\/p>\n<p><em>Kaip vilt\u012f pirmutin\u0119.<\/em><\/p>\n<p><em>Jau\u010diu, kaip gyv\u0105 krauj\u0105<\/em><\/p>\n<p><em>Sug\u0117rusi raudojai. <\/em><\/p>\n<p><em>U\u017e tuos, kurie i\u0161duoda, <\/em><\/p>\n<p><em>Klaupiuos prie tavo koj\u0173.<\/em><\/p>\n<p><em>Gird\u017eiu, kaip atsid\u016bsti, <\/em><\/p>\n<p><em>Visiems atleisti nori. <\/em><\/p>\n<p><em>T\u0117vyne, tu gra\u017eiausias<\/em><\/p>\n<p><em>\u00a0Pasaulyje altorius.<\/em><\/p>\n<p>2018 met\u0173 vasario 15 dien\u0105\u00a0 VSMC sal\u0117je susirinkome ypatinga proga \u2013 \u0161v\u0119sti atkurtos Lietuvos\u00a0 100\u2013\u0105j\u012f gimtadien\u012f. \u012e \u0161vent\u0119 suva\u017eiavo sve\u010diai ir VSMC organizuoto \u0161alies integruoto projekto \u201eMano gimtasis kra\u0161tas tarpukariu\u201c dalyviai i\u0161 Kauno suaugusi\u0173j\u0173 mokymo centro, K\u0117daini\u0173 suaugusi\u0173j\u0173 ir jaunimo mokymo centro, Klaip\u0117dos suaugusi\u0173j\u0173 gimnazijos, Panev\u0117\u017eio suaugusi\u0173j\u0173 ir jaunimo mokymo centro, Taurag\u0117s suaugusi\u0173j\u0173 mokymo centro ir Vilniaus \u201eVarpo\u201c suaugusi\u0173j\u0173 gimnazijos. Taip pat\u00a0 m\u016bs\u0173 ilgame\u010diai nuo\u0161ird\u016bs partneriai Vilniaus Karolini\u0161ki\u0173 muzikos mokyklos atstovai, kurie savo muzika puo\u0161ia ir skaidrina m\u016bs\u0173 gimnazijos renginius. \u0160vent\u0119 prad\u0117jome sugiedodami Lietuvos valstyb\u0117s himn\u0105. M\u016bs\u0173 centro direktor\u0117 Natalja Kimso pasveikino visus susirinkusius. Po i\u0161kilming\u0173 ir prasming\u0173 vedan\u010di\u0173j\u0173 \u017eod\u017ei\u0173 apie Lietuv\u0105 sve\u010diai dovanojo savo dovanas \u2013 pristat\u0117\u00a0 projektus apie \u012fsimintinus savo kra\u0161to \u017emones ar \u012fvykius.<\/p>\n<p>Kauno suaugusi\u0173j\u0173 mokymo centras \u00a0pareng\u0117 \u012fdom\u0173 pasakojim\u0105 apie Kauno modernizmo architekt\u016br\u0105. \u00a0Klaip\u0117die\u010diai leido \u017evilgter\u0117ti \u012f sen\u0105j\u0105 Klaip\u0117d\u0105 ir tai buvo labai \u012fdomu. Panev\u0117\u017eio suaugusi\u0173j\u0173 ir jaunimo mokymo centro mokini\u0173 parengt\u0105 prane\u0161im\u0105 \u201ePanev\u0117\u017eio tarpukario pramon\u0117: ne tik skai\u010diai ir faktai&#8230;\u201c skait\u0117 VSMC istorijos mokytoja An\u017eela Jablonskait\u0117. \u00a0K\u016brybi\u0161kai, skambant muzikai ir eil\u0117ms, apie savo gimt\u0105j\u012f kra\u0161t\u0105 tarpukariu papasakojo K\u0117daini\u0173 suaugusi\u0173j\u0173 ir jaunimo mokymo centro atstovai. Ir Roki\u0161kio, ir Taurag\u0117s pristatymai apie savo kra\u0161t\u0105 tarpukariu buvo \u012fdom\u016bs ir informatyv\u016bs. O Kelm\u0117s rajono suaugusi\u0173j\u0173 mokymo centro atstovai negal\u0117jo atvykti, j\u0173 parengt\u0105 med\u017eiag\u0105 apie\u00a0 kelmi\u0161k\u012f Lietuvos \u0161auli\u0173 s\u0105jungos \u012fk\u016br\u0117j\u0105 Vlad\u0105 Putvinsk\u012f \u2013 P\u016btv\u012f pristat\u0117me mes. \u00a0\u00a0\u00a0\u00a0\u00a0\u00a0\u00a0Poeti\u0161ko Vilniaus \u201eVarpo\u201c suaugusi\u0173j\u0173 gimnazijos pasakojimo \u201eTrumpoji promenada tarpukario Vilniuje:\u00a0 V. \u0160openo gatv\u0117 \u2013 gele\u017einkelio stotis\u201c nuotraukose tarsi atgijo an\u0173 laik\u0173 Vilniaus gyventojai. Dovan\u0173 tur\u0117jome ir mes &#8211; IV B klas\u0117s mokinys Titas mus supa\u017eindino su\u00a0 Vilniaus politiniais \u012fvykiais tarpukario laikotarpiu, IV C klas\u0117s mokin\u0117 Paulina papasakojo apie\u00a0 Tarpukario Vilniaus spaud\u0105. O IV klasi\u0173 mokiniai Tomas, Ieva, Robertas ir Matas suvaidino \u017eaisming\u0105 scen\u0105 i\u0161 tarpukario Vilniaus kavin\u0117s. Ir, be abejo, skamb\u0117jo nuostabios muzikin\u0117s Vilniaus Karolini\u0161ki\u0173 muzikos mokyklos mokini\u0173 dovanos.<\/p>\n<p>\u0160vent\u0117s pabaigoje direktor\u0117 Natalja Kimso \u0161imtme\u010dio projekto dalyviams \u012fteik\u0117 pad\u0117kas.\u00a0 Pad\u0117kojo visiems projekto dalyviams u\u017e gra\u017ei\u0105 iniciatyv\u0105, kolegi\u0161kum\u0105 ir ind\u0117l\u012f \u012f bendr\u0105 darb\u0105. Pabaigoje visi giedojome \u0161iemet i\u0161rinkt\u0105 gra\u017eiausi\u0105 \u0161imtme\u010dio dain\u0105 \u2013 Juozo Naujalio ir Maironio \u00a0\u201eLietuva brangi\u201c. Sal\u0117je tvyrojo \u0161venti\u0161ka, \u0161ilta ir labai betarpi\u0161ka atmosfera.<\/p>\n<p>Po piet\u0173 vykome\u00a0 \u012f Vilniaus\u00a0 Paveiksl\u0173 galerij\u0105, kur eksponuojamas Lietuvos did\u017eiojo kunigaik\u0161\u010dio Gedimino lai\u0161kas.<\/p>\n<p>Mes dar kart\u0105 sveikiname visus su atkurtos Lietuvos 100-uoju gimtadieniu, labai d\u017eiaugiam\u0117s \u0161ia \u0161vente ir tikim\u0117s, kad darbas \u0161iame integruotame projekte buvo naudingas, turiningas ir \u012fdomus.<\/p>\n<p>Lietuvi\u0173 kalbos ir literat\u016bros mokytoja metodinink\u0117 Nelda Pilkien\u0117<\/p>\n<p><img loading=\"lazy\" decoding=\"async\" class=\"alignnone wp-image-3505\" src=\"https:\/\/vsmc.lt\/wp-content\/uploads\/2018\/03\/05\/DSC_0459-540x360.jpg\" alt=\"\" width=\"470\" height=\"313\" srcset=\"https:\/\/vsmc.lt\/wp-content\/uploads\/2018\/03\/05\/DSC_0459-540x360.jpg 540w, https:\/\/vsmc.lt\/wp-content\/uploads\/2018\/03\/05\/DSC_0459-768x512.jpg 768w, https:\/\/vsmc.lt\/wp-content\/uploads\/2018\/03\/05\/DSC_0459-1080x720.jpg 1080w, https:\/\/vsmc.lt\/wp-content\/uploads\/2018\/03\/05\/DSC_0459-950x633.jpg 950w, https:\/\/vsmc.lt\/wp-content\/uploads\/2018\/03\/05\/DSC_0459-450x300.jpg 450w\" sizes=\"auto, (max-width: 470px) 100vw, 470px\" \/><img loading=\"lazy\" decoding=\"async\" class=\"alignnone wp-image-3506\" src=\"https:\/\/vsmc.lt\/wp-content\/uploads\/2018\/03\/05\/DSC_0490-540x360.jpg\" alt=\"\" width=\"469\" height=\"312\" srcset=\"https:\/\/vsmc.lt\/wp-content\/uploads\/2018\/03\/05\/DSC_0490-540x360.jpg 540w, https:\/\/vsmc.lt\/wp-content\/uploads\/2018\/03\/05\/DSC_0490-768x512.jpg 768w, https:\/\/vsmc.lt\/wp-content\/uploads\/2018\/03\/05\/DSC_0490-1080x720.jpg 1080w, https:\/\/vsmc.lt\/wp-content\/uploads\/2018\/03\/05\/DSC_0490-950x633.jpg 950w, https:\/\/vsmc.lt\/wp-content\/uploads\/2018\/03\/05\/DSC_0490-450x300.jpg 450w\" sizes=\"auto, (max-width: 469px) 100vw, 469px\" \/><img loading=\"lazy\" decoding=\"async\" class=\"alignnone wp-image-3507\" src=\"https:\/\/vsmc.lt\/wp-content\/uploads\/2018\/03\/05\/DSC_0523-540x360.jpg\" alt=\"\" width=\"470\" height=\"313\" srcset=\"https:\/\/vsmc.lt\/wp-content\/uploads\/2018\/03\/05\/DSC_0523-540x360.jpg 540w, https:\/\/vsmc.lt\/wp-content\/uploads\/2018\/03\/05\/DSC_0523-768x512.jpg 768w, https:\/\/vsmc.lt\/wp-content\/uploads\/2018\/03\/05\/DSC_0523-1080x720.jpg 1080w, https:\/\/vsmc.lt\/wp-content\/uploads\/2018\/03\/05\/DSC_0523-950x633.jpg 950w, https:\/\/vsmc.lt\/wp-content\/uploads\/2018\/03\/05\/DSC_0523-450x300.jpg 450w\" sizes=\"auto, (max-width: 470px) 100vw, 470px\" \/><img loading=\"lazy\" decoding=\"async\" class=\"alignnone wp-image-3508\" src=\"https:\/\/vsmc.lt\/wp-content\/uploads\/2018\/03\/05\/DSC_0527-540x360.jpg\" alt=\"\" width=\"471\" height=\"314\" srcset=\"https:\/\/vsmc.lt\/wp-content\/uploads\/2018\/03\/05\/DSC_0527-540x360.jpg 540w, https:\/\/vsmc.lt\/wp-content\/uploads\/2018\/03\/05\/DSC_0527-768x512.jpg 768w, https:\/\/vsmc.lt\/wp-content\/uploads\/2018\/03\/05\/DSC_0527-1080x720.jpg 1080w, https:\/\/vsmc.lt\/wp-content\/uploads\/2018\/03\/05\/DSC_0527-950x633.jpg 950w, https:\/\/vsmc.lt\/wp-content\/uploads\/2018\/03\/05\/DSC_0527-450x300.jpg 450w\" sizes=\"auto, (max-width: 471px) 100vw, 471px\" \/><img loading=\"lazy\" decoding=\"async\" class=\"alignnone wp-image-3509\" src=\"https:\/\/vsmc.lt\/wp-content\/uploads\/2018\/03\/05\/DSC_0558-540x360.jpg\" alt=\"\" width=\"471\" height=\"314\" srcset=\"https:\/\/vsmc.lt\/wp-content\/uploads\/2018\/03\/05\/DSC_0558-540x360.jpg 540w, https:\/\/vsmc.lt\/wp-content\/uploads\/2018\/03\/05\/DSC_0558-768x512.jpg 768w, https:\/\/vsmc.lt\/wp-content\/uploads\/2018\/03\/05\/DSC_0558-1080x720.jpg 1080w, https:\/\/vsmc.lt\/wp-content\/uploads\/2018\/03\/05\/DSC_0558-950x634.jpg 950w, https:\/\/vsmc.lt\/wp-content\/uploads\/2018\/03\/05\/DSC_0558-450x300.jpg 450w\" sizes=\"auto, (max-width: 471px) 100vw, 471px\" \/><img loading=\"lazy\" decoding=\"async\" class=\"alignnone wp-image-3511\" src=\"https:\/\/vsmc.lt\/wp-content\/uploads\/2018\/03\/05\/DSC_0615-540x360.jpg\" alt=\"\" width=\"471\" height=\"314\" srcset=\"https:\/\/vsmc.lt\/wp-content\/uploads\/2018\/03\/05\/DSC_0615-540x360.jpg 540w, https:\/\/vsmc.lt\/wp-content\/uploads\/2018\/03\/05\/DSC_0615-768x512.jpg 768w, https:\/\/vsmc.lt\/wp-content\/uploads\/2018\/03\/05\/DSC_0615-1080x720.jpg 1080w, https:\/\/vsmc.lt\/wp-content\/uploads\/2018\/03\/05\/DSC_0615-950x633.jpg 950w, https:\/\/vsmc.lt\/wp-content\/uploads\/2018\/03\/05\/DSC_0615-450x300.jpg 450w\" sizes=\"auto, (max-width: 471px) 100vw, 471px\" \/><img loading=\"lazy\" decoding=\"async\" class=\"alignnone wp-image-3521\" src=\"https:\/\/vsmc.lt\/wp-content\/uploads\/2018\/02\/20\/DSC_0673-540x360.jpg\" alt=\"\" width=\"473\" height=\"315\" srcset=\"https:\/\/vsmc.lt\/wp-content\/uploads\/2018\/02\/20\/DSC_0673-540x360.jpg 540w, https:\/\/vsmc.lt\/wp-content\/uploads\/2018\/02\/20\/DSC_0673-768x512.jpg 768w, https:\/\/vsmc.lt\/wp-content\/uploads\/2018\/02\/20\/DSC_0673-1080x720.jpg 1080w, https:\/\/vsmc.lt\/wp-content\/uploads\/2018\/02\/20\/DSC_0673-950x633.jpg 950w, https:\/\/vsmc.lt\/wp-content\/uploads\/2018\/02\/20\/DSC_0673-450x300.jpg 450w\" sizes=\"auto, (max-width: 473px) 100vw, 473px\" \/><img loading=\"lazy\" decoding=\"async\" class=\"alignnone wp-image-3519\" src=\"https:\/\/vsmc.lt\/wp-content\/uploads\/2018\/03\/05\/DSC_0796-540x360.jpg\" alt=\"\" width=\"473\" height=\"316\" srcset=\"https:\/\/vsmc.lt\/wp-content\/uploads\/2018\/03\/05\/DSC_0796-540x360.jpg 540w, https:\/\/vsmc.lt\/wp-content\/uploads\/2018\/03\/05\/DSC_0796-768x512.jpg 768w, https:\/\/vsmc.lt\/wp-content\/uploads\/2018\/03\/05\/DSC_0796-1080x720.jpg 1080w, https:\/\/vsmc.lt\/wp-content\/uploads\/2018\/03\/05\/DSC_0796-950x633.jpg 950w, https:\/\/vsmc.lt\/wp-content\/uploads\/2018\/03\/05\/DSC_0796-450x300.jpg 450w\" sizes=\"auto, (max-width: 473px) 100vw, 473px\" \/><\/p>\n","protected":false},"excerpt":{"rendered":"<p>Kalbu tave kaip mald\u0105, Kaip giesm\u0119 rytmetin\u0119. Geriu tave kaip sul\u0105, Kaip vilt\u012f pirmutin\u0119. Jau\u010diu, kaip gyv\u0105 krauj\u0105 Sug\u0117rusi raudojai. U\u017e tuos, kurie i\u0161duoda, Klaupiuos prie tavo koj\u0173. Gird\u017eiu, kaip atsid\u016bsti, Visiems atleisti nori. T\u0117vyne, tu gra\u017eiausias \u00a0Pasaulyje altorius. 2018 met\u0173 vasario 15 dien\u0105\u00a0 VSMC sal\u0117je susirinkome ypatinga proga \u2013 \u0161v\u0119sti atkurtos Lietuvos\u00a0 100\u2013\u0105j\u012f gimtadien\u012f. [&hellip;]<\/p>\n","protected":false},"author":5,"featured_media":3519,"comment_status":"closed","ping_status":"closed","sticky":false,"template":"","format":"standard","meta":{"footnotes":""},"categories":[1],"tags":[],"class_list":["post-3504","post","type-post","status-publish","format-standard","has-post-thumbnail","hentry","category-naujienos"],"yoast_head":"<!-- This site is optimized with the Yoast SEO plugin v27.5 - https:\/\/yoast.com\/product\/yoast-seo-wordpress\/ -->\n<title>Drauge su Lietuvos suaugusi\u0173j\u0173 bendrojo ugdymo mokyklomis \u0161vent\u0117me atkurtos Lietuvos \u0161imtmet\u012f Vilniaus suaugusi\u0173j\u0173 mokymo centras  - Vilniaus suaugusi\u0173j\u0173 mokymo centras<\/title>\n<meta name=\"description\" content=\"Drauge su Lietuvos suaugusi\u0173j\u0173 bendrojo ugdymo mokyklomis \u0161vent\u0117me atkurtos Lietuvos \u0161imtmet\u012f Vilniaus suaugusi\u0173j\u0173 mokymo centras\" \/>\n<meta name=\"robots\" content=\"index, follow, max-snippet:-1, max-image-preview:large, max-video-preview:-1\" \/>\n<link rel=\"canonical\" href=\"https:\/\/vsmc.lt\/?p=3504\" \/>\n<meta property=\"og:locale\" content=\"lt_LT\" \/>\n<meta property=\"og:type\" content=\"article\" \/>\n<meta property=\"og:title\" content=\"Drauge su Lietuvos suaugusi\u0173j\u0173 bendrojo ugdymo mokyklomis \u0161vent\u0117me atkurtos Lietuvos \u0161imtmet\u012f Vilniaus suaugusi\u0173j\u0173 mokymo centras  - Vilniaus suaugusi\u0173j\u0173 mokymo centras\" \/>\n<meta property=\"og:description\" content=\"Drauge su Lietuvos suaugusi\u0173j\u0173 bendrojo ugdymo mokyklomis \u0161vent\u0117me atkurtos Lietuvos \u0161imtmet\u012f Vilniaus suaugusi\u0173j\u0173 mokymo centras\" \/>\n<meta property=\"og:url\" content=\"https:\/\/vsmc.lt\/?p=3504\" \/>\n<meta property=\"og:site_name\" content=\"Vilniaus suaugusi\u0173j\u0173 mokymo centras\" \/>\n<meta property=\"article:publisher\" content=\"https:\/\/www.facebook.com\/p\/Vilniaus-suaugusij-mokymo-centras-VSMC-gimnazija-100034428106674\/\" \/>\n<meta property=\"article:published_time\" content=\"2018-02-20T10:51:04+00:00\" \/>\n<meta property=\"article:modified_time\" content=\"2018-10-03T10:21:43+00:00\" \/>\n<meta property=\"og:image\" content=\"https:\/\/vsmc.lt\/wp-content\/uploads\/2018\/03\/05\/DSC_0796-1080x720.jpg\" \/>\n\t<meta property=\"og:image:width\" content=\"1080\" \/>\n\t<meta property=\"og:image:height\" content=\"720\" \/>\n\t<meta property=\"og:image:type\" content=\"image\/jpeg\" \/>\n<meta name=\"author\" content=\"Birut\u0117 Kubilinskien\u0117\" \/>\n<meta name=\"twitter:card\" content=\"summary_large_image\" \/>\n<meta name=\"twitter:label1\" content=\"Written by\" \/>\n\t<meta name=\"twitter:data1\" content=\"Birut\u0117 Kubilinskien\u0117\" \/>\n\t<meta name=\"twitter:label2\" content=\"Est. reading time\" \/>\n\t<meta name=\"twitter:data2\" content=\"3 minut\u0117s\" \/>\n<script type=\"application\/ld+json\" class=\"yoast-schema-graph\">{\"@context\":\"https:\\\/\\\/schema.org\",\"@graph\":[{\"@type\":\"Article\",\"@id\":\"https:\\\/\\\/vsmc.lt\\\/?p=3504#article\",\"isPartOf\":{\"@id\":\"https:\\\/\\\/vsmc.lt\\\/?p=3504\"},\"author\":{\"name\":\"Birut\u0117 Kubilinskien\u0117\",\"@id\":\"https:\\\/\\\/vsmc.lt\\\/#\\\/schema\\\/person\\\/7b79c1eab13a88fc1ed4dc6626a57f98\"},\"headline\":\"Drauge su Lietuvos suaugusi\u0173j\u0173 bendrojo ugdymo mokyklomis \u0161vent\u0117me atkurtos Lietuvos \u0161imtmet\u012f\",\"datePublished\":\"2018-02-20T10:51:04+00:00\",\"dateModified\":\"2018-10-03T10:21:43+00:00\",\"mainEntityOfPage\":{\"@id\":\"https:\\\/\\\/vsmc.lt\\\/?p=3504\"},\"wordCount\":534,\"publisher\":{\"@id\":\"https:\\\/\\\/vsmc.lt\\\/#organization\"},\"image\":{\"@id\":\"https:\\\/\\\/vsmc.lt\\\/?p=3504#primaryimage\"},\"thumbnailUrl\":\"https:\\\/\\\/vsmc.lt\\\/wp-content\\\/uploads\\\/2018\\\/03\\\/05\\\/DSC_0796.jpg\",\"articleSection\":[\"Naujienos\"],\"inLanguage\":\"lt-LT\"},{\"@type\":\"WebPage\",\"@id\":\"https:\\\/\\\/vsmc.lt\\\/?p=3504\",\"url\":\"https:\\\/\\\/vsmc.lt\\\/?p=3504\",\"name\":\"Drauge su Lietuvos suaugusi\u0173j\u0173 bendrojo ugdymo mokyklomis \u0161vent\u0117me atkurtos Lietuvos \u0161imtmet\u012f Vilniaus suaugusi\u0173j\u0173 mokymo centras - Vilniaus suaugusi\u0173j\u0173 mokymo centras\",\"isPartOf\":{\"@id\":\"https:\\\/\\\/vsmc.lt\\\/#website\"},\"primaryImageOfPage\":{\"@id\":\"https:\\\/\\\/vsmc.lt\\\/?p=3504#primaryimage\"},\"image\":{\"@id\":\"https:\\\/\\\/vsmc.lt\\\/?p=3504#primaryimage\"},\"thumbnailUrl\":\"https:\\\/\\\/vsmc.lt\\\/wp-content\\\/uploads\\\/2018\\\/03\\\/05\\\/DSC_0796.jpg\",\"datePublished\":\"2018-02-20T10:51:04+00:00\",\"dateModified\":\"2018-10-03T10:21:43+00:00\",\"description\":\"Drauge su Lietuvos suaugusi\u0173j\u0173 bendrojo ugdymo mokyklomis \u0161vent\u0117me atkurtos Lietuvos \u0161imtmet\u012f Vilniaus suaugusi\u0173j\u0173 mokymo centras\",\"breadcrumb\":{\"@id\":\"https:\\\/\\\/vsmc.lt\\\/?p=3504#breadcrumb\"},\"inLanguage\":\"lt-LT\",\"potentialAction\":[{\"@type\":\"ReadAction\",\"target\":[\"https:\\\/\\\/vsmc.lt\\\/?p=3504\"]}]},{\"@type\":\"ImageObject\",\"inLanguage\":\"lt-LT\",\"@id\":\"https:\\\/\\\/vsmc.lt\\\/?p=3504#primaryimage\",\"url\":\"https:\\\/\\\/vsmc.lt\\\/wp-content\\\/uploads\\\/2018\\\/03\\\/05\\\/DSC_0796.jpg\",\"contentUrl\":\"https:\\\/\\\/vsmc.lt\\\/wp-content\\\/uploads\\\/2018\\\/03\\\/05\\\/DSC_0796.jpg\",\"width\":5647,\"height\":3764},{\"@type\":\"BreadcrumbList\",\"@id\":\"https:\\\/\\\/vsmc.lt\\\/?p=3504#breadcrumb\",\"itemListElement\":[{\"@type\":\"ListItem\",\"position\":1,\"name\":\"Home\",\"item\":\"https:\\\/\\\/vsmc.lt\\\/\"},{\"@type\":\"ListItem\",\"position\":2,\"name\":\"Drauge su Lietuvos suaugusi\u0173j\u0173 bendrojo ugdymo mokyklomis \u0161vent\u0117me atkurtos Lietuvos \u0161imtmet\u012f\"}]},{\"@type\":\"WebSite\",\"@id\":\"https:\\\/\\\/vsmc.lt\\\/#website\",\"url\":\"https:\\\/\\\/vsmc.lt\\\/\",\"name\":\"Vilniaus suaugusi\u0173j\u0173 mokymo centras\",\"description\":\"VSMC\",\"publisher\":{\"@id\":\"https:\\\/\\\/vsmc.lt\\\/#organization\"},\"alternateName\":\"VSMC\",\"potentialAction\":[{\"@type\":\"SearchAction\",\"target\":{\"@type\":\"EntryPoint\",\"urlTemplate\":\"https:\\\/\\\/vsmc.lt\\\/?s={search_term_string}\"},\"query-input\":{\"@type\":\"PropertyValueSpecification\",\"valueRequired\":true,\"valueName\":\"search_term_string\"}}],\"inLanguage\":\"lt-LT\"},{\"@type\":\"Organization\",\"@id\":\"https:\\\/\\\/vsmc.lt\\\/#organization\",\"name\":\"Vilniaus suaugusi\u0173j\u0173 mokymo centras\",\"alternateName\":\"VSMC\",\"url\":\"https:\\\/\\\/vsmc.lt\\\/\",\"logo\":{\"@type\":\"ImageObject\",\"inLanguage\":\"lt-LT\",\"@id\":\"https:\\\/\\\/vsmc.lt\\\/#\\\/schema\\\/logo\\\/image\\\/\",\"url\":\"https:\\\/\\\/vsmc.lt\\\/wp-content\\\/uploads\\\/2016\\\/11\\\/15\\\/logo.png\",\"contentUrl\":\"https:\\\/\\\/vsmc.lt\\\/wp-content\\\/uploads\\\/2016\\\/11\\\/15\\\/logo.png\",\"width\":96,\"height\":121,\"caption\":\"Vilniaus suaugusi\u0173j\u0173 mokymo centras\"},\"image\":{\"@id\":\"https:\\\/\\\/vsmc.lt\\\/#\\\/schema\\\/logo\\\/image\\\/\"},\"sameAs\":[\"https:\\\/\\\/www.facebook.com\\\/p\\\/Vilniaus-suaugusij-mokymo-centras-VSMC-gimnazija-100034428106674\\\/\"]},{\"@type\":\"Person\",\"@id\":\"https:\\\/\\\/vsmc.lt\\\/#\\\/schema\\\/person\\\/7b79c1eab13a88fc1ed4dc6626a57f98\",\"name\":\"Birut\u0117 Kubilinskien\u0117\",\"image\":{\"@type\":\"ImageObject\",\"inLanguage\":\"lt-LT\",\"@id\":\"https:\\\/\\\/secure.gravatar.com\\\/avatar\\\/de3432602f9f0edd7dc9006aceaad7e2a3227ca56f4f6d9e4b2e2ee05a11e793?s=96&d=mm&r=g\",\"url\":\"https:\\\/\\\/secure.gravatar.com\\\/avatar\\\/de3432602f9f0edd7dc9006aceaad7e2a3227ca56f4f6d9e4b2e2ee05a11e793?s=96&d=mm&r=g\",\"contentUrl\":\"https:\\\/\\\/secure.gravatar.com\\\/avatar\\\/de3432602f9f0edd7dc9006aceaad7e2a3227ca56f4f6d9e4b2e2ee05a11e793?s=96&d=mm&r=g\",\"caption\":\"Birut\u0117 Kubilinskien\u0117\"},\"url\":\"https:\\\/\\\/vsmc.lt\\\/?author=5\"}]}<\/script>\n<!-- \/ Yoast SEO plugin. -->","yoast_head_json":{"title":"Drauge su Lietuvos suaugusi\u0173j\u0173 bendrojo ugdymo mokyklomis \u0161vent\u0117me atkurtos Lietuvos \u0161imtmet\u012f Vilniaus suaugusi\u0173j\u0173 mokymo centras  - Vilniaus suaugusi\u0173j\u0173 mokymo centras","description":"Drauge su Lietuvos suaugusi\u0173j\u0173 bendrojo ugdymo mokyklomis \u0161vent\u0117me atkurtos Lietuvos \u0161imtmet\u012f Vilniaus suaugusi\u0173j\u0173 mokymo centras","robots":{"index":"index","follow":"follow","max-snippet":"max-snippet:-1","max-image-preview":"max-image-preview:large","max-video-preview":"max-video-preview:-1"},"canonical":"https:\/\/vsmc.lt\/?p=3504","og_locale":"lt_LT","og_type":"article","og_title":"Drauge su Lietuvos suaugusi\u0173j\u0173 bendrojo ugdymo mokyklomis \u0161vent\u0117me atkurtos Lietuvos \u0161imtmet\u012f Vilniaus suaugusi\u0173j\u0173 mokymo centras  - Vilniaus suaugusi\u0173j\u0173 mokymo centras","og_description":"Drauge su Lietuvos suaugusi\u0173j\u0173 bendrojo ugdymo mokyklomis \u0161vent\u0117me atkurtos Lietuvos \u0161imtmet\u012f Vilniaus suaugusi\u0173j\u0173 mokymo centras","og_url":"https:\/\/vsmc.lt\/?p=3504","og_site_name":"Vilniaus suaugusi\u0173j\u0173 mokymo centras","article_publisher":"https:\/\/www.facebook.com\/p\/Vilniaus-suaugusij-mokymo-centras-VSMC-gimnazija-100034428106674\/","article_published_time":"2018-02-20T10:51:04+00:00","article_modified_time":"2018-10-03T10:21:43+00:00","og_image":[{"width":1080,"height":720,"url":"https:\/\/vsmc.lt\/wp-content\/uploads\/2018\/03\/05\/DSC_0796-1080x720.jpg","type":"image\/jpeg"}],"author":"Birut\u0117 Kubilinskien\u0117","twitter_card":"summary_large_image","twitter_misc":{"Written by":"Birut\u0117 Kubilinskien\u0117","Est. reading time":"3 minut\u0117s"},"schema":{"@context":"https:\/\/schema.org","@graph":[{"@type":"Article","@id":"https:\/\/vsmc.lt\/?p=3504#article","isPartOf":{"@id":"https:\/\/vsmc.lt\/?p=3504"},"author":{"name":"Birut\u0117 Kubilinskien\u0117","@id":"https:\/\/vsmc.lt\/#\/schema\/person\/7b79c1eab13a88fc1ed4dc6626a57f98"},"headline":"Drauge su Lietuvos suaugusi\u0173j\u0173 bendrojo ugdymo mokyklomis \u0161vent\u0117me atkurtos Lietuvos \u0161imtmet\u012f","datePublished":"2018-02-20T10:51:04+00:00","dateModified":"2018-10-03T10:21:43+00:00","mainEntityOfPage":{"@id":"https:\/\/vsmc.lt\/?p=3504"},"wordCount":534,"publisher":{"@id":"https:\/\/vsmc.lt\/#organization"},"image":{"@id":"https:\/\/vsmc.lt\/?p=3504#primaryimage"},"thumbnailUrl":"https:\/\/vsmc.lt\/wp-content\/uploads\/2018\/03\/05\/DSC_0796.jpg","articleSection":["Naujienos"],"inLanguage":"lt-LT"},{"@type":"WebPage","@id":"https:\/\/vsmc.lt\/?p=3504","url":"https:\/\/vsmc.lt\/?p=3504","name":"Drauge su Lietuvos suaugusi\u0173j\u0173 bendrojo ugdymo mokyklomis \u0161vent\u0117me atkurtos Lietuvos \u0161imtmet\u012f Vilniaus suaugusi\u0173j\u0173 mokymo centras - Vilniaus suaugusi\u0173j\u0173 mokymo centras","isPartOf":{"@id":"https:\/\/vsmc.lt\/#website"},"primaryImageOfPage":{"@id":"https:\/\/vsmc.lt\/?p=3504#primaryimage"},"image":{"@id":"https:\/\/vsmc.lt\/?p=3504#primaryimage"},"thumbnailUrl":"https:\/\/vsmc.lt\/wp-content\/uploads\/2018\/03\/05\/DSC_0796.jpg","datePublished":"2018-02-20T10:51:04+00:00","dateModified":"2018-10-03T10:21:43+00:00","description":"Drauge su Lietuvos suaugusi\u0173j\u0173 bendrojo ugdymo mokyklomis \u0161vent\u0117me atkurtos Lietuvos \u0161imtmet\u012f Vilniaus suaugusi\u0173j\u0173 mokymo centras","breadcrumb":{"@id":"https:\/\/vsmc.lt\/?p=3504#breadcrumb"},"inLanguage":"lt-LT","potentialAction":[{"@type":"ReadAction","target":["https:\/\/vsmc.lt\/?p=3504"]}]},{"@type":"ImageObject","inLanguage":"lt-LT","@id":"https:\/\/vsmc.lt\/?p=3504#primaryimage","url":"https:\/\/vsmc.lt\/wp-content\/uploads\/2018\/03\/05\/DSC_0796.jpg","contentUrl":"https:\/\/vsmc.lt\/wp-content\/uploads\/2018\/03\/05\/DSC_0796.jpg","width":5647,"height":3764},{"@type":"BreadcrumbList","@id":"https:\/\/vsmc.lt\/?p=3504#breadcrumb","itemListElement":[{"@type":"ListItem","position":1,"name":"Home","item":"https:\/\/vsmc.lt\/"},{"@type":"ListItem","position":2,"name":"Drauge su Lietuvos suaugusi\u0173j\u0173 bendrojo ugdymo mokyklomis \u0161vent\u0117me atkurtos Lietuvos \u0161imtmet\u012f"}]},{"@type":"WebSite","@id":"https:\/\/vsmc.lt\/#website","url":"https:\/\/vsmc.lt\/","name":"Vilniaus suaugusi\u0173j\u0173 mokymo centras","description":"VSMC","publisher":{"@id":"https:\/\/vsmc.lt\/#organization"},"alternateName":"VSMC","potentialAction":[{"@type":"SearchAction","target":{"@type":"EntryPoint","urlTemplate":"https:\/\/vsmc.lt\/?s={search_term_string}"},"query-input":{"@type":"PropertyValueSpecification","valueRequired":true,"valueName":"search_term_string"}}],"inLanguage":"lt-LT"},{"@type":"Organization","@id":"https:\/\/vsmc.lt\/#organization","name":"Vilniaus suaugusi\u0173j\u0173 mokymo centras","alternateName":"VSMC","url":"https:\/\/vsmc.lt\/","logo":{"@type":"ImageObject","inLanguage":"lt-LT","@id":"https:\/\/vsmc.lt\/#\/schema\/logo\/image\/","url":"https:\/\/vsmc.lt\/wp-content\/uploads\/2016\/11\/15\/logo.png","contentUrl":"https:\/\/vsmc.lt\/wp-content\/uploads\/2016\/11\/15\/logo.png","width":96,"height":121,"caption":"Vilniaus suaugusi\u0173j\u0173 mokymo centras"},"image":{"@id":"https:\/\/vsmc.lt\/#\/schema\/logo\/image\/"},"sameAs":["https:\/\/www.facebook.com\/p\/Vilniaus-suaugusij-mokymo-centras-VSMC-gimnazija-100034428106674\/"]},{"@type":"Person","@id":"https:\/\/vsmc.lt\/#\/schema\/person\/7b79c1eab13a88fc1ed4dc6626a57f98","name":"Birut\u0117 Kubilinskien\u0117","image":{"@type":"ImageObject","inLanguage":"lt-LT","@id":"https:\/\/secure.gravatar.com\/avatar\/de3432602f9f0edd7dc9006aceaad7e2a3227ca56f4f6d9e4b2e2ee05a11e793?s=96&d=mm&r=g","url":"https:\/\/secure.gravatar.com\/avatar\/de3432602f9f0edd7dc9006aceaad7e2a3227ca56f4f6d9e4b2e2ee05a11e793?s=96&d=mm&r=g","contentUrl":"https:\/\/secure.gravatar.com\/avatar\/de3432602f9f0edd7dc9006aceaad7e2a3227ca56f4f6d9e4b2e2ee05a11e793?s=96&d=mm&r=g","caption":"Birut\u0117 Kubilinskien\u0117"},"url":"https:\/\/vsmc.lt\/?author=5"}]}},"_links":{"self":[{"href":"https:\/\/vsmc.lt\/index.php?rest_route=\/wp\/v2\/posts\/3504","targetHints":{"allow":["GET"]}}],"collection":[{"href":"https:\/\/vsmc.lt\/index.php?rest_route=\/wp\/v2\/posts"}],"about":[{"href":"https:\/\/vsmc.lt\/index.php?rest_route=\/wp\/v2\/types\/post"}],"author":[{"embeddable":true,"href":"https:\/\/vsmc.lt\/index.php?rest_route=\/wp\/v2\/users\/5"}],"replies":[{"embeddable":true,"href":"https:\/\/vsmc.lt\/index.php?rest_route=%2Fwp%2Fv2%2Fcomments&post=3504"}],"version-history":[{"count":4,"href":"https:\/\/vsmc.lt\/index.php?rest_route=\/wp\/v2\/posts\/3504\/revisions"}],"predecessor-version":[{"id":4735,"href":"https:\/\/vsmc.lt\/index.php?rest_route=\/wp\/v2\/posts\/3504\/revisions\/4735"}],"wp:featuredmedia":[{"embeddable":true,"href":"https:\/\/vsmc.lt\/index.php?rest_route=\/wp\/v2\/media\/3519"}],"wp:attachment":[{"href":"https:\/\/vsmc.lt\/index.php?rest_route=%2Fwp%2Fv2%2Fmedia&parent=3504"}],"wp:term":[{"taxonomy":"category","embeddable":true,"href":"https:\/\/vsmc.lt\/index.php?rest_route=%2Fwp%2Fv2%2Fcategories&post=3504"},{"taxonomy":"post_tag","embeddable":true,"href":"https:\/\/vsmc.lt\/index.php?rest_route=%2Fwp%2Fv2%2Ftags&post=3504"}],"curies":[{"name":"wp","href":"https:\/\/api.w.org\/{rel}","templated":true}]}}