{"id":3595,"date":"2018-03-12T11:49:05","date_gmt":"2018-03-12T08:49:05","guid":{"rendered":"http:\/\/vsmc.lt\/?p=3595"},"modified":"2018-10-03T13:17:13","modified_gmt":"2018-10-03T10:17:13","slug":"paminejome-lietuvos-nepriklausomybes-atkurimo-diena","status":"publish","type":"post","link":"https:\/\/vsmc.lt\/?p=3595","title":{"rendered":"Pamin\u0117jome Lietuvos nepriklausomyb\u0117s atk\u016brimo dien\u0105"},"content":{"rendered":"<p><strong><em>T\u0117vyne Lietuva, brangi \u0161alie,<\/em><\/strong><\/p>\n<p><strong><em>Prie Nemuno krant\u0173,<\/em><\/strong><\/p>\n<p><strong><em>\u017dyd\u0117k plati, laisva, rausva g\u0117l\u0117<\/em><\/strong><\/p>\n<p><strong><em>Piliakalni\u0173 \u0161vent\u0173&#8230;<\/em><\/strong><\/p>\n<p>&#8230;\u0161iais \u017eod\u017eiais Lietuvai buvo prad\u0117tas i\u0161kilmingas min\u0117jimas, skirtas Nepriklausomyb\u0117s atk\u016brimo 28-osioms metin\u0117ms. Renginyje dalyvavo sve\u010diai \u2013 Lietuvos Respublikos Seimo narys, diplomatas \u017dygimantas Pavilionis ir Grigi\u0161ki\u0173 meno mokyklos direktor\u0117s Kristinos Ulevi\u010di\u016bt\u0117s lydimi jaunieji atlik\u0117jai.<\/p>\n<p>Tradici\u0161kai min\u0117jim\u0105 prad\u0117jome sugiedodami himn\u0105. Sveikinimo \u017eod\u012f tar\u0117 ir susirinkusius pasveikino centro direktor\u0117 Natalja Kimso.<\/p>\n<p>Politiniame XX am\u017eiaus Lietuvos istorijos kalendoriuje yra dvi datos: Vasario 16-oji ir Kovo 11-oji. Tai reik\u0161mingiausi Lietuvai valstybingumo momentai, kai teko vykdyti istorin\u0119 misij\u0105 parei\u0161kiant visam pasauliui, kad Lietuva pati sprend\u017eia savo ateities likim\u0105 ir kad visi esame atsakingi u\u017e savo T\u0117vyn\u0117s, savo kra\u0161to ateit\u012f. Tad susirink\u0119 sal\u0117je pasi\u017ei\u016br\u0117jome film\u0105 ir prisimin\u0117me istorines akimirkas, kai buvo priimtas Lietuvos Respublikos Auk\u0161\u010diausiosios Tarybos aktas d\u0117l Lietuvos Nepriklausomos Valstyb\u0117s\u00a0 atstatymo.<\/p>\n<p>Garbinga proga\u00a0 muzikin\u0119 dovan\u0105 susirinkusiems skyr\u0117 centro bi\u010diuli\u0173 i\u0161 Grigi\u0161ki\u0173 meno mokyklos diksilendo grup\u0117 vadovaujama mokytojo metodininko Sigito Gumuliausko. Muzikin\u0119 program\u0105 pristat\u0117 meno mokyklos direktoriaus pavaduotoja Jovita Urbonien\u0117.<\/p>\n<p>Po nuotaikingo diksilendo grup\u0117s pasirodymo \u017dygimantas Pavilionis pasidalijo mintimis apie \u0161i\u0173 dien\u0173 valstyb\u0117s u\u017esienio ir vidaus politikos aktualijas, problemas, i\u0161\u0161\u016bkius, atsak\u0117 \u012f auditorijos klausimus.<\/p>\n<p>Istoriniai kadrai, sve\u010dias ir kiti pasisak\u0119 renginio dalyviai primin\u0117, kad esame viena Lietuva. Turime b\u016bti stipr\u016bs ir vieningi, drauge dainuoti ir kelti m\u016bs\u0173 Trispalv\u0119, kartu saugoti brangiausia k\u0105 turime: Lietuv\u0105 \u00a0kaip savo namus, Lietuv\u0105 \u00a0kaip pareig\u0105 ir tiksl\u0105.<\/p>\n<p>Pareng\u0117 lietuvi\u0173 kalbos ir literat\u016bros vyresnioji mokytoja Oksana Aleknavi\u010dius<\/p>\n<p><img loading=\"lazy\" decoding=\"async\" class=\"alignnone wp-image-3596\" src=\"https:\/\/vsmc.lt\/wp-content\/uploads\/2018\/03\/13\/03-11-6-540x360.jpg\" alt=\"\" width=\"486\" height=\"324\" srcset=\"https:\/\/vsmc.lt\/wp-content\/uploads\/2018\/03\/13\/03-11-6-540x360.jpg 540w, https:\/\/vsmc.lt\/wp-content\/uploads\/2018\/03\/13\/03-11-6-768x512.jpg 768w, https:\/\/vsmc.lt\/wp-content\/uploads\/2018\/03\/13\/03-11-6-1080x720.jpg 1080w, https:\/\/vsmc.lt\/wp-content\/uploads\/2018\/03\/13\/03-11-6-950x633.jpg 950w, https:\/\/vsmc.lt\/wp-content\/uploads\/2018\/03\/13\/03-11-6-450x300.jpg 450w\" sizes=\"auto, (max-width: 486px) 100vw, 486px\" \/><img loading=\"lazy\" decoding=\"async\" class=\"alignnone wp-image-3597\" src=\"https:\/\/vsmc.lt\/wp-content\/uploads\/2018\/03\/13\/03-11-5-540x360.jpg\" alt=\"\" width=\"488\" height=\"325\" srcset=\"https:\/\/vsmc.lt\/wp-content\/uploads\/2018\/03\/13\/03-11-5-540x360.jpg 540w, https:\/\/vsmc.lt\/wp-content\/uploads\/2018\/03\/13\/03-11-5-768x512.jpg 768w, https:\/\/vsmc.lt\/wp-content\/uploads\/2018\/03\/13\/03-11-5-1080x720.jpg 1080w, https:\/\/vsmc.lt\/wp-content\/uploads\/2018\/03\/13\/03-11-5-950x633.jpg 950w, https:\/\/vsmc.lt\/wp-content\/uploads\/2018\/03\/13\/03-11-5-450x300.jpg 450w\" sizes=\"auto, (max-width: 488px) 100vw, 488px\" \/><img loading=\"lazy\" decoding=\"async\" class=\"alignnone wp-image-3598\" src=\"https:\/\/vsmc.lt\/wp-content\/uploads\/2018\/03\/13\/03-11-4-540x360.jpg\" alt=\"\" width=\"485\" height=\"323\" srcset=\"https:\/\/vsmc.lt\/wp-content\/uploads\/2018\/03\/13\/03-11-4-540x360.jpg 540w, https:\/\/vsmc.lt\/wp-content\/uploads\/2018\/03\/13\/03-11-4-768x512.jpg 768w, https:\/\/vsmc.lt\/wp-content\/uploads\/2018\/03\/13\/03-11-4-1080x720.jpg 1080w, https:\/\/vsmc.lt\/wp-content\/uploads\/2018\/03\/13\/03-11-4-950x633.jpg 950w, https:\/\/vsmc.lt\/wp-content\/uploads\/2018\/03\/13\/03-11-4-450x300.jpg 450w\" sizes=\"auto, (max-width: 485px) 100vw, 485px\" \/><img loading=\"lazy\" decoding=\"async\" class=\"alignnone wp-image-3599\" src=\"https:\/\/vsmc.lt\/wp-content\/uploads\/2018\/03\/13\/03-11-3-540x360.jpg\" alt=\"\" width=\"486\" height=\"324\" srcset=\"https:\/\/vsmc.lt\/wp-content\/uploads\/2018\/03\/13\/03-11-3-540x360.jpg 540w, https:\/\/vsmc.lt\/wp-content\/uploads\/2018\/03\/13\/03-11-3-768x512.jpg 768w, https:\/\/vsmc.lt\/wp-content\/uploads\/2018\/03\/13\/03-11-3-1080x720.jpg 1080w, https:\/\/vsmc.lt\/wp-content\/uploads\/2018\/03\/13\/03-11-3-950x633.jpg 950w, https:\/\/vsmc.lt\/wp-content\/uploads\/2018\/03\/13\/03-11-3-450x300.jpg 450w\" sizes=\"auto, (max-width: 486px) 100vw, 486px\" \/><img loading=\"lazy\" decoding=\"async\" class=\"alignnone wp-image-3600\" src=\"https:\/\/vsmc.lt\/wp-content\/uploads\/2018\/03\/13\/03-11-2-540x360.jpg\" alt=\"\" width=\"485\" height=\"323\" srcset=\"https:\/\/vsmc.lt\/wp-content\/uploads\/2018\/03\/13\/03-11-2-540x360.jpg 540w, https:\/\/vsmc.lt\/wp-content\/uploads\/2018\/03\/13\/03-11-2-768x512.jpg 768w, https:\/\/vsmc.lt\/wp-content\/uploads\/2018\/03\/13\/03-11-2-1080x720.jpg 1080w, https:\/\/vsmc.lt\/wp-content\/uploads\/2018\/03\/13\/03-11-2-950x633.jpg 950w, https:\/\/vsmc.lt\/wp-content\/uploads\/2018\/03\/13\/03-11-2-450x300.jpg 450w\" sizes=\"auto, (max-width: 485px) 100vw, 485px\" \/><img loading=\"lazy\" decoding=\"async\" class=\"alignnone wp-image-3601\" src=\"https:\/\/vsmc.lt\/wp-content\/uploads\/2018\/03\/13\/03-11-1-540x360.jpg\" alt=\"\" width=\"485\" height=\"323\" srcset=\"https:\/\/vsmc.lt\/wp-content\/uploads\/2018\/03\/13\/03-11-1-540x360.jpg 540w, https:\/\/vsmc.lt\/wp-content\/uploads\/2018\/03\/13\/03-11-1-768x512.jpg 768w, https:\/\/vsmc.lt\/wp-content\/uploads\/2018\/03\/13\/03-11-1-1080x720.jpg 1080w, https:\/\/vsmc.lt\/wp-content\/uploads\/2018\/03\/13\/03-11-1-950x633.jpg 950w, https:\/\/vsmc.lt\/wp-content\/uploads\/2018\/03\/13\/03-11-1-450x300.jpg 450w\" sizes=\"auto, (max-width: 485px) 100vw, 485px\" \/><\/p>\n","protected":false},"excerpt":{"rendered":"<p>T\u0117vyne Lietuva, brangi \u0161alie, Prie Nemuno krant\u0173, \u017dyd\u0117k plati, laisva, rausva g\u0117l\u0117 Piliakalni\u0173 \u0161vent\u0173&#8230; &#8230;\u0161iais \u017eod\u017eiais Lietuvai buvo prad\u0117tas i\u0161kilmingas min\u0117jimas, skirtas Nepriklausomyb\u0117s atk\u016brimo 28-osioms metin\u0117ms. Renginyje dalyvavo sve\u010diai \u2013 Lietuvos Respublikos Seimo narys, diplomatas \u017dygimantas Pavilionis ir Grigi\u0161ki\u0173 meno mokyklos direktor\u0117s Kristinos Ulevi\u010di\u016bt\u0117s lydimi jaunieji atlik\u0117jai. Tradici\u0161kai min\u0117jim\u0105 prad\u0117jome sugiedodami himn\u0105. Sveikinimo \u017eod\u012f tar\u0117 [&hellip;]<\/p>\n","protected":false},"author":1,"featured_media":3601,"comment_status":"closed","ping_status":"closed","sticky":false,"template":"","format":"standard","meta":{"footnotes":""},"categories":[1],"tags":[],"class_list":["post-3595","post","type-post","status-publish","format-standard","has-post-thumbnail","hentry","category-naujienos"],"yoast_head":"<!-- This site is optimized with the Yoast SEO plugin v27.5 - https:\/\/yoast.com\/product\/yoast-seo-wordpress\/ -->\n<title>Pamin\u0117jome Lietuvos nepriklausomyb\u0117s atk\u016brimo dien\u0105 Vilniaus suaugusi\u0173j\u0173 mokymo centras  - Vilniaus suaugusi\u0173j\u0173 mokymo centras<\/title>\n<meta name=\"description\" content=\"Pamin\u0117jome Lietuvos nepriklausomyb\u0117s atk\u016brimo dien\u0105 Vilniaus suaugusi\u0173j\u0173 mokymo centras\" \/>\n<meta name=\"robots\" content=\"index, follow, max-snippet:-1, max-image-preview:large, max-video-preview:-1\" \/>\n<link rel=\"canonical\" href=\"https:\/\/vsmc.lt\/?p=3595\" \/>\n<meta property=\"og:locale\" content=\"lt_LT\" \/>\n<meta property=\"og:type\" content=\"article\" \/>\n<meta property=\"og:title\" content=\"Pamin\u0117jome Lietuvos nepriklausomyb\u0117s atk\u016brimo dien\u0105 Vilniaus suaugusi\u0173j\u0173 mokymo centras  - Vilniaus suaugusi\u0173j\u0173 mokymo centras\" \/>\n<meta property=\"og:description\" content=\"Pamin\u0117jome Lietuvos nepriklausomyb\u0117s atk\u016brimo dien\u0105 Vilniaus suaugusi\u0173j\u0173 mokymo centras\" \/>\n<meta property=\"og:url\" content=\"https:\/\/vsmc.lt\/?p=3595\" \/>\n<meta property=\"og:site_name\" content=\"Vilniaus suaugusi\u0173j\u0173 mokymo centras\" \/>\n<meta property=\"article:publisher\" content=\"https:\/\/www.facebook.com\/p\/Vilniaus-suaugusij-mokymo-centras-VSMC-gimnazija-100034428106674\/\" \/>\n<meta property=\"article:published_time\" content=\"2018-03-12T08:49:05+00:00\" \/>\n<meta property=\"article:modified_time\" content=\"2018-10-03T10:17:13+00:00\" \/>\n<meta property=\"og:image\" content=\"https:\/\/vsmc.lt\/wp-content\/uploads\/2018\/03\/13\/03-11-1-1080x720.jpg\" \/>\n\t<meta property=\"og:image:width\" content=\"1080\" \/>\n\t<meta property=\"og:image:height\" content=\"720\" \/>\n\t<meta property=\"og:image:type\" content=\"image\/jpeg\" \/>\n<meta name=\"author\" content=\"vsmc\" \/>\n<meta name=\"twitter:card\" content=\"summary_large_image\" \/>\n<meta name=\"twitter:label1\" content=\"Written by\" \/>\n\t<meta name=\"twitter:data1\" content=\"vsmc\" \/>\n\t<meta name=\"twitter:label2\" content=\"Est. reading time\" \/>\n\t<meta name=\"twitter:data2\" content=\"1 minut\u0117\" \/>\n<script type=\"application\/ld+json\" class=\"yoast-schema-graph\">{\"@context\":\"https:\\\/\\\/schema.org\",\"@graph\":[{\"@type\":\"Article\",\"@id\":\"https:\\\/\\\/vsmc.lt\\\/?p=3595#article\",\"isPartOf\":{\"@id\":\"https:\\\/\\\/vsmc.lt\\\/?p=3595\"},\"author\":{\"name\":\"vsmc\",\"@id\":\"https:\\\/\\\/vsmc.lt\\\/#\\\/schema\\\/person\\\/f908112af7b3b7eb0f58e68efc84ed3b\"},\"headline\":\"Pamin\u0117jome Lietuvos nepriklausomyb\u0117s atk\u016brimo dien\u0105\",\"datePublished\":\"2018-03-12T08:49:05+00:00\",\"dateModified\":\"2018-10-03T10:17:13+00:00\",\"mainEntityOfPage\":{\"@id\":\"https:\\\/\\\/vsmc.lt\\\/?p=3595\"},\"wordCount\":281,\"publisher\":{\"@id\":\"https:\\\/\\\/vsmc.lt\\\/#organization\"},\"image\":{\"@id\":\"https:\\\/\\\/vsmc.lt\\\/?p=3595#primaryimage\"},\"thumbnailUrl\":\"https:\\\/\\\/vsmc.lt\\\/wp-content\\\/uploads\\\/2018\\\/03\\\/13\\\/03-11-1.jpg\",\"articleSection\":[\"Naujienos\"],\"inLanguage\":\"lt-LT\"},{\"@type\":\"WebPage\",\"@id\":\"https:\\\/\\\/vsmc.lt\\\/?p=3595\",\"url\":\"https:\\\/\\\/vsmc.lt\\\/?p=3595\",\"name\":\"Pamin\u0117jome Lietuvos nepriklausomyb\u0117s atk\u016brimo dien\u0105 Vilniaus suaugusi\u0173j\u0173 mokymo centras - Vilniaus suaugusi\u0173j\u0173 mokymo centras\",\"isPartOf\":{\"@id\":\"https:\\\/\\\/vsmc.lt\\\/#website\"},\"primaryImageOfPage\":{\"@id\":\"https:\\\/\\\/vsmc.lt\\\/?p=3595#primaryimage\"},\"image\":{\"@id\":\"https:\\\/\\\/vsmc.lt\\\/?p=3595#primaryimage\"},\"thumbnailUrl\":\"https:\\\/\\\/vsmc.lt\\\/wp-content\\\/uploads\\\/2018\\\/03\\\/13\\\/03-11-1.jpg\",\"datePublished\":\"2018-03-12T08:49:05+00:00\",\"dateModified\":\"2018-10-03T10:17:13+00:00\",\"description\":\"Pamin\u0117jome Lietuvos nepriklausomyb\u0117s atk\u016brimo dien\u0105 Vilniaus suaugusi\u0173j\u0173 mokymo centras\",\"breadcrumb\":{\"@id\":\"https:\\\/\\\/vsmc.lt\\\/?p=3595#breadcrumb\"},\"inLanguage\":\"lt-LT\",\"potentialAction\":[{\"@type\":\"ReadAction\",\"target\":[\"https:\\\/\\\/vsmc.lt\\\/?p=3595\"]}]},{\"@type\":\"ImageObject\",\"inLanguage\":\"lt-LT\",\"@id\":\"https:\\\/\\\/vsmc.lt\\\/?p=3595#primaryimage\",\"url\":\"https:\\\/\\\/vsmc.lt\\\/wp-content\\\/uploads\\\/2018\\\/03\\\/13\\\/03-11-1.jpg\",\"contentUrl\":\"https:\\\/\\\/vsmc.lt\\\/wp-content\\\/uploads\\\/2018\\\/03\\\/13\\\/03-11-1.jpg\",\"width\":5512,\"height\":3673},{\"@type\":\"BreadcrumbList\",\"@id\":\"https:\\\/\\\/vsmc.lt\\\/?p=3595#breadcrumb\",\"itemListElement\":[{\"@type\":\"ListItem\",\"position\":1,\"name\":\"Home\",\"item\":\"https:\\\/\\\/vsmc.lt\\\/\"},{\"@type\":\"ListItem\",\"position\":2,\"name\":\"Pamin\u0117jome Lietuvos nepriklausomyb\u0117s atk\u016brimo dien\u0105\"}]},{\"@type\":\"WebSite\",\"@id\":\"https:\\\/\\\/vsmc.lt\\\/#website\",\"url\":\"https:\\\/\\\/vsmc.lt\\\/\",\"name\":\"Vilniaus suaugusi\u0173j\u0173 mokymo centras\",\"description\":\"VSMC\",\"publisher\":{\"@id\":\"https:\\\/\\\/vsmc.lt\\\/#organization\"},\"alternateName\":\"VSMC\",\"potentialAction\":[{\"@type\":\"SearchAction\",\"target\":{\"@type\":\"EntryPoint\",\"urlTemplate\":\"https:\\\/\\\/vsmc.lt\\\/?s={search_term_string}\"},\"query-input\":{\"@type\":\"PropertyValueSpecification\",\"valueRequired\":true,\"valueName\":\"search_term_string\"}}],\"inLanguage\":\"lt-LT\"},{\"@type\":\"Organization\",\"@id\":\"https:\\\/\\\/vsmc.lt\\\/#organization\",\"name\":\"Vilniaus suaugusi\u0173j\u0173 mokymo centras\",\"alternateName\":\"VSMC\",\"url\":\"https:\\\/\\\/vsmc.lt\\\/\",\"logo\":{\"@type\":\"ImageObject\",\"inLanguage\":\"lt-LT\",\"@id\":\"https:\\\/\\\/vsmc.lt\\\/#\\\/schema\\\/logo\\\/image\\\/\",\"url\":\"https:\\\/\\\/vsmc.lt\\\/wp-content\\\/uploads\\\/2016\\\/11\\\/15\\\/logo.png\",\"contentUrl\":\"https:\\\/\\\/vsmc.lt\\\/wp-content\\\/uploads\\\/2016\\\/11\\\/15\\\/logo.png\",\"width\":96,\"height\":121,\"caption\":\"Vilniaus suaugusi\u0173j\u0173 mokymo centras\"},\"image\":{\"@id\":\"https:\\\/\\\/vsmc.lt\\\/#\\\/schema\\\/logo\\\/image\\\/\"},\"sameAs\":[\"https:\\\/\\\/www.facebook.com\\\/p\\\/Vilniaus-suaugusij-mokymo-centras-VSMC-gimnazija-100034428106674\\\/\"]},{\"@type\":\"Person\",\"@id\":\"https:\\\/\\\/vsmc.lt\\\/#\\\/schema\\\/person\\\/f908112af7b3b7eb0f58e68efc84ed3b\",\"name\":\"vsmc\",\"image\":{\"@type\":\"ImageObject\",\"inLanguage\":\"lt-LT\",\"@id\":\"https:\\\/\\\/secure.gravatar.com\\\/avatar\\\/c98f8cf094a0c3815db557f5d303882682ae3622ba8eff672c992e55217b1a89?s=96&d=mm&r=g\",\"url\":\"https:\\\/\\\/secure.gravatar.com\\\/avatar\\\/c98f8cf094a0c3815db557f5d303882682ae3622ba8eff672c992e55217b1a89?s=96&d=mm&r=g\",\"contentUrl\":\"https:\\\/\\\/secure.gravatar.com\\\/avatar\\\/c98f8cf094a0c3815db557f5d303882682ae3622ba8eff672c992e55217b1a89?s=96&d=mm&r=g\",\"caption\":\"vsmc\"},\"url\":\"https:\\\/\\\/vsmc.lt\\\/?author=1\"}]}<\/script>\n<!-- \/ Yoast SEO plugin. -->","yoast_head_json":{"title":"Pamin\u0117jome Lietuvos nepriklausomyb\u0117s atk\u016brimo dien\u0105 Vilniaus suaugusi\u0173j\u0173 mokymo centras  - Vilniaus suaugusi\u0173j\u0173 mokymo centras","description":"Pamin\u0117jome Lietuvos nepriklausomyb\u0117s atk\u016brimo dien\u0105 Vilniaus suaugusi\u0173j\u0173 mokymo centras","robots":{"index":"index","follow":"follow","max-snippet":"max-snippet:-1","max-image-preview":"max-image-preview:large","max-video-preview":"max-video-preview:-1"},"canonical":"https:\/\/vsmc.lt\/?p=3595","og_locale":"lt_LT","og_type":"article","og_title":"Pamin\u0117jome Lietuvos nepriklausomyb\u0117s atk\u016brimo dien\u0105 Vilniaus suaugusi\u0173j\u0173 mokymo centras  - Vilniaus suaugusi\u0173j\u0173 mokymo centras","og_description":"Pamin\u0117jome Lietuvos nepriklausomyb\u0117s atk\u016brimo dien\u0105 Vilniaus suaugusi\u0173j\u0173 mokymo centras","og_url":"https:\/\/vsmc.lt\/?p=3595","og_site_name":"Vilniaus suaugusi\u0173j\u0173 mokymo centras","article_publisher":"https:\/\/www.facebook.com\/p\/Vilniaus-suaugusij-mokymo-centras-VSMC-gimnazija-100034428106674\/","article_published_time":"2018-03-12T08:49:05+00:00","article_modified_time":"2018-10-03T10:17:13+00:00","og_image":[{"width":1080,"height":720,"url":"https:\/\/vsmc.lt\/wp-content\/uploads\/2018\/03\/13\/03-11-1-1080x720.jpg","type":"image\/jpeg"}],"author":"vsmc","twitter_card":"summary_large_image","twitter_misc":{"Written by":"vsmc","Est. reading time":"1 minut\u0117"},"schema":{"@context":"https:\/\/schema.org","@graph":[{"@type":"Article","@id":"https:\/\/vsmc.lt\/?p=3595#article","isPartOf":{"@id":"https:\/\/vsmc.lt\/?p=3595"},"author":{"name":"vsmc","@id":"https:\/\/vsmc.lt\/#\/schema\/person\/f908112af7b3b7eb0f58e68efc84ed3b"},"headline":"Pamin\u0117jome Lietuvos nepriklausomyb\u0117s atk\u016brimo dien\u0105","datePublished":"2018-03-12T08:49:05+00:00","dateModified":"2018-10-03T10:17:13+00:00","mainEntityOfPage":{"@id":"https:\/\/vsmc.lt\/?p=3595"},"wordCount":281,"publisher":{"@id":"https:\/\/vsmc.lt\/#organization"},"image":{"@id":"https:\/\/vsmc.lt\/?p=3595#primaryimage"},"thumbnailUrl":"https:\/\/vsmc.lt\/wp-content\/uploads\/2018\/03\/13\/03-11-1.jpg","articleSection":["Naujienos"],"inLanguage":"lt-LT"},{"@type":"WebPage","@id":"https:\/\/vsmc.lt\/?p=3595","url":"https:\/\/vsmc.lt\/?p=3595","name":"Pamin\u0117jome Lietuvos nepriklausomyb\u0117s atk\u016brimo dien\u0105 Vilniaus suaugusi\u0173j\u0173 mokymo centras - Vilniaus suaugusi\u0173j\u0173 mokymo centras","isPartOf":{"@id":"https:\/\/vsmc.lt\/#website"},"primaryImageOfPage":{"@id":"https:\/\/vsmc.lt\/?p=3595#primaryimage"},"image":{"@id":"https:\/\/vsmc.lt\/?p=3595#primaryimage"},"thumbnailUrl":"https:\/\/vsmc.lt\/wp-content\/uploads\/2018\/03\/13\/03-11-1.jpg","datePublished":"2018-03-12T08:49:05+00:00","dateModified":"2018-10-03T10:17:13+00:00","description":"Pamin\u0117jome Lietuvos nepriklausomyb\u0117s atk\u016brimo dien\u0105 Vilniaus suaugusi\u0173j\u0173 mokymo centras","breadcrumb":{"@id":"https:\/\/vsmc.lt\/?p=3595#breadcrumb"},"inLanguage":"lt-LT","potentialAction":[{"@type":"ReadAction","target":["https:\/\/vsmc.lt\/?p=3595"]}]},{"@type":"ImageObject","inLanguage":"lt-LT","@id":"https:\/\/vsmc.lt\/?p=3595#primaryimage","url":"https:\/\/vsmc.lt\/wp-content\/uploads\/2018\/03\/13\/03-11-1.jpg","contentUrl":"https:\/\/vsmc.lt\/wp-content\/uploads\/2018\/03\/13\/03-11-1.jpg","width":5512,"height":3673},{"@type":"BreadcrumbList","@id":"https:\/\/vsmc.lt\/?p=3595#breadcrumb","itemListElement":[{"@type":"ListItem","position":1,"name":"Home","item":"https:\/\/vsmc.lt\/"},{"@type":"ListItem","position":2,"name":"Pamin\u0117jome Lietuvos nepriklausomyb\u0117s atk\u016brimo dien\u0105"}]},{"@type":"WebSite","@id":"https:\/\/vsmc.lt\/#website","url":"https:\/\/vsmc.lt\/","name":"Vilniaus suaugusi\u0173j\u0173 mokymo centras","description":"VSMC","publisher":{"@id":"https:\/\/vsmc.lt\/#organization"},"alternateName":"VSMC","potentialAction":[{"@type":"SearchAction","target":{"@type":"EntryPoint","urlTemplate":"https:\/\/vsmc.lt\/?s={search_term_string}"},"query-input":{"@type":"PropertyValueSpecification","valueRequired":true,"valueName":"search_term_string"}}],"inLanguage":"lt-LT"},{"@type":"Organization","@id":"https:\/\/vsmc.lt\/#organization","name":"Vilniaus suaugusi\u0173j\u0173 mokymo centras","alternateName":"VSMC","url":"https:\/\/vsmc.lt\/","logo":{"@type":"ImageObject","inLanguage":"lt-LT","@id":"https:\/\/vsmc.lt\/#\/schema\/logo\/image\/","url":"https:\/\/vsmc.lt\/wp-content\/uploads\/2016\/11\/15\/logo.png","contentUrl":"https:\/\/vsmc.lt\/wp-content\/uploads\/2016\/11\/15\/logo.png","width":96,"height":121,"caption":"Vilniaus suaugusi\u0173j\u0173 mokymo centras"},"image":{"@id":"https:\/\/vsmc.lt\/#\/schema\/logo\/image\/"},"sameAs":["https:\/\/www.facebook.com\/p\/Vilniaus-suaugusij-mokymo-centras-VSMC-gimnazija-100034428106674\/"]},{"@type":"Person","@id":"https:\/\/vsmc.lt\/#\/schema\/person\/f908112af7b3b7eb0f58e68efc84ed3b","name":"vsmc","image":{"@type":"ImageObject","inLanguage":"lt-LT","@id":"https:\/\/secure.gravatar.com\/avatar\/c98f8cf094a0c3815db557f5d303882682ae3622ba8eff672c992e55217b1a89?s=96&d=mm&r=g","url":"https:\/\/secure.gravatar.com\/avatar\/c98f8cf094a0c3815db557f5d303882682ae3622ba8eff672c992e55217b1a89?s=96&d=mm&r=g","contentUrl":"https:\/\/secure.gravatar.com\/avatar\/c98f8cf094a0c3815db557f5d303882682ae3622ba8eff672c992e55217b1a89?s=96&d=mm&r=g","caption":"vsmc"},"url":"https:\/\/vsmc.lt\/?author=1"}]}},"_links":{"self":[{"href":"https:\/\/vsmc.lt\/index.php?rest_route=\/wp\/v2\/posts\/3595","targetHints":{"allow":["GET"]}}],"collection":[{"href":"https:\/\/vsmc.lt\/index.php?rest_route=\/wp\/v2\/posts"}],"about":[{"href":"https:\/\/vsmc.lt\/index.php?rest_route=\/wp\/v2\/types\/post"}],"author":[{"embeddable":true,"href":"https:\/\/vsmc.lt\/index.php?rest_route=\/wp\/v2\/users\/1"}],"replies":[{"embeddable":true,"href":"https:\/\/vsmc.lt\/index.php?rest_route=%2Fwp%2Fv2%2Fcomments&post=3595"}],"version-history":[{"count":3,"href":"https:\/\/vsmc.lt\/index.php?rest_route=\/wp\/v2\/posts\/3595\/revisions"}],"predecessor-version":[{"id":4733,"href":"https:\/\/vsmc.lt\/index.php?rest_route=\/wp\/v2\/posts\/3595\/revisions\/4733"}],"wp:featuredmedia":[{"embeddable":true,"href":"https:\/\/vsmc.lt\/index.php?rest_route=\/wp\/v2\/media\/3601"}],"wp:attachment":[{"href":"https:\/\/vsmc.lt\/index.php?rest_route=%2Fwp%2Fv2%2Fmedia&parent=3595"}],"wp:term":[{"taxonomy":"category","embeddable":true,"href":"https:\/\/vsmc.lt\/index.php?rest_route=%2Fwp%2Fv2%2Fcategories&post=3595"},{"taxonomy":"post_tag","embeddable":true,"href":"https:\/\/vsmc.lt\/index.php?rest_route=%2Fwp%2Fv2%2Ftags&post=3595"}],"curies":[{"name":"wp","href":"https:\/\/api.w.org\/{rel}","templated":true}]}}