{"id":5620,"date":"2019-04-19T13:27:35","date_gmt":"2019-04-19T10:27:35","guid":{"rendered":"http:\/\/vsmc.lt\/?p=5620"},"modified":"2019-05-07T13:32:54","modified_gmt":"2019-05-07T10:32:54","slug":"2019-04-17-karjeros-dienos-2019-vsmc","status":"publish","type":"post","link":"https:\/\/vsmc.lt\/?p=5620","title":{"rendered":"2019-04-17 KARJEROS DIENOS 2019 VSMC"},"content":{"rendered":"\n<p>Baland\u017eio 15-17 d. m\u016bs\u0173 centre vyko Karjeros dien\u0173 renginiai.<\/p>\n<p>Baland\u017eio 15 d<strong>.<\/strong> III-IV klas\u0117se vyko integruotos etikos-karjeros planavimo pamokos \u201ePa\u017eintis su LAMA BPO svetaine\u201c.\u00a0 Abiturientai supa\u017eindinti su Lietuvos auk\u0161t\u0173j\u0173 mokykl\u0173 asociacijos bendrajam pri\u0117mimui organizuoti svetaine LAMA BPO, joje esan\u010dia informacija, kaip ir kada registruotis, \u012f k\u0105 atkreipti d\u0117mes\u012f pildant savo stojimo anket\u0105. Taip pat pristatytos pagrindin\u0117s \u0161i\u0173 met\u0173 pri\u0117mimo naujienos ir pakeitimai.<\/p>\n<p>Baland\u017eio 16 d. VSMC sve\u010diavosi Lietuvos verslo kolegijos Vilniaus padalinio vadov\u0117 Renata Skrebut\u0117nien\u0117. Ji \u012fdomiai ir informatyviai pristat\u0117 LTVK veikl\u0105, studij\u0173 programas, \u0161ios kolegijos i\u0161skirtinum\u0105 \u2013 moderni\u0105 studij\u0173 aplink\u0105, \u0161iuolaikinius, jaunatvi\u0161kus d\u0117stytojus, aktyvi\u0105 student\u0173 bendruomen\u0117s veikl\u0105. M\u016bs\u0173 mokiniams \u0161is susitikimas buvo naudingas, nes lektor\u0117 i\u0161samiai atsak\u0117 \u012f r\u016bpimus klausimus.<\/p>\n<p>Baland\u017eio 17 d. vyko tradicin\u0117 \u201eS\u0117km\u0117s pamoka\u201c \u2013 susitikimas su buvusiais m\u016bs\u0173 mokiniais. Apie s\u0117km\u0119 ir kelius \u012f j\u0105 pasakojo Ieva Murauskait\u0117, Juozas Mikul\u0117nas, Marta Purvinyt\u0117, Jurij Takun. Sve\u010diai dalinosi prisiminimais apie praleistus metus VSMC, pasakojo apie savo dabartin\u0119 veikl\u0105. Ieva pasid\u017eiaug\u0117 s\u0117kmingomis studijomis Utenos kolegijoje, m\u0117gstama higienist\u0117s specialybe, Marta papasakojo apie studijas VU ir i\u0161sipild\u017eiusi\u0105 svajon\u0119 studijuoti biologij\u0105, Jurijus dalijosi savo s\u0117kmingomis studijomis Vilniaus kolegijos IT srityje, Juozas pasakojo apie verslo ypatumus dirbant ir kuriant savo \u012fkurtoje filmavimo ir fotografavimo \u012fmon\u0117je FAST Focus. Tradicinis buvusi\u0173 ir esam\u0173 mokini\u0173 susitikimas visada b\u016bna \u0161iltas ir \u012fdomus, keliantis pasitik\u0117jim\u0105 ir motyvacij\u0105 esantiems mokyklos suole. Pabaigoje visi dalyvavusieji atliko 3 R metodikos u\u017eduot\u012f \u2013 man r\u016bpi, a\u0161 renkuosi, mane reprezentuoja. Smagu, kad visiems aktual\u016bs dalykai \u2013 tobul\u0117jimas, pasirinkimo laisv\u0117, gyvenimo pilnatv\u0117.<\/p>\n<p>Pareng\u0117 etikos mokytoja metodinink\u0117 Ilona Mikul\u0117nien\u0117<\/p>\n\n\n\n<figure class=\"wp-block-image\"><img loading=\"lazy\" decoding=\"async\" width=\"1188\" height=\"720\" src=\"https:\/\/vsmc.lt\/wp-content\/uploads\/2019\/05\/07\/katjeros-savait\u0117-2019-1188x720.jpg\" alt=\"\" class=\"wp-image-5621\" srcset=\"https:\/\/vsmc.lt\/wp-content\/uploads\/2019\/05\/07\/katjeros-savait\u0117-2019-1188x720.jpg 1188w, https:\/\/vsmc.lt\/wp-content\/uploads\/2019\/05\/07\/katjeros-savait\u0117-2019-594x360.jpg 594w, https:\/\/vsmc.lt\/wp-content\/uploads\/2019\/05\/07\/katjeros-savait\u0117-2019-768x465.jpg 768w\" sizes=\"auto, (max-width: 1188px) 100vw, 1188px\" \/><\/figure>\n","protected":false},"excerpt":{"rendered":"","protected":false},"author":5,"featured_media":5621,"comment_status":"closed","ping_status":"closed","sticky":false,"template":"","format":"standard","meta":{"footnotes":""},"categories":[1],"tags":[],"class_list":["post-5620","post","type-post","status-publish","format-standard","has-post-thumbnail","hentry","category-naujienos"],"yoast_head":"<!-- This site is optimized with the Yoast SEO plugin v27.5 - https:\/\/yoast.com\/product\/yoast-seo-wordpress\/ -->\n<title>2019-04-17 KARJEROS DIENOS 2019 VSMC Vilniaus suaugusi\u0173j\u0173 mokymo centras  - Vilniaus suaugusi\u0173j\u0173 mokymo centras<\/title>\n<meta name=\"description\" content=\"2019-04-17 KARJEROS DIENOS 2019 VSMC Vilniaus suaugusi\u0173j\u0173 mokymo centras\" \/>\n<meta name=\"robots\" content=\"index, follow, max-snippet:-1, max-image-preview:large, max-video-preview:-1\" \/>\n<link rel=\"canonical\" href=\"https:\/\/vsmc.lt\/?p=5620\" \/>\n<meta property=\"og:locale\" content=\"lt_LT\" \/>\n<meta property=\"og:type\" content=\"article\" \/>\n<meta property=\"og:title\" content=\"2019-04-17 KARJEROS DIENOS 2019 VSMC Vilniaus suaugusi\u0173j\u0173 mokymo centras  - Vilniaus suaugusi\u0173j\u0173 mokymo centras\" \/>\n<meta property=\"og:description\" content=\"2019-04-17 KARJEROS DIENOS 2019 VSMC Vilniaus suaugusi\u0173j\u0173 mokymo centras\" \/>\n<meta property=\"og:url\" content=\"https:\/\/vsmc.lt\/?p=5620\" \/>\n<meta property=\"og:site_name\" content=\"Vilniaus suaugusi\u0173j\u0173 mokymo centras\" \/>\n<meta property=\"article:publisher\" content=\"https:\/\/www.facebook.com\/p\/Vilniaus-suaugusij-mokymo-centras-VSMC-gimnazija-100034428106674\/\" \/>\n<meta property=\"article:published_time\" content=\"2019-04-19T10:27:35+00:00\" \/>\n<meta property=\"article:modified_time\" content=\"2019-05-07T10:32:54+00:00\" \/>\n<meta property=\"og:image\" content=\"https:\/\/vsmc.lt\/wp-content\/uploads\/2019\/05\/07\/katjeros-savait\u0117-2019-1188x720.jpg\" \/>\n\t<meta property=\"og:image:width\" content=\"1188\" \/>\n\t<meta property=\"og:image:height\" content=\"720\" \/>\n\t<meta property=\"og:image:type\" content=\"image\/jpeg\" \/>\n<meta name=\"author\" content=\"Birut\u0117 Kubilinskien\u0117\" \/>\n<meta name=\"twitter:card\" content=\"summary_large_image\" \/>\n<meta name=\"twitter:label1\" content=\"Written by\" \/>\n\t<meta name=\"twitter:data1\" content=\"Birut\u0117 Kubilinskien\u0117\" \/>\n\t<meta name=\"twitter:label2\" content=\"Est. reading time\" \/>\n\t<meta name=\"twitter:data2\" content=\"1 minut\u0117\" \/>\n<script type=\"application\/ld+json\" class=\"yoast-schema-graph\">{\"@context\":\"https:\\\/\\\/schema.org\",\"@graph\":[{\"@type\":\"Article\",\"@id\":\"https:\\\/\\\/vsmc.lt\\\/?p=5620#article\",\"isPartOf\":{\"@id\":\"https:\\\/\\\/vsmc.lt\\\/?p=5620\"},\"author\":{\"name\":\"Birut\u0117 Kubilinskien\u0117\",\"@id\":\"https:\\\/\\\/vsmc.lt\\\/#\\\/schema\\\/person\\\/7b79c1eab13a88fc1ed4dc6626a57f98\"},\"headline\":\"2019-04-17 KARJEROS DIENOS 2019 VSMC\",\"datePublished\":\"2019-04-19T10:27:35+00:00\",\"dateModified\":\"2019-05-07T10:32:54+00:00\",\"mainEntityOfPage\":{\"@id\":\"https:\\\/\\\/vsmc.lt\\\/?p=5620\"},\"wordCount\":284,\"publisher\":{\"@id\":\"https:\\\/\\\/vsmc.lt\\\/#organization\"},\"image\":{\"@id\":\"https:\\\/\\\/vsmc.lt\\\/?p=5620#primaryimage\"},\"thumbnailUrl\":\"https:\\\/\\\/vsmc.lt\\\/wp-content\\\/uploads\\\/2019\\\/05\\\/07\\\/katjeros-savait\u0117-2019.jpg\",\"articleSection\":[\"Naujienos\"],\"inLanguage\":\"lt-LT\"},{\"@type\":\"WebPage\",\"@id\":\"https:\\\/\\\/vsmc.lt\\\/?p=5620\",\"url\":\"https:\\\/\\\/vsmc.lt\\\/?p=5620\",\"name\":\"2019-04-17 KARJEROS DIENOS 2019 VSMC Vilniaus suaugusi\u0173j\u0173 mokymo centras - Vilniaus suaugusi\u0173j\u0173 mokymo centras\",\"isPartOf\":{\"@id\":\"https:\\\/\\\/vsmc.lt\\\/#website\"},\"primaryImageOfPage\":{\"@id\":\"https:\\\/\\\/vsmc.lt\\\/?p=5620#primaryimage\"},\"image\":{\"@id\":\"https:\\\/\\\/vsmc.lt\\\/?p=5620#primaryimage\"},\"thumbnailUrl\":\"https:\\\/\\\/vsmc.lt\\\/wp-content\\\/uploads\\\/2019\\\/05\\\/07\\\/katjeros-savait\u0117-2019.jpg\",\"datePublished\":\"2019-04-19T10:27:35+00:00\",\"dateModified\":\"2019-05-07T10:32:54+00:00\",\"description\":\"2019-04-17 KARJEROS DIENOS 2019 VSMC Vilniaus suaugusi\u0173j\u0173 mokymo centras\",\"breadcrumb\":{\"@id\":\"https:\\\/\\\/vsmc.lt\\\/?p=5620#breadcrumb\"},\"inLanguage\":\"lt-LT\",\"potentialAction\":[{\"@type\":\"ReadAction\",\"target\":[\"https:\\\/\\\/vsmc.lt\\\/?p=5620\"]}]},{\"@type\":\"ImageObject\",\"inLanguage\":\"lt-LT\",\"@id\":\"https:\\\/\\\/vsmc.lt\\\/?p=5620#primaryimage\",\"url\":\"https:\\\/\\\/vsmc.lt\\\/wp-content\\\/uploads\\\/2019\\\/05\\\/07\\\/katjeros-savait\u0117-2019.jpg\",\"contentUrl\":\"https:\\\/\\\/vsmc.lt\\\/wp-content\\\/uploads\\\/2019\\\/05\\\/07\\\/katjeros-savait\u0117-2019.jpg\",\"width\":5773,\"height\":3498},{\"@type\":\"BreadcrumbList\",\"@id\":\"https:\\\/\\\/vsmc.lt\\\/?p=5620#breadcrumb\",\"itemListElement\":[{\"@type\":\"ListItem\",\"position\":1,\"name\":\"Home\",\"item\":\"https:\\\/\\\/vsmc.lt\\\/\"},{\"@type\":\"ListItem\",\"position\":2,\"name\":\"2019-04-17 KARJEROS DIENOS 2019 VSMC\"}]},{\"@type\":\"WebSite\",\"@id\":\"https:\\\/\\\/vsmc.lt\\\/#website\",\"url\":\"https:\\\/\\\/vsmc.lt\\\/\",\"name\":\"Vilniaus suaugusi\u0173j\u0173 mokymo centras\",\"description\":\"VSMC\",\"publisher\":{\"@id\":\"https:\\\/\\\/vsmc.lt\\\/#organization\"},\"alternateName\":\"VSMC\",\"potentialAction\":[{\"@type\":\"SearchAction\",\"target\":{\"@type\":\"EntryPoint\",\"urlTemplate\":\"https:\\\/\\\/vsmc.lt\\\/?s={search_term_string}\"},\"query-input\":{\"@type\":\"PropertyValueSpecification\",\"valueRequired\":true,\"valueName\":\"search_term_string\"}}],\"inLanguage\":\"lt-LT\"},{\"@type\":\"Organization\",\"@id\":\"https:\\\/\\\/vsmc.lt\\\/#organization\",\"name\":\"Vilniaus suaugusi\u0173j\u0173 mokymo centras\",\"alternateName\":\"VSMC\",\"url\":\"https:\\\/\\\/vsmc.lt\\\/\",\"logo\":{\"@type\":\"ImageObject\",\"inLanguage\":\"lt-LT\",\"@id\":\"https:\\\/\\\/vsmc.lt\\\/#\\\/schema\\\/logo\\\/image\\\/\",\"url\":\"https:\\\/\\\/vsmc.lt\\\/wp-content\\\/uploads\\\/2016\\\/11\\\/15\\\/logo.png\",\"contentUrl\":\"https:\\\/\\\/vsmc.lt\\\/wp-content\\\/uploads\\\/2016\\\/11\\\/15\\\/logo.png\",\"width\":96,\"height\":121,\"caption\":\"Vilniaus suaugusi\u0173j\u0173 mokymo centras\"},\"image\":{\"@id\":\"https:\\\/\\\/vsmc.lt\\\/#\\\/schema\\\/logo\\\/image\\\/\"},\"sameAs\":[\"https:\\\/\\\/www.facebook.com\\\/p\\\/Vilniaus-suaugusij-mokymo-centras-VSMC-gimnazija-100034428106674\\\/\"]},{\"@type\":\"Person\",\"@id\":\"https:\\\/\\\/vsmc.lt\\\/#\\\/schema\\\/person\\\/7b79c1eab13a88fc1ed4dc6626a57f98\",\"name\":\"Birut\u0117 Kubilinskien\u0117\",\"image\":{\"@type\":\"ImageObject\",\"inLanguage\":\"lt-LT\",\"@id\":\"https:\\\/\\\/secure.gravatar.com\\\/avatar\\\/de3432602f9f0edd7dc9006aceaad7e2a3227ca56f4f6d9e4b2e2ee05a11e793?s=96&d=mm&r=g\",\"url\":\"https:\\\/\\\/secure.gravatar.com\\\/avatar\\\/de3432602f9f0edd7dc9006aceaad7e2a3227ca56f4f6d9e4b2e2ee05a11e793?s=96&d=mm&r=g\",\"contentUrl\":\"https:\\\/\\\/secure.gravatar.com\\\/avatar\\\/de3432602f9f0edd7dc9006aceaad7e2a3227ca56f4f6d9e4b2e2ee05a11e793?s=96&d=mm&r=g\",\"caption\":\"Birut\u0117 Kubilinskien\u0117\"},\"url\":\"https:\\\/\\\/vsmc.lt\\\/?author=5\"}]}<\/script>\n<!-- \/ Yoast SEO plugin. -->","yoast_head_json":{"title":"2019-04-17 KARJEROS DIENOS 2019 VSMC Vilniaus suaugusi\u0173j\u0173 mokymo centras  - Vilniaus suaugusi\u0173j\u0173 mokymo centras","description":"2019-04-17 KARJEROS DIENOS 2019 VSMC Vilniaus suaugusi\u0173j\u0173 mokymo centras","robots":{"index":"index","follow":"follow","max-snippet":"max-snippet:-1","max-image-preview":"max-image-preview:large","max-video-preview":"max-video-preview:-1"},"canonical":"https:\/\/vsmc.lt\/?p=5620","og_locale":"lt_LT","og_type":"article","og_title":"2019-04-17 KARJEROS DIENOS 2019 VSMC Vilniaus suaugusi\u0173j\u0173 mokymo centras  - Vilniaus suaugusi\u0173j\u0173 mokymo centras","og_description":"2019-04-17 KARJEROS DIENOS 2019 VSMC Vilniaus suaugusi\u0173j\u0173 mokymo centras","og_url":"https:\/\/vsmc.lt\/?p=5620","og_site_name":"Vilniaus suaugusi\u0173j\u0173 mokymo centras","article_publisher":"https:\/\/www.facebook.com\/p\/Vilniaus-suaugusij-mokymo-centras-VSMC-gimnazija-100034428106674\/","article_published_time":"2019-04-19T10:27:35+00:00","article_modified_time":"2019-05-07T10:32:54+00:00","og_image":[{"width":1188,"height":720,"url":"https:\/\/vsmc.lt\/wp-content\/uploads\/2019\/05\/07\/katjeros-savait\u0117-2019-1188x720.jpg","type":"image\/jpeg"}],"author":"Birut\u0117 Kubilinskien\u0117","twitter_card":"summary_large_image","twitter_misc":{"Written by":"Birut\u0117 Kubilinskien\u0117","Est. reading time":"1 minut\u0117"},"schema":{"@context":"https:\/\/schema.org","@graph":[{"@type":"Article","@id":"https:\/\/vsmc.lt\/?p=5620#article","isPartOf":{"@id":"https:\/\/vsmc.lt\/?p=5620"},"author":{"name":"Birut\u0117 Kubilinskien\u0117","@id":"https:\/\/vsmc.lt\/#\/schema\/person\/7b79c1eab13a88fc1ed4dc6626a57f98"},"headline":"2019-04-17 KARJEROS DIENOS 2019 VSMC","datePublished":"2019-04-19T10:27:35+00:00","dateModified":"2019-05-07T10:32:54+00:00","mainEntityOfPage":{"@id":"https:\/\/vsmc.lt\/?p=5620"},"wordCount":284,"publisher":{"@id":"https:\/\/vsmc.lt\/#organization"},"image":{"@id":"https:\/\/vsmc.lt\/?p=5620#primaryimage"},"thumbnailUrl":"https:\/\/vsmc.lt\/wp-content\/uploads\/2019\/05\/07\/katjeros-savait\u0117-2019.jpg","articleSection":["Naujienos"],"inLanguage":"lt-LT"},{"@type":"WebPage","@id":"https:\/\/vsmc.lt\/?p=5620","url":"https:\/\/vsmc.lt\/?p=5620","name":"2019-04-17 KARJEROS DIENOS 2019 VSMC Vilniaus suaugusi\u0173j\u0173 mokymo centras - Vilniaus suaugusi\u0173j\u0173 mokymo centras","isPartOf":{"@id":"https:\/\/vsmc.lt\/#website"},"primaryImageOfPage":{"@id":"https:\/\/vsmc.lt\/?p=5620#primaryimage"},"image":{"@id":"https:\/\/vsmc.lt\/?p=5620#primaryimage"},"thumbnailUrl":"https:\/\/vsmc.lt\/wp-content\/uploads\/2019\/05\/07\/katjeros-savait\u0117-2019.jpg","datePublished":"2019-04-19T10:27:35+00:00","dateModified":"2019-05-07T10:32:54+00:00","description":"2019-04-17 KARJEROS DIENOS 2019 VSMC Vilniaus suaugusi\u0173j\u0173 mokymo centras","breadcrumb":{"@id":"https:\/\/vsmc.lt\/?p=5620#breadcrumb"},"inLanguage":"lt-LT","potentialAction":[{"@type":"ReadAction","target":["https:\/\/vsmc.lt\/?p=5620"]}]},{"@type":"ImageObject","inLanguage":"lt-LT","@id":"https:\/\/vsmc.lt\/?p=5620#primaryimage","url":"https:\/\/vsmc.lt\/wp-content\/uploads\/2019\/05\/07\/katjeros-savait\u0117-2019.jpg","contentUrl":"https:\/\/vsmc.lt\/wp-content\/uploads\/2019\/05\/07\/katjeros-savait\u0117-2019.jpg","width":5773,"height":3498},{"@type":"BreadcrumbList","@id":"https:\/\/vsmc.lt\/?p=5620#breadcrumb","itemListElement":[{"@type":"ListItem","position":1,"name":"Home","item":"https:\/\/vsmc.lt\/"},{"@type":"ListItem","position":2,"name":"2019-04-17 KARJEROS DIENOS 2019 VSMC"}]},{"@type":"WebSite","@id":"https:\/\/vsmc.lt\/#website","url":"https:\/\/vsmc.lt\/","name":"Vilniaus suaugusi\u0173j\u0173 mokymo centras","description":"VSMC","publisher":{"@id":"https:\/\/vsmc.lt\/#organization"},"alternateName":"VSMC","potentialAction":[{"@type":"SearchAction","target":{"@type":"EntryPoint","urlTemplate":"https:\/\/vsmc.lt\/?s={search_term_string}"},"query-input":{"@type":"PropertyValueSpecification","valueRequired":true,"valueName":"search_term_string"}}],"inLanguage":"lt-LT"},{"@type":"Organization","@id":"https:\/\/vsmc.lt\/#organization","name":"Vilniaus suaugusi\u0173j\u0173 mokymo centras","alternateName":"VSMC","url":"https:\/\/vsmc.lt\/","logo":{"@type":"ImageObject","inLanguage":"lt-LT","@id":"https:\/\/vsmc.lt\/#\/schema\/logo\/image\/","url":"https:\/\/vsmc.lt\/wp-content\/uploads\/2016\/11\/15\/logo.png","contentUrl":"https:\/\/vsmc.lt\/wp-content\/uploads\/2016\/11\/15\/logo.png","width":96,"height":121,"caption":"Vilniaus suaugusi\u0173j\u0173 mokymo centras"},"image":{"@id":"https:\/\/vsmc.lt\/#\/schema\/logo\/image\/"},"sameAs":["https:\/\/www.facebook.com\/p\/Vilniaus-suaugusij-mokymo-centras-VSMC-gimnazija-100034428106674\/"]},{"@type":"Person","@id":"https:\/\/vsmc.lt\/#\/schema\/person\/7b79c1eab13a88fc1ed4dc6626a57f98","name":"Birut\u0117 Kubilinskien\u0117","image":{"@type":"ImageObject","inLanguage":"lt-LT","@id":"https:\/\/secure.gravatar.com\/avatar\/de3432602f9f0edd7dc9006aceaad7e2a3227ca56f4f6d9e4b2e2ee05a11e793?s=96&d=mm&r=g","url":"https:\/\/secure.gravatar.com\/avatar\/de3432602f9f0edd7dc9006aceaad7e2a3227ca56f4f6d9e4b2e2ee05a11e793?s=96&d=mm&r=g","contentUrl":"https:\/\/secure.gravatar.com\/avatar\/de3432602f9f0edd7dc9006aceaad7e2a3227ca56f4f6d9e4b2e2ee05a11e793?s=96&d=mm&r=g","caption":"Birut\u0117 Kubilinskien\u0117"},"url":"https:\/\/vsmc.lt\/?author=5"}]}},"_links":{"self":[{"href":"https:\/\/vsmc.lt\/index.php?rest_route=\/wp\/v2\/posts\/5620","targetHints":{"allow":["GET"]}}],"collection":[{"href":"https:\/\/vsmc.lt\/index.php?rest_route=\/wp\/v2\/posts"}],"about":[{"href":"https:\/\/vsmc.lt\/index.php?rest_route=\/wp\/v2\/types\/post"}],"author":[{"embeddable":true,"href":"https:\/\/vsmc.lt\/index.php?rest_route=\/wp\/v2\/users\/5"}],"replies":[{"embeddable":true,"href":"https:\/\/vsmc.lt\/index.php?rest_route=%2Fwp%2Fv2%2Fcomments&post=5620"}],"version-history":[{"count":1,"href":"https:\/\/vsmc.lt\/index.php?rest_route=\/wp\/v2\/posts\/5620\/revisions"}],"predecessor-version":[{"id":5622,"href":"https:\/\/vsmc.lt\/index.php?rest_route=\/wp\/v2\/posts\/5620\/revisions\/5622"}],"wp:featuredmedia":[{"embeddable":true,"href":"https:\/\/vsmc.lt\/index.php?rest_route=\/wp\/v2\/media\/5621"}],"wp:attachment":[{"href":"https:\/\/vsmc.lt\/index.php?rest_route=%2Fwp%2Fv2%2Fmedia&parent=5620"}],"wp:term":[{"taxonomy":"category","embeddable":true,"href":"https:\/\/vsmc.lt\/index.php?rest_route=%2Fwp%2Fv2%2Fcategories&post=5620"},{"taxonomy":"post_tag","embeddable":true,"href":"https:\/\/vsmc.lt\/index.php?rest_route=%2Fwp%2Fv2%2Ftags&post=5620"}],"curies":[{"name":"wp","href":"https:\/\/api.w.org\/{rel}","templated":true}]}}