{"id":9208,"date":"2022-02-07T17:56:06","date_gmt":"2022-02-07T14:56:06","guid":{"rendered":"https:\/\/vsmc.lt\/?p=9208"},"modified":"2022-02-15T12:05:35","modified_gmt":"2022-02-15T09:05:35","slug":"2022-01-28-erasmuska2-programos-projektas-bendravimo-igudziai-suaugusiuju-svietime","status":"publish","type":"post","link":"https:\/\/vsmc.lt\/?p=9208","title":{"rendered":"2022-01-28 Erasmus+KA2 programos projektas \u201eBendravimo \u012fg\u016bd\u017eiai suaugusi\u0173j\u0173 \u0161vietime\u201c"},"content":{"rendered":"<p><strong><img loading=\"lazy\" decoding=\"async\" class=\"alignnone size-medium wp-image-9209\" src=\"https:\/\/vsmc.lt\/wp-content\/uploads\/2022\/02\/07\/erasmus-logo-640x183.jpeg\" alt=\"\" width=\"640\" height=\"183\" srcset=\"https:\/\/vsmc.lt\/wp-content\/uploads\/2022\/02\/07\/erasmus-logo-640x183.jpeg 640w, https:\/\/vsmc.lt\/wp-content\/uploads\/2022\/02\/07\/erasmus-logo-1280x366.jpeg 1280w, https:\/\/vsmc.lt\/wp-content\/uploads\/2022\/02\/07\/erasmus-logo-768x219.jpeg 768w, https:\/\/vsmc.lt\/wp-content\/uploads\/2022\/02\/07\/erasmus-logo-1536x439.jpeg 1536w, https:\/\/vsmc.lt\/wp-content\/uploads\/2022\/02\/07\/erasmus-logo.jpeg 1964w\" sizes=\"auto, (max-width: 640px) 100vw, 640px\" \/><\/strong><\/p>\n<p><strong>\u00a0<\/strong><\/p>\n<p>VSMC vykdo Erasmus +KA2 strategin\u0117s partneryst\u0117s projekt\u0105, kurio tikslas yra stiprinti tarpasmeninius bendravimo \u012fg\u016bd\u017eius. Projekto Nr. 2019-1-NO01-KA204-060270<\/p>\n<p>Projekte dalyvauja 6 \u0161alys:<\/p>\n<ol>\n<li>\u201eTERRAM PACIS\u201c \u2013 jaunimo \u0161vietimo ir mokymosi centras, Norvegija.<\/li>\n<li>\u201eNeotalentway\u201c\u2013 suaugusi\u0173j\u0173 profesinio mokymo ir \u012fdarbinimo centras, Ispanija<em>.<\/em><\/li>\n<li>\u201eMacibu centrs EVA-93\u201c\u2013 suaugusi\u0173j\u0173 mokymo centras, Latvija.<\/li>\n<li>\u201eJafnr\u00e9ttish\u00fas\u201c\u2013 u\u017esienie\u010di\u0173 integracijos, kalb\u0173 mokymo centras, Islandija.<\/li>\n<li>Vilniaus suaugusi\u0173j\u0173 mokymo centras\u2013 suaugusi\u0173j\u0173 gimnazija, Lietuva.<\/li>\n<li>\u201eIl Afet ve Acil Durum Mudurlugu (Denizli)\u201c<em> \u2013 <\/em>ekstremali\u0173 situacij\u0173 valdymo \u012fstaiga, Turkija.<\/li>\n<\/ol>\n<p>Koordinuoja projekt\u0105 \u201eTERRAM PACIS\u201c, Norvegija.<\/p>\n<p>Sausio 27-28 dienomis \u012fvyko projekto dalyvi\u0173 susitikimas. \u0160io susitikimo metu partneriai pristat\u0117 savo institucij\u0173 veiklos ypatybes, suaugusi\u0173j\u0173 \u0161vietimo sistemas, aptar\u0117 \u012fvykdyt\u0173 veikl\u0173 ir sukurt\u0173 projekte produkt\u0173 sklaidos galimybes, nustat\u0117 veikl\u0173 atlikimo terminus.<\/p>\n<p><strong>\u0160io projekto metu yra sukurti keturi intelektiniai produktai:<\/strong><\/p>\n<ol>\n<li>Tarpasmenini\u0173 \u012fg\u016bd\u017ei\u0173 stiprinimo leidinys.<\/li>\n<\/ol>\n<p>\u0160iuo vadovu siekiama spr\u0119sti problemas, susijusias su tarpasmenini\u0173 \u012fg\u016bd\u017ei\u0173 tr\u016bkumu suaugusi\u0173j\u0173 \u0161vietime ir tarp suaugusi\u0173j\u0173 \u0161viet\u0117j\u0173, skatinant j\u0173 \u012fgalinim\u0105 per mokymo veikl\u0105, grind\u017eiam\u0105 tyrimu pagr\u012fstais, praktiniais ir dinami\u0161kais metodais, taikomais planuojant, rengiant ir vykdant mokym\u0105si \u012ftraukianti kuo \u012fvairesnes suaugusi\u0173j\u0173 grupes.<\/p>\n<p><a href=\"https:\/\/www.terrampacis.org\/resources\/publications\/pathways-to-teaching-identities-handbook-224.html\">https:\/\/www.terrampacis.org\/resources\/publications\/pathways-to-teaching-identities-handbook-224.html<\/a><\/p>\n<ol>\n<li>Tarpasmenini\u0173 \u012fg\u016bd\u017ei\u0173 \u012fsivertinimo \u012frankis.<\/li>\n<\/ol>\n<p><a href=\"https:\/\/www.terrampacis.org\/media\/events\/interpersonal-skills-self-assessment-tool-75.html\">https:\/\/www.terrampacis.org\/media\/events\/interpersonal-skills-self-assessment-tool-75.html<\/a><\/p>\n<ul>\n<li>Tarpasmenini\u0173 \u012fg\u016bd\u017ei\u0173 mokym\u0173 vadovas.<\/li>\n<\/ul>\n<p>Suaugusi\u0173j\u0173 \u0161vietimo institucijos atlieka svarb\u0173 vaidmen\u012f kuriant tinkamas strategijas suaugusiems besimokantiesiems ir ruo\u0161iant j\u0173 mokytojus, atsi\u017evelgiant \u012f mokymosi vis\u0105 gyvenim\u0105 perspektyv\u0105. \u0160iandien suaugusi\u0173j\u0173 \u0161vietimas yra svarbiausia grandis pl\u0117tojant mokym\u0105si vis\u0105 gyvenim\u0105 ir stiprinant ir suaugusi\u0173j\u0173 \u0161viet\u0117j\u0173, ir besimokan\u010di\u0173j\u0173 tarpasmeninius \u012fg\u016bd\u017eius, naudingus siekiant socialinio, asmeninio ir profesinio tobul\u0117jimo. \u0160iame vadove surinkti tinkami mokymo ir mokymosi metodai, grind\u017eiami vis\u0173 suaugusi\u0173j\u0173 \u012ftraukimu \u012f mokymosi veikl\u0105, veiksmingi veiklos vertinimo metodai, stiprinantys \u012fg\u016bd\u017eius, susijusius ne tik su \u017einiomis, bet ir su supratimu ir nuostatomis. \u0160iame vadove pateikiamas po\u017ei\u016bris, kad pedagogai turi tur\u0117ti labai ger\u0173 tarpasmenini\u0173 \u012fg\u016bd\u017ei\u0173, kad u\u017etikrint\u0173 besimokan\u010di\u0173 suaugusi\u0173j\u0173 poreikius, neatsi\u017evelgiant \u012f j\u0173 kilm\u0119 ar mokymosi ir veiklos geb\u0117jimus.<\/p>\n<p><a href=\"https:\/\/www.terrampacis.org\/resources\/modules\/training-to-teaching-identities-245.html\">https:\/\/www.terrampacis.org\/resources\/modules\/training-to-teaching-identities-245.html<\/a><\/p>\n<ol>\n<li>Tarpasmenini\u0173 \u012fg\u016bd\u017ei\u0173 ugdymo stiprinant \u017einiasklaidos ir informacin\u012f ra\u0161tingum\u0105 suaugusi\u0173j\u0173 \u0161vietime vadovas.<\/li>\n<\/ol>\n<p>Vadove pateikiama atvira mokymosi med\u017eiaga, kuri padeda spr\u0119sti visuotin\u0119 dezinformacijos problem\u0105, su kuria \u0161iandien susiduria visas pasaulis. Vadovas, kaip mokymosi modulis, suteikia \u017eini\u0173 suaugusi\u0173j\u0173 \u0161viet\u0117jams ir instruktoriams, kaip pad\u0117ti suaugusiems besimokantiesiems suvokti, kas yra dezinformacija, kaip jos i\u0161vengti ir kt.<\/p>\n<p><a href=\"https:\/\/www.terrampacis.org\/resources\/publications\/learning-to-teaching-identities-247.html\">https:\/\/www.terrampacis.org\/resources\/publications\/learning-to-teaching-identities-247.html<\/a><\/p>\n<p><strong>\u0160iuo metu vyksta vis\u0173 dokument\u0173 vertimas \u012f lietuvi\u0173 kalb\u0105.<\/strong><\/p>\n<p>Atsakomyb\u0117s apribojimas:<\/p>\n<p>Europos Komisijos parama \u0161io leidinio rengimui nerei\u0161kia pritarimo jo turiniui, kuriame pateikiama autori\u0173 nuomon\u0117, tod\u0117l Europos Komisija negali b\u016bti laikoma atsakinga u\u017e informacij\u0105, panaudot\u0105 \u0161iame leidinyje.<\/p>\n<p><img loading=\"lazy\" decoding=\"async\" class=\"alignnone wp-image-9211\" src=\"https:\/\/vsmc.lt\/wp-content\/uploads\/2022\/02\/07\/erasmus1-480x360.jpg\" alt=\"\" width=\"519\" height=\"389\" srcset=\"https:\/\/vsmc.lt\/wp-content\/uploads\/2022\/02\/07\/erasmus1-480x360.jpg 480w, https:\/\/vsmc.lt\/wp-content\/uploads\/2022\/02\/07\/erasmus1-960x720.jpg 960w, https:\/\/vsmc.lt\/wp-content\/uploads\/2022\/02\/07\/erasmus1-768x576.jpg 768w, https:\/\/vsmc.lt\/wp-content\/uploads\/2022\/02\/07\/erasmus1-1536x1153.jpg 1536w, https:\/\/vsmc.lt\/wp-content\/uploads\/2022\/02\/07\/erasmus1-2048x1537.jpg 2048w\" sizes=\"auto, (max-width: 519px) 100vw, 519px\" \/><\/p>\n<p>Pareng\u0117 angl\u0173 kalbos metodinink\u0117 mokytoja Ana Tym\u010diuk<\/p>\n","protected":false},"excerpt":{"rendered":"<p>\u00a0 VSMC vykdo Erasmus +KA2 strategin\u0117s partneryst\u0117s projekt\u0105, kurio tikslas yra stiprinti tarpasmeninius bendravimo \u012fg\u016bd\u017eius. Projekto Nr. 2019-1-NO01-KA204-060270 Projekte dalyvauja 6 \u0161alys: \u201eTERRAM PACIS\u201c \u2013 jaunimo \u0161vietimo ir mokymosi centras, Norvegija. \u201eNeotalentway\u201c\u2013 suaugusi\u0173j\u0173 profesinio mokymo ir \u012fdarbinimo centras, Ispanija. \u201eMacibu centrs EVA-93\u201c\u2013 suaugusi\u0173j\u0173 mokymo centras, Latvija. \u201eJafnr\u00e9ttish\u00fas\u201c\u2013 u\u017esienie\u010di\u0173 integracijos, kalb\u0173 mokymo centras, Islandija. Vilniaus suaugusi\u0173j\u0173 [&hellip;]<\/p>\n","protected":false},"author":5,"featured_media":9211,"comment_status":"closed","ping_status":"closed","sticky":false,"template":"","format":"standard","meta":{"footnotes":""},"categories":[1],"tags":[],"class_list":["post-9208","post","type-post","status-publish","format-standard","has-post-thumbnail","hentry","category-naujienos"],"yoast_head":"<!-- This site is optimized with the Yoast SEO plugin v27.5 - https:\/\/yoast.com\/product\/yoast-seo-wordpress\/ -->\n<title>2022-01-28 Erasmus+KA2 programos projektas \u201eBendravimo \u012fg\u016bd\u017eiai suaugusi\u0173j\u0173 \u0161vietime\u201c Vilniaus suaugusi\u0173j\u0173 mokymo centras  - Vilniaus suaugusi\u0173j\u0173 mokymo centras<\/title>\n<meta name=\"description\" content=\"2022-01-28 Erasmus+KA2 programos projektas \u201eBendravimo \u012fg\u016bd\u017eiai suaugusi\u0173j\u0173 \u0161vietime\u201c Vilniaus suaugusi\u0173j\u0173 mokymo centras\" \/>\n<meta name=\"robots\" content=\"index, follow, max-snippet:-1, max-image-preview:large, max-video-preview:-1\" \/>\n<link rel=\"canonical\" href=\"https:\/\/vsmc.lt\/?p=9208\" \/>\n<meta property=\"og:locale\" content=\"lt_LT\" \/>\n<meta property=\"og:type\" content=\"article\" \/>\n<meta property=\"og:title\" content=\"2022-01-28 Erasmus+KA2 programos projektas \u201eBendravimo \u012fg\u016bd\u017eiai suaugusi\u0173j\u0173 \u0161vietime\u201c Vilniaus suaugusi\u0173j\u0173 mokymo centras  - Vilniaus suaugusi\u0173j\u0173 mokymo centras\" \/>\n<meta property=\"og:description\" content=\"2022-01-28 Erasmus+KA2 programos projektas \u201eBendravimo \u012fg\u016bd\u017eiai suaugusi\u0173j\u0173 \u0161vietime\u201c Vilniaus suaugusi\u0173j\u0173 mokymo centras\" \/>\n<meta property=\"og:url\" content=\"https:\/\/vsmc.lt\/?p=9208\" \/>\n<meta property=\"og:site_name\" content=\"Vilniaus suaugusi\u0173j\u0173 mokymo centras\" \/>\n<meta property=\"article:publisher\" content=\"https:\/\/www.facebook.com\/p\/Vilniaus-suaugusij-mokymo-centras-VSMC-gimnazija-100034428106674\/\" \/>\n<meta property=\"article:published_time\" content=\"2022-02-07T14:56:06+00:00\" \/>\n<meta property=\"article:modified_time\" content=\"2022-02-15T09:05:35+00:00\" \/>\n<meta property=\"og:image\" content=\"https:\/\/vsmc.lt\/wp-content\/uploads\/2022\/02\/07\/erasmus1-scaled.jpg\" \/>\n\t<meta property=\"og:image:width\" content=\"2560\" \/>\n\t<meta property=\"og:image:height\" content=\"1921\" \/>\n\t<meta property=\"og:image:type\" content=\"image\/jpeg\" \/>\n<meta name=\"author\" content=\"Birut\u0117 Kubilinskien\u0117\" \/>\n<meta name=\"twitter:card\" content=\"summary_large_image\" \/>\n<meta name=\"twitter:label1\" content=\"Written by\" \/>\n\t<meta name=\"twitter:data1\" content=\"Birut\u0117 Kubilinskien\u0117\" \/>\n\t<meta name=\"twitter:label2\" content=\"Est. reading time\" \/>\n\t<meta name=\"twitter:data2\" content=\"2 minut\u0117s\" \/>\n<script type=\"application\/ld+json\" class=\"yoast-schema-graph\">{\"@context\":\"https:\\\/\\\/schema.org\",\"@graph\":[{\"@type\":\"Article\",\"@id\":\"https:\\\/\\\/vsmc.lt\\\/?p=9208#article\",\"isPartOf\":{\"@id\":\"https:\\\/\\\/vsmc.lt\\\/?p=9208\"},\"author\":{\"name\":\"Birut\u0117 Kubilinskien\u0117\",\"@id\":\"https:\\\/\\\/vsmc.lt\\\/#\\\/schema\\\/person\\\/7b79c1eab13a88fc1ed4dc6626a57f98\"},\"headline\":\"2022-01-28 Erasmus+KA2 programos projektas \u201eBendravimo \u012fg\u016bd\u017eiai suaugusi\u0173j\u0173 \u0161vietime\u201c\",\"datePublished\":\"2022-02-07T14:56:06+00:00\",\"dateModified\":\"2022-02-15T09:05:35+00:00\",\"mainEntityOfPage\":{\"@id\":\"https:\\\/\\\/vsmc.lt\\\/?p=9208\"},\"wordCount\":483,\"publisher\":{\"@id\":\"https:\\\/\\\/vsmc.lt\\\/#organization\"},\"image\":{\"@id\":\"https:\\\/\\\/vsmc.lt\\\/?p=9208#primaryimage\"},\"thumbnailUrl\":\"https:\\\/\\\/vsmc.lt\\\/wp-content\\\/uploads\\\/2022\\\/02\\\/07\\\/erasmus1-scaled.jpg\",\"articleSection\":[\"Naujienos\"],\"inLanguage\":\"lt-LT\"},{\"@type\":\"WebPage\",\"@id\":\"https:\\\/\\\/vsmc.lt\\\/?p=9208\",\"url\":\"https:\\\/\\\/vsmc.lt\\\/?p=9208\",\"name\":\"2022-01-28 Erasmus+KA2 programos projektas \u201eBendravimo \u012fg\u016bd\u017eiai suaugusi\u0173j\u0173 \u0161vietime\u201c Vilniaus suaugusi\u0173j\u0173 mokymo centras - Vilniaus suaugusi\u0173j\u0173 mokymo centras\",\"isPartOf\":{\"@id\":\"https:\\\/\\\/vsmc.lt\\\/#website\"},\"primaryImageOfPage\":{\"@id\":\"https:\\\/\\\/vsmc.lt\\\/?p=9208#primaryimage\"},\"image\":{\"@id\":\"https:\\\/\\\/vsmc.lt\\\/?p=9208#primaryimage\"},\"thumbnailUrl\":\"https:\\\/\\\/vsmc.lt\\\/wp-content\\\/uploads\\\/2022\\\/02\\\/07\\\/erasmus1-scaled.jpg\",\"datePublished\":\"2022-02-07T14:56:06+00:00\",\"dateModified\":\"2022-02-15T09:05:35+00:00\",\"description\":\"2022-01-28 Erasmus+KA2 programos projektas \u201eBendravimo \u012fg\u016bd\u017eiai suaugusi\u0173j\u0173 \u0161vietime\u201c Vilniaus suaugusi\u0173j\u0173 mokymo centras\",\"breadcrumb\":{\"@id\":\"https:\\\/\\\/vsmc.lt\\\/?p=9208#breadcrumb\"},\"inLanguage\":\"lt-LT\",\"potentialAction\":[{\"@type\":\"ReadAction\",\"target\":[\"https:\\\/\\\/vsmc.lt\\\/?p=9208\"]}]},{\"@type\":\"ImageObject\",\"inLanguage\":\"lt-LT\",\"@id\":\"https:\\\/\\\/vsmc.lt\\\/?p=9208#primaryimage\",\"url\":\"https:\\\/\\\/vsmc.lt\\\/wp-content\\\/uploads\\\/2022\\\/02\\\/07\\\/erasmus1-scaled.jpg\",\"contentUrl\":\"https:\\\/\\\/vsmc.lt\\\/wp-content\\\/uploads\\\/2022\\\/02\\\/07\\\/erasmus1-scaled.jpg\",\"width\":2560,\"height\":1921},{\"@type\":\"BreadcrumbList\",\"@id\":\"https:\\\/\\\/vsmc.lt\\\/?p=9208#breadcrumb\",\"itemListElement\":[{\"@type\":\"ListItem\",\"position\":1,\"name\":\"Home\",\"item\":\"https:\\\/\\\/vsmc.lt\\\/\"},{\"@type\":\"ListItem\",\"position\":2,\"name\":\"2022-01-28 Erasmus+KA2 programos projektas \u201eBendravimo \u012fg\u016bd\u017eiai suaugusi\u0173j\u0173 \u0161vietime\u201c\"}]},{\"@type\":\"WebSite\",\"@id\":\"https:\\\/\\\/vsmc.lt\\\/#website\",\"url\":\"https:\\\/\\\/vsmc.lt\\\/\",\"name\":\"Vilniaus suaugusi\u0173j\u0173 mokymo centras\",\"description\":\"VSMC\",\"publisher\":{\"@id\":\"https:\\\/\\\/vsmc.lt\\\/#organization\"},\"alternateName\":\"VSMC\",\"potentialAction\":[{\"@type\":\"SearchAction\",\"target\":{\"@type\":\"EntryPoint\",\"urlTemplate\":\"https:\\\/\\\/vsmc.lt\\\/?s={search_term_string}\"},\"query-input\":{\"@type\":\"PropertyValueSpecification\",\"valueRequired\":true,\"valueName\":\"search_term_string\"}}],\"inLanguage\":\"lt-LT\"},{\"@type\":\"Organization\",\"@id\":\"https:\\\/\\\/vsmc.lt\\\/#organization\",\"name\":\"Vilniaus suaugusi\u0173j\u0173 mokymo centras\",\"alternateName\":\"VSMC\",\"url\":\"https:\\\/\\\/vsmc.lt\\\/\",\"logo\":{\"@type\":\"ImageObject\",\"inLanguage\":\"lt-LT\",\"@id\":\"https:\\\/\\\/vsmc.lt\\\/#\\\/schema\\\/logo\\\/image\\\/\",\"url\":\"https:\\\/\\\/vsmc.lt\\\/wp-content\\\/uploads\\\/2016\\\/11\\\/15\\\/logo.png\",\"contentUrl\":\"https:\\\/\\\/vsmc.lt\\\/wp-content\\\/uploads\\\/2016\\\/11\\\/15\\\/logo.png\",\"width\":96,\"height\":121,\"caption\":\"Vilniaus suaugusi\u0173j\u0173 mokymo centras\"},\"image\":{\"@id\":\"https:\\\/\\\/vsmc.lt\\\/#\\\/schema\\\/logo\\\/image\\\/\"},\"sameAs\":[\"https:\\\/\\\/www.facebook.com\\\/p\\\/Vilniaus-suaugusij-mokymo-centras-VSMC-gimnazija-100034428106674\\\/\"]},{\"@type\":\"Person\",\"@id\":\"https:\\\/\\\/vsmc.lt\\\/#\\\/schema\\\/person\\\/7b79c1eab13a88fc1ed4dc6626a57f98\",\"name\":\"Birut\u0117 Kubilinskien\u0117\",\"image\":{\"@type\":\"ImageObject\",\"inLanguage\":\"lt-LT\",\"@id\":\"https:\\\/\\\/secure.gravatar.com\\\/avatar\\\/de3432602f9f0edd7dc9006aceaad7e2a3227ca56f4f6d9e4b2e2ee05a11e793?s=96&d=mm&r=g\",\"url\":\"https:\\\/\\\/secure.gravatar.com\\\/avatar\\\/de3432602f9f0edd7dc9006aceaad7e2a3227ca56f4f6d9e4b2e2ee05a11e793?s=96&d=mm&r=g\",\"contentUrl\":\"https:\\\/\\\/secure.gravatar.com\\\/avatar\\\/de3432602f9f0edd7dc9006aceaad7e2a3227ca56f4f6d9e4b2e2ee05a11e793?s=96&d=mm&r=g\",\"caption\":\"Birut\u0117 Kubilinskien\u0117\"},\"url\":\"https:\\\/\\\/vsmc.lt\\\/?author=5\"}]}<\/script>\n<!-- \/ Yoast SEO plugin. -->","yoast_head_json":{"title":"2022-01-28 Erasmus+KA2 programos projektas \u201eBendravimo \u012fg\u016bd\u017eiai suaugusi\u0173j\u0173 \u0161vietime\u201c Vilniaus suaugusi\u0173j\u0173 mokymo centras  - Vilniaus suaugusi\u0173j\u0173 mokymo centras","description":"2022-01-28 Erasmus+KA2 programos projektas \u201eBendravimo \u012fg\u016bd\u017eiai suaugusi\u0173j\u0173 \u0161vietime\u201c Vilniaus suaugusi\u0173j\u0173 mokymo centras","robots":{"index":"index","follow":"follow","max-snippet":"max-snippet:-1","max-image-preview":"max-image-preview:large","max-video-preview":"max-video-preview:-1"},"canonical":"https:\/\/vsmc.lt\/?p=9208","og_locale":"lt_LT","og_type":"article","og_title":"2022-01-28 Erasmus+KA2 programos projektas \u201eBendravimo \u012fg\u016bd\u017eiai suaugusi\u0173j\u0173 \u0161vietime\u201c Vilniaus suaugusi\u0173j\u0173 mokymo centras  - Vilniaus suaugusi\u0173j\u0173 mokymo centras","og_description":"2022-01-28 Erasmus+KA2 programos projektas \u201eBendravimo \u012fg\u016bd\u017eiai suaugusi\u0173j\u0173 \u0161vietime\u201c Vilniaus suaugusi\u0173j\u0173 mokymo centras","og_url":"https:\/\/vsmc.lt\/?p=9208","og_site_name":"Vilniaus suaugusi\u0173j\u0173 mokymo centras","article_publisher":"https:\/\/www.facebook.com\/p\/Vilniaus-suaugusij-mokymo-centras-VSMC-gimnazija-100034428106674\/","article_published_time":"2022-02-07T14:56:06+00:00","article_modified_time":"2022-02-15T09:05:35+00:00","og_image":[{"width":2560,"height":1921,"url":"https:\/\/vsmc.lt\/wp-content\/uploads\/2022\/02\/07\/erasmus1-scaled.jpg","type":"image\/jpeg"}],"author":"Birut\u0117 Kubilinskien\u0117","twitter_card":"summary_large_image","twitter_misc":{"Written by":"Birut\u0117 Kubilinskien\u0117","Est. reading time":"2 minut\u0117s"},"schema":{"@context":"https:\/\/schema.org","@graph":[{"@type":"Article","@id":"https:\/\/vsmc.lt\/?p=9208#article","isPartOf":{"@id":"https:\/\/vsmc.lt\/?p=9208"},"author":{"name":"Birut\u0117 Kubilinskien\u0117","@id":"https:\/\/vsmc.lt\/#\/schema\/person\/7b79c1eab13a88fc1ed4dc6626a57f98"},"headline":"2022-01-28 Erasmus+KA2 programos projektas \u201eBendravimo \u012fg\u016bd\u017eiai suaugusi\u0173j\u0173 \u0161vietime\u201c","datePublished":"2022-02-07T14:56:06+00:00","dateModified":"2022-02-15T09:05:35+00:00","mainEntityOfPage":{"@id":"https:\/\/vsmc.lt\/?p=9208"},"wordCount":483,"publisher":{"@id":"https:\/\/vsmc.lt\/#organization"},"image":{"@id":"https:\/\/vsmc.lt\/?p=9208#primaryimage"},"thumbnailUrl":"https:\/\/vsmc.lt\/wp-content\/uploads\/2022\/02\/07\/erasmus1-scaled.jpg","articleSection":["Naujienos"],"inLanguage":"lt-LT"},{"@type":"WebPage","@id":"https:\/\/vsmc.lt\/?p=9208","url":"https:\/\/vsmc.lt\/?p=9208","name":"2022-01-28 Erasmus+KA2 programos projektas \u201eBendravimo \u012fg\u016bd\u017eiai suaugusi\u0173j\u0173 \u0161vietime\u201c Vilniaus suaugusi\u0173j\u0173 mokymo centras - Vilniaus suaugusi\u0173j\u0173 mokymo centras","isPartOf":{"@id":"https:\/\/vsmc.lt\/#website"},"primaryImageOfPage":{"@id":"https:\/\/vsmc.lt\/?p=9208#primaryimage"},"image":{"@id":"https:\/\/vsmc.lt\/?p=9208#primaryimage"},"thumbnailUrl":"https:\/\/vsmc.lt\/wp-content\/uploads\/2022\/02\/07\/erasmus1-scaled.jpg","datePublished":"2022-02-07T14:56:06+00:00","dateModified":"2022-02-15T09:05:35+00:00","description":"2022-01-28 Erasmus+KA2 programos projektas \u201eBendravimo \u012fg\u016bd\u017eiai suaugusi\u0173j\u0173 \u0161vietime\u201c Vilniaus suaugusi\u0173j\u0173 mokymo centras","breadcrumb":{"@id":"https:\/\/vsmc.lt\/?p=9208#breadcrumb"},"inLanguage":"lt-LT","potentialAction":[{"@type":"ReadAction","target":["https:\/\/vsmc.lt\/?p=9208"]}]},{"@type":"ImageObject","inLanguage":"lt-LT","@id":"https:\/\/vsmc.lt\/?p=9208#primaryimage","url":"https:\/\/vsmc.lt\/wp-content\/uploads\/2022\/02\/07\/erasmus1-scaled.jpg","contentUrl":"https:\/\/vsmc.lt\/wp-content\/uploads\/2022\/02\/07\/erasmus1-scaled.jpg","width":2560,"height":1921},{"@type":"BreadcrumbList","@id":"https:\/\/vsmc.lt\/?p=9208#breadcrumb","itemListElement":[{"@type":"ListItem","position":1,"name":"Home","item":"https:\/\/vsmc.lt\/"},{"@type":"ListItem","position":2,"name":"2022-01-28 Erasmus+KA2 programos projektas \u201eBendravimo \u012fg\u016bd\u017eiai suaugusi\u0173j\u0173 \u0161vietime\u201c"}]},{"@type":"WebSite","@id":"https:\/\/vsmc.lt\/#website","url":"https:\/\/vsmc.lt\/","name":"Vilniaus suaugusi\u0173j\u0173 mokymo centras","description":"VSMC","publisher":{"@id":"https:\/\/vsmc.lt\/#organization"},"alternateName":"VSMC","potentialAction":[{"@type":"SearchAction","target":{"@type":"EntryPoint","urlTemplate":"https:\/\/vsmc.lt\/?s={search_term_string}"},"query-input":{"@type":"PropertyValueSpecification","valueRequired":true,"valueName":"search_term_string"}}],"inLanguage":"lt-LT"},{"@type":"Organization","@id":"https:\/\/vsmc.lt\/#organization","name":"Vilniaus suaugusi\u0173j\u0173 mokymo centras","alternateName":"VSMC","url":"https:\/\/vsmc.lt\/","logo":{"@type":"ImageObject","inLanguage":"lt-LT","@id":"https:\/\/vsmc.lt\/#\/schema\/logo\/image\/","url":"https:\/\/vsmc.lt\/wp-content\/uploads\/2016\/11\/15\/logo.png","contentUrl":"https:\/\/vsmc.lt\/wp-content\/uploads\/2016\/11\/15\/logo.png","width":96,"height":121,"caption":"Vilniaus suaugusi\u0173j\u0173 mokymo centras"},"image":{"@id":"https:\/\/vsmc.lt\/#\/schema\/logo\/image\/"},"sameAs":["https:\/\/www.facebook.com\/p\/Vilniaus-suaugusij-mokymo-centras-VSMC-gimnazija-100034428106674\/"]},{"@type":"Person","@id":"https:\/\/vsmc.lt\/#\/schema\/person\/7b79c1eab13a88fc1ed4dc6626a57f98","name":"Birut\u0117 Kubilinskien\u0117","image":{"@type":"ImageObject","inLanguage":"lt-LT","@id":"https:\/\/secure.gravatar.com\/avatar\/de3432602f9f0edd7dc9006aceaad7e2a3227ca56f4f6d9e4b2e2ee05a11e793?s=96&d=mm&r=g","url":"https:\/\/secure.gravatar.com\/avatar\/de3432602f9f0edd7dc9006aceaad7e2a3227ca56f4f6d9e4b2e2ee05a11e793?s=96&d=mm&r=g","contentUrl":"https:\/\/secure.gravatar.com\/avatar\/de3432602f9f0edd7dc9006aceaad7e2a3227ca56f4f6d9e4b2e2ee05a11e793?s=96&d=mm&r=g","caption":"Birut\u0117 Kubilinskien\u0117"},"url":"https:\/\/vsmc.lt\/?author=5"}]}},"_links":{"self":[{"href":"https:\/\/vsmc.lt\/index.php?rest_route=\/wp\/v2\/posts\/9208","targetHints":{"allow":["GET"]}}],"collection":[{"href":"https:\/\/vsmc.lt\/index.php?rest_route=\/wp\/v2\/posts"}],"about":[{"href":"https:\/\/vsmc.lt\/index.php?rest_route=\/wp\/v2\/types\/post"}],"author":[{"embeddable":true,"href":"https:\/\/vsmc.lt\/index.php?rest_route=\/wp\/v2\/users\/5"}],"replies":[{"embeddable":true,"href":"https:\/\/vsmc.lt\/index.php?rest_route=%2Fwp%2Fv2%2Fcomments&post=9208"}],"version-history":[{"count":1,"href":"https:\/\/vsmc.lt\/index.php?rest_route=\/wp\/v2\/posts\/9208\/revisions"}],"predecessor-version":[{"id":9212,"href":"https:\/\/vsmc.lt\/index.php?rest_route=\/wp\/v2\/posts\/9208\/revisions\/9212"}],"wp:featuredmedia":[{"embeddable":true,"href":"https:\/\/vsmc.lt\/index.php?rest_route=\/wp\/v2\/media\/9211"}],"wp:attachment":[{"href":"https:\/\/vsmc.lt\/index.php?rest_route=%2Fwp%2Fv2%2Fmedia&parent=9208"}],"wp:term":[{"taxonomy":"category","embeddable":true,"href":"https:\/\/vsmc.lt\/index.php?rest_route=%2Fwp%2Fv2%2Fcategories&post=9208"},{"taxonomy":"post_tag","embeddable":true,"href":"https:\/\/vsmc.lt\/index.php?rest_route=%2Fwp%2Fv2%2Ftags&post=9208"}],"curies":[{"name":"wp","href":"https:\/\/api.w.org\/{rel}","templated":true}]}}