{"id":9227,"date":"2022-02-17T10:36:28","date_gmt":"2022-02-17T07:36:28","guid":{"rendered":"https:\/\/vsmc.lt\/?p=9227"},"modified":"2022-02-17T12:40:47","modified_gmt":"2022-02-17T09:40:47","slug":"2022-02-09-istorijos-pamoka-signataru-namuose-skirta-lietuvos-valstybes-atkurimo-dienai","status":"publish","type":"post","link":"https:\/\/vsmc.lt\/?p=9227","title":{"rendered":"2022-02-09 Istorijos pamoka Signatar\u0173 namuose, skirta Lietuvos valstyb\u0117s atk\u016brimo dienai"},"content":{"rendered":"<p>\u0160i\u0173 met\u0173 vasario 9 d. VSMC mokiniai ir istorijos mokytoja An\u017eela Jablonskait\u0117 vyko \u012f netradicin\u0119 istorijos pamok\u0105 Signatar\u0173 namuose. Pamokos tikslas \u2013 skatinti pilieti\u0161kum\u0105 ir patriotizm\u0105, pagilinti mokini\u0173 istorijos \u017einias apie Lietuvos keli\u0105 \u012f valstybingum\u0105 nuo XIX a. antros pus\u0117s iki Vasario 16-osios Akto pasira\u0161ymo 1918 metais.<\/p>\n<p>Visi pamokos dalyviai \u012fd\u0117miai klaus\u0117si gido pasakojimo Signatar\u0173 namuose. Mokiniai prisimin\u0117 reik\u0161ming\u0173 Lietuvai \u012fvyki\u0173 sek\u0105 ir prasm\u0119, apsilank\u0117 J. Basanavi\u010diaus darbo kabinete, ap\u017ei\u016br\u0117jo jame istorin\u0117s vert\u0117s turint\u012f stal\u0105, asmeninius tautos patriarcho daiktus, taip pat su\u017einojo daugiau fakt\u0173 apie prasmingus kit\u0173 signatar\u0173 nuveiktus darbus. Taip pat mokiniai ap\u017ei\u016br\u0117jo 1904\u20131915 met\u0173 lietuvi\u0161kus leidinius, draugij\u0173 \u012fstatus ir kitus dokumentus, Lietuvi\u0173 mokslo draugijos ir laikra\u0161\u010di\u0173 redakcij\u0173 nuotraukas.<\/p>\n<p>Pamokos pabaigoje aplankytas kambarys, kuriame buvo pasira\u0161ytas Vasario 16-osios Aktas. Gidas i\u0161samiai papasakojo apie Vasario 16-osios Akto pasira\u0161ymo aplinkybes ir originalo paie\u0161kos istorij\u0105.<\/p>\n<p>Apsilankymas Signatar\u0173 namuose buvo netradicin\u0117, \u012fdomi istorijos pamoka, priminusi vien\u0105 i\u0161 svarbiausi\u0173 XX am\u017eiaus Lietuvos istorijos \u012fvyki\u0173 ir paskatinusi m\u0105styti apie jo reik\u0161m\u0119 \u0161iuolaikiniam \u017emogui.<\/p>\n<p><img loading=\"lazy\" decoding=\"async\" class=\"alignnone size-medium wp-image-9228\" src=\"https:\/\/vsmc.lt\/wp-content\/uploads\/2022\/02\/17\/signa.-namai-270x360.jpg\" alt=\"\" width=\"270\" height=\"360\" srcset=\"https:\/\/vsmc.lt\/wp-content\/uploads\/2022\/02\/17\/signa.-namai-270x360.jpg 270w, https:\/\/vsmc.lt\/wp-content\/uploads\/2022\/02\/17\/signa.-namai.jpg 506w\" sizes=\"auto, (max-width: 270px) 100vw, 270px\" \/><img loading=\"lazy\" decoding=\"async\" class=\"alignnone size-medium wp-image-9229\" src=\"https:\/\/vsmc.lt\/wp-content\/uploads\/2022\/02\/17\/signataru-namai-1-270x360.jpg\" alt=\"\" width=\"270\" height=\"360\" srcset=\"https:\/\/vsmc.lt\/wp-content\/uploads\/2022\/02\/17\/signataru-namai-1-270x360.jpg 270w, https:\/\/vsmc.lt\/wp-content\/uploads\/2022\/02\/17\/signataru-namai-1.jpg 502w\" sizes=\"auto, (max-width: 270px) 100vw, 270px\" \/><img loading=\"lazy\" decoding=\"async\" class=\"alignnone size-medium wp-image-9230\" src=\"https:\/\/vsmc.lt\/wp-content\/uploads\/2022\/02\/17\/signataru-namai2-270x360.jpg\" alt=\"\" width=\"270\" height=\"360\" srcset=\"https:\/\/vsmc.lt\/wp-content\/uploads\/2022\/02\/17\/signataru-namai2-270x360.jpg 270w, https:\/\/vsmc.lt\/wp-content\/uploads\/2022\/02\/17\/signataru-namai2.jpg 516w\" sizes=\"auto, (max-width: 270px) 100vw, 270px\" \/><img loading=\"lazy\" decoding=\"async\" class=\"alignnone size-medium wp-image-9231\" src=\"https:\/\/vsmc.lt\/wp-content\/uploads\/2022\/02\/17\/signa.-namai3-270x360.jpg\" alt=\"\" width=\"270\" height=\"360\" srcset=\"https:\/\/vsmc.lt\/wp-content\/uploads\/2022\/02\/17\/signa.-namai3-270x360.jpg 270w, https:\/\/vsmc.lt\/wp-content\/uploads\/2022\/02\/17\/signa.-namai3.jpg 426w\" sizes=\"auto, (max-width: 270px) 100vw, 270px\" \/><\/p>\n<p>Istorijos mokytoja metodinink\u0117 An\u017eela Jablonskait\u0117<\/p>\n","protected":false},"excerpt":{"rendered":"<p>\u0160i\u0173 met\u0173 vasario 9 d. VSMC mokiniai ir istorijos mokytoja An\u017eela Jablonskait\u0117 vyko \u012f netradicin\u0119 istorijos pamok\u0105 Signatar\u0173 namuose. Pamokos tikslas \u2013 skatinti pilieti\u0161kum\u0105 ir patriotizm\u0105, pagilinti mokini\u0173 istorijos \u017einias apie Lietuvos keli\u0105 \u012f valstybingum\u0105 nuo XIX a. antros pus\u0117s iki Vasario 16-osios Akto pasira\u0161ymo 1918 metais. Visi pamokos dalyviai \u012fd\u0117miai klaus\u0117si gido pasakojimo Signatar\u0173 [&hellip;]<\/p>\n","protected":false},"author":5,"featured_media":0,"comment_status":"closed","ping_status":"closed","sticky":false,"template":"","format":"standard","meta":{"footnotes":""},"categories":[1],"tags":[],"class_list":["post-9227","post","type-post","status-publish","format-standard","hentry","category-naujienos"],"yoast_head":"<!-- This site is optimized with the Yoast SEO plugin v27.5 - https:\/\/yoast.com\/product\/yoast-seo-wordpress\/ -->\n<title>2022-02-09 Istorijos pamoka Signatar\u0173 namuose, skirta Lietuvos valstyb\u0117s atk\u016brimo dienai Vilniaus suaugusi\u0173j\u0173 mokymo centras  - Vilniaus suaugusi\u0173j\u0173 mokymo centras<\/title>\n<meta name=\"description\" content=\"2022-02-09 Istorijos pamoka Signatar\u0173 namuose, skirta Lietuvos valstyb\u0117s atk\u016brimo dienai Vilniaus suaugusi\u0173j\u0173 mokymo centras\" \/>\n<meta name=\"robots\" content=\"index, follow, max-snippet:-1, max-image-preview:large, max-video-preview:-1\" \/>\n<link rel=\"canonical\" href=\"https:\/\/vsmc.lt\/?p=9227\" \/>\n<meta property=\"og:locale\" content=\"lt_LT\" \/>\n<meta property=\"og:type\" content=\"article\" \/>\n<meta property=\"og:title\" content=\"2022-02-09 Istorijos pamoka Signatar\u0173 namuose, skirta Lietuvos valstyb\u0117s atk\u016brimo dienai Vilniaus suaugusi\u0173j\u0173 mokymo centras  - Vilniaus suaugusi\u0173j\u0173 mokymo centras\" \/>\n<meta property=\"og:description\" content=\"2022-02-09 Istorijos pamoka Signatar\u0173 namuose, skirta Lietuvos valstyb\u0117s atk\u016brimo dienai Vilniaus suaugusi\u0173j\u0173 mokymo centras\" \/>\n<meta property=\"og:url\" content=\"https:\/\/vsmc.lt\/?p=9227\" \/>\n<meta property=\"og:site_name\" content=\"Vilniaus suaugusi\u0173j\u0173 mokymo centras\" \/>\n<meta property=\"article:publisher\" content=\"https:\/\/www.facebook.com\/p\/Vilniaus-suaugusij-mokymo-centras-VSMC-gimnazija-100034428106674\/\" \/>\n<meta property=\"article:published_time\" content=\"2022-02-17T07:36:28+00:00\" \/>\n<meta property=\"article:modified_time\" content=\"2022-02-17T09:40:47+00:00\" \/>\n<meta property=\"og:image\" content=\"https:\/\/vsmc.lt\/wp-content\/uploads\/2022\/02\/17\/signa.-namai-270x360.jpg\" \/>\n<meta name=\"author\" content=\"Birut\u0117 Kubilinskien\u0117\" \/>\n<meta name=\"twitter:card\" content=\"summary_large_image\" \/>\n<meta name=\"twitter:label1\" content=\"Written by\" \/>\n\t<meta name=\"twitter:data1\" content=\"Birut\u0117 Kubilinskien\u0117\" \/>\n\t<meta name=\"twitter:label2\" content=\"Est. reading time\" \/>\n\t<meta name=\"twitter:data2\" content=\"1 minut\u0117\" \/>\n<script type=\"application\/ld+json\" class=\"yoast-schema-graph\">{\"@context\":\"https:\\\/\\\/schema.org\",\"@graph\":[{\"@type\":\"Article\",\"@id\":\"https:\\\/\\\/vsmc.lt\\\/?p=9227#article\",\"isPartOf\":{\"@id\":\"https:\\\/\\\/vsmc.lt\\\/?p=9227\"},\"author\":{\"name\":\"Birut\u0117 Kubilinskien\u0117\",\"@id\":\"https:\\\/\\\/vsmc.lt\\\/#\\\/schema\\\/person\\\/7b79c1eab13a88fc1ed4dc6626a57f98\"},\"headline\":\"2022-02-09 Istorijos pamoka Signatar\u0173 namuose, skirta Lietuvos valstyb\u0117s atk\u016brimo dienai\",\"datePublished\":\"2022-02-17T07:36:28+00:00\",\"dateModified\":\"2022-02-17T09:40:47+00:00\",\"mainEntityOfPage\":{\"@id\":\"https:\\\/\\\/vsmc.lt\\\/?p=9227\"},\"wordCount\":197,\"publisher\":{\"@id\":\"https:\\\/\\\/vsmc.lt\\\/#organization\"},\"image\":{\"@id\":\"https:\\\/\\\/vsmc.lt\\\/?p=9227#primaryimage\"},\"thumbnailUrl\":\"https:\\\/\\\/vsmc.lt\\\/wp-content\\\/uploads\\\/2022\\\/02\\\/17\\\/signa.-namai-270x360.jpg\",\"articleSection\":[\"Naujienos\"],\"inLanguage\":\"lt-LT\"},{\"@type\":\"WebPage\",\"@id\":\"https:\\\/\\\/vsmc.lt\\\/?p=9227\",\"url\":\"https:\\\/\\\/vsmc.lt\\\/?p=9227\",\"name\":\"2022-02-09 Istorijos pamoka Signatar\u0173 namuose, skirta Lietuvos valstyb\u0117s atk\u016brimo dienai Vilniaus suaugusi\u0173j\u0173 mokymo centras - Vilniaus suaugusi\u0173j\u0173 mokymo centras\",\"isPartOf\":{\"@id\":\"https:\\\/\\\/vsmc.lt\\\/#website\"},\"primaryImageOfPage\":{\"@id\":\"https:\\\/\\\/vsmc.lt\\\/?p=9227#primaryimage\"},\"image\":{\"@id\":\"https:\\\/\\\/vsmc.lt\\\/?p=9227#primaryimage\"},\"thumbnailUrl\":\"https:\\\/\\\/vsmc.lt\\\/wp-content\\\/uploads\\\/2022\\\/02\\\/17\\\/signa.-namai-270x360.jpg\",\"datePublished\":\"2022-02-17T07:36:28+00:00\",\"dateModified\":\"2022-02-17T09:40:47+00:00\",\"description\":\"2022-02-09 Istorijos pamoka Signatar\u0173 namuose, skirta Lietuvos valstyb\u0117s atk\u016brimo dienai Vilniaus suaugusi\u0173j\u0173 mokymo centras\",\"breadcrumb\":{\"@id\":\"https:\\\/\\\/vsmc.lt\\\/?p=9227#breadcrumb\"},\"inLanguage\":\"lt-LT\",\"potentialAction\":[{\"@type\":\"ReadAction\",\"target\":[\"https:\\\/\\\/vsmc.lt\\\/?p=9227\"]}]},{\"@type\":\"ImageObject\",\"inLanguage\":\"lt-LT\",\"@id\":\"https:\\\/\\\/vsmc.lt\\\/?p=9227#primaryimage\",\"url\":\"https:\\\/\\\/vsmc.lt\\\/wp-content\\\/uploads\\\/2022\\\/02\\\/17\\\/signa.-namai.jpg\",\"contentUrl\":\"https:\\\/\\\/vsmc.lt\\\/wp-content\\\/uploads\\\/2022\\\/02\\\/17\\\/signa.-namai.jpg\",\"width\":506,\"height\":675},{\"@type\":\"BreadcrumbList\",\"@id\":\"https:\\\/\\\/vsmc.lt\\\/?p=9227#breadcrumb\",\"itemListElement\":[{\"@type\":\"ListItem\",\"position\":1,\"name\":\"Home\",\"item\":\"https:\\\/\\\/vsmc.lt\\\/\"},{\"@type\":\"ListItem\",\"position\":2,\"name\":\"2022-02-09 Istorijos pamoka Signatar\u0173 namuose, skirta Lietuvos valstyb\u0117s atk\u016brimo dienai\"}]},{\"@type\":\"WebSite\",\"@id\":\"https:\\\/\\\/vsmc.lt\\\/#website\",\"url\":\"https:\\\/\\\/vsmc.lt\\\/\",\"name\":\"Vilniaus suaugusi\u0173j\u0173 mokymo centras\",\"description\":\"VSMC\",\"publisher\":{\"@id\":\"https:\\\/\\\/vsmc.lt\\\/#organization\"},\"alternateName\":\"VSMC\",\"potentialAction\":[{\"@type\":\"SearchAction\",\"target\":{\"@type\":\"EntryPoint\",\"urlTemplate\":\"https:\\\/\\\/vsmc.lt\\\/?s={search_term_string}\"},\"query-input\":{\"@type\":\"PropertyValueSpecification\",\"valueRequired\":true,\"valueName\":\"search_term_string\"}}],\"inLanguage\":\"lt-LT\"},{\"@type\":\"Organization\",\"@id\":\"https:\\\/\\\/vsmc.lt\\\/#organization\",\"name\":\"Vilniaus suaugusi\u0173j\u0173 mokymo centras\",\"alternateName\":\"VSMC\",\"url\":\"https:\\\/\\\/vsmc.lt\\\/\",\"logo\":{\"@type\":\"ImageObject\",\"inLanguage\":\"lt-LT\",\"@id\":\"https:\\\/\\\/vsmc.lt\\\/#\\\/schema\\\/logo\\\/image\\\/\",\"url\":\"https:\\\/\\\/vsmc.lt\\\/wp-content\\\/uploads\\\/2016\\\/11\\\/15\\\/logo.png\",\"contentUrl\":\"https:\\\/\\\/vsmc.lt\\\/wp-content\\\/uploads\\\/2016\\\/11\\\/15\\\/logo.png\",\"width\":96,\"height\":121,\"caption\":\"Vilniaus suaugusi\u0173j\u0173 mokymo centras\"},\"image\":{\"@id\":\"https:\\\/\\\/vsmc.lt\\\/#\\\/schema\\\/logo\\\/image\\\/\"},\"sameAs\":[\"https:\\\/\\\/www.facebook.com\\\/p\\\/Vilniaus-suaugusij-mokymo-centras-VSMC-gimnazija-100034428106674\\\/\"]},{\"@type\":\"Person\",\"@id\":\"https:\\\/\\\/vsmc.lt\\\/#\\\/schema\\\/person\\\/7b79c1eab13a88fc1ed4dc6626a57f98\",\"name\":\"Birut\u0117 Kubilinskien\u0117\",\"image\":{\"@type\":\"ImageObject\",\"inLanguage\":\"lt-LT\",\"@id\":\"https:\\\/\\\/secure.gravatar.com\\\/avatar\\\/de3432602f9f0edd7dc9006aceaad7e2a3227ca56f4f6d9e4b2e2ee05a11e793?s=96&d=mm&r=g\",\"url\":\"https:\\\/\\\/secure.gravatar.com\\\/avatar\\\/de3432602f9f0edd7dc9006aceaad7e2a3227ca56f4f6d9e4b2e2ee05a11e793?s=96&d=mm&r=g\",\"contentUrl\":\"https:\\\/\\\/secure.gravatar.com\\\/avatar\\\/de3432602f9f0edd7dc9006aceaad7e2a3227ca56f4f6d9e4b2e2ee05a11e793?s=96&d=mm&r=g\",\"caption\":\"Birut\u0117 Kubilinskien\u0117\"},\"url\":\"https:\\\/\\\/vsmc.lt\\\/?author=5\"}]}<\/script>\n<!-- \/ Yoast SEO plugin. -->","yoast_head_json":{"title":"2022-02-09 Istorijos pamoka Signatar\u0173 namuose, skirta Lietuvos valstyb\u0117s atk\u016brimo dienai Vilniaus suaugusi\u0173j\u0173 mokymo centras  - Vilniaus suaugusi\u0173j\u0173 mokymo centras","description":"2022-02-09 Istorijos pamoka Signatar\u0173 namuose, skirta Lietuvos valstyb\u0117s atk\u016brimo dienai Vilniaus suaugusi\u0173j\u0173 mokymo centras","robots":{"index":"index","follow":"follow","max-snippet":"max-snippet:-1","max-image-preview":"max-image-preview:large","max-video-preview":"max-video-preview:-1"},"canonical":"https:\/\/vsmc.lt\/?p=9227","og_locale":"lt_LT","og_type":"article","og_title":"2022-02-09 Istorijos pamoka Signatar\u0173 namuose, skirta Lietuvos valstyb\u0117s atk\u016brimo dienai Vilniaus suaugusi\u0173j\u0173 mokymo centras  - Vilniaus suaugusi\u0173j\u0173 mokymo centras","og_description":"2022-02-09 Istorijos pamoka Signatar\u0173 namuose, skirta Lietuvos valstyb\u0117s atk\u016brimo dienai Vilniaus suaugusi\u0173j\u0173 mokymo centras","og_url":"https:\/\/vsmc.lt\/?p=9227","og_site_name":"Vilniaus suaugusi\u0173j\u0173 mokymo centras","article_publisher":"https:\/\/www.facebook.com\/p\/Vilniaus-suaugusij-mokymo-centras-VSMC-gimnazija-100034428106674\/","article_published_time":"2022-02-17T07:36:28+00:00","article_modified_time":"2022-02-17T09:40:47+00:00","og_image":[{"url":"https:\/\/vsmc.lt\/wp-content\/uploads\/2022\/02\/17\/signa.-namai-270x360.jpg","type":"","width":"","height":""}],"author":"Birut\u0117 Kubilinskien\u0117","twitter_card":"summary_large_image","twitter_misc":{"Written by":"Birut\u0117 Kubilinskien\u0117","Est. reading time":"1 minut\u0117"},"schema":{"@context":"https:\/\/schema.org","@graph":[{"@type":"Article","@id":"https:\/\/vsmc.lt\/?p=9227#article","isPartOf":{"@id":"https:\/\/vsmc.lt\/?p=9227"},"author":{"name":"Birut\u0117 Kubilinskien\u0117","@id":"https:\/\/vsmc.lt\/#\/schema\/person\/7b79c1eab13a88fc1ed4dc6626a57f98"},"headline":"2022-02-09 Istorijos pamoka Signatar\u0173 namuose, skirta Lietuvos valstyb\u0117s atk\u016brimo dienai","datePublished":"2022-02-17T07:36:28+00:00","dateModified":"2022-02-17T09:40:47+00:00","mainEntityOfPage":{"@id":"https:\/\/vsmc.lt\/?p=9227"},"wordCount":197,"publisher":{"@id":"https:\/\/vsmc.lt\/#organization"},"image":{"@id":"https:\/\/vsmc.lt\/?p=9227#primaryimage"},"thumbnailUrl":"https:\/\/vsmc.lt\/wp-content\/uploads\/2022\/02\/17\/signa.-namai-270x360.jpg","articleSection":["Naujienos"],"inLanguage":"lt-LT"},{"@type":"WebPage","@id":"https:\/\/vsmc.lt\/?p=9227","url":"https:\/\/vsmc.lt\/?p=9227","name":"2022-02-09 Istorijos pamoka Signatar\u0173 namuose, skirta Lietuvos valstyb\u0117s atk\u016brimo dienai Vilniaus suaugusi\u0173j\u0173 mokymo centras - Vilniaus suaugusi\u0173j\u0173 mokymo centras","isPartOf":{"@id":"https:\/\/vsmc.lt\/#website"},"primaryImageOfPage":{"@id":"https:\/\/vsmc.lt\/?p=9227#primaryimage"},"image":{"@id":"https:\/\/vsmc.lt\/?p=9227#primaryimage"},"thumbnailUrl":"https:\/\/vsmc.lt\/wp-content\/uploads\/2022\/02\/17\/signa.-namai-270x360.jpg","datePublished":"2022-02-17T07:36:28+00:00","dateModified":"2022-02-17T09:40:47+00:00","description":"2022-02-09 Istorijos pamoka Signatar\u0173 namuose, skirta Lietuvos valstyb\u0117s atk\u016brimo dienai Vilniaus suaugusi\u0173j\u0173 mokymo centras","breadcrumb":{"@id":"https:\/\/vsmc.lt\/?p=9227#breadcrumb"},"inLanguage":"lt-LT","potentialAction":[{"@type":"ReadAction","target":["https:\/\/vsmc.lt\/?p=9227"]}]},{"@type":"ImageObject","inLanguage":"lt-LT","@id":"https:\/\/vsmc.lt\/?p=9227#primaryimage","url":"https:\/\/vsmc.lt\/wp-content\/uploads\/2022\/02\/17\/signa.-namai.jpg","contentUrl":"https:\/\/vsmc.lt\/wp-content\/uploads\/2022\/02\/17\/signa.-namai.jpg","width":506,"height":675},{"@type":"BreadcrumbList","@id":"https:\/\/vsmc.lt\/?p=9227#breadcrumb","itemListElement":[{"@type":"ListItem","position":1,"name":"Home","item":"https:\/\/vsmc.lt\/"},{"@type":"ListItem","position":2,"name":"2022-02-09 Istorijos pamoka Signatar\u0173 namuose, skirta Lietuvos valstyb\u0117s atk\u016brimo dienai"}]},{"@type":"WebSite","@id":"https:\/\/vsmc.lt\/#website","url":"https:\/\/vsmc.lt\/","name":"Vilniaus suaugusi\u0173j\u0173 mokymo centras","description":"VSMC","publisher":{"@id":"https:\/\/vsmc.lt\/#organization"},"alternateName":"VSMC","potentialAction":[{"@type":"SearchAction","target":{"@type":"EntryPoint","urlTemplate":"https:\/\/vsmc.lt\/?s={search_term_string}"},"query-input":{"@type":"PropertyValueSpecification","valueRequired":true,"valueName":"search_term_string"}}],"inLanguage":"lt-LT"},{"@type":"Organization","@id":"https:\/\/vsmc.lt\/#organization","name":"Vilniaus suaugusi\u0173j\u0173 mokymo centras","alternateName":"VSMC","url":"https:\/\/vsmc.lt\/","logo":{"@type":"ImageObject","inLanguage":"lt-LT","@id":"https:\/\/vsmc.lt\/#\/schema\/logo\/image\/","url":"https:\/\/vsmc.lt\/wp-content\/uploads\/2016\/11\/15\/logo.png","contentUrl":"https:\/\/vsmc.lt\/wp-content\/uploads\/2016\/11\/15\/logo.png","width":96,"height":121,"caption":"Vilniaus suaugusi\u0173j\u0173 mokymo centras"},"image":{"@id":"https:\/\/vsmc.lt\/#\/schema\/logo\/image\/"},"sameAs":["https:\/\/www.facebook.com\/p\/Vilniaus-suaugusij-mokymo-centras-VSMC-gimnazija-100034428106674\/"]},{"@type":"Person","@id":"https:\/\/vsmc.lt\/#\/schema\/person\/7b79c1eab13a88fc1ed4dc6626a57f98","name":"Birut\u0117 Kubilinskien\u0117","image":{"@type":"ImageObject","inLanguage":"lt-LT","@id":"https:\/\/secure.gravatar.com\/avatar\/de3432602f9f0edd7dc9006aceaad7e2a3227ca56f4f6d9e4b2e2ee05a11e793?s=96&d=mm&r=g","url":"https:\/\/secure.gravatar.com\/avatar\/de3432602f9f0edd7dc9006aceaad7e2a3227ca56f4f6d9e4b2e2ee05a11e793?s=96&d=mm&r=g","contentUrl":"https:\/\/secure.gravatar.com\/avatar\/de3432602f9f0edd7dc9006aceaad7e2a3227ca56f4f6d9e4b2e2ee05a11e793?s=96&d=mm&r=g","caption":"Birut\u0117 Kubilinskien\u0117"},"url":"https:\/\/vsmc.lt\/?author=5"}]}},"_links":{"self":[{"href":"https:\/\/vsmc.lt\/index.php?rest_route=\/wp\/v2\/posts\/9227","targetHints":{"allow":["GET"]}}],"collection":[{"href":"https:\/\/vsmc.lt\/index.php?rest_route=\/wp\/v2\/posts"}],"about":[{"href":"https:\/\/vsmc.lt\/index.php?rest_route=\/wp\/v2\/types\/post"}],"author":[{"embeddable":true,"href":"https:\/\/vsmc.lt\/index.php?rest_route=\/wp\/v2\/users\/5"}],"replies":[{"embeddable":true,"href":"https:\/\/vsmc.lt\/index.php?rest_route=%2Fwp%2Fv2%2Fcomments&post=9227"}],"version-history":[{"count":1,"href":"https:\/\/vsmc.lt\/index.php?rest_route=\/wp\/v2\/posts\/9227\/revisions"}],"predecessor-version":[{"id":9232,"href":"https:\/\/vsmc.lt\/index.php?rest_route=\/wp\/v2\/posts\/9227\/revisions\/9232"}],"wp:attachment":[{"href":"https:\/\/vsmc.lt\/index.php?rest_route=%2Fwp%2Fv2%2Fmedia&parent=9227"}],"wp:term":[{"taxonomy":"category","embeddable":true,"href":"https:\/\/vsmc.lt\/index.php?rest_route=%2Fwp%2Fv2%2Fcategories&post=9227"},{"taxonomy":"post_tag","embeddable":true,"href":"https:\/\/vsmc.lt\/index.php?rest_route=%2Fwp%2Fv2%2Ftags&post=9227"}],"curies":[{"name":"wp","href":"https:\/\/api.w.org\/{rel}","templated":true}]}}