{"id":9276,"date":"2022-02-14T14:38:47","date_gmt":"2022-02-14T11:38:47","guid":{"rendered":"https:\/\/vsmc.lt\/?p=9276"},"modified":"2022-03-07T14:41:05","modified_gmt":"2022-03-07T11:41:05","slug":"2022-02-10-virtuali-dailes-pamoka-netradicineje-erdveje-mo-muziejuje","status":"publish","type":"post","link":"https:\/\/vsmc.lt\/?p=9276","title":{"rendered":"2022-02-10 Virtuali dail\u0117s pamoka netradicin\u0117je erdv\u0117je \u2013 MO muziejuje"},"content":{"rendered":"<p>Vasario 7-10 d. II-IV klasi\u0173 mokiniams vyko virtuali dail\u0117s pamoka netradicin\u0117je erdv\u0117je \u2013 MO muziejuje \u2013 fotografijos paroda \u201ePermain\u0173 \u0161vent\u0117\u201c. \u0160vent\u0117 gali b\u016bti valstybin\u0117 ar religin\u0117, masin\u0117 ar asmenin\u0117. \u0160ventes mes pa\u017eymime, ta\u010diau ar da\u017enai susim\u0105stome apie j\u0173 reik\u0161m\u0119 ir kaip mes jas \u012fam\u017einame? Vienas i\u0161 b\u016bd\u0173 \u2013 fotografija. Ji \u012fam\u017eina \u0161ventes, bet taip pat tampa ir j\u0173 dalimi. Fotografavimo(si) ritualas \u012ftvirtina \u0161vent\u0117s dalyvi\u0173 tarpusavio ry\u0161ius, o nuotrauka tarsi garantuoja j\u0173 ilgaam\u017ei\u0161kum\u0105.<\/p>\n<p>Parodoje mokiniai gal\u0117jo i\u0161vysti \u012fvairi\u0173 kart\u0173 lietuvi\u0173 fotograf\u0173 ir \u0161iuolaikini\u0173 meninink\u0173 k\u016bryb\u0105 i\u0161 MO ir kit\u0173 kolekcij\u0173. Menin\u0119 fotografij\u0105 papild\u0117 dokumentin\u0117 med\u017eiaga apie subkult\u016bras: nuo hipi\u0173 iki dabartini\u0173 jaunimo jud\u0117jim\u0173. Su mokiniais diskutavome apie \u0161ven\u010di\u0173 autenti\u0161kum\u0105, subkult\u016bras, kaip alternatyvias formas, j\u0173 \u012ftak\u0105 \u0161iuolaikiniam m\u016bs\u0173 gyvenimui. Taip pat tur\u0117jome galimyb\u0119 naudotis audiogidu, steb\u0117ti autorines fotografijas, tarpdisciplinin\u0119 \u012fvairi\u0173 menini\u0173 r\u016b\u0161i\u0173 integracij\u0105.<\/p>\n<p>Mokiniai diskutavo apie \u0161ventes savo gyvenime, j\u0173 fiksavim\u0105 fotografijose, tokiu b\u016bdu palikt\u0105 p\u0117dsak\u0105 \u0161eimos istorijose, \u012fam\u017eint\u0105 asmeniniuose foto archyvuose. Kiekvienas pasidalinome savo m\u0117gstamiausia fotografija, aptar\u0117me jos atsiradimo istorij\u0105, taip kurdami tarpusavio asmeninius ry\u0161ius, lydimus pasitik\u0117jimo ir tarpusavio supratimo.<\/p>\n<p style=\"text-align: right;\">Dail\u0117s mokytoja metodinink\u0117 Jon\u0117 Paulauskien\u0117<\/p>\n","protected":false},"excerpt":{"rendered":"<p>Vasario 7-10 d. II-IV klasi\u0173 mokiniams vyko virtuali dail\u0117s pamoka netradicin\u0117je erdv\u0117je \u2013 MO muziejuje \u2013 fotografijos paroda \u201ePermain\u0173 \u0161vent\u0117\u201c. \u0160vent\u0117 gali b\u016bti valstybin\u0117 ar religin\u0117, masin\u0117 ar asmenin\u0117. \u0160ventes mes pa\u017eymime, ta\u010diau ar da\u017enai susim\u0105stome apie j\u0173 reik\u0161m\u0119 ir kaip mes jas \u012fam\u017einame? Vienas i\u0161 b\u016bd\u0173 \u2013 fotografija. Ji \u012fam\u017eina \u0161ventes, bet taip pat [&hellip;]<\/p>\n","protected":false},"author":5,"featured_media":0,"comment_status":"closed","ping_status":"closed","sticky":false,"template":"","format":"standard","meta":{"footnotes":""},"categories":[1],"tags":[],"class_list":["post-9276","post","type-post","status-publish","format-standard","hentry","category-naujienos"],"yoast_head":"<!-- This site is optimized with the Yoast SEO plugin v27.5 - https:\/\/yoast.com\/product\/yoast-seo-wordpress\/ -->\n<title>2022-02-10 Virtuali dail\u0117s pamoka netradicin\u0117je erdv\u0117je \u2013 MO muziejuje Vilniaus suaugusi\u0173j\u0173 mokymo centras  - Vilniaus suaugusi\u0173j\u0173 mokymo centras<\/title>\n<meta name=\"description\" content=\"2022-02-10 Virtuali dail\u0117s pamoka netradicin\u0117je erdv\u0117je \u2013 MO muziejuje Vilniaus suaugusi\u0173j\u0173 mokymo centras\" \/>\n<meta name=\"robots\" content=\"index, follow, max-snippet:-1, max-image-preview:large, max-video-preview:-1\" \/>\n<link rel=\"canonical\" href=\"https:\/\/vsmc.lt\/?p=9276\" \/>\n<meta property=\"og:locale\" content=\"lt_LT\" \/>\n<meta property=\"og:type\" content=\"article\" \/>\n<meta property=\"og:title\" content=\"2022-02-10 Virtuali dail\u0117s pamoka netradicin\u0117je erdv\u0117je \u2013 MO muziejuje Vilniaus suaugusi\u0173j\u0173 mokymo centras  - Vilniaus suaugusi\u0173j\u0173 mokymo centras\" \/>\n<meta property=\"og:description\" content=\"2022-02-10 Virtuali dail\u0117s pamoka netradicin\u0117je erdv\u0117je \u2013 MO muziejuje Vilniaus suaugusi\u0173j\u0173 mokymo centras\" \/>\n<meta property=\"og:url\" content=\"https:\/\/vsmc.lt\/?p=9276\" \/>\n<meta property=\"og:site_name\" content=\"Vilniaus suaugusi\u0173j\u0173 mokymo centras\" \/>\n<meta property=\"article:publisher\" content=\"https:\/\/www.facebook.com\/p\/Vilniaus-suaugusij-mokymo-centras-VSMC-gimnazija-100034428106674\/\" \/>\n<meta property=\"article:published_time\" content=\"2022-02-14T11:38:47+00:00\" \/>\n<meta property=\"article:modified_time\" content=\"2022-03-07T11:41:05+00:00\" \/>\n<meta property=\"og:image\" content=\"https:\/\/vsmc.lt\/wp-content\/uploads\/2018\/05\/03\/VSMC_PASTATAS_1-1.jpg\" \/>\n\t<meta property=\"og:image:width\" content=\"1500\" \/>\n\t<meta property=\"og:image:height\" content=\"925\" \/>\n\t<meta property=\"og:image:type\" content=\"image\/jpeg\" \/>\n<meta name=\"author\" content=\"Birut\u0117 Kubilinskien\u0117\" \/>\n<meta name=\"twitter:card\" content=\"summary_large_image\" \/>\n<meta name=\"twitter:label1\" content=\"Written by\" \/>\n\t<meta name=\"twitter:data1\" content=\"Birut\u0117 Kubilinskien\u0117\" \/>\n\t<meta name=\"twitter:label2\" content=\"Est. reading time\" \/>\n\t<meta name=\"twitter:data2\" content=\"1 minut\u0117\" \/>\n<script type=\"application\/ld+json\" class=\"yoast-schema-graph\">{\"@context\":\"https:\\\/\\\/schema.org\",\"@graph\":[{\"@type\":\"Article\",\"@id\":\"https:\\\/\\\/vsmc.lt\\\/?p=9276#article\",\"isPartOf\":{\"@id\":\"https:\\\/\\\/vsmc.lt\\\/?p=9276\"},\"author\":{\"name\":\"Birut\u0117 Kubilinskien\u0117\",\"@id\":\"https:\\\/\\\/vsmc.lt\\\/#\\\/schema\\\/person\\\/7b79c1eab13a88fc1ed4dc6626a57f98\"},\"headline\":\"2022-02-10 Virtuali dail\u0117s pamoka netradicin\u0117je erdv\u0117je \u2013 MO muziejuje\",\"datePublished\":\"2022-02-14T11:38:47+00:00\",\"dateModified\":\"2022-03-07T11:41:05+00:00\",\"mainEntityOfPage\":{\"@id\":\"https:\\\/\\\/vsmc.lt\\\/?p=9276\"},\"wordCount\":221,\"publisher\":{\"@id\":\"https:\\\/\\\/vsmc.lt\\\/#organization\"},\"articleSection\":[\"Naujienos\"],\"inLanguage\":\"lt-LT\"},{\"@type\":\"WebPage\",\"@id\":\"https:\\\/\\\/vsmc.lt\\\/?p=9276\",\"url\":\"https:\\\/\\\/vsmc.lt\\\/?p=9276\",\"name\":\"2022-02-10 Virtuali dail\u0117s pamoka netradicin\u0117je erdv\u0117je \u2013 MO muziejuje Vilniaus suaugusi\u0173j\u0173 mokymo centras - Vilniaus suaugusi\u0173j\u0173 mokymo centras\",\"isPartOf\":{\"@id\":\"https:\\\/\\\/vsmc.lt\\\/#website\"},\"datePublished\":\"2022-02-14T11:38:47+00:00\",\"dateModified\":\"2022-03-07T11:41:05+00:00\",\"description\":\"2022-02-10 Virtuali dail\u0117s pamoka netradicin\u0117je erdv\u0117je \u2013 MO muziejuje Vilniaus suaugusi\u0173j\u0173 mokymo centras\",\"breadcrumb\":{\"@id\":\"https:\\\/\\\/vsmc.lt\\\/?p=9276#breadcrumb\"},\"inLanguage\":\"lt-LT\",\"potentialAction\":[{\"@type\":\"ReadAction\",\"target\":[\"https:\\\/\\\/vsmc.lt\\\/?p=9276\"]}]},{\"@type\":\"BreadcrumbList\",\"@id\":\"https:\\\/\\\/vsmc.lt\\\/?p=9276#breadcrumb\",\"itemListElement\":[{\"@type\":\"ListItem\",\"position\":1,\"name\":\"Home\",\"item\":\"https:\\\/\\\/vsmc.lt\\\/\"},{\"@type\":\"ListItem\",\"position\":2,\"name\":\"2022-02-10 Virtuali dail\u0117s pamoka netradicin\u0117je erdv\u0117je \u2013 MO muziejuje\"}]},{\"@type\":\"WebSite\",\"@id\":\"https:\\\/\\\/vsmc.lt\\\/#website\",\"url\":\"https:\\\/\\\/vsmc.lt\\\/\",\"name\":\"Vilniaus suaugusi\u0173j\u0173 mokymo centras\",\"description\":\"VSMC\",\"publisher\":{\"@id\":\"https:\\\/\\\/vsmc.lt\\\/#organization\"},\"alternateName\":\"VSMC\",\"potentialAction\":[{\"@type\":\"SearchAction\",\"target\":{\"@type\":\"EntryPoint\",\"urlTemplate\":\"https:\\\/\\\/vsmc.lt\\\/?s={search_term_string}\"},\"query-input\":{\"@type\":\"PropertyValueSpecification\",\"valueRequired\":true,\"valueName\":\"search_term_string\"}}],\"inLanguage\":\"lt-LT\"},{\"@type\":\"Organization\",\"@id\":\"https:\\\/\\\/vsmc.lt\\\/#organization\",\"name\":\"Vilniaus suaugusi\u0173j\u0173 mokymo centras\",\"alternateName\":\"VSMC\",\"url\":\"https:\\\/\\\/vsmc.lt\\\/\",\"logo\":{\"@type\":\"ImageObject\",\"inLanguage\":\"lt-LT\",\"@id\":\"https:\\\/\\\/vsmc.lt\\\/#\\\/schema\\\/logo\\\/image\\\/\",\"url\":\"https:\\\/\\\/vsmc.lt\\\/wp-content\\\/uploads\\\/2016\\\/11\\\/15\\\/logo.png\",\"contentUrl\":\"https:\\\/\\\/vsmc.lt\\\/wp-content\\\/uploads\\\/2016\\\/11\\\/15\\\/logo.png\",\"width\":96,\"height\":121,\"caption\":\"Vilniaus suaugusi\u0173j\u0173 mokymo centras\"},\"image\":{\"@id\":\"https:\\\/\\\/vsmc.lt\\\/#\\\/schema\\\/logo\\\/image\\\/\"},\"sameAs\":[\"https:\\\/\\\/www.facebook.com\\\/p\\\/Vilniaus-suaugusij-mokymo-centras-VSMC-gimnazija-100034428106674\\\/\"]},{\"@type\":\"Person\",\"@id\":\"https:\\\/\\\/vsmc.lt\\\/#\\\/schema\\\/person\\\/7b79c1eab13a88fc1ed4dc6626a57f98\",\"name\":\"Birut\u0117 Kubilinskien\u0117\",\"image\":{\"@type\":\"ImageObject\",\"inLanguage\":\"lt-LT\",\"@id\":\"https:\\\/\\\/secure.gravatar.com\\\/avatar\\\/de3432602f9f0edd7dc9006aceaad7e2a3227ca56f4f6d9e4b2e2ee05a11e793?s=96&d=mm&r=g\",\"url\":\"https:\\\/\\\/secure.gravatar.com\\\/avatar\\\/de3432602f9f0edd7dc9006aceaad7e2a3227ca56f4f6d9e4b2e2ee05a11e793?s=96&d=mm&r=g\",\"contentUrl\":\"https:\\\/\\\/secure.gravatar.com\\\/avatar\\\/de3432602f9f0edd7dc9006aceaad7e2a3227ca56f4f6d9e4b2e2ee05a11e793?s=96&d=mm&r=g\",\"caption\":\"Birut\u0117 Kubilinskien\u0117\"},\"url\":\"https:\\\/\\\/vsmc.lt\\\/?author=5\"}]}<\/script>\n<!-- \/ Yoast SEO plugin. -->","yoast_head_json":{"title":"2022-02-10 Virtuali dail\u0117s pamoka netradicin\u0117je erdv\u0117je \u2013 MO muziejuje Vilniaus suaugusi\u0173j\u0173 mokymo centras  - Vilniaus suaugusi\u0173j\u0173 mokymo centras","description":"2022-02-10 Virtuali dail\u0117s pamoka netradicin\u0117je erdv\u0117je \u2013 MO muziejuje Vilniaus suaugusi\u0173j\u0173 mokymo centras","robots":{"index":"index","follow":"follow","max-snippet":"max-snippet:-1","max-image-preview":"max-image-preview:large","max-video-preview":"max-video-preview:-1"},"canonical":"https:\/\/vsmc.lt\/?p=9276","og_locale":"lt_LT","og_type":"article","og_title":"2022-02-10 Virtuali dail\u0117s pamoka netradicin\u0117je erdv\u0117je \u2013 MO muziejuje Vilniaus suaugusi\u0173j\u0173 mokymo centras  - Vilniaus suaugusi\u0173j\u0173 mokymo centras","og_description":"2022-02-10 Virtuali dail\u0117s pamoka netradicin\u0117je erdv\u0117je \u2013 MO muziejuje Vilniaus suaugusi\u0173j\u0173 mokymo centras","og_url":"https:\/\/vsmc.lt\/?p=9276","og_site_name":"Vilniaus suaugusi\u0173j\u0173 mokymo centras","article_publisher":"https:\/\/www.facebook.com\/p\/Vilniaus-suaugusij-mokymo-centras-VSMC-gimnazija-100034428106674\/","article_published_time":"2022-02-14T11:38:47+00:00","article_modified_time":"2022-03-07T11:41:05+00:00","og_image":[{"width":1500,"height":925,"url":"https:\/\/vsmc.lt\/wp-content\/uploads\/2018\/05\/03\/VSMC_PASTATAS_1-1.jpg","type":"image\/jpeg"}],"author":"Birut\u0117 Kubilinskien\u0117","twitter_card":"summary_large_image","twitter_misc":{"Written by":"Birut\u0117 Kubilinskien\u0117","Est. reading time":"1 minut\u0117"},"schema":{"@context":"https:\/\/schema.org","@graph":[{"@type":"Article","@id":"https:\/\/vsmc.lt\/?p=9276#article","isPartOf":{"@id":"https:\/\/vsmc.lt\/?p=9276"},"author":{"name":"Birut\u0117 Kubilinskien\u0117","@id":"https:\/\/vsmc.lt\/#\/schema\/person\/7b79c1eab13a88fc1ed4dc6626a57f98"},"headline":"2022-02-10 Virtuali dail\u0117s pamoka netradicin\u0117je erdv\u0117je \u2013 MO muziejuje","datePublished":"2022-02-14T11:38:47+00:00","dateModified":"2022-03-07T11:41:05+00:00","mainEntityOfPage":{"@id":"https:\/\/vsmc.lt\/?p=9276"},"wordCount":221,"publisher":{"@id":"https:\/\/vsmc.lt\/#organization"},"articleSection":["Naujienos"],"inLanguage":"lt-LT"},{"@type":"WebPage","@id":"https:\/\/vsmc.lt\/?p=9276","url":"https:\/\/vsmc.lt\/?p=9276","name":"2022-02-10 Virtuali dail\u0117s pamoka netradicin\u0117je erdv\u0117je \u2013 MO muziejuje Vilniaus suaugusi\u0173j\u0173 mokymo centras - Vilniaus suaugusi\u0173j\u0173 mokymo centras","isPartOf":{"@id":"https:\/\/vsmc.lt\/#website"},"datePublished":"2022-02-14T11:38:47+00:00","dateModified":"2022-03-07T11:41:05+00:00","description":"2022-02-10 Virtuali dail\u0117s pamoka netradicin\u0117je erdv\u0117je \u2013 MO muziejuje Vilniaus suaugusi\u0173j\u0173 mokymo centras","breadcrumb":{"@id":"https:\/\/vsmc.lt\/?p=9276#breadcrumb"},"inLanguage":"lt-LT","potentialAction":[{"@type":"ReadAction","target":["https:\/\/vsmc.lt\/?p=9276"]}]},{"@type":"BreadcrumbList","@id":"https:\/\/vsmc.lt\/?p=9276#breadcrumb","itemListElement":[{"@type":"ListItem","position":1,"name":"Home","item":"https:\/\/vsmc.lt\/"},{"@type":"ListItem","position":2,"name":"2022-02-10 Virtuali dail\u0117s pamoka netradicin\u0117je erdv\u0117je \u2013 MO muziejuje"}]},{"@type":"WebSite","@id":"https:\/\/vsmc.lt\/#website","url":"https:\/\/vsmc.lt\/","name":"Vilniaus suaugusi\u0173j\u0173 mokymo centras","description":"VSMC","publisher":{"@id":"https:\/\/vsmc.lt\/#organization"},"alternateName":"VSMC","potentialAction":[{"@type":"SearchAction","target":{"@type":"EntryPoint","urlTemplate":"https:\/\/vsmc.lt\/?s={search_term_string}"},"query-input":{"@type":"PropertyValueSpecification","valueRequired":true,"valueName":"search_term_string"}}],"inLanguage":"lt-LT"},{"@type":"Organization","@id":"https:\/\/vsmc.lt\/#organization","name":"Vilniaus suaugusi\u0173j\u0173 mokymo centras","alternateName":"VSMC","url":"https:\/\/vsmc.lt\/","logo":{"@type":"ImageObject","inLanguage":"lt-LT","@id":"https:\/\/vsmc.lt\/#\/schema\/logo\/image\/","url":"https:\/\/vsmc.lt\/wp-content\/uploads\/2016\/11\/15\/logo.png","contentUrl":"https:\/\/vsmc.lt\/wp-content\/uploads\/2016\/11\/15\/logo.png","width":96,"height":121,"caption":"Vilniaus suaugusi\u0173j\u0173 mokymo centras"},"image":{"@id":"https:\/\/vsmc.lt\/#\/schema\/logo\/image\/"},"sameAs":["https:\/\/www.facebook.com\/p\/Vilniaus-suaugusij-mokymo-centras-VSMC-gimnazija-100034428106674\/"]},{"@type":"Person","@id":"https:\/\/vsmc.lt\/#\/schema\/person\/7b79c1eab13a88fc1ed4dc6626a57f98","name":"Birut\u0117 Kubilinskien\u0117","image":{"@type":"ImageObject","inLanguage":"lt-LT","@id":"https:\/\/secure.gravatar.com\/avatar\/de3432602f9f0edd7dc9006aceaad7e2a3227ca56f4f6d9e4b2e2ee05a11e793?s=96&d=mm&r=g","url":"https:\/\/secure.gravatar.com\/avatar\/de3432602f9f0edd7dc9006aceaad7e2a3227ca56f4f6d9e4b2e2ee05a11e793?s=96&d=mm&r=g","contentUrl":"https:\/\/secure.gravatar.com\/avatar\/de3432602f9f0edd7dc9006aceaad7e2a3227ca56f4f6d9e4b2e2ee05a11e793?s=96&d=mm&r=g","caption":"Birut\u0117 Kubilinskien\u0117"},"url":"https:\/\/vsmc.lt\/?author=5"}]}},"_links":{"self":[{"href":"https:\/\/vsmc.lt\/index.php?rest_route=\/wp\/v2\/posts\/9276","targetHints":{"allow":["GET"]}}],"collection":[{"href":"https:\/\/vsmc.lt\/index.php?rest_route=\/wp\/v2\/posts"}],"about":[{"href":"https:\/\/vsmc.lt\/index.php?rest_route=\/wp\/v2\/types\/post"}],"author":[{"embeddable":true,"href":"https:\/\/vsmc.lt\/index.php?rest_route=\/wp\/v2\/users\/5"}],"replies":[{"embeddable":true,"href":"https:\/\/vsmc.lt\/index.php?rest_route=%2Fwp%2Fv2%2Fcomments&post=9276"}],"version-history":[{"count":1,"href":"https:\/\/vsmc.lt\/index.php?rest_route=\/wp\/v2\/posts\/9276\/revisions"}],"predecessor-version":[{"id":9277,"href":"https:\/\/vsmc.lt\/index.php?rest_route=\/wp\/v2\/posts\/9276\/revisions\/9277"}],"wp:attachment":[{"href":"https:\/\/vsmc.lt\/index.php?rest_route=%2Fwp%2Fv2%2Fmedia&parent=9276"}],"wp:term":[{"taxonomy":"category","embeddable":true,"href":"https:\/\/vsmc.lt\/index.php?rest_route=%2Fwp%2Fv2%2Fcategories&post=9276"},{"taxonomy":"post_tag","embeddable":true,"href":"https:\/\/vsmc.lt\/index.php?rest_route=%2Fwp%2Fv2%2Ftags&post=9276"}],"curies":[{"name":"wp","href":"https:\/\/api.w.org\/{rel}","templated":true}]}}