{"id":9884,"date":"2022-09-28T17:56:02","date_gmt":"2022-09-28T14:56:02","guid":{"rendered":"https:\/\/vsmc.lt\/?p=9884"},"modified":"2022-09-29T18:00:05","modified_gmt":"2022-09-29T15:00:05","slug":"2022-09-26-europos-kalbu-diena-2022-ka-jaunas-ismoksi-visa-amziu-zinosi","status":"publish","type":"post","link":"https:\/\/vsmc.lt\/?p=9884","title":{"rendered":"2022-09-26 Europos kalb\u0173 diena 2022  \u201eK\u0105 jaunas i\u0161moksi, vis\u0105 am\u017ei\u0173 \u017einosi\u201c"},"content":{"rendered":"<p>Kiekvienais metais rugs\u0117jo\u00a026 d.\u00a0m\u016bs\u0173 gimnazijoje minime Europos kalb\u0173 dien\u0105. \u0160i\u0173 met\u0173 kalb\u0173 diena skirta Europos jaunimo metams pamin\u0117ti, nes Europos S\u0105junga jauniems \u017emon\u0117ms suteikia daugyb\u0119 galimybi\u0173 keliauti, pa\u017einti ir su\u017einoti mokantis kalb\u0173.<\/p>\n<p>I-IV klasi\u0173 gimnazijos mokiniai per lietuvi\u0173 kalbos ir literat\u016bros pamokas dalyvavo Europos informacijos centro pasi\u016blytame Protm\u016b\u0161yje (<a href=\"https:\/\/drive.google.com\/drive\/folders\/1lR3mJTuIc2UFeJQKcmWlCTu_CtooPrgv\">Europos kalb\u0173 dienos protm\u016b\u0161is &#8211; Google Drive<\/a>). Buvo smagu atrasti, kad kalba yra kiekvienos tautos kult\u016bros atspindys. Taip pat ir kiti bendruomen\u0117s nariai viktorinoje gal\u0117jo dalyvauti virtualiai (med\u017eiaga buvo patalpinta \u012f VSMC TV ir VMA Moodle).<\/p>\n<p>Kalb\u0173 (lenk\u0173, angl\u0173, vokie\u010di\u0173, rus\u0173) metodin\u0117s grup\u0117s mokytojai per pamokas su mokiniais dalyvavo interaktyviose viktorinose (<a href=\"https:\/\/edl.ecml.at\/Home\/tabid\/1455\/language\/en-GB\/Default.aspx\">European Day of Languages &gt; Home (ecml.at)<\/a>). Be \u012fvairi\u0173 interaktyvi\u0173 veikl\u0173, gimnazijos patalpose nuo pirmo iki tre\u010dio auk\u0161to vyko Europos kalb\u0173 dienai skirtos parodos ,,I\u0161mok \u017eod\u017eius \u012fvairiomis kalbomis\u201c, vokie\u010di\u0173 kalba parengta med\u017eiaga apie jausmus, angl\u0173 kalba \u2013 apie Europos kalb\u0173 dienos istorij\u0105.<\/p>\n<p>700 milijon\u0173 europie\u010di\u0173 i\u0161 46 Europos Tarybos valstybi\u0173 nari\u0173 yra skatinami i\u0161mokti daugiau kalb\u0173 b\u016bdami bet kokio am\u017eiaus, mokydamiesi mokykloje arba ne. Tik\u0117dama, kad kalb\u0173 mok\u0117jimas yra \u012frankis siekiant tarpkult\u016brinio bendradarbiavimo ir supratimo apie m\u016bs\u0173 \u017eemyno kult\u016brin\u012f paveld\u0105, Europos Taryba skatina daugiakalbyst\u0119 visoje Europoje.<\/p>\n<p>Kalb\u0173 mokymasis naudingas ir jauniems, ir vyresniems \u2013 niekuomet neb\u016bsite per senas i\u0161mokti kalb\u0105 ir pasinaudoti jos teikiamomis galimyb\u0117mis. Net ir keli u\u017esienio kalbos \u017eod\u017eiai suteiks jums galimyb\u0119 surasti nauj\u0173 draug\u0173 ir prapl\u0117sti akirat\u012f!<\/p>\n<p style=\"text-align: right;\">Pareng\u0117 lietuvi\u0173 kalbos ir literat\u016bros mokytoja metodinink\u0117 Vilma Kruopien\u0117<\/p>\n","protected":false},"excerpt":{"rendered":"<p>Kiekvienais metais rugs\u0117jo\u00a026 d.\u00a0m\u016bs\u0173 gimnazijoje minime Europos kalb\u0173 dien\u0105. \u0160i\u0173 met\u0173 kalb\u0173 diena skirta Europos jaunimo metams pamin\u0117ti, nes Europos S\u0105junga jauniems \u017emon\u0117ms suteikia daugyb\u0119 galimybi\u0173 keliauti, pa\u017einti ir su\u017einoti mokantis kalb\u0173. I-IV klasi\u0173 gimnazijos mokiniai per lietuvi\u0173 kalbos ir literat\u016bros pamokas dalyvavo Europos informacijos centro pasi\u016blytame Protm\u016b\u0161yje (Europos kalb\u0173 dienos protm\u016b\u0161is &#8211; Google Drive). [&hellip;]<\/p>\n","protected":false},"author":5,"featured_media":0,"comment_status":"closed","ping_status":"closed","sticky":false,"template":"","format":"standard","meta":{"footnotes":""},"categories":[1],"tags":[],"class_list":["post-9884","post","type-post","status-publish","format-standard","hentry","category-naujienos"],"yoast_head":"<!-- This site is optimized with the Yoast SEO plugin v27.5 - https:\/\/yoast.com\/product\/yoast-seo-wordpress\/ -->\n<title>2022-09-26 Europos kalb\u0173 diena 2022 \u201eK\u0105 jaunas i\u0161moksi, vis\u0105 am\u017ei\u0173 \u017einosi\u201c Vilniaus suaugusi\u0173j\u0173 mokymo centras  - Vilniaus suaugusi\u0173j\u0173 mokymo centras<\/title>\n<meta name=\"description\" content=\"2022-09-26 Europos kalb\u0173 diena 2022 \u201eK\u0105 jaunas i\u0161moksi, vis\u0105 am\u017ei\u0173 \u017einosi\u201c Vilniaus suaugusi\u0173j\u0173 mokymo centras\" \/>\n<meta name=\"robots\" content=\"index, follow, max-snippet:-1, max-image-preview:large, max-video-preview:-1\" \/>\n<link rel=\"canonical\" href=\"https:\/\/vsmc.lt\/?p=9884\" \/>\n<meta property=\"og:locale\" content=\"lt_LT\" \/>\n<meta property=\"og:type\" content=\"article\" \/>\n<meta property=\"og:title\" content=\"2022-09-26 Europos kalb\u0173 diena 2022 \u201eK\u0105 jaunas i\u0161moksi, vis\u0105 am\u017ei\u0173 \u017einosi\u201c Vilniaus suaugusi\u0173j\u0173 mokymo centras  - Vilniaus suaugusi\u0173j\u0173 mokymo centras\" \/>\n<meta property=\"og:description\" content=\"2022-09-26 Europos kalb\u0173 diena 2022 \u201eK\u0105 jaunas i\u0161moksi, vis\u0105 am\u017ei\u0173 \u017einosi\u201c Vilniaus suaugusi\u0173j\u0173 mokymo centras\" \/>\n<meta property=\"og:url\" content=\"https:\/\/vsmc.lt\/?p=9884\" \/>\n<meta property=\"og:site_name\" content=\"Vilniaus suaugusi\u0173j\u0173 mokymo centras\" \/>\n<meta property=\"article:publisher\" content=\"https:\/\/www.facebook.com\/p\/Vilniaus-suaugusij-mokymo-centras-VSMC-gimnazija-100034428106674\/\" \/>\n<meta property=\"article:published_time\" content=\"2022-09-28T14:56:02+00:00\" \/>\n<meta property=\"article:modified_time\" content=\"2022-09-29T15:00:05+00:00\" \/>\n<meta property=\"og:image\" content=\"https:\/\/vsmc.lt\/wp-content\/uploads\/2018\/05\/03\/VSMC_PASTATAS_1-1.jpg\" \/>\n\t<meta property=\"og:image:width\" content=\"1500\" \/>\n\t<meta property=\"og:image:height\" content=\"925\" \/>\n\t<meta property=\"og:image:type\" content=\"image\/jpeg\" \/>\n<meta name=\"author\" content=\"Birut\u0117 Kubilinskien\u0117\" \/>\n<meta name=\"twitter:card\" content=\"summary_large_image\" \/>\n<meta name=\"twitter:label1\" content=\"Written by\" \/>\n\t<meta name=\"twitter:data1\" content=\"Birut\u0117 Kubilinskien\u0117\" \/>\n\t<meta name=\"twitter:label2\" content=\"Est. reading time\" \/>\n\t<meta name=\"twitter:data2\" content=\"1 minut\u0117\" \/>\n<script type=\"application\/ld+json\" class=\"yoast-schema-graph\">{\"@context\":\"https:\\\/\\\/schema.org\",\"@graph\":[{\"@type\":\"Article\",\"@id\":\"https:\\\/\\\/vsmc.lt\\\/?p=9884#article\",\"isPartOf\":{\"@id\":\"https:\\\/\\\/vsmc.lt\\\/?p=9884\"},\"author\":{\"name\":\"Birut\u0117 Kubilinskien\u0117\",\"@id\":\"https:\\\/\\\/vsmc.lt\\\/#\\\/schema\\\/person\\\/7b79c1eab13a88fc1ed4dc6626a57f98\"},\"headline\":\"2022-09-26 Europos kalb\u0173 diena 2022 \u201eK\u0105 jaunas i\u0161moksi, vis\u0105 am\u017ei\u0173 \u017einosi\u201c\",\"datePublished\":\"2022-09-28T14:56:02+00:00\",\"dateModified\":\"2022-09-29T15:00:05+00:00\",\"mainEntityOfPage\":{\"@id\":\"https:\\\/\\\/vsmc.lt\\\/?p=9884\"},\"wordCount\":278,\"publisher\":{\"@id\":\"https:\\\/\\\/vsmc.lt\\\/#organization\"},\"articleSection\":[\"Naujienos\"],\"inLanguage\":\"lt-LT\"},{\"@type\":\"WebPage\",\"@id\":\"https:\\\/\\\/vsmc.lt\\\/?p=9884\",\"url\":\"https:\\\/\\\/vsmc.lt\\\/?p=9884\",\"name\":\"2022-09-26 Europos kalb\u0173 diena 2022 \u201eK\u0105 jaunas i\u0161moksi, vis\u0105 am\u017ei\u0173 \u017einosi\u201c Vilniaus suaugusi\u0173j\u0173 mokymo centras - Vilniaus suaugusi\u0173j\u0173 mokymo centras\",\"isPartOf\":{\"@id\":\"https:\\\/\\\/vsmc.lt\\\/#website\"},\"datePublished\":\"2022-09-28T14:56:02+00:00\",\"dateModified\":\"2022-09-29T15:00:05+00:00\",\"description\":\"2022-09-26 Europos kalb\u0173 diena 2022 \u201eK\u0105 jaunas i\u0161moksi, vis\u0105 am\u017ei\u0173 \u017einosi\u201c Vilniaus suaugusi\u0173j\u0173 mokymo centras\",\"breadcrumb\":{\"@id\":\"https:\\\/\\\/vsmc.lt\\\/?p=9884#breadcrumb\"},\"inLanguage\":\"lt-LT\",\"potentialAction\":[{\"@type\":\"ReadAction\",\"target\":[\"https:\\\/\\\/vsmc.lt\\\/?p=9884\"]}]},{\"@type\":\"BreadcrumbList\",\"@id\":\"https:\\\/\\\/vsmc.lt\\\/?p=9884#breadcrumb\",\"itemListElement\":[{\"@type\":\"ListItem\",\"position\":1,\"name\":\"Home\",\"item\":\"https:\\\/\\\/vsmc.lt\\\/\"},{\"@type\":\"ListItem\",\"position\":2,\"name\":\"2022-09-26 Europos kalb\u0173 diena 2022 \u201eK\u0105 jaunas i\u0161moksi, vis\u0105 am\u017ei\u0173 \u017einosi\u201c\"}]},{\"@type\":\"WebSite\",\"@id\":\"https:\\\/\\\/vsmc.lt\\\/#website\",\"url\":\"https:\\\/\\\/vsmc.lt\\\/\",\"name\":\"Vilniaus suaugusi\u0173j\u0173 mokymo centras\",\"description\":\"VSMC\",\"publisher\":{\"@id\":\"https:\\\/\\\/vsmc.lt\\\/#organization\"},\"alternateName\":\"VSMC\",\"potentialAction\":[{\"@type\":\"SearchAction\",\"target\":{\"@type\":\"EntryPoint\",\"urlTemplate\":\"https:\\\/\\\/vsmc.lt\\\/?s={search_term_string}\"},\"query-input\":{\"@type\":\"PropertyValueSpecification\",\"valueRequired\":true,\"valueName\":\"search_term_string\"}}],\"inLanguage\":\"lt-LT\"},{\"@type\":\"Organization\",\"@id\":\"https:\\\/\\\/vsmc.lt\\\/#organization\",\"name\":\"Vilniaus suaugusi\u0173j\u0173 mokymo centras\",\"alternateName\":\"VSMC\",\"url\":\"https:\\\/\\\/vsmc.lt\\\/\",\"logo\":{\"@type\":\"ImageObject\",\"inLanguage\":\"lt-LT\",\"@id\":\"https:\\\/\\\/vsmc.lt\\\/#\\\/schema\\\/logo\\\/image\\\/\",\"url\":\"https:\\\/\\\/vsmc.lt\\\/wp-content\\\/uploads\\\/2016\\\/11\\\/15\\\/logo.png\",\"contentUrl\":\"https:\\\/\\\/vsmc.lt\\\/wp-content\\\/uploads\\\/2016\\\/11\\\/15\\\/logo.png\",\"width\":96,\"height\":121,\"caption\":\"Vilniaus suaugusi\u0173j\u0173 mokymo centras\"},\"image\":{\"@id\":\"https:\\\/\\\/vsmc.lt\\\/#\\\/schema\\\/logo\\\/image\\\/\"},\"sameAs\":[\"https:\\\/\\\/www.facebook.com\\\/p\\\/Vilniaus-suaugusij-mokymo-centras-VSMC-gimnazija-100034428106674\\\/\"]},{\"@type\":\"Person\",\"@id\":\"https:\\\/\\\/vsmc.lt\\\/#\\\/schema\\\/person\\\/7b79c1eab13a88fc1ed4dc6626a57f98\",\"name\":\"Birut\u0117 Kubilinskien\u0117\",\"image\":{\"@type\":\"ImageObject\",\"inLanguage\":\"lt-LT\",\"@id\":\"https:\\\/\\\/secure.gravatar.com\\\/avatar\\\/de3432602f9f0edd7dc9006aceaad7e2a3227ca56f4f6d9e4b2e2ee05a11e793?s=96&d=mm&r=g\",\"url\":\"https:\\\/\\\/secure.gravatar.com\\\/avatar\\\/de3432602f9f0edd7dc9006aceaad7e2a3227ca56f4f6d9e4b2e2ee05a11e793?s=96&d=mm&r=g\",\"contentUrl\":\"https:\\\/\\\/secure.gravatar.com\\\/avatar\\\/de3432602f9f0edd7dc9006aceaad7e2a3227ca56f4f6d9e4b2e2ee05a11e793?s=96&d=mm&r=g\",\"caption\":\"Birut\u0117 Kubilinskien\u0117\"},\"url\":\"https:\\\/\\\/vsmc.lt\\\/?author=5\"}]}<\/script>\n<!-- \/ Yoast SEO plugin. -->","yoast_head_json":{"title":"2022-09-26 Europos kalb\u0173 diena 2022 \u201eK\u0105 jaunas i\u0161moksi, vis\u0105 am\u017ei\u0173 \u017einosi\u201c Vilniaus suaugusi\u0173j\u0173 mokymo centras  - Vilniaus suaugusi\u0173j\u0173 mokymo centras","description":"2022-09-26 Europos kalb\u0173 diena 2022 \u201eK\u0105 jaunas i\u0161moksi, vis\u0105 am\u017ei\u0173 \u017einosi\u201c Vilniaus suaugusi\u0173j\u0173 mokymo centras","robots":{"index":"index","follow":"follow","max-snippet":"max-snippet:-1","max-image-preview":"max-image-preview:large","max-video-preview":"max-video-preview:-1"},"canonical":"https:\/\/vsmc.lt\/?p=9884","og_locale":"lt_LT","og_type":"article","og_title":"2022-09-26 Europos kalb\u0173 diena 2022 \u201eK\u0105 jaunas i\u0161moksi, vis\u0105 am\u017ei\u0173 \u017einosi\u201c Vilniaus suaugusi\u0173j\u0173 mokymo centras  - Vilniaus suaugusi\u0173j\u0173 mokymo centras","og_description":"2022-09-26 Europos kalb\u0173 diena 2022 \u201eK\u0105 jaunas i\u0161moksi, vis\u0105 am\u017ei\u0173 \u017einosi\u201c Vilniaus suaugusi\u0173j\u0173 mokymo centras","og_url":"https:\/\/vsmc.lt\/?p=9884","og_site_name":"Vilniaus suaugusi\u0173j\u0173 mokymo centras","article_publisher":"https:\/\/www.facebook.com\/p\/Vilniaus-suaugusij-mokymo-centras-VSMC-gimnazija-100034428106674\/","article_published_time":"2022-09-28T14:56:02+00:00","article_modified_time":"2022-09-29T15:00:05+00:00","og_image":[{"width":1500,"height":925,"url":"https:\/\/vsmc.lt\/wp-content\/uploads\/2018\/05\/03\/VSMC_PASTATAS_1-1.jpg","type":"image\/jpeg"}],"author":"Birut\u0117 Kubilinskien\u0117","twitter_card":"summary_large_image","twitter_misc":{"Written by":"Birut\u0117 Kubilinskien\u0117","Est. reading time":"1 minut\u0117"},"schema":{"@context":"https:\/\/schema.org","@graph":[{"@type":"Article","@id":"https:\/\/vsmc.lt\/?p=9884#article","isPartOf":{"@id":"https:\/\/vsmc.lt\/?p=9884"},"author":{"name":"Birut\u0117 Kubilinskien\u0117","@id":"https:\/\/vsmc.lt\/#\/schema\/person\/7b79c1eab13a88fc1ed4dc6626a57f98"},"headline":"2022-09-26 Europos kalb\u0173 diena 2022 \u201eK\u0105 jaunas i\u0161moksi, vis\u0105 am\u017ei\u0173 \u017einosi\u201c","datePublished":"2022-09-28T14:56:02+00:00","dateModified":"2022-09-29T15:00:05+00:00","mainEntityOfPage":{"@id":"https:\/\/vsmc.lt\/?p=9884"},"wordCount":278,"publisher":{"@id":"https:\/\/vsmc.lt\/#organization"},"articleSection":["Naujienos"],"inLanguage":"lt-LT"},{"@type":"WebPage","@id":"https:\/\/vsmc.lt\/?p=9884","url":"https:\/\/vsmc.lt\/?p=9884","name":"2022-09-26 Europos kalb\u0173 diena 2022 \u201eK\u0105 jaunas i\u0161moksi, vis\u0105 am\u017ei\u0173 \u017einosi\u201c Vilniaus suaugusi\u0173j\u0173 mokymo centras - Vilniaus suaugusi\u0173j\u0173 mokymo centras","isPartOf":{"@id":"https:\/\/vsmc.lt\/#website"},"datePublished":"2022-09-28T14:56:02+00:00","dateModified":"2022-09-29T15:00:05+00:00","description":"2022-09-26 Europos kalb\u0173 diena 2022 \u201eK\u0105 jaunas i\u0161moksi, vis\u0105 am\u017ei\u0173 \u017einosi\u201c Vilniaus suaugusi\u0173j\u0173 mokymo centras","breadcrumb":{"@id":"https:\/\/vsmc.lt\/?p=9884#breadcrumb"},"inLanguage":"lt-LT","potentialAction":[{"@type":"ReadAction","target":["https:\/\/vsmc.lt\/?p=9884"]}]},{"@type":"BreadcrumbList","@id":"https:\/\/vsmc.lt\/?p=9884#breadcrumb","itemListElement":[{"@type":"ListItem","position":1,"name":"Home","item":"https:\/\/vsmc.lt\/"},{"@type":"ListItem","position":2,"name":"2022-09-26 Europos kalb\u0173 diena 2022 \u201eK\u0105 jaunas i\u0161moksi, vis\u0105 am\u017ei\u0173 \u017einosi\u201c"}]},{"@type":"WebSite","@id":"https:\/\/vsmc.lt\/#website","url":"https:\/\/vsmc.lt\/","name":"Vilniaus suaugusi\u0173j\u0173 mokymo centras","description":"VSMC","publisher":{"@id":"https:\/\/vsmc.lt\/#organization"},"alternateName":"VSMC","potentialAction":[{"@type":"SearchAction","target":{"@type":"EntryPoint","urlTemplate":"https:\/\/vsmc.lt\/?s={search_term_string}"},"query-input":{"@type":"PropertyValueSpecification","valueRequired":true,"valueName":"search_term_string"}}],"inLanguage":"lt-LT"},{"@type":"Organization","@id":"https:\/\/vsmc.lt\/#organization","name":"Vilniaus suaugusi\u0173j\u0173 mokymo centras","alternateName":"VSMC","url":"https:\/\/vsmc.lt\/","logo":{"@type":"ImageObject","inLanguage":"lt-LT","@id":"https:\/\/vsmc.lt\/#\/schema\/logo\/image\/","url":"https:\/\/vsmc.lt\/wp-content\/uploads\/2016\/11\/15\/logo.png","contentUrl":"https:\/\/vsmc.lt\/wp-content\/uploads\/2016\/11\/15\/logo.png","width":96,"height":121,"caption":"Vilniaus suaugusi\u0173j\u0173 mokymo centras"},"image":{"@id":"https:\/\/vsmc.lt\/#\/schema\/logo\/image\/"},"sameAs":["https:\/\/www.facebook.com\/p\/Vilniaus-suaugusij-mokymo-centras-VSMC-gimnazija-100034428106674\/"]},{"@type":"Person","@id":"https:\/\/vsmc.lt\/#\/schema\/person\/7b79c1eab13a88fc1ed4dc6626a57f98","name":"Birut\u0117 Kubilinskien\u0117","image":{"@type":"ImageObject","inLanguage":"lt-LT","@id":"https:\/\/secure.gravatar.com\/avatar\/de3432602f9f0edd7dc9006aceaad7e2a3227ca56f4f6d9e4b2e2ee05a11e793?s=96&d=mm&r=g","url":"https:\/\/secure.gravatar.com\/avatar\/de3432602f9f0edd7dc9006aceaad7e2a3227ca56f4f6d9e4b2e2ee05a11e793?s=96&d=mm&r=g","contentUrl":"https:\/\/secure.gravatar.com\/avatar\/de3432602f9f0edd7dc9006aceaad7e2a3227ca56f4f6d9e4b2e2ee05a11e793?s=96&d=mm&r=g","caption":"Birut\u0117 Kubilinskien\u0117"},"url":"https:\/\/vsmc.lt\/?author=5"}]}},"_links":{"self":[{"href":"https:\/\/vsmc.lt\/index.php?rest_route=\/wp\/v2\/posts\/9884","targetHints":{"allow":["GET"]}}],"collection":[{"href":"https:\/\/vsmc.lt\/index.php?rest_route=\/wp\/v2\/posts"}],"about":[{"href":"https:\/\/vsmc.lt\/index.php?rest_route=\/wp\/v2\/types\/post"}],"author":[{"embeddable":true,"href":"https:\/\/vsmc.lt\/index.php?rest_route=\/wp\/v2\/users\/5"}],"replies":[{"embeddable":true,"href":"https:\/\/vsmc.lt\/index.php?rest_route=%2Fwp%2Fv2%2Fcomments&post=9884"}],"version-history":[{"count":1,"href":"https:\/\/vsmc.lt\/index.php?rest_route=\/wp\/v2\/posts\/9884\/revisions"}],"predecessor-version":[{"id":9885,"href":"https:\/\/vsmc.lt\/index.php?rest_route=\/wp\/v2\/posts\/9884\/revisions\/9885"}],"wp:attachment":[{"href":"https:\/\/vsmc.lt\/index.php?rest_route=%2Fwp%2Fv2%2Fmedia&parent=9884"}],"wp:term":[{"taxonomy":"category","embeddable":true,"href":"https:\/\/vsmc.lt\/index.php?rest_route=%2Fwp%2Fv2%2Fcategories&post=9884"},{"taxonomy":"post_tag","embeddable":true,"href":"https:\/\/vsmc.lt\/index.php?rest_route=%2Fwp%2Fv2%2Ftags&post=9884"}],"curies":[{"name":"wp","href":"https:\/\/api.w.org\/{rel}","templated":true}]}}