{"id":9904,"date":"2022-09-07T12:16:54","date_gmt":"2022-09-07T09:16:54","guid":{"rendered":"https:\/\/vsmc.lt\/?p=9904"},"modified":"2022-09-30T12:43:27","modified_gmt":"2022-09-30T09:43:27","slug":"2022-09-04-zverynas-svencia-120","status":"publish","type":"post","link":"https:\/\/vsmc.lt\/?p=9904","title":{"rendered":"2022-09-04 ,,\u017dv\u0117rynas \u0161ven\u010dia!\u201c &#8211; 120"},"content":{"rendered":"<p style=\"text-align: justify; text-indent: 64.8pt;\">VSMC gimnazija yra \u012fsik\u016brusi \u017ealuma ir pu\u0161ynais nuo seno gyventojus bei sve\u010dius d\u017eiuginan\u010diame \u017dv\u0117ryno mikrorajone. XVI\u2013XIX am\u017eiuje \u0161i teritorija su \u010dia \u012fsteigtu med\u017eioklei skirtu \u017ev\u0117ri\u0173 rezervatu priklaus\u0117 didik\u0173 Radvil\u0173 \u0161eimai. Prie\u0161 120 met\u0173 (1892-aisiais) mediniu tiltu \u017dv\u0117rynas prijungiamas prie Vilniaus miesto. \u0160io gra\u017eaus jubiliejaus proga \u017dv\u0117ryno bendruomen\u0117 2022 met\u0173 rugs\u0117jo 4 dien\u0105 organizavo rengin\u012f ,,\u017dv\u0117rynas \u0161ven\u010dia!\u201c, kuriame dalyvavo m\u016bs\u0173 gimnazijos bendruomen\u0117s nariai. Vyko eisena su kviesliais nuo Senojo \u017dv\u0117ryno tilto link Narbuto gatv\u0117s, kur prisijung\u0117 \u0160iaurinis \u017dv\u0117rynas. Prie \u017dv\u0117ryno tvenkini\u0173 atidengtas atminimo suolelis re\u017eisieriui Vytautui Dama\u0161evi\u010diui. V\u0117liau vyko koncertas \u201ePa\u017einkim savo kaimynus\u201c. Koncerte dalyvavo vyr\u0173 choras \u201eVYTIS\u201c, jauni\u0173 choras \u201eBij\u016bn\u0117lis\u201c ir kiti kolektyvai. Veik\u0117 fotomenininko Sauliaus Pauk\u0161\u010dio \u201eRetro fotoatelj\u0117\u201c (su XX a. pr. dekoracijomis), buvo galima gro\u017e\u0117tis dailinink\u0173 Jono Varno karikat\u016br\u0173 paroda, K\u0119stu\u010dio Kazimiero \u0160iauly\u010dio ir Eugenijos Martinaityt\u0117s tapybos su \u017dv\u0117ryno vaizdais paroda. Renginyje dalyvavo \u012fvairi\u0173 \u017dv\u0117ryne veikian\u010di\u0173 organizacij\u0173 bendruomen\u0117s, kuri\u0173 atstovai renginio pabaigoje buvo apdovanoti pad\u0117kos ra\u0161tais. VSMC gimnazijai \u012fteiktas pad\u0117kos ra\u0161tas u\u017e gra\u017e\u0173 ir ilgamet\u012f bendradarbiavim\u0105. D\u017eiaugiam\u0117s gal\u0117dami b\u016bti naudingi savo rajono bendruomenei ir nuolat \u012fsitraukti \u012f bendras veiklas.<\/p>\n<p><img loading=\"lazy\" decoding=\"async\" class=\" wp-image-9905 alignleft\" src=\"https:\/\/vsmc.lt\/wp-content\/uploads\/2022\/09\/30\/medalis-394x360.jpg\" alt=\"\" width=\"571\" height=\"522\" srcset=\"https:\/\/vsmc.lt\/wp-content\/uploads\/2022\/09\/30\/medalis-394x360.jpg 394w, https:\/\/vsmc.lt\/wp-content\/uploads\/2022\/09\/30\/medalis-787x720.jpg 787w, https:\/\/vsmc.lt\/wp-content\/uploads\/2022\/09\/30\/medalis-768x702.jpg 768w, https:\/\/vsmc.lt\/wp-content\/uploads\/2022\/09\/30\/medalis-1536x1405.jpg 1536w, https:\/\/vsmc.lt\/wp-content\/uploads\/2022\/09\/30\/medalis-2048x1873.jpg 2048w\" sizes=\"auto, (max-width: 571px) 100vw, 571px\" \/><\/p>\n<p align=\"right\">\n<p align=\"right\">\n<p align=\"right\">\n<p align=\"right\">\n<p align=\"right\">\n<p align=\"right\">\n<p align=\"right\">\n<p align=\"right\">\n<p align=\"right\">\n<p align=\"right\">\n<p align=\"right\">\n<p align=\"right\">\n<p align=\"right\">\n<p style=\"text-align: right; text-indent: 64.8pt;\" align=\"right\">Pareng\u0117 lietuvi\u0173 kalbos ir literat\u016bros mokytoja metodinink\u0117 Vilma Kruopien\u0117<\/p>\n<p align=\"right\">\n","protected":false},"excerpt":{"rendered":"<p>VSMC gimnazija yra \u012fsik\u016brusi \u017ealuma ir pu\u0161ynais nuo seno gyventojus bei sve\u010dius d\u017eiuginan\u010diame \u017dv\u0117ryno mikrorajone. XVI\u2013XIX am\u017eiuje \u0161i teritorija su \u010dia \u012fsteigtu med\u017eioklei skirtu \u017ev\u0117ri\u0173 rezervatu priklaus\u0117 didik\u0173 Radvil\u0173 \u0161eimai. Prie\u0161 120 met\u0173 (1892-aisiais) mediniu tiltu \u017dv\u0117rynas prijungiamas prie Vilniaus miesto. \u0160io gra\u017eaus jubiliejaus proga \u017dv\u0117ryno bendruomen\u0117 2022 met\u0173 rugs\u0117jo 4 dien\u0105 organizavo rengin\u012f ,,\u017dv\u0117rynas [&hellip;]<\/p>\n","protected":false},"author":5,"featured_media":0,"comment_status":"closed","ping_status":"closed","sticky":false,"template":"","format":"standard","meta":{"footnotes":""},"categories":[1],"tags":[],"class_list":["post-9904","post","type-post","status-publish","format-standard","hentry","category-naujienos"],"yoast_head":"<!-- This site is optimized with the Yoast SEO plugin v27.5 - https:\/\/yoast.com\/product\/yoast-seo-wordpress\/ -->\n<title>2022-09-04 ,,\u017dv\u0117rynas \u0161ven\u010dia!\u201c - 120 Vilniaus suaugusi\u0173j\u0173 mokymo centras  - Vilniaus suaugusi\u0173j\u0173 mokymo centras<\/title>\n<meta name=\"description\" content=\"2022-09-04 ,,\u017dv\u0117rynas \u0161ven\u010dia!\u201c - 120 Vilniaus suaugusi\u0173j\u0173 mokymo centras\" \/>\n<meta name=\"robots\" content=\"index, follow, max-snippet:-1, max-image-preview:large, max-video-preview:-1\" \/>\n<link rel=\"canonical\" href=\"https:\/\/vsmc.lt\/?p=9904\" \/>\n<meta property=\"og:locale\" content=\"lt_LT\" \/>\n<meta property=\"og:type\" content=\"article\" \/>\n<meta property=\"og:title\" content=\"2022-09-04 ,,\u017dv\u0117rynas \u0161ven\u010dia!\u201c - 120 Vilniaus suaugusi\u0173j\u0173 mokymo centras  - Vilniaus suaugusi\u0173j\u0173 mokymo centras\" \/>\n<meta property=\"og:description\" content=\"2022-09-04 ,,\u017dv\u0117rynas \u0161ven\u010dia!\u201c - 120 Vilniaus suaugusi\u0173j\u0173 mokymo centras\" \/>\n<meta property=\"og:url\" content=\"https:\/\/vsmc.lt\/?p=9904\" \/>\n<meta property=\"og:site_name\" content=\"Vilniaus suaugusi\u0173j\u0173 mokymo centras\" \/>\n<meta property=\"article:publisher\" content=\"https:\/\/www.facebook.com\/p\/Vilniaus-suaugusij-mokymo-centras-VSMC-gimnazija-100034428106674\/\" \/>\n<meta property=\"article:published_time\" content=\"2022-09-07T09:16:54+00:00\" \/>\n<meta property=\"article:modified_time\" content=\"2022-09-30T09:43:27+00:00\" \/>\n<meta property=\"og:image\" content=\"https:\/\/vsmc.lt\/wp-content\/uploads\/2022\/09\/30\/medalis-394x360.jpg\" \/>\n<meta name=\"author\" content=\"Birut\u0117 Kubilinskien\u0117\" \/>\n<meta name=\"twitter:card\" content=\"summary_large_image\" \/>\n<meta name=\"twitter:label1\" content=\"Written by\" \/>\n\t<meta name=\"twitter:data1\" content=\"Birut\u0117 Kubilinskien\u0117\" \/>\n\t<meta name=\"twitter:label2\" content=\"Est. reading time\" \/>\n\t<meta name=\"twitter:data2\" content=\"1 minut\u0117\" \/>\n<script type=\"application\/ld+json\" class=\"yoast-schema-graph\">{\"@context\":\"https:\\\/\\\/schema.org\",\"@graph\":[{\"@type\":\"Article\",\"@id\":\"https:\\\/\\\/vsmc.lt\\\/?p=9904#article\",\"isPartOf\":{\"@id\":\"https:\\\/\\\/vsmc.lt\\\/?p=9904\"},\"author\":{\"name\":\"Birut\u0117 Kubilinskien\u0117\",\"@id\":\"https:\\\/\\\/vsmc.lt\\\/#\\\/schema\\\/person\\\/7b79c1eab13a88fc1ed4dc6626a57f98\"},\"headline\":\"2022-09-04 ,,\u017dv\u0117rynas \u0161ven\u010dia!\u201c &#8211; 120\",\"datePublished\":\"2022-09-07T09:16:54+00:00\",\"dateModified\":\"2022-09-30T09:43:27+00:00\",\"mainEntityOfPage\":{\"@id\":\"https:\\\/\\\/vsmc.lt\\\/?p=9904\"},\"wordCount\":232,\"publisher\":{\"@id\":\"https:\\\/\\\/vsmc.lt\\\/#organization\"},\"image\":{\"@id\":\"https:\\\/\\\/vsmc.lt\\\/?p=9904#primaryimage\"},\"thumbnailUrl\":\"https:\\\/\\\/vsmc.lt\\\/wp-content\\\/uploads\\\/2022\\\/09\\\/30\\\/medalis-394x360.jpg\",\"articleSection\":[\"Naujienos\"],\"inLanguage\":\"lt-LT\"},{\"@type\":\"WebPage\",\"@id\":\"https:\\\/\\\/vsmc.lt\\\/?p=9904\",\"url\":\"https:\\\/\\\/vsmc.lt\\\/?p=9904\",\"name\":\"2022-09-04 ,,\u017dv\u0117rynas \u0161ven\u010dia!\u201c - 120 Vilniaus suaugusi\u0173j\u0173 mokymo centras - Vilniaus suaugusi\u0173j\u0173 mokymo centras\",\"isPartOf\":{\"@id\":\"https:\\\/\\\/vsmc.lt\\\/#website\"},\"primaryImageOfPage\":{\"@id\":\"https:\\\/\\\/vsmc.lt\\\/?p=9904#primaryimage\"},\"image\":{\"@id\":\"https:\\\/\\\/vsmc.lt\\\/?p=9904#primaryimage\"},\"thumbnailUrl\":\"https:\\\/\\\/vsmc.lt\\\/wp-content\\\/uploads\\\/2022\\\/09\\\/30\\\/medalis-394x360.jpg\",\"datePublished\":\"2022-09-07T09:16:54+00:00\",\"dateModified\":\"2022-09-30T09:43:27+00:00\",\"description\":\"2022-09-04 ,,\u017dv\u0117rynas \u0161ven\u010dia!\u201c - 120 Vilniaus suaugusi\u0173j\u0173 mokymo centras\",\"breadcrumb\":{\"@id\":\"https:\\\/\\\/vsmc.lt\\\/?p=9904#breadcrumb\"},\"inLanguage\":\"lt-LT\",\"potentialAction\":[{\"@type\":\"ReadAction\",\"target\":[\"https:\\\/\\\/vsmc.lt\\\/?p=9904\"]}]},{\"@type\":\"ImageObject\",\"inLanguage\":\"lt-LT\",\"@id\":\"https:\\\/\\\/vsmc.lt\\\/?p=9904#primaryimage\",\"url\":\"https:\\\/\\\/vsmc.lt\\\/wp-content\\\/uploads\\\/2022\\\/09\\\/30\\\/medalis-scaled.jpg\",\"contentUrl\":\"https:\\\/\\\/vsmc.lt\\\/wp-content\\\/uploads\\\/2022\\\/09\\\/30\\\/medalis-scaled.jpg\",\"width\":2560,\"height\":2342},{\"@type\":\"BreadcrumbList\",\"@id\":\"https:\\\/\\\/vsmc.lt\\\/?p=9904#breadcrumb\",\"itemListElement\":[{\"@type\":\"ListItem\",\"position\":1,\"name\":\"Home\",\"item\":\"https:\\\/\\\/vsmc.lt\\\/\"},{\"@type\":\"ListItem\",\"position\":2,\"name\":\"2022-09-04 ,,\u017dv\u0117rynas \u0161ven\u010dia!\u201c &#8211; 120\"}]},{\"@type\":\"WebSite\",\"@id\":\"https:\\\/\\\/vsmc.lt\\\/#website\",\"url\":\"https:\\\/\\\/vsmc.lt\\\/\",\"name\":\"Vilniaus suaugusi\u0173j\u0173 mokymo centras\",\"description\":\"VSMC\",\"publisher\":{\"@id\":\"https:\\\/\\\/vsmc.lt\\\/#organization\"},\"alternateName\":\"VSMC\",\"potentialAction\":[{\"@type\":\"SearchAction\",\"target\":{\"@type\":\"EntryPoint\",\"urlTemplate\":\"https:\\\/\\\/vsmc.lt\\\/?s={search_term_string}\"},\"query-input\":{\"@type\":\"PropertyValueSpecification\",\"valueRequired\":true,\"valueName\":\"search_term_string\"}}],\"inLanguage\":\"lt-LT\"},{\"@type\":\"Organization\",\"@id\":\"https:\\\/\\\/vsmc.lt\\\/#organization\",\"name\":\"Vilniaus suaugusi\u0173j\u0173 mokymo centras\",\"alternateName\":\"VSMC\",\"url\":\"https:\\\/\\\/vsmc.lt\\\/\",\"logo\":{\"@type\":\"ImageObject\",\"inLanguage\":\"lt-LT\",\"@id\":\"https:\\\/\\\/vsmc.lt\\\/#\\\/schema\\\/logo\\\/image\\\/\",\"url\":\"https:\\\/\\\/vsmc.lt\\\/wp-content\\\/uploads\\\/2016\\\/11\\\/15\\\/logo.png\",\"contentUrl\":\"https:\\\/\\\/vsmc.lt\\\/wp-content\\\/uploads\\\/2016\\\/11\\\/15\\\/logo.png\",\"width\":96,\"height\":121,\"caption\":\"Vilniaus suaugusi\u0173j\u0173 mokymo centras\"},\"image\":{\"@id\":\"https:\\\/\\\/vsmc.lt\\\/#\\\/schema\\\/logo\\\/image\\\/\"},\"sameAs\":[\"https:\\\/\\\/www.facebook.com\\\/p\\\/Vilniaus-suaugusij-mokymo-centras-VSMC-gimnazija-100034428106674\\\/\"]},{\"@type\":\"Person\",\"@id\":\"https:\\\/\\\/vsmc.lt\\\/#\\\/schema\\\/person\\\/7b79c1eab13a88fc1ed4dc6626a57f98\",\"name\":\"Birut\u0117 Kubilinskien\u0117\",\"image\":{\"@type\":\"ImageObject\",\"inLanguage\":\"lt-LT\",\"@id\":\"https:\\\/\\\/secure.gravatar.com\\\/avatar\\\/de3432602f9f0edd7dc9006aceaad7e2a3227ca56f4f6d9e4b2e2ee05a11e793?s=96&d=mm&r=g\",\"url\":\"https:\\\/\\\/secure.gravatar.com\\\/avatar\\\/de3432602f9f0edd7dc9006aceaad7e2a3227ca56f4f6d9e4b2e2ee05a11e793?s=96&d=mm&r=g\",\"contentUrl\":\"https:\\\/\\\/secure.gravatar.com\\\/avatar\\\/de3432602f9f0edd7dc9006aceaad7e2a3227ca56f4f6d9e4b2e2ee05a11e793?s=96&d=mm&r=g\",\"caption\":\"Birut\u0117 Kubilinskien\u0117\"},\"url\":\"https:\\\/\\\/vsmc.lt\\\/?author=5\"}]}<\/script>\n<!-- \/ Yoast SEO plugin. -->","yoast_head_json":{"title":"2022-09-04 ,,\u017dv\u0117rynas \u0161ven\u010dia!\u201c - 120 Vilniaus suaugusi\u0173j\u0173 mokymo centras  - Vilniaus suaugusi\u0173j\u0173 mokymo centras","description":"2022-09-04 ,,\u017dv\u0117rynas \u0161ven\u010dia!\u201c - 120 Vilniaus suaugusi\u0173j\u0173 mokymo centras","robots":{"index":"index","follow":"follow","max-snippet":"max-snippet:-1","max-image-preview":"max-image-preview:large","max-video-preview":"max-video-preview:-1"},"canonical":"https:\/\/vsmc.lt\/?p=9904","og_locale":"lt_LT","og_type":"article","og_title":"2022-09-04 ,,\u017dv\u0117rynas \u0161ven\u010dia!\u201c - 120 Vilniaus suaugusi\u0173j\u0173 mokymo centras  - Vilniaus suaugusi\u0173j\u0173 mokymo centras","og_description":"2022-09-04 ,,\u017dv\u0117rynas \u0161ven\u010dia!\u201c - 120 Vilniaus suaugusi\u0173j\u0173 mokymo centras","og_url":"https:\/\/vsmc.lt\/?p=9904","og_site_name":"Vilniaus suaugusi\u0173j\u0173 mokymo centras","article_publisher":"https:\/\/www.facebook.com\/p\/Vilniaus-suaugusij-mokymo-centras-VSMC-gimnazija-100034428106674\/","article_published_time":"2022-09-07T09:16:54+00:00","article_modified_time":"2022-09-30T09:43:27+00:00","og_image":[{"url":"https:\/\/vsmc.lt\/wp-content\/uploads\/2022\/09\/30\/medalis-394x360.jpg","type":"","width":"","height":""}],"author":"Birut\u0117 Kubilinskien\u0117","twitter_card":"summary_large_image","twitter_misc":{"Written by":"Birut\u0117 Kubilinskien\u0117","Est. reading time":"1 minut\u0117"},"schema":{"@context":"https:\/\/schema.org","@graph":[{"@type":"Article","@id":"https:\/\/vsmc.lt\/?p=9904#article","isPartOf":{"@id":"https:\/\/vsmc.lt\/?p=9904"},"author":{"name":"Birut\u0117 Kubilinskien\u0117","@id":"https:\/\/vsmc.lt\/#\/schema\/person\/7b79c1eab13a88fc1ed4dc6626a57f98"},"headline":"2022-09-04 ,,\u017dv\u0117rynas \u0161ven\u010dia!\u201c &#8211; 120","datePublished":"2022-09-07T09:16:54+00:00","dateModified":"2022-09-30T09:43:27+00:00","mainEntityOfPage":{"@id":"https:\/\/vsmc.lt\/?p=9904"},"wordCount":232,"publisher":{"@id":"https:\/\/vsmc.lt\/#organization"},"image":{"@id":"https:\/\/vsmc.lt\/?p=9904#primaryimage"},"thumbnailUrl":"https:\/\/vsmc.lt\/wp-content\/uploads\/2022\/09\/30\/medalis-394x360.jpg","articleSection":["Naujienos"],"inLanguage":"lt-LT"},{"@type":"WebPage","@id":"https:\/\/vsmc.lt\/?p=9904","url":"https:\/\/vsmc.lt\/?p=9904","name":"2022-09-04 ,,\u017dv\u0117rynas \u0161ven\u010dia!\u201c - 120 Vilniaus suaugusi\u0173j\u0173 mokymo centras - Vilniaus suaugusi\u0173j\u0173 mokymo centras","isPartOf":{"@id":"https:\/\/vsmc.lt\/#website"},"primaryImageOfPage":{"@id":"https:\/\/vsmc.lt\/?p=9904#primaryimage"},"image":{"@id":"https:\/\/vsmc.lt\/?p=9904#primaryimage"},"thumbnailUrl":"https:\/\/vsmc.lt\/wp-content\/uploads\/2022\/09\/30\/medalis-394x360.jpg","datePublished":"2022-09-07T09:16:54+00:00","dateModified":"2022-09-30T09:43:27+00:00","description":"2022-09-04 ,,\u017dv\u0117rynas \u0161ven\u010dia!\u201c - 120 Vilniaus suaugusi\u0173j\u0173 mokymo centras","breadcrumb":{"@id":"https:\/\/vsmc.lt\/?p=9904#breadcrumb"},"inLanguage":"lt-LT","potentialAction":[{"@type":"ReadAction","target":["https:\/\/vsmc.lt\/?p=9904"]}]},{"@type":"ImageObject","inLanguage":"lt-LT","@id":"https:\/\/vsmc.lt\/?p=9904#primaryimage","url":"https:\/\/vsmc.lt\/wp-content\/uploads\/2022\/09\/30\/medalis-scaled.jpg","contentUrl":"https:\/\/vsmc.lt\/wp-content\/uploads\/2022\/09\/30\/medalis-scaled.jpg","width":2560,"height":2342},{"@type":"BreadcrumbList","@id":"https:\/\/vsmc.lt\/?p=9904#breadcrumb","itemListElement":[{"@type":"ListItem","position":1,"name":"Home","item":"https:\/\/vsmc.lt\/"},{"@type":"ListItem","position":2,"name":"2022-09-04 ,,\u017dv\u0117rynas \u0161ven\u010dia!\u201c &#8211; 120"}]},{"@type":"WebSite","@id":"https:\/\/vsmc.lt\/#website","url":"https:\/\/vsmc.lt\/","name":"Vilniaus suaugusi\u0173j\u0173 mokymo centras","description":"VSMC","publisher":{"@id":"https:\/\/vsmc.lt\/#organization"},"alternateName":"VSMC","potentialAction":[{"@type":"SearchAction","target":{"@type":"EntryPoint","urlTemplate":"https:\/\/vsmc.lt\/?s={search_term_string}"},"query-input":{"@type":"PropertyValueSpecification","valueRequired":true,"valueName":"search_term_string"}}],"inLanguage":"lt-LT"},{"@type":"Organization","@id":"https:\/\/vsmc.lt\/#organization","name":"Vilniaus suaugusi\u0173j\u0173 mokymo centras","alternateName":"VSMC","url":"https:\/\/vsmc.lt\/","logo":{"@type":"ImageObject","inLanguage":"lt-LT","@id":"https:\/\/vsmc.lt\/#\/schema\/logo\/image\/","url":"https:\/\/vsmc.lt\/wp-content\/uploads\/2016\/11\/15\/logo.png","contentUrl":"https:\/\/vsmc.lt\/wp-content\/uploads\/2016\/11\/15\/logo.png","width":96,"height":121,"caption":"Vilniaus suaugusi\u0173j\u0173 mokymo centras"},"image":{"@id":"https:\/\/vsmc.lt\/#\/schema\/logo\/image\/"},"sameAs":["https:\/\/www.facebook.com\/p\/Vilniaus-suaugusij-mokymo-centras-VSMC-gimnazija-100034428106674\/"]},{"@type":"Person","@id":"https:\/\/vsmc.lt\/#\/schema\/person\/7b79c1eab13a88fc1ed4dc6626a57f98","name":"Birut\u0117 Kubilinskien\u0117","image":{"@type":"ImageObject","inLanguage":"lt-LT","@id":"https:\/\/secure.gravatar.com\/avatar\/de3432602f9f0edd7dc9006aceaad7e2a3227ca56f4f6d9e4b2e2ee05a11e793?s=96&d=mm&r=g","url":"https:\/\/secure.gravatar.com\/avatar\/de3432602f9f0edd7dc9006aceaad7e2a3227ca56f4f6d9e4b2e2ee05a11e793?s=96&d=mm&r=g","contentUrl":"https:\/\/secure.gravatar.com\/avatar\/de3432602f9f0edd7dc9006aceaad7e2a3227ca56f4f6d9e4b2e2ee05a11e793?s=96&d=mm&r=g","caption":"Birut\u0117 Kubilinskien\u0117"},"url":"https:\/\/vsmc.lt\/?author=5"}]}},"_links":{"self":[{"href":"https:\/\/vsmc.lt\/index.php?rest_route=\/wp\/v2\/posts\/9904","targetHints":{"allow":["GET"]}}],"collection":[{"href":"https:\/\/vsmc.lt\/index.php?rest_route=\/wp\/v2\/posts"}],"about":[{"href":"https:\/\/vsmc.lt\/index.php?rest_route=\/wp\/v2\/types\/post"}],"author":[{"embeddable":true,"href":"https:\/\/vsmc.lt\/index.php?rest_route=\/wp\/v2\/users\/5"}],"replies":[{"embeddable":true,"href":"https:\/\/vsmc.lt\/index.php?rest_route=%2Fwp%2Fv2%2Fcomments&post=9904"}],"version-history":[{"count":2,"href":"https:\/\/vsmc.lt\/index.php?rest_route=\/wp\/v2\/posts\/9904\/revisions"}],"predecessor-version":[{"id":9907,"href":"https:\/\/vsmc.lt\/index.php?rest_route=\/wp\/v2\/posts\/9904\/revisions\/9907"}],"wp:attachment":[{"href":"https:\/\/vsmc.lt\/index.php?rest_route=%2Fwp%2Fv2%2Fmedia&parent=9904"}],"wp:term":[{"taxonomy":"category","embeddable":true,"href":"https:\/\/vsmc.lt\/index.php?rest_route=%2Fwp%2Fv2%2Fcategories&post=9904"},{"taxonomy":"post_tag","embeddable":true,"href":"https:\/\/vsmc.lt\/index.php?rest_route=%2Fwp%2Fv2%2Ftags&post=9904"}],"curies":[{"name":"wp","href":"https:\/\/api.w.org\/{rel}","templated":true}]}}